{"id":83,"date":"2019-01-25T08:35:46","date_gmt":"2019-01-25T12:35:46","guid":{"rendered":"http:\/\/total-sport.fr\/?p=83"},"modified":"2019-01-26T13:34:53","modified_gmt":"2019-01-26T17:34:53","slug":"foot-premiere-ligue-jose-mourinho-vire-a-manchester-united","status":"publish","type":"post","link":"https:\/\/total-sport.fr\/index.php\/2019\/01\/25\/foot-premiere-ligue-jose-mourinho-vire-a-manchester-united\/","title":{"rendered":"Foot-Premiere ligue :Jos\u00e9  Mourinho vir\u00e9 \u00e0 Manchester United"},"content":{"rendered":"<h2 class=\"main_article__title2\" style=\"overflow-wrap: normal !important; box-sizing: inherit; hyphens: none !important;\">Manchester United vient d&rsquo;annoncer le d\u00e9part de Jos\u00e9 Mourinho avec effet imm\u00e9diat ! Les Red Devils sont d\u00e9sormais \u00e0 la recherche d&rsquo;un nouveau manager.<\/h2>\n<h2 class=\"main_article__title2\" style=\"overflow-wrap: normal !important; box-sizing: inherit; hyphens: none !important;\"><span style=\"color: #333333;\">La fameuse 3\u00e8me ann\u00e9e aura donc bien \u00e9t\u00e9 fatale \u00e0 Jos\u00e9 Mourinho ! <\/span><strong style=\"overflow-wrap: normal !important; box-sizing: inherit; hyphens: none !important; font-weight: bold; color: #333333;\">Manchester United vient d&rsquo;annoncer sur son site officiel le d\u00e9part du Portugais avec effet imm\u00e9diat.<\/strong><span style=\"color: #333333;\">\u00ab\u00a0<\/span><i style=\"overflow-wrap: normal !important; box-sizing: inherit; hyphens: none !important; font-style: italic; color: #333333;\">Manchester United annonce que Jos\u00e9 Mourinho a quitt\u00e9 le Club. Nous aimerions le remercier pour son travail \u00e0 Manchester United et lui souhaitons du succ\u00e8s pour le futur<\/i><span style=\"color: #333333;\">.\u00a0\u00bb Les Red Devils r\u00e9alisent un d\u00e9but de saison tr\u00e8s d\u00e9cevant, notamment en Premier League, avec une 6\u00e8me place, \u00e0 19 points de Liverpool, l&rsquo;actuel leader. Soit le plus mauvais d\u00e9part en championnat depuis 28 ans&#8230;<\/span><\/h2>\n<h2 class=\"main_article__title2\" style=\"overflow-wrap: normal !important; box-sizing: inherit; hyphens: none !important;\"><\/h2>\n<h6 class=\"main_article__title2\" style=\"overflow-wrap: normal !important; box-sizing: inherit; hyphens: none !important;\"><img data-recalc-dims=\"1\" loading=\"lazy\" decoding=\"async\" class=\"alignnone wp-image-35 size-full\" src=\"https:\/\/totalsportts42.files.wordpress.com\/2018\/12\/2018_12_18_07-826137260.jpg?resize=720%2C432\" width=\"720\" height=\"432\" data-temp-aztec-id=\"0be2cc46-462d-459d-b85a-308a6e48d935\" \/><\/h6>\n<h5 class=\"main_article__title2\" style=\"overflow-wrap: normal !important; box-sizing: inherit; hyphens: none !important;\"><strong style=\"overflow-wrap: normal !important; box-sizing: inherit; hyphens: none !important; font-weight: bold; color: #333333;\">Jos\u00e9 mourinho :cr\u00e9dit photo Google <\/strong><\/h5>\n<h2 class=\"main_article__title2\" style=\"overflow-wrap: normal !important; box-sizing: inherit; hyphens: none !important;\"><strong style=\"overflow-wrap: normal !important; box-sizing: inherit; hyphens: none !important; font-weight: bold; color: #333333;\">Jos\u00e9 Mourinho, c&rsquo;est un nouvel \u00e9chec, un de plus depuis 2010 et son dernier grand succ\u00e8s, \u00e0 savoir la conqu\u00eate de la Ligue des Champions avec l&rsquo;Inter Milan<\/strong><span style=\"color: #333333;\">, ce m\u00eame s&rsquo;il aura permis \u00e0 MU de glaner la Ligue Europa en 2017. Le technicien de 55 ans semble \u00e9prouver toujours plus de difficult\u00e9s \u00e0 faire passer ses messages \u00e0 mesure que les ann\u00e9es passent, ses m\u00e9thodes de management et sa vision du jeu affichant rapidement leurs limites. Le Lusitanien pourra peut-\u00eatre se consoler avec les 27 millions d&rsquo;euros qui devraient lui \u00eatre vers\u00e9s par les Red Devils en \u00e9cho \u00e0 ce licenciement, en attendant de relever un nouveau d\u00e9fi<\/span><\/h2>\n<p><img data-recalc-dims=\"1\" loading=\"lazy\" decoding=\"async\" class=\"alignnone wp-image-38 size-full\" src=\"https:\/\/totalsportts42.files.wordpress.com\/2018\/12\/2018_12_18_07-1711299516.jpg?resize=720%2C478\" width=\"720\" height=\"478\" data-temp-aztec-id=\"1e285155-4744-43c4-ac4b-658b3a03714c\" \/><\/p>\n<h6 class=\"main_article__title2\" style=\"overflow-wrap: normal !important; box-sizing: inherit; hyphens: none !important;\">Jos\u00e9 mourinho -cr\u00e9dit photo :Google<\/h6>\n<p><strong style=\"overflow-wrap: normal !important; box-sizing: inherit; hyphens: none !important; font-weight: bold; color: #333333;\">Au-del\u00e0 du jeu pratiqu\u00e9, loin d&rsquo;\u00eatre flamboyant, ce sont surtout les relations entre certains cadres et le technicien portugais qui se sont d\u00e9t\u00e9rior\u00e9es au fil des semaines<\/strong><span style=\"color: #333333;\">. Et notamment <\/span><a style=\"overflow-wrap: break-word !important; box-sizing: inherit; hyphens: none !important; background-color: #ffffff; color: #5c2d91; font-weight: bold; text-decoration: none;\" href=\"https:\/\/www.beinsports.com\/france\/premier-league\/news\/man-utd-keane-vendre-pogba-ne-serait-pas-tres\/1061360\" target=\"_blank\" rel=\"noopener\">Paul Pogba<\/a><span style=\"color: #333333;\">, laiss\u00e9 r\u00e9guli\u00e8rement sur le banc, et qui ne doit pas \u00eatre trop d\u00e9\u00e7u par ce d\u00e9part surprise. \u00ab\u00a0<\/span><i style=\"overflow-wrap: normal !important; box-sizing: inherit; hyphens: none !important; font-style: italic; color: #333333;\">Un nouveau manager int\u00e9rimaire va \u00eatre bient\u00f4t nomm\u00e9 jusqu&rsquo;\u00e0 la fin de cette saison, permettant au club d&rsquo;engager un processus de recrutement pour un manager \u00e0 plein temps<\/i><span style=\"color: #333333;\">.\u00a0\u00bb<\/span><\/p>\n<p><span style=\"color: #333333;\">Qui sera sur le banc <\/span><a style=\"overflow-wrap: break-word !important; box-sizing: inherit; hyphens: none !important; background-color: #ffffff; color: #5c2d91; font-weight: bold; text-decoration: none;\" href=\"https:\/\/www.beinsports.com\/france\/uefa-ligue-des-champions\/news\/ligue-1-conforama-psg-marquinhos-et-la-method\/1062016\" target=\"_blank\" rel=\"noopener\">pour affronter le PSG<\/a><span style=\"color: #333333;\"> en 8\u00e8mes de finale de la Ligue des Champions ? Selon <\/span><i style=\"overflow-wrap: normal !important; box-sizing: inherit; hyphens: none !important; font-style: italic; color: #333333;\">Sky Sports<\/i><span style=\"color: #333333;\">, <\/span><strong style=\"overflow-wrap: normal !important; box-sizing: inherit; hyphens: none !important; font-weight: bold; color: #333333;\">cela devrait \u00eatre Michael Carrick, ancien milieu de terrain du club, qui officiait en tant qu&rsquo;adjoint de Mourinho<\/strong><span style=\"color: #333333;\">. Mais qui apr\u00e8s cet int\u00e9rim ? La rumeur Zin\u00e9dine Zidane ne devrait pas tarder \u00e0 flotter au-dessus du ciel du Manchester&#8230;<\/span><\/p>\n<p style=\"text-align: right;\">Source :bein sport<\/p>\n","protected":false},"excerpt":{"rendered":"<div class=\"mh-excerpt\"><p>Manchester United vient d&rsquo;annoncer le d\u00e9part de Jos\u00e9 Mourinho avec effet imm\u00e9diat ! Les Red Devils sont d\u00e9sormais \u00e0 la recherche d&rsquo;un nouveau manager. La <a class=\"mh-excerpt-more\" href=\"https:\/\/total-sport.fr\/index.php\/2019\/01\/25\/foot-premiere-ligue-jose-mourinho-vire-a-manchester-united\/\" title=\"Foot-Premiere ligue :Jos\u00e9  Mourinho vir\u00e9 \u00e0 Manchester United\">[&#8230;]<\/a><\/p>\n<\/div>","protected":false},"author":1,"featured_media":0,"comment_status":"open","ping_status":"open","sticky":false,"template":"","format":"standard","meta":{"jetpack_post_was_ever_published":false,"_jetpack_newsletter_access":"","_jetpack_dont_email_post_to_subs":false,"_jetpack_newsletter_tier_id":0,"_jetpack_memberships_contains_paywalled_content":false,"_jetpack_memberships_contains_paid_content":false,"footnotes":"","jetpack_publicize_message":"","jetpack_publicize_feature_enabled":true,"jetpack_social_post_already_shared":false,"jetpack_social_options":{"image_generator_settings":{"template":"highway","default_image_id":0,"font":"","enabled":false},"version":2}},"categories":[13],"tags":[],"class_list":["post-83","post","type-post","status-publish","format-standard","hentry","category-internationalfoot"],"yoast_head":"<!-- This site is optimized with the Yoast SEO plugin v24.9 - https:\/\/yoast.com\/wordpress\/plugins\/seo\/ -->\n<title>Foot-Premiere ligue :Jos\u00e9 Mourinho vir\u00e9 \u00e0 Manchester United - Total Sports International (TSI)<\/title>\n<meta name=\"robots\" content=\"index, follow, max-snippet:-1, max-image-preview:large, max-video-preview:-1\" \/>\n<link rel=\"canonical\" href=\"https:\/\/total-sport.fr\/index.php\/2019\/01\/25\/foot-premiere-ligue-jose-mourinho-vire-a-manchester-united\/\" \/>\n<meta property=\"og:locale\" content=\"fr_FR\" \/>\n<meta property=\"og:type\" content=\"article\" \/>\n<meta property=\"og:title\" content=\"Foot-Premiere ligue :Jos\u00e9 Mourinho vir\u00e9 \u00e0 Manchester United - Total Sports International (TSI)\" \/>\n<meta property=\"og:description\" content=\"Manchester United vient d&rsquo;annoncer le d\u00e9part de Jos\u00e9 Mourinho avec effet imm\u00e9diat ! Les Red Devils sont d\u00e9sormais \u00e0 la recherche d&rsquo;un nouveau manager. La [...]\" \/>\n<meta property=\"og:url\" content=\"https:\/\/total-sport.fr\/index.php\/2019\/01\/25\/foot-premiere-ligue-jose-mourinho-vire-a-manchester-united\/\" \/>\n<meta property=\"og:site_name\" content=\"Total Sports International (TSI)\" \/>\n<meta property=\"article:published_time\" content=\"2019-01-25T12:35:46+00:00\" \/>\n<meta property=\"article:modified_time\" content=\"2019-01-26T17:34:53+00:00\" \/>\n<meta property=\"og:image\" content=\"https:\/\/totalsportts42.files.wordpress.com\/2018\/12\/2018_12_18_07-826137260.jpg\" \/>\n<meta name=\"author\" content=\"Dor Donel\" \/>\n<meta name=\"twitter:card\" content=\"summary_large_image\" \/>\n<meta name=\"twitter:label1\" content=\"\u00c9crit par\" \/>\n\t<meta name=\"twitter:data1\" content=\"Dor Donel\" \/>\n\t<meta name=\"twitter:label2\" content=\"Dur\u00e9e de lecture estim\u00e9e\" \/>\n\t<meta name=\"twitter:data2\" content=\"2 minutes\" \/>\n<script type=\"application\/ld+json\" class=\"yoast-schema-graph\">{\"@context\":\"https:\/\/schema.org\",\"@graph\":[{\"@type\":\"WebPage\",\"@id\":\"https:\/\/total-sport.fr\/index.php\/2019\/01\/25\/foot-premiere-ligue-jose-mourinho-vire-a-manchester-united\/\",\"url\":\"https:\/\/total-sport.fr\/index.php\/2019\/01\/25\/foot-premiere-ligue-jose-mourinho-vire-a-manchester-united\/\",\"name\":\"Foot-Premiere ligue :Jos\u00e9 Mourinho vir\u00e9 \u00e0 Manchester United - Total Sports International (TSI)\",\"isPartOf\":{\"@id\":\"https:\/\/total-sport.fr\/#website\"},\"primaryImageOfPage\":{\"@id\":\"https:\/\/total-sport.fr\/index.php\/2019\/01\/25\/foot-premiere-ligue-jose-mourinho-vire-a-manchester-united\/#primaryimage\"},\"image\":{\"@id\":\"https:\/\/total-sport.fr\/index.php\/2019\/01\/25\/foot-premiere-ligue-jose-mourinho-vire-a-manchester-united\/#primaryimage\"},\"thumbnailUrl\":\"https:\/\/totalsportts42.files.wordpress.com\/2018\/12\/2018_12_18_07-826137260.jpg\",\"datePublished\":\"2019-01-25T12:35:46+00:00\",\"dateModified\":\"2019-01-26T17:34:53+00:00\",\"author\":{\"@id\":\"https:\/\/total-sport.fr\/#\/schema\/person\/e1918085e7f5e5d55922cbaebb2f5593\"},\"breadcrumb\":{\"@id\":\"https:\/\/total-sport.fr\/index.php\/2019\/01\/25\/foot-premiere-ligue-jose-mourinho-vire-a-manchester-united\/#breadcrumb\"},\"inLanguage\":\"fr-FR\",\"potentialAction\":[{\"@type\":\"ReadAction\",\"target\":[\"https:\/\/total-sport.fr\/index.php\/2019\/01\/25\/foot-premiere-ligue-jose-mourinho-vire-a-manchester-united\/\"]}]},{\"@type\":\"ImageObject\",\"inLanguage\":\"fr-FR\",\"@id\":\"https:\/\/total-sport.fr\/index.php\/2019\/01\/25\/foot-premiere-ligue-jose-mourinho-vire-a-manchester-united\/#primaryimage\",\"url\":\"https:\/\/totalsportts42.files.wordpress.com\/2018\/12\/2018_12_18_07-826137260.jpg\",\"contentUrl\":\"https:\/\/totalsportts42.files.wordpress.com\/2018\/12\/2018_12_18_07-826137260.jpg\"},{\"@type\":\"BreadcrumbList\",\"@id\":\"https:\/\/total-sport.fr\/index.php\/2019\/01\/25\/foot-premiere-ligue-jose-mourinho-vire-a-manchester-united\/#breadcrumb\",\"itemListElement\":[{\"@type\":\"ListItem\",\"position\":1,\"name\":\"Accueil\",\"item\":\"https:\/\/total-sport.fr\/\"},{\"@type\":\"ListItem\",\"position\":2,\"name\":\"Foot-Premiere ligue :Jos\u00e9 Mourinho vir\u00e9 \u00e0 Manchester United\"}]},{\"@type\":\"WebSite\",\"@id\":\"https:\/\/total-sport.fr\/#website\",\"url\":\"https:\/\/total-sport.fr\/\",\"name\":\"Total Sports International (TSI)\",\"description\":\"vous informer est notre priorit\u00e9, 7 jours sur 7 avec toujours le m\u00eame professionnalisme\",\"potentialAction\":[{\"@type\":\"SearchAction\",\"target\":{\"@type\":\"EntryPoint\",\"urlTemplate\":\"https:\/\/total-sport.fr\/?s={search_term_string}\"},\"query-input\":{\"@type\":\"PropertyValueSpecification\",\"valueRequired\":true,\"valueName\":\"search_term_string\"}}],\"inLanguage\":\"fr-FR\"},{\"@type\":\"Person\",\"@id\":\"https:\/\/total-sport.fr\/#\/schema\/person\/e1918085e7f5e5d55922cbaebb2f5593\",\"name\":\"Dor Donel\",\"image\":{\"@type\":\"ImageObject\",\"inLanguage\":\"fr-FR\",\"@id\":\"https:\/\/total-sport.fr\/#\/schema\/person\/image\/\",\"url\":\"https:\/\/secure.gravatar.com\/avatar\/fc2fac94a77835ed4498083285835f38c86bdf3c14ec5970ac5dfa9eea67351b?s=96&d=mm&r=g\",\"contentUrl\":\"https:\/\/secure.gravatar.com\/avatar\/fc2fac94a77835ed4498083285835f38c86bdf3c14ec5970ac5dfa9eea67351b?s=96&d=mm&r=g\",\"caption\":\"Dor Donel\"},\"url\":\"https:\/\/total-sport.fr\/index.php\/author\/admin9011\/\"}]}<\/script>\n<!-- \/ Yoast SEO plugin. -->","yoast_head_json":{"title":"Foot-Premiere ligue :Jos\u00e9 Mourinho vir\u00e9 \u00e0 Manchester United - Total Sports International (TSI)","robots":{"index":"index","follow":"follow","max-snippet":"max-snippet:-1","max-image-preview":"max-image-preview:large","max-video-preview":"max-video-preview:-1"},"canonical":"https:\/\/total-sport.fr\/index.php\/2019\/01\/25\/foot-premiere-ligue-jose-mourinho-vire-a-manchester-united\/","og_locale":"fr_FR","og_type":"article","og_title":"Foot-Premiere ligue :Jos\u00e9 Mourinho vir\u00e9 \u00e0 Manchester United - Total Sports International (TSI)","og_description":"Manchester United vient d&rsquo;annoncer le d\u00e9part de Jos\u00e9 Mourinho avec effet imm\u00e9diat ! Les Red Devils sont d\u00e9sormais \u00e0 la recherche d&rsquo;un nouveau manager. La [...]","og_url":"https:\/\/total-sport.fr\/index.php\/2019\/01\/25\/foot-premiere-ligue-jose-mourinho-vire-a-manchester-united\/","og_site_name":"Total Sports International (TSI)","article_published_time":"2019-01-25T12:35:46+00:00","article_modified_time":"2019-01-26T17:34:53+00:00","og_image":[{"url":"https:\/\/totalsportts42.files.wordpress.com\/2018\/12\/2018_12_18_07-826137260.jpg","type":"","width":"","height":""}],"author":"Dor Donel","twitter_card":"summary_large_image","twitter_misc":{"\u00c9crit par":"Dor Donel","Dur\u00e9e de lecture estim\u00e9e":"2 minutes"},"schema":{"@context":"https:\/\/schema.org","@graph":[{"@type":"WebPage","@id":"https:\/\/total-sport.fr\/index.php\/2019\/01\/25\/foot-premiere-ligue-jose-mourinho-vire-a-manchester-united\/","url":"https:\/\/total-sport.fr\/index.php\/2019\/01\/25\/foot-premiere-ligue-jose-mourinho-vire-a-manchester-united\/","name":"Foot-Premiere ligue :Jos\u00e9 Mourinho vir\u00e9 \u00e0 Manchester United - Total Sports International (TSI)","isPartOf":{"@id":"https:\/\/total-sport.fr\/#website"},"primaryImageOfPage":{"@id":"https:\/\/total-sport.fr\/index.php\/2019\/01\/25\/foot-premiere-ligue-jose-mourinho-vire-a-manchester-united\/#primaryimage"},"image":{"@id":"https:\/\/total-sport.fr\/index.php\/2019\/01\/25\/foot-premiere-ligue-jose-mourinho-vire-a-manchester-united\/#primaryimage"},"thumbnailUrl":"https:\/\/totalsportts42.files.wordpress.com\/2018\/12\/2018_12_18_07-826137260.jpg","datePublished":"2019-01-25T12:35:46+00:00","dateModified":"2019-01-26T17:34:53+00:00","author":{"@id":"https:\/\/total-sport.fr\/#\/schema\/person\/e1918085e7f5e5d55922cbaebb2f5593"},"breadcrumb":{"@id":"https:\/\/total-sport.fr\/index.php\/2019\/01\/25\/foot-premiere-ligue-jose-mourinho-vire-a-manchester-united\/#breadcrumb"},"inLanguage":"fr-FR","potentialAction":[{"@type":"ReadAction","target":["https:\/\/total-sport.fr\/index.php\/2019\/01\/25\/foot-premiere-ligue-jose-mourinho-vire-a-manchester-united\/"]}]},{"@type":"ImageObject","inLanguage":"fr-FR","@id":"https:\/\/total-sport.fr\/index.php\/2019\/01\/25\/foot-premiere-ligue-jose-mourinho-vire-a-manchester-united\/#primaryimage","url":"https:\/\/totalsportts42.files.wordpress.com\/2018\/12\/2018_12_18_07-826137260.jpg","contentUrl":"https:\/\/totalsportts42.files.wordpress.com\/2018\/12\/2018_12_18_07-826137260.jpg"},{"@type":"BreadcrumbList","@id":"https:\/\/total-sport.fr\/index.php\/2019\/01\/25\/foot-premiere-ligue-jose-mourinho-vire-a-manchester-united\/#breadcrumb","itemListElement":[{"@type":"ListItem","position":1,"name":"Accueil","item":"https:\/\/total-sport.fr\/"},{"@type":"ListItem","position":2,"name":"Foot-Premiere ligue :Jos\u00e9 Mourinho vir\u00e9 \u00e0 Manchester United"}]},{"@type":"WebSite","@id":"https:\/\/total-sport.fr\/#website","url":"https:\/\/total-sport.fr\/","name":"Total Sports International (TSI)","description":"vous informer est notre priorit\u00e9, 7 jours sur 7 avec toujours le m\u00eame professionnalisme","potentialAction":[{"@type":"SearchAction","target":{"@type":"EntryPoint","urlTemplate":"https:\/\/total-sport.fr\/?s={search_term_string}"},"query-input":{"@type":"PropertyValueSpecification","valueRequired":true,"valueName":"search_term_string"}}],"inLanguage":"fr-FR"},{"@type":"Person","@id":"https:\/\/total-sport.fr\/#\/schema\/person\/e1918085e7f5e5d55922cbaebb2f5593","name":"Dor Donel","image":{"@type":"ImageObject","inLanguage":"fr-FR","@id":"https:\/\/total-sport.fr\/#\/schema\/person\/image\/","url":"https:\/\/secure.gravatar.com\/avatar\/fc2fac94a77835ed4498083285835f38c86bdf3c14ec5970ac5dfa9eea67351b?s=96&d=mm&r=g","contentUrl":"https:\/\/secure.gravatar.com\/avatar\/fc2fac94a77835ed4498083285835f38c86bdf3c14ec5970ac5dfa9eea67351b?s=96&d=mm&r=g","caption":"Dor Donel"},"url":"https:\/\/total-sport.fr\/index.php\/author\/admin9011\/"}]}},"jetpack_publicize_connections":[],"jetpack_featured_media_url":"","jetpack_sharing_enabled":true,"jetpack_shortlink":"https:\/\/wp.me\/paF0J8-1l","jetpack-related-posts":[{"id":170,"url":"https:\/\/total-sport.fr\/index.php\/2019\/01\/27\/football-psg-neymar-est-out-pour-le-choc-contre-manchester-united-en-ligue-des-champions\/","url_meta":{"origin":83,"position":0},"title":"Football-PSG: Neymar est out  pour le choc contre Manchester United en Ligue des champions","author":"Joly JEROME","date":"27 janvier 2019","format":false,"excerpt":"Bless\u00e9 au pied droit mercredi lors de PSG-Strasbourg en Coupe de France, Neymar ne pourra pas jouer contre Manchester United, le 12 f\u00e9vrier prochain , \u00e0 l\u2019occasion du 8e de finale aller de Ligue des champions \u00e0 Old Trafford. Le Br\u00e9silien, qui a re\u00e7u la visite de son s\u00e9lectionneur Tite\u2026","rel":"","context":"Dans &quot;International&quot;","block_context":{"text":"International","link":"https:\/\/total-sport.fr\/index.php\/category\/internationalfoot\/"},"img":{"alt_text":"","src":"","width":0,"height":0},"classes":[]},{"id":1271,"url":"https:\/\/total-sport.fr\/index.php\/2019\/07\/13\/foot-mercato-mickael-tackalfred-transfere-a-as-biterrois\/","url_meta":{"origin":83,"position":1},"title":"Foot-Mercato: mickael TACKALFRED transf\u00e9r\u00e9 \u00e0 AS Biterrois","author":"Joly JEROME","date":"13 juillet 2019","format":false,"excerpt":"Micka\u00ebl TACALFRED, cr\u00e9dit photo ASB Un nouveau challenge pour l'international des Gwadaboys, l'international de la Guadeloupe a sign\u00e9 un nouveau bail chez ASB suivant les informations relay\u00e9es sur le site du club. Et de six ! Apr\u00e8s Yanis Ammour, Enzo Reale, Bilel El Hamzaoui, Se\u00efti Tour\u00e9 et Romain Montiel, l\u2019AS\u2026","rel":"","context":"Dans &quot;Foot MERCATO&quot;","block_context":{"text":"Foot MERCATO","link":"https:\/\/total-sport.fr\/index.php\/category\/foot-mercato\/"},"img":{"alt_text":"","src":"https:\/\/i0.wp.com\/total-sport.fr\/wp-content\/uploads\/2019\/07\/tacalfred_large.jpg?fit=750%2C800&ssl=1&resize=350%2C200","width":350,"height":200,"srcset":"https:\/\/i0.wp.com\/total-sport.fr\/wp-content\/uploads\/2019\/07\/tacalfred_large.jpg?fit=750%2C800&ssl=1&resize=350%2C200 1x, https:\/\/i0.wp.com\/total-sport.fr\/wp-content\/uploads\/2019\/07\/tacalfred_large.jpg?fit=750%2C800&ssl=1&resize=525%2C300 1.5x, https:\/\/i0.wp.com\/total-sport.fr\/wp-content\/uploads\/2019\/07\/tacalfred_large.jpg?fit=750%2C800&ssl=1&resize=700%2C400 2x"},"classes":[]},{"id":1034,"url":"https:\/\/total-sport.fr\/index.php\/2019\/05\/17\/la-liste-du-bresil-pour-la-copa-america\/","url_meta":{"origin":83,"position":2},"title":"La liste du Br\u00e9sil pour la copa America","author":"Joly JEROME","date":"17 mai 2019","format":false,"excerpt":"La liste de Tite \u00e9tait attendue\u00a0! Il faut dire que le Br\u00e9sil est l\u2019h\u00f4te de la 46e \u00e9dition de la Copa America, qui se d\u00e9roulera sur les pelouses de Sao Paulo, Belo Horizonte, Rio de Janeiro, Porto Alegre et Salvador, du vendredi 14 juin au dimanche 7 juillet prochain. Dans\u2026","rel":"","context":"Dans &quot;International&quot;","block_context":{"text":"International","link":"https:\/\/total-sport.fr\/index.php\/category\/internationalfoot\/"},"img":{"alt_text":"","src":"https:\/\/i0.wp.com\/total-sport.fr\/wp-content\/uploads\/2019\/05\/20190517_165428.jpg?fit=976%2C532&ssl=1&resize=350%2C200","width":350,"height":200,"srcset":"https:\/\/i0.wp.com\/total-sport.fr\/wp-content\/uploads\/2019\/05\/20190517_165428.jpg?fit=976%2C532&ssl=1&resize=350%2C200 1x, https:\/\/i0.wp.com\/total-sport.fr\/wp-content\/uploads\/2019\/05\/20190517_165428.jpg?fit=976%2C532&ssl=1&resize=525%2C300 1.5x, https:\/\/i0.wp.com\/total-sport.fr\/wp-content\/uploads\/2019\/05\/20190517_165428.jpg?fit=976%2C532&ssl=1&resize=700%2C400 2x"},"classes":[]},{"id":3678,"url":"https:\/\/total-sport.fr\/index.php\/2021\/06\/06\/foot-mercato-la-redstar-soffre-5-recrues-as-gosier-perd-2-pions-offen\/","url_meta":{"origin":83,"position":3},"title":"Foot-Mercato: La REDSTAR s&rsquo;offre 5 recrues, AS GOSIER perd 2 pions offensifs","author":"Joly JEROME","date":"6 juin 2021","format":false,"excerpt":"Le SPORTING Club et la REDSTAR ont d\u00e9clench\u00e9 les hostilit\u00e9s sur le march\u00e9 des transferts pour la saison 2021-2022 en Guadeloupe. Le club de calvaire a enregistr\u00e9 le retour de Jean-Mary VOLMAR dit Kabrini, alors que la REDSTAR s'offre une manita de recrue, de quoi bien lancer le Mercato. FABIEN\u2026","rel":"","context":"Dans &quot;Foot MERCATO&quot;","block_context":{"text":"Foot MERCATO","link":"https:\/\/total-sport.fr\/index.php\/category\/foot-mercato\/"},"img":{"alt_text":"","src":"https:\/\/i0.wp.com\/total-sport.fr\/wp-content\/uploads\/PicsArt_06-06-11.36.02.jpg?fit=984%2C720&ssl=1&resize=350%2C200","width":350,"height":200,"srcset":"https:\/\/i0.wp.com\/total-sport.fr\/wp-content\/uploads\/PicsArt_06-06-11.36.02.jpg?fit=984%2C720&ssl=1&resize=350%2C200 1x, https:\/\/i0.wp.com\/total-sport.fr\/wp-content\/uploads\/PicsArt_06-06-11.36.02.jpg?fit=984%2C720&ssl=1&resize=525%2C300 1.5x, https:\/\/i0.wp.com\/total-sport.fr\/wp-content\/uploads\/PicsArt_06-06-11.36.02.jpg?fit=984%2C720&ssl=1&resize=700%2C400 2x"},"classes":[]},{"id":3080,"url":"https:\/\/total-sport.fr\/index.php\/2020\/07\/01\/foot-mercato-as-gosier-a-encore-frappe-deux-recrues-du-phare-en-provenance-de-lunar\/","url_meta":{"origin":83,"position":4},"title":"Foot-Mercato: AS Gosier a encore frapp\u00e9, deux recrues du PHARE en provenance de L&rsquo;UNAR.","author":"Joly JEROME","date":"1 juillet 2020","format":false,"excerpt":"Apr\u00e8s une saison 2019-2020 ma\u00eetris\u00e9e, les champions en titre de la Guadeloupe sont attendus pour la nouvelle exercice. Conscients de ce d\u00e9fi, les requins de L'AS Gosier se sont renforc\u00e9s avec l'arriv\u00e9e de trois recrues, deux attaquants et un d\u00e9fenseur. Si certains clubs pr\u00e9parent leur Mercato en catimini, pour d'autres\u2026","rel":"","context":"Dans &quot;Foot MERCATO&quot;","block_context":{"text":"Foot MERCATO","link":"https:\/\/total-sport.fr\/index.php\/category\/foot-mercato\/"},"img":{"alt_text":"","src":"https:\/\/i0.wp.com\/total-sport.fr\/wp-content\/uploads\/IMG-20200629-WA0097.jpg?fit=1080%2C720&ssl=1&resize=350%2C200","width":350,"height":200,"srcset":"https:\/\/i0.wp.com\/total-sport.fr\/wp-content\/uploads\/IMG-20200629-WA0097.jpg?fit=1080%2C720&ssl=1&resize=350%2C200 1x, https:\/\/i0.wp.com\/total-sport.fr\/wp-content\/uploads\/IMG-20200629-WA0097.jpg?fit=1080%2C720&ssl=1&resize=525%2C300 1.5x, https:\/\/i0.wp.com\/total-sport.fr\/wp-content\/uploads\/IMG-20200629-WA0097.jpg?fit=1080%2C720&ssl=1&resize=700%2C400 2x, https:\/\/i0.wp.com\/total-sport.fr\/wp-content\/uploads\/IMG-20200629-WA0097.jpg?fit=1080%2C720&ssl=1&resize=1050%2C600 3x"},"classes":[]},{"id":1221,"url":"https:\/\/total-sport.fr\/index.php\/2019\/07\/05\/foot-mercato-les-premiers-gros-coups-du-mercato-en-guadeloupe\/","url_meta":{"origin":83,"position":5},"title":"Foot-Mercato : Les premiers gros coups du mercato en  Guadeloupe","author":"Joly JEROME","date":"5 juillet 2019","format":false,"excerpt":"La saison 2018-2019 vient tout juste de boucler, d\u00e9j\u00e0 les clubs Guadeloup\u00e9ens s'activent sur le march\u00e9 des transferts.\u00a0 Comme chaque saison le mercato s'annonce tr\u00e8s agit\u00e9 avec des joueurs qui souhaitent changer d'air et les \u00e9quipes voulant se renforcer pour l'exercice 2019-2020. Faisons le point sur ce d\u00e9but de ce\u2026","rel":"","context":"Dans &quot;Foot MERCATO&quot;","block_context":{"text":"Foot MERCATO","link":"https:\/\/total-sport.fr\/index.php\/category\/foot-mercato\/"},"img":{"alt_text":"","src":"https:\/\/i0.wp.com\/total-sport.fr\/wp-content\/uploads\/2019\/07\/20190705_193431.jpg?fit=798%2C549&ssl=1&resize=350%2C200","width":350,"height":200,"srcset":"https:\/\/i0.wp.com\/total-sport.fr\/wp-content\/uploads\/2019\/07\/20190705_193431.jpg?fit=798%2C549&ssl=1&resize=350%2C200 1x, https:\/\/i0.wp.com\/total-sport.fr\/wp-content\/uploads\/2019\/07\/20190705_193431.jpg?fit=798%2C549&ssl=1&resize=525%2C300 1.5x, https:\/\/i0.wp.com\/total-sport.fr\/wp-content\/uploads\/2019\/07\/20190705_193431.jpg?fit=798%2C549&ssl=1&resize=700%2C400 2x"},"classes":[]}],"jetpack_likes_enabled":true,"_links":{"self":[{"href":"https:\/\/total-sport.fr\/index.php\/wp-json\/wp\/v2\/posts\/83","targetHints":{"allow":["GET"]}}],"collection":[{"href":"https:\/\/total-sport.fr\/index.php\/wp-json\/wp\/v2\/posts"}],"about":[{"href":"https:\/\/total-sport.fr\/index.php\/wp-json\/wp\/v2\/types\/post"}],"author":[{"embeddable":true,"href":"https:\/\/total-sport.fr\/index.php\/wp-json\/wp\/v2\/users\/1"}],"replies":[{"embeddable":true,"href":"https:\/\/total-sport.fr\/index.php\/wp-json\/wp\/v2\/comments?post=83"}],"version-history":[{"count":1,"href":"https:\/\/total-sport.fr\/index.php\/wp-json\/wp\/v2\/posts\/83\/revisions"}],"predecessor-version":[{"id":84,"href":"https:\/\/total-sport.fr\/index.php\/wp-json\/wp\/v2\/posts\/83\/revisions\/84"}],"wp:attachment":[{"href":"https:\/\/total-sport.fr\/index.php\/wp-json\/wp\/v2\/media?parent=83"}],"wp:term":[{"taxonomy":"category","embeddable":true,"href":"https:\/\/total-sport.fr\/index.php\/wp-json\/wp\/v2\/categories?post=83"},{"taxonomy":"post_tag","embeddable":true,"href":"https:\/\/total-sport.fr\/index.php\/wp-json\/wp\/v2\/tags?post=83"}],"curies":[{"name":"wp","href":"https:\/\/api.w.org\/{rel}","templated":true}]}}