{"id":79,"date":"2019-01-25T08:36:25","date_gmt":"2019-01-25T12:36:25","guid":{"rendered":"http:\/\/total-sport.fr\/?p=79"},"modified":"2019-01-26T13:34:03","modified_gmt":"2019-01-26T17:34:03","slug":"premier-league-arsenal-trottine-a-brighton","status":"publish","type":"post","link":"https:\/\/total-sport.fr\/index.php\/2019\/01\/25\/premier-league-arsenal-trottine-a-brighton\/","title":{"rendered":"Premier league : Arsenal trottine \u00e0 Brighton"},"content":{"rendered":"\r\n\r\n<img data-recalc-dims=\"1\" loading=\"lazy\" decoding=\"async\" data-attachment-id=\"2428\" data-permalink=\"https:\/\/total-sport.fr\/index.php\/2020\/02\/13\/foot-caribean-club-shield-les-adversaires-damical-club-de-marie-galante-sont-connus\/20200213_144936\/\" data-orig-file=\"https:\/\/i0.wp.com\/total-sport.fr\/wp-content\/uploads\/20200213_144936.jpg?fit=750%2C392&amp;ssl=1\" data-orig-size=\"750,392\" data-comments-opened=\"1\" data-image-meta=\"{&quot;aperture&quot;:&quot;0&quot;,&quot;credit&quot;:&quot;&quot;,&quot;camera&quot;:&quot;&quot;,&quot;caption&quot;:&quot;&quot;,&quot;created_timestamp&quot;:&quot;0&quot;,&quot;copyright&quot;:&quot;&quot;,&quot;focal_length&quot;:&quot;0&quot;,&quot;iso&quot;:&quot;0&quot;,&quot;shutter_speed&quot;:&quot;0&quot;,&quot;title&quot;:&quot;&quot;,&quot;orientation&quot;:&quot;0&quot;}\" data-image-title=\"20200213_144936\" data-image-description=\"\" data-image-caption=\"\" data-large-file=\"https:\/\/i0.wp.com\/total-sport.fr\/wp-content\/uploads\/20200213_144936.jpg?fit=750%2C392&amp;ssl=1\" class=\"alignnone size-full wp-image-2428\" src=\"https:\/\/totalsportts42.files.wordpress.com\/2018\/12\/2018_12_26_15747252857.jpg?resize=650%2C465\" width=\"650\" height=\"465\" \/>Peu brillant sur le terrain de Brighton, mercredi lors du Boxing Day, Arsenal n&rsquo;a pris qu&rsquo;un point (1-1), dans le cadre de la 19e journ\u00e9e de Premier League. Pierre-Emerick Aubameyang, pour son 13e but en championnat, a ouvert le score sur un service d&rsquo;Alexandre Lacazette (7e) mais J\u00fcrgen Locadia a \u00e9galis\u00e9 rapidement (35e) et les hommes d&rsquo;Unai Emery ont manqu\u00e9 de jus en seconde p\u00e9riode.\r\n\r\n \r\n\r\nLes Gunners sont 4e avec un seul point de plus que Chelsea, qui joue \u00e0 Watford dans la soir\u00e9e.\r\n\r\n \r\n\r\nLes Seagulls, qui restaient sur trois d\u00e9faites, sont 13e\r\n\r\n","protected":false},"excerpt":{"rendered":"<div class=\"mh-excerpt\"><p>Peu brillant sur le terrain de Brighton, mercredi lors du Boxing Day, Arsenal n&rsquo;a pris qu&rsquo;un point (1-1), dans le cadre de la 19e journ\u00e9e <a class=\"mh-excerpt-more\" href=\"https:\/\/total-sport.fr\/index.php\/2019\/01\/25\/premier-league-arsenal-trottine-a-brighton\/\" title=\"Premier league : Arsenal trottine \u00e0 Brighton\">[&#8230;]<\/a><\/p>\n<\/div>","protected":false},"author":1,"featured_media":0,"comment_status":"open","ping_status":"open","sticky":false,"template":"","format":"standard","meta":{"jetpack_post_was_ever_published":false,"_jetpack_newsletter_access":"","_jetpack_dont_email_post_to_subs":false,"_jetpack_newsletter_tier_id":0,"_jetpack_memberships_contains_paywalled_content":false,"_jetpack_memberships_contains_paid_content":false,"footnotes":"","jetpack_publicize_message":"","jetpack_publicize_feature_enabled":true,"jetpack_social_post_already_shared":false,"jetpack_social_options":{"image_generator_settings":{"template":"highway","default_image_id":0,"font":"","enabled":false},"version":2}},"categories":[13],"tags":[],"class_list":["post-79","post","type-post","status-publish","format-standard","hentry","category-internationalfoot"],"yoast_head":"<!-- This site is optimized with the Yoast SEO plugin v24.9 - https:\/\/yoast.com\/wordpress\/plugins\/seo\/ -->\n<title>Premier league : Arsenal trottine \u00e0 Brighton - Total Sports International (TSI)<\/title>\n<meta name=\"robots\" content=\"index, follow, max-snippet:-1, max-image-preview:large, max-video-preview:-1\" \/>\n<link rel=\"canonical\" href=\"https:\/\/total-sport.fr\/index.php\/2019\/01\/25\/premier-league-arsenal-trottine-a-brighton\/\" \/>\n<meta property=\"og:locale\" content=\"fr_FR\" \/>\n<meta property=\"og:type\" content=\"article\" \/>\n<meta property=\"og:title\" content=\"Premier league : Arsenal trottine \u00e0 Brighton - Total Sports International (TSI)\" \/>\n<meta property=\"og:description\" content=\"Peu brillant sur le terrain de Brighton, mercredi lors du Boxing Day, Arsenal n&rsquo;a pris qu&rsquo;un point (1-1), dans le cadre de la 19e journ\u00e9e [...]\" \/>\n<meta property=\"og:url\" content=\"https:\/\/total-sport.fr\/index.php\/2019\/01\/25\/premier-league-arsenal-trottine-a-brighton\/\" \/>\n<meta property=\"og:site_name\" content=\"Total Sports International (TSI)\" \/>\n<meta property=\"article:published_time\" content=\"2019-01-25T12:36:25+00:00\" \/>\n<meta property=\"article:modified_time\" content=\"2019-01-26T17:34:03+00:00\" \/>\n<meta property=\"og:image\" content=\"https:\/\/totalsportts42.files.wordpress.com\/2018\/12\/2018_12_26_15747252857.jpg\" \/>\n<meta name=\"author\" content=\"Dor Donel\" \/>\n<meta name=\"twitter:card\" content=\"summary_large_image\" \/>\n<meta name=\"twitter:label1\" content=\"\u00c9crit par\" \/>\n\t<meta name=\"twitter:data1\" content=\"Dor Donel\" \/>\n<script type=\"application\/ld+json\" class=\"yoast-schema-graph\">{\"@context\":\"https:\/\/schema.org\",\"@graph\":[{\"@type\":\"WebPage\",\"@id\":\"https:\/\/total-sport.fr\/index.php\/2019\/01\/25\/premier-league-arsenal-trottine-a-brighton\/\",\"url\":\"https:\/\/total-sport.fr\/index.php\/2019\/01\/25\/premier-league-arsenal-trottine-a-brighton\/\",\"name\":\"Premier league : Arsenal trottine \u00e0 Brighton - Total Sports International (TSI)\",\"isPartOf\":{\"@id\":\"https:\/\/total-sport.fr\/#website\"},\"primaryImageOfPage\":{\"@id\":\"https:\/\/total-sport.fr\/index.php\/2019\/01\/25\/premier-league-arsenal-trottine-a-brighton\/#primaryimage\"},\"image\":{\"@id\":\"https:\/\/total-sport.fr\/index.php\/2019\/01\/25\/premier-league-arsenal-trottine-a-brighton\/#primaryimage\"},\"thumbnailUrl\":\"https:\/\/totalsportts42.files.wordpress.com\/2018\/12\/2018_12_26_15747252857.jpg\",\"datePublished\":\"2019-01-25T12:36:25+00:00\",\"dateModified\":\"2019-01-26T17:34:03+00:00\",\"author\":{\"@id\":\"https:\/\/total-sport.fr\/#\/schema\/person\/e1918085e7f5e5d55922cbaebb2f5593\"},\"breadcrumb\":{\"@id\":\"https:\/\/total-sport.fr\/index.php\/2019\/01\/25\/premier-league-arsenal-trottine-a-brighton\/#breadcrumb\"},\"inLanguage\":\"fr-FR\",\"potentialAction\":[{\"@type\":\"ReadAction\",\"target\":[\"https:\/\/total-sport.fr\/index.php\/2019\/01\/25\/premier-league-arsenal-trottine-a-brighton\/\"]}]},{\"@type\":\"ImageObject\",\"inLanguage\":\"fr-FR\",\"@id\":\"https:\/\/total-sport.fr\/index.php\/2019\/01\/25\/premier-league-arsenal-trottine-a-brighton\/#primaryimage\",\"url\":\"https:\/\/totalsportts42.files.wordpress.com\/2018\/12\/2018_12_26_15747252857.jpg\",\"contentUrl\":\"https:\/\/totalsportts42.files.wordpress.com\/2018\/12\/2018_12_26_15747252857.jpg\"},{\"@type\":\"BreadcrumbList\",\"@id\":\"https:\/\/total-sport.fr\/index.php\/2019\/01\/25\/premier-league-arsenal-trottine-a-brighton\/#breadcrumb\",\"itemListElement\":[{\"@type\":\"ListItem\",\"position\":1,\"name\":\"Accueil\",\"item\":\"https:\/\/total-sport.fr\/\"},{\"@type\":\"ListItem\",\"position\":2,\"name\":\"Premier league : Arsenal trottine \u00e0 Brighton\"}]},{\"@type\":\"WebSite\",\"@id\":\"https:\/\/total-sport.fr\/#website\",\"url\":\"https:\/\/total-sport.fr\/\",\"name\":\"Total Sports International (TSI)\",\"description\":\"vous informer est notre priorit\u00e9, 7 jours sur 7 avec toujours le m\u00eame professionnalisme\",\"potentialAction\":[{\"@type\":\"SearchAction\",\"target\":{\"@type\":\"EntryPoint\",\"urlTemplate\":\"https:\/\/total-sport.fr\/?s={search_term_string}\"},\"query-input\":{\"@type\":\"PropertyValueSpecification\",\"valueRequired\":true,\"valueName\":\"search_term_string\"}}],\"inLanguage\":\"fr-FR\"},{\"@type\":\"Person\",\"@id\":\"https:\/\/total-sport.fr\/#\/schema\/person\/e1918085e7f5e5d55922cbaebb2f5593\",\"name\":\"Dor Donel\",\"image\":{\"@type\":\"ImageObject\",\"inLanguage\":\"fr-FR\",\"@id\":\"https:\/\/total-sport.fr\/#\/schema\/person\/image\/\",\"url\":\"https:\/\/secure.gravatar.com\/avatar\/fc2fac94a77835ed4498083285835f38c86bdf3c14ec5970ac5dfa9eea67351b?s=96&d=mm&r=g\",\"contentUrl\":\"https:\/\/secure.gravatar.com\/avatar\/fc2fac94a77835ed4498083285835f38c86bdf3c14ec5970ac5dfa9eea67351b?s=96&d=mm&r=g\",\"caption\":\"Dor Donel\"},\"url\":\"https:\/\/total-sport.fr\/index.php\/author\/admin9011\/\"}]}<\/script>\n<!-- \/ Yoast SEO plugin. -->","yoast_head_json":{"title":"Premier league : Arsenal trottine \u00e0 Brighton - Total Sports International (TSI)","robots":{"index":"index","follow":"follow","max-snippet":"max-snippet:-1","max-image-preview":"max-image-preview:large","max-video-preview":"max-video-preview:-1"},"canonical":"https:\/\/total-sport.fr\/index.php\/2019\/01\/25\/premier-league-arsenal-trottine-a-brighton\/","og_locale":"fr_FR","og_type":"article","og_title":"Premier league : Arsenal trottine \u00e0 Brighton - Total Sports International (TSI)","og_description":"Peu brillant sur le terrain de Brighton, mercredi lors du Boxing Day, Arsenal n&rsquo;a pris qu&rsquo;un point (1-1), dans le cadre de la 19e journ\u00e9e [...]","og_url":"https:\/\/total-sport.fr\/index.php\/2019\/01\/25\/premier-league-arsenal-trottine-a-brighton\/","og_site_name":"Total Sports International (TSI)","article_published_time":"2019-01-25T12:36:25+00:00","article_modified_time":"2019-01-26T17:34:03+00:00","og_image":[{"url":"https:\/\/totalsportts42.files.wordpress.com\/2018\/12\/2018_12_26_15747252857.jpg","type":"","width":"","height":""}],"author":"Dor Donel","twitter_card":"summary_large_image","twitter_misc":{"\u00c9crit par":"Dor Donel"},"schema":{"@context":"https:\/\/schema.org","@graph":[{"@type":"WebPage","@id":"https:\/\/total-sport.fr\/index.php\/2019\/01\/25\/premier-league-arsenal-trottine-a-brighton\/","url":"https:\/\/total-sport.fr\/index.php\/2019\/01\/25\/premier-league-arsenal-trottine-a-brighton\/","name":"Premier league : Arsenal trottine \u00e0 Brighton - Total Sports International (TSI)","isPartOf":{"@id":"https:\/\/total-sport.fr\/#website"},"primaryImageOfPage":{"@id":"https:\/\/total-sport.fr\/index.php\/2019\/01\/25\/premier-league-arsenal-trottine-a-brighton\/#primaryimage"},"image":{"@id":"https:\/\/total-sport.fr\/index.php\/2019\/01\/25\/premier-league-arsenal-trottine-a-brighton\/#primaryimage"},"thumbnailUrl":"https:\/\/totalsportts42.files.wordpress.com\/2018\/12\/2018_12_26_15747252857.jpg","datePublished":"2019-01-25T12:36:25+00:00","dateModified":"2019-01-26T17:34:03+00:00","author":{"@id":"https:\/\/total-sport.fr\/#\/schema\/person\/e1918085e7f5e5d55922cbaebb2f5593"},"breadcrumb":{"@id":"https:\/\/total-sport.fr\/index.php\/2019\/01\/25\/premier-league-arsenal-trottine-a-brighton\/#breadcrumb"},"inLanguage":"fr-FR","potentialAction":[{"@type":"ReadAction","target":["https:\/\/total-sport.fr\/index.php\/2019\/01\/25\/premier-league-arsenal-trottine-a-brighton\/"]}]},{"@type":"ImageObject","inLanguage":"fr-FR","@id":"https:\/\/total-sport.fr\/index.php\/2019\/01\/25\/premier-league-arsenal-trottine-a-brighton\/#primaryimage","url":"https:\/\/totalsportts42.files.wordpress.com\/2018\/12\/2018_12_26_15747252857.jpg","contentUrl":"https:\/\/totalsportts42.files.wordpress.com\/2018\/12\/2018_12_26_15747252857.jpg"},{"@type":"BreadcrumbList","@id":"https:\/\/total-sport.fr\/index.php\/2019\/01\/25\/premier-league-arsenal-trottine-a-brighton\/#breadcrumb","itemListElement":[{"@type":"ListItem","position":1,"name":"Accueil","item":"https:\/\/total-sport.fr\/"},{"@type":"ListItem","position":2,"name":"Premier league : Arsenal trottine \u00e0 Brighton"}]},{"@type":"WebSite","@id":"https:\/\/total-sport.fr\/#website","url":"https:\/\/total-sport.fr\/","name":"Total Sports International (TSI)","description":"vous informer est notre priorit\u00e9, 7 jours sur 7 avec toujours le m\u00eame professionnalisme","potentialAction":[{"@type":"SearchAction","target":{"@type":"EntryPoint","urlTemplate":"https:\/\/total-sport.fr\/?s={search_term_string}"},"query-input":{"@type":"PropertyValueSpecification","valueRequired":true,"valueName":"search_term_string"}}],"inLanguage":"fr-FR"},{"@type":"Person","@id":"https:\/\/total-sport.fr\/#\/schema\/person\/e1918085e7f5e5d55922cbaebb2f5593","name":"Dor Donel","image":{"@type":"ImageObject","inLanguage":"fr-FR","@id":"https:\/\/total-sport.fr\/#\/schema\/person\/image\/","url":"https:\/\/secure.gravatar.com\/avatar\/fc2fac94a77835ed4498083285835f38c86bdf3c14ec5970ac5dfa9eea67351b?s=96&d=mm&r=g","contentUrl":"https:\/\/secure.gravatar.com\/avatar\/fc2fac94a77835ed4498083285835f38c86bdf3c14ec5970ac5dfa9eea67351b?s=96&d=mm&r=g","caption":"Dor Donel"},"url":"https:\/\/total-sport.fr\/index.php\/author\/admin9011\/"}]}},"jetpack_publicize_connections":[],"jetpack_featured_media_url":"","jetpack_sharing_enabled":true,"jetpack_shortlink":"https:\/\/wp.me\/paF0J8-1h","jetpack-related-posts":[{"id":2319,"url":"https:\/\/total-sport.fr\/index.php\/2020\/02\/03\/foot-r2-13e-et-15e-j-les-leaders-tiennent-la-cadence\/","url_meta":{"origin":79,"position":0},"title":"Foot-R2- 13E et 15E J: Les leaders tiennent la cadence","author":"Joly JEROME","date":"3 f\u00e9vrier 2020","format":false,"excerpt":"La 13\u00e8me et 15\u00e8me journ\u00e9e de la regionle 2 guadeloup\u00e9enne de football ne nous ont pas r\u00e9serv\u00e9 de grosses surprises ce weekend. A part de Juventus de Saint-Anne qui a \u00e9t\u00e9 battue par AS Moule dans le groupe B, la logique a \u00e9t\u00e9 bien respect\u00e9e avec notamment les leaders qui\u2026","rel":"","context":"Dans &quot;R2&quot;","block_context":{"text":"R2","link":"https:\/\/total-sport.fr\/index.php\/category\/r2\/"},"img":{"alt_text":"","src":"https:\/\/i0.wp.com\/total-sport.fr\/wp-content\/uploads\/FB_IMG_1575569398867.jpg?fit=1080%2C720&ssl=1&resize=350%2C200","width":350,"height":200,"srcset":"https:\/\/i0.wp.com\/total-sport.fr\/wp-content\/uploads\/FB_IMG_1575569398867.jpg?fit=1080%2C720&ssl=1&resize=350%2C200 1x, https:\/\/i0.wp.com\/total-sport.fr\/wp-content\/uploads\/FB_IMG_1575569398867.jpg?fit=1080%2C720&ssl=1&resize=525%2C300 1.5x, https:\/\/i0.wp.com\/total-sport.fr\/wp-content\/uploads\/FB_IMG_1575569398867.jpg?fit=1080%2C720&ssl=1&resize=700%2C400 2x, https:\/\/i0.wp.com\/total-sport.fr\/wp-content\/uploads\/FB_IMG_1575569398867.jpg?fit=1080%2C720&ssl=1&resize=1050%2C600 3x"},"classes":[]},{"id":608,"url":"https:\/\/total-sport.fr\/index.php\/2019\/03\/17\/foot-guadeloupe-r1-19e-journee-le-csm-reprend-le-fauteuil-amical-club-bute-sur-siroco-usbm-signe-une-remontada-contre-unar\/","url_meta":{"origin":79,"position":1},"title":"Foot-Guadeloupe-R1-19e journ\u00e9e : Le CSM reprend le fauteuil, Amical club bute sur SIROCO, USBM signe une REMONTADA contre UNAR","author":"Joly JEROME","date":"17 mars 2019","format":false,"excerpt":"\u00c0 l'inverse de la journ\u00e9e pr\u00e9c\u00e9dente, 19 buts ont \u00e9t\u00e9 inscrits lors de cette 19e lev\u00e9e, en attendant la rencontre AS Gosier vs La Gauloise. Le CSM reprend le tr\u00f4ne apr\u00e8s avoir malmen\u00e9 la Red Star (4-0), Amical Club a \u00e9t\u00e9 incapable de confirmer face au SIROCO (2-2) . USBM\u2026","rel":"","context":"Dans &quot;R1&quot;","block_context":{"text":"R1","link":"https:\/\/total-sport.fr\/index.php\/category\/r1\/"},"img":{"alt_text":"","src":"","width":0,"height":0},"classes":[]},{"id":706,"url":"https:\/\/total-sport.fr\/index.php\/2019\/04\/05\/foot-guadeloupe-20eme-journee-r1-deplacement-de-lusbm-sur-le-terrain-de-la-gauloise-arsenal-club-accueillera-la-ss\/","url_meta":{"origin":79,"position":2},"title":"Foot-Guadeloupe-20\u00e9me journ\u00e9e R1 : D\u00e9placement de L&rsquo;USBM sur le terrain de la Gauloise, Arsenal club accueillera la SS","author":"Joly JEROME","date":"5 avril 2019","format":false,"excerpt":"Ce samedi on va jouer la 20\u00e9me lev\u00e9e de la plus haute comp\u00e9tition Football en Guadeloupe, 6 matches sont \u00e0 l'affiche samedi dont un choc entre la Gauloise et Union Sportive Baie-mahaultienne. Arsenal Club attend dans son temple la Solidarit\u00e9 Scolaire, le\u00a0 PHARE sera en d\u00e9placement aux Abymes pour affronter\u2026","rel":"","context":"Dans &quot;R1&quot;","block_context":{"text":"R1","link":"https:\/\/total-sport.fr\/index.php\/category\/r1\/"},"img":{"alt_text":"","src":"https:\/\/i0.wp.com\/total-sport.fr\/wp-content\/uploads\/2019\/04\/FB_IMG_1545418577958.jpg?fit=720%2C480&ssl=1&resize=350%2C200","width":350,"height":200,"srcset":"https:\/\/i0.wp.com\/total-sport.fr\/wp-content\/uploads\/2019\/04\/FB_IMG_1545418577958.jpg?fit=720%2C480&ssl=1&resize=350%2C200 1x, https:\/\/i0.wp.com\/total-sport.fr\/wp-content\/uploads\/2019\/04\/FB_IMG_1545418577958.jpg?fit=720%2C480&ssl=1&resize=525%2C300 1.5x, https:\/\/i0.wp.com\/total-sport.fr\/wp-content\/uploads\/2019\/04\/FB_IMG_1545418577958.jpg?fit=720%2C480&ssl=1&resize=700%2C400 2x"},"classes":[]},{"id":2142,"url":"https:\/\/total-sport.fr\/index.php\/2020\/01\/12\/foot-r1-le-leader-na-pas-tremble-usbm-expulsee-du-podium-csm-phare-et-la-ss-ont-gagne\/","url_meta":{"origin":79,"position":3},"title":"Foot-R1 : Le leader n&rsquo;a pas trembl\u00e9, USBM expuls\u00e9e du podium, CSM, PHARE et la SS ont gagn\u00e9.","author":"Joly JEROME","date":"12 janvier 2020","format":false,"excerpt":"\u00c0 l'issue d'une quatorzi\u00e8me journ\u00e9e o\u00f9 11 buts ont \u00e9t\u00e9 inscrits, AS Gosier reste incontestablement le leader de la r\u00e9gionale 1 Guadeloup\u00e9enne apr\u00e8s sa victoire 2-0 contre le Stade Lamentinois. Pas de vainqueur entre La Gauloise et Unit\u00e9 Sainterosienne ( 0-0), idem pour USBM et ARSENAL qui se sont neutralis\u00e9s\u2026","rel":"","context":"Dans &quot;R1&quot;","block_context":{"text":"R1","link":"https:\/\/total-sport.fr\/index.php\/category\/r1\/"},"img":{"alt_text":"","src":"https:\/\/i0.wp.com\/total-sport.fr\/wp-content\/uploads\/20200112_203146-1-scaled.jpg?fit=1200%2C605&ssl=1&resize=350%2C200","width":350,"height":200,"srcset":"https:\/\/i0.wp.com\/total-sport.fr\/wp-content\/uploads\/20200112_203146-1-scaled.jpg?fit=1200%2C605&ssl=1&resize=350%2C200 1x, https:\/\/i0.wp.com\/total-sport.fr\/wp-content\/uploads\/20200112_203146-1-scaled.jpg?fit=1200%2C605&ssl=1&resize=525%2C300 1.5x, https:\/\/i0.wp.com\/total-sport.fr\/wp-content\/uploads\/20200112_203146-1-scaled.jpg?fit=1200%2C605&ssl=1&resize=700%2C400 2x, https:\/\/i0.wp.com\/total-sport.fr\/wp-content\/uploads\/20200112_203146-1-scaled.jpg?fit=1200%2C605&ssl=1&resize=1050%2C600 3x"},"classes":[]},{"id":1050,"url":"https:\/\/total-sport.fr\/index.php\/2019\/05\/23\/foot-guadeloupe-r1-10e-match-en-retard-le-phare-de-petit-canal-se-rassure\/","url_meta":{"origin":79,"position":4},"title":"Foot-Guadeloupe-R1-10E Match en retard : Le PHARE de Petit-Canal se rassure","author":"Joly JEROME","date":"23 mai 2019","format":false,"excerpt":"Au terme d'une rencontre muscl\u00e9e, le PHARE de Petit-Canal a pris le dessus au d\u00e9pens de L'ARSENAL CLUB sur le strict minimum 0-1, gr\u00e2ce \u00e0 une r\u00e9alisation sign\u00e9e YANICK PASSAPE \u00e0 la 20' de jeu en premi\u00e8re p\u00e9riode. ARSENAL en Vert contre le PHARE de Petit-Canal Le PHARE de Petit-Canal\u2026","rel":"","context":"Dans &quot;R1&quot;","block_context":{"text":"R1","link":"https:\/\/total-sport.fr\/index.php\/category\/r1\/"},"img":{"alt_text":"","src":"https:\/\/i0.wp.com\/total-sport.fr\/wp-content\/uploads\/2019\/05\/20190523_114732.jpg?fit=1200%2C675&ssl=1&resize=350%2C200","width":350,"height":200,"srcset":"https:\/\/i0.wp.com\/total-sport.fr\/wp-content\/uploads\/2019\/05\/20190523_114732.jpg?fit=1200%2C675&ssl=1&resize=350%2C200 1x, https:\/\/i0.wp.com\/total-sport.fr\/wp-content\/uploads\/2019\/05\/20190523_114732.jpg?fit=1200%2C675&ssl=1&resize=525%2C300 1.5x, https:\/\/i0.wp.com\/total-sport.fr\/wp-content\/uploads\/2019\/05\/20190523_114732.jpg?fit=1200%2C675&ssl=1&resize=700%2C400 2x, https:\/\/i0.wp.com\/total-sport.fr\/wp-content\/uploads\/2019\/05\/20190523_114732.jpg?fit=1200%2C675&ssl=1&resize=1050%2C600 3x"},"classes":[]},{"id":293,"url":"https:\/\/total-sport.fr\/index.php\/2019\/02\/03\/foot-guadeloupe-r1-16e-journee-usbm-solide-leader-csm-na-pas-le-temps-de-douter-arsenal-retrouve-le-podium\/","url_meta":{"origin":79,"position":5},"title":"Foot-Guadeloupe -R1: 16e journ\u00e9e, USBM solide leader, CSM n&rsquo;a pas le temps de douter, Arsenal retrouve le podium","author":"Joly JEROME","date":"3 f\u00e9vrier 2019","format":false,"excerpt":"La 16e lev\u00e9e du championnat de la R\u00e9gionale 1 (R1) a livr\u00e9 son verdict ce weekend, \u00e0 l'issue de cette journ\u00e9e, 14 buts ont \u00e9t\u00e9 inscrits soit une moyenne de 2 buts par match. M\u00eame si cette journ\u00e9e n'a pas \u00e9t\u00e9 celle o\u00f9 les attaquants ont beaucoup plus brill\u00e9, cependant\u2026","rel":"","context":"Dans &quot;R1&quot;","block_context":{"text":"R1","link":"https:\/\/total-sport.fr\/index.php\/category\/r1\/"},"img":{"alt_text":"","src":"","width":0,"height":0},"classes":[]}],"jetpack_likes_enabled":true,"_links":{"self":[{"href":"https:\/\/total-sport.fr\/index.php\/wp-json\/wp\/v2\/posts\/79","targetHints":{"allow":["GET"]}}],"collection":[{"href":"https:\/\/total-sport.fr\/index.php\/wp-json\/wp\/v2\/posts"}],"about":[{"href":"https:\/\/total-sport.fr\/index.php\/wp-json\/wp\/v2\/types\/post"}],"author":[{"embeddable":true,"href":"https:\/\/total-sport.fr\/index.php\/wp-json\/wp\/v2\/users\/1"}],"replies":[{"embeddable":true,"href":"https:\/\/total-sport.fr\/index.php\/wp-json\/wp\/v2\/comments?post=79"}],"version-history":[{"count":1,"href":"https:\/\/total-sport.fr\/index.php\/wp-json\/wp\/v2\/posts\/79\/revisions"}],"predecessor-version":[{"id":80,"href":"https:\/\/total-sport.fr\/index.php\/wp-json\/wp\/v2\/posts\/79\/revisions\/80"}],"wp:attachment":[{"href":"https:\/\/total-sport.fr\/index.php\/wp-json\/wp\/v2\/media?parent=79"}],"wp:term":[{"taxonomy":"category","embeddable":true,"href":"https:\/\/total-sport.fr\/index.php\/wp-json\/wp\/v2\/categories?post=79"},{"taxonomy":"post_tag","embeddable":true,"href":"https:\/\/total-sport.fr\/index.php\/wp-json\/wp\/v2\/tags?post=79"}],"curies":[{"name":"wp","href":"https:\/\/api.w.org\/{rel}","templated":true}]}}