{"id":621,"date":"2019-03-21T08:23:22","date_gmt":"2019-03-21T12:23:22","guid":{"rendered":"http:\/\/total-sport.fr\/?p=621"},"modified":"2019-03-21T19:04:34","modified_gmt":"2019-03-21T23:04:34","slug":"foot-ldn-guadeloupe-martinique-dimitri-bolivar-je-sais-que-je-suis-attendu-cest-a-moi-de-me-mettre-au-niveau","status":"publish","type":"post","link":"https:\/\/total-sport.fr\/index.php\/2019\/03\/21\/foot-ldn-guadeloupe-martinique-dimitri-bolivar-je-sais-que-je-suis-attendu-cest-a-moi-de-me-mettre-au-niveau\/","title":{"rendered":"Foot -LDN -Guadeloupe -Martinique : Dimitri BOLIVAR \u00ab\u00a0Je sais que je suis attendu, c&rsquo;est \u00e0 moi de me mettre au niveau \u00ab\u00a0"},"content":{"rendered":"\n<p>La s\u00e9lection Guadeloup\u00e9enne de football re\u00e7oit ce samedi 23 mars , son Homologue La Martinique au Stade RENE SERGE NABAJOTH \u00e0 compter de 20h. Un match comptant pour la derni\u00e8re journ\u00e9e de la ligue des nations zone CONCACAF.<\/p>\n\n\n\n<figure class=\"wp-block-image\"><img decoding=\"async\" src=\"https:\/\/totalsportts42.files.wordpress.com\/2019\/03\/fb_img_1548018004299-354162355.jpg\" alt=\"\" class=\"wp-image-2955\"\/><figcaption>Dimitri BOLIVAR en vert : cr\u00e9dit LGF<\/figcaption><\/figure>\n\n\n\n<p>Plac\u00e9s \u00e0 la 20\u00e9me place au classement g\u00e9n\u00e9ral avec 4 points pour 3 matches jou\u00e9s, les Gwadaboys sont dans l&rsquo;obligation de gagner pour avoir une infime chance de se qualifier . \u00c0 quelques jours de ce duel entre les deux \u00eeles voisines, Dimitri BOLIVAR le m\u00e9tronome de L&rsquo;USBM et de la s\u00e9lection de la Guadeloupe  a r\u00e9pondu aux questions de Total Sport. Le milieu de terrain de 21 piges qui s&rsquo;appr\u00eate \u00e0 porter pour la septi\u00e8me fois le maillot des Gwadaboys a parl\u00e9 de l&rsquo;\u00e9tat d&rsquo;esprit du groupe et comment ils comptent aborder cette rencontre.<\/p>\n\n\n\n<p><strong>TS: Bonjour Dimitri,\u00c0 quelques jours du match Guadeloupe -Martinique, comment est l&rsquo;\u00e9tat d&rsquo;esprit du groupe ? <\/strong><\/p>\n\n\n\n<p>DB: Pour le moment on est dans un bon \u00e9tat d&rsquo;esprit, les entra\u00eenements se passent bien, on a h\u00e2te d&rsquo;\u00eatre tous ensemble .<\/p>\n\n\n\n<p><strong>TS: Cela fait belle lurette que La Guadeloupe n&rsquo;a plus gagn\u00e9 contre la Martinique, \u00eates vous (lequipe) pr\u00eats \u00e0 mettre fin \u00e0 cette mauvaise s\u00e9rie ? <\/strong><\/p>\n\n\n\n<p>DB: oui on est pr\u00eats, c&rsquo;est vrai \u00e7a fait un moment qu&rsquo;on a pas gagn\u00e9 contre la Martinique mais tout le monde est d\u00e9termin\u00e9 \u00e0 aller chercher cette victoire. \u00c7a fait un moment que la Martinique nous cause de probl\u00e8me, pour donner une bonne image du football  Guadeloup\u00e9en, pour tous Guadeloup\u00e9en samedi on a \u00e0 coeur d&rsquo;aller chercher un bon r\u00e9sultat.<\/p>\n\n\n\n<p><strong>TS: Guadeloupe -Martinique, deux \u00eeles voisines, est ce que vous sentez qu&rsquo;il y a au sein de l&rsquo;\u00e9quipe une motivation en plus pour ce match ? <\/strong><\/p>\n\n\n\n<p>DB: oui il y a une motivation en plus parce qu&rsquo;on sait qu&rsquo;il y a pas mal de Martiniquais qui vivent en Guadeloupe \u00e7a nous donne une motivation suppl\u00e9mentaire , on est tous les deux Fran\u00e7ais, il y a toujours une rivalit\u00e9 entre les deux \u00eeles qui ce soit au niveau cyclisme ou football. Si on perd ils nous  ferons  de jeu, c&rsquo;est pour \u00e7a on a \u00e0 coeur de gagner pour montrer que la Guadeloupe est bien l\u00e0<\/p>\n\n\n\n<p><strong>TS: \u00c0 titre personnel, avez vous d\u00e9j\u00e0 jou\u00e9 contre la Martinique ? <\/strong><\/p>\n\n\n\n<p>DB: Non personnellement j&rsquo;ai pas encore jou\u00e9 contre eux, la derni\u00e8re fois qu&rsquo;on a rencontr\u00e9 un club de la Martinique c&rsquo;\u00e9tait golden lion en coupe MMG sinon je me suis pas encore confront\u00e9 face \u00e0 la Martinique<\/p>\n\n\n\n<p><strong>TS: Avez vous une id\u00e9e de cette s\u00e9lection Martiniquaise?<\/strong><\/p>\n\n\n\n<p>DB: oui on a une id\u00e9e parce que l&rsquo;ann\u00e9e derni\u00e8re on \u00e9tait parti en Martinique pour le tournoi des quatre, on a pu voir comment la Martinique joue, c&rsquo;est une \u00e9quipe qui joue au ballon, on sait \u00e0 quoi s&rsquo;attendre. C&rsquo;est une \u00e9quipe assez solide, on doit faire le maximum pour gagner samedi.<\/p>\n\n\n\n<p><strong>TS: vous \u00eates l&rsquo;un des meilleurs joueurs \u00e9voluant dans la R1 Guadeloup\u00e9enne, que peut on esp\u00e9rer le public de vous pour ce match ? <\/strong><\/p>\n\n\n\n<p>DB: je sais que maintenant je suis attendu, je sais que tout monde veut \u00eatre exigeant avec moi, mais c&rsquo;est \u00e0 moi de me mettre au niveau, de montrer que si je suis arriv\u00e9 l\u00e0 c&rsquo;est parce que j&rsquo;ai des qualit\u00e9s , que je peux, c&rsquo;est \u00e0 moi de faire un bon match si le coach d\u00e9cide de me mettre .<\/p>\n\n\n\n<p><strong>TS: Un message pour tous les supporters Guadeloup\u00e9ens, pour tous ceux qui aiment vous voir jouer ? <\/strong><\/p>\n\n\n\n<p>DB: on attend tout le monde samedi au stade, de venir au match, de venir nous donner la force pour gagner sans eux on pourra pas.<\/p>\n\n\n\n<p>Propos recueillis par Joly JEROME<\/p>\n\n\n\n<p>TS:Total Sport <\/p>\n\n\n\n<p>DB: Dimitri BOLIVAR <\/p>\n","protected":false},"excerpt":{"rendered":"<div class=\"mh-excerpt\"><p>La s\u00e9lection Guadeloup\u00e9enne de football re\u00e7oit ce samedi 23 mars , son Homologue La Martinique au Stade RENE SERGE NABAJOTH \u00e0 compter de 20h. Un <a class=\"mh-excerpt-more\" href=\"https:\/\/total-sport.fr\/index.php\/2019\/03\/21\/foot-ldn-guadeloupe-martinique-dimitri-bolivar-je-sais-que-je-suis-attendu-cest-a-moi-de-me-mettre-au-niveau\/\" title=\"Foot -LDN -Guadeloupe -Martinique : Dimitri BOLIVAR \u00ab\u00a0Je sais que je suis attendu, c&rsquo;est \u00e0 moi de me mettre au niveau \u00ab\u00a0\">[&#8230;]<\/a><\/p>\n<\/div>","protected":false},"author":2,"featured_media":0,"comment_status":"open","ping_status":"open","sticky":false,"template":"","format":"standard","meta":{"jetpack_post_was_ever_published":false,"_jetpack_newsletter_access":"","_jetpack_dont_email_post_to_subs":false,"_jetpack_newsletter_tier_id":0,"_jetpack_memberships_contains_paywalled_content":false,"_jetpack_memberships_contains_paid_content":false,"footnotes":"","jetpack_publicize_message":"","jetpack_publicize_feature_enabled":true,"jetpack_social_post_already_shared":true,"jetpack_social_options":{"image_generator_settings":{"template":"highway","default_image_id":0,"font":"","enabled":false},"version":2}},"categories":[13],"tags":[],"class_list":["post-621","post","type-post","status-publish","format-standard","hentry","category-internationalfoot"],"yoast_head":"<!-- This site is optimized with the Yoast SEO plugin v24.9 - https:\/\/yoast.com\/wordpress\/plugins\/seo\/ -->\n<title>Foot -LDN -Guadeloupe -Martinique : Dimitri BOLIVAR &quot;Je sais que je suis attendu, c&#039;est \u00e0 moi de me mettre au niveau &quot; - Total Sports International (TSI)<\/title>\n<meta name=\"robots\" content=\"index, follow, max-snippet:-1, max-image-preview:large, max-video-preview:-1\" \/>\n<link rel=\"canonical\" href=\"https:\/\/total-sport.fr\/index.php\/2019\/03\/21\/foot-ldn-guadeloupe-martinique-dimitri-bolivar-je-sais-que-je-suis-attendu-cest-a-moi-de-me-mettre-au-niveau\/\" \/>\n<meta property=\"og:locale\" content=\"fr_FR\" \/>\n<meta property=\"og:type\" content=\"article\" \/>\n<meta property=\"og:title\" content=\"Foot -LDN -Guadeloupe -Martinique : Dimitri BOLIVAR &quot;Je sais que je suis attendu, c&#039;est \u00e0 moi de me mettre au niveau &quot; - Total Sports International (TSI)\" \/>\n<meta property=\"og:description\" content=\"La s\u00e9lection Guadeloup\u00e9enne de football re\u00e7oit ce samedi 23 mars , son Homologue La Martinique au Stade RENE SERGE NABAJOTH \u00e0 compter de 20h. Un [...]\" \/>\n<meta property=\"og:url\" content=\"https:\/\/total-sport.fr\/index.php\/2019\/03\/21\/foot-ldn-guadeloupe-martinique-dimitri-bolivar-je-sais-que-je-suis-attendu-cest-a-moi-de-me-mettre-au-niveau\/\" \/>\n<meta property=\"og:site_name\" content=\"Total Sports International (TSI)\" \/>\n<meta property=\"article:author\" content=\"https:\/\/www.facebook.com\/joly.jerometotalsport\" \/>\n<meta property=\"article:published_time\" content=\"2019-03-21T12:23:22+00:00\" \/>\n<meta property=\"article:modified_time\" content=\"2019-03-21T23:04:34+00:00\" \/>\n<meta property=\"og:image\" content=\"https:\/\/totalsportts42.files.wordpress.com\/2019\/03\/fb_img_1548018004299-354162355.jpg\" \/>\n<meta name=\"author\" content=\"Joly JEROME\" \/>\n<meta name=\"twitter:card\" content=\"summary_large_image\" \/>\n<meta name=\"twitter:creator\" content=\"@Total Sport TS\" \/>\n<meta name=\"twitter:label1\" content=\"\u00c9crit par\" \/>\n\t<meta name=\"twitter:data1\" content=\"Joly JEROME\" \/>\n\t<meta name=\"twitter:label2\" content=\"Dur\u00e9e de lecture estim\u00e9e\" \/>\n\t<meta name=\"twitter:data2\" content=\"3 minutes\" \/>\n<script type=\"application\/ld+json\" class=\"yoast-schema-graph\">{\"@context\":\"https:\/\/schema.org\",\"@graph\":[{\"@type\":\"WebPage\",\"@id\":\"https:\/\/total-sport.fr\/index.php\/2019\/03\/21\/foot-ldn-guadeloupe-martinique-dimitri-bolivar-je-sais-que-je-suis-attendu-cest-a-moi-de-me-mettre-au-niveau\/\",\"url\":\"https:\/\/total-sport.fr\/index.php\/2019\/03\/21\/foot-ldn-guadeloupe-martinique-dimitri-bolivar-je-sais-que-je-suis-attendu-cest-a-moi-de-me-mettre-au-niveau\/\",\"name\":\"Foot -LDN -Guadeloupe -Martinique : Dimitri BOLIVAR \\\"Je sais que je suis attendu, c'est \u00e0 moi de me mettre au niveau \\\" - Total Sports International (TSI)\",\"isPartOf\":{\"@id\":\"https:\/\/total-sport.fr\/#website\"},\"primaryImageOfPage\":{\"@id\":\"https:\/\/total-sport.fr\/index.php\/2019\/03\/21\/foot-ldn-guadeloupe-martinique-dimitri-bolivar-je-sais-que-je-suis-attendu-cest-a-moi-de-me-mettre-au-niveau\/#primaryimage\"},\"image\":{\"@id\":\"https:\/\/total-sport.fr\/index.php\/2019\/03\/21\/foot-ldn-guadeloupe-martinique-dimitri-bolivar-je-sais-que-je-suis-attendu-cest-a-moi-de-me-mettre-au-niveau\/#primaryimage\"},\"thumbnailUrl\":\"https:\/\/totalsportts42.files.wordpress.com\/2019\/03\/fb_img_1548018004299-354162355.jpg\",\"datePublished\":\"2019-03-21T12:23:22+00:00\",\"dateModified\":\"2019-03-21T23:04:34+00:00\",\"author\":{\"@id\":\"https:\/\/total-sport.fr\/#\/schema\/person\/f9f5599f372b747441cd5d912824aba4\"},\"breadcrumb\":{\"@id\":\"https:\/\/total-sport.fr\/index.php\/2019\/03\/21\/foot-ldn-guadeloupe-martinique-dimitri-bolivar-je-sais-que-je-suis-attendu-cest-a-moi-de-me-mettre-au-niveau\/#breadcrumb\"},\"inLanguage\":\"fr-FR\",\"potentialAction\":[{\"@type\":\"ReadAction\",\"target\":[\"https:\/\/total-sport.fr\/index.php\/2019\/03\/21\/foot-ldn-guadeloupe-martinique-dimitri-bolivar-je-sais-que-je-suis-attendu-cest-a-moi-de-me-mettre-au-niveau\/\"]}]},{\"@type\":\"ImageObject\",\"inLanguage\":\"fr-FR\",\"@id\":\"https:\/\/total-sport.fr\/index.php\/2019\/03\/21\/foot-ldn-guadeloupe-martinique-dimitri-bolivar-je-sais-que-je-suis-attendu-cest-a-moi-de-me-mettre-au-niveau\/#primaryimage\",\"url\":\"https:\/\/totalsportts42.files.wordpress.com\/2019\/03\/fb_img_1548018004299-354162355.jpg\",\"contentUrl\":\"https:\/\/totalsportts42.files.wordpress.com\/2019\/03\/fb_img_1548018004299-354162355.jpg\"},{\"@type\":\"BreadcrumbList\",\"@id\":\"https:\/\/total-sport.fr\/index.php\/2019\/03\/21\/foot-ldn-guadeloupe-martinique-dimitri-bolivar-je-sais-que-je-suis-attendu-cest-a-moi-de-me-mettre-au-niveau\/#breadcrumb\",\"itemListElement\":[{\"@type\":\"ListItem\",\"position\":1,\"name\":\"Accueil\",\"item\":\"https:\/\/total-sport.fr\/\"},{\"@type\":\"ListItem\",\"position\":2,\"name\":\"Foot -LDN -Guadeloupe -Martinique : Dimitri BOLIVAR \u00ab\u00a0Je sais que je suis attendu, c&rsquo;est \u00e0 moi de me mettre au niveau \u00ab\u00a0\"}]},{\"@type\":\"WebSite\",\"@id\":\"https:\/\/total-sport.fr\/#website\",\"url\":\"https:\/\/total-sport.fr\/\",\"name\":\"Total Sports International (TSI)\",\"description\":\"vous informer est notre priorit\u00e9, 7 jours sur 7 avec toujours le m\u00eame professionnalisme\",\"potentialAction\":[{\"@type\":\"SearchAction\",\"target\":{\"@type\":\"EntryPoint\",\"urlTemplate\":\"https:\/\/total-sport.fr\/?s={search_term_string}\"},\"query-input\":{\"@type\":\"PropertyValueSpecification\",\"valueRequired\":true,\"valueName\":\"search_term_string\"}}],\"inLanguage\":\"fr-FR\"},{\"@type\":\"Person\",\"@id\":\"https:\/\/total-sport.fr\/#\/schema\/person\/f9f5599f372b747441cd5d912824aba4\",\"name\":\"Joly JEROME\",\"image\":{\"@type\":\"ImageObject\",\"inLanguage\":\"fr-FR\",\"@id\":\"https:\/\/total-sport.fr\/#\/schema\/person\/image\/\",\"url\":\"https:\/\/secure.gravatar.com\/avatar\/33e98ca4065ab233074302dee778104df3e61a0f91ceba3d746e7e40dbe11f0d?s=96&d=mm&r=g\",\"contentUrl\":\"https:\/\/secure.gravatar.com\/avatar\/33e98ca4065ab233074302dee778104df3e61a0f91ceba3d746e7e40dbe11f0d?s=96&d=mm&r=g\",\"caption\":\"Joly JEROME\"},\"description\":\"Je suis Joly JEROME, passionn\u00e9 de la lecture et du Sport notamment le Football. Je suis Journaliste ind\u00e9pendant fougueux, s\u00e9rieux mettant ma plume \u00e0 votre service pour vous informer avec la v\u00e9rit\u00e9 comme boussole. Jolyjerome989@gmail.com \/0690 93 65 88\",\"sameAs\":[\"https:\/\/total-sport.fr\",\"https:\/\/www.facebook.com\/joly.jerometotalsport\",\"Joly_JJCA\",\"Total Sport ts\",\"https:\/\/x.com\/Total Sport TS\"],\"url\":\"https:\/\/total-sport.fr\/index.php\/author\/jolyjerome\/\"}]}<\/script>\n<!-- \/ Yoast SEO plugin. -->","yoast_head_json":{"title":"Foot -LDN -Guadeloupe -Martinique : Dimitri BOLIVAR \"Je sais que je suis attendu, c'est \u00e0 moi de me mettre au niveau \" - Total Sports International (TSI)","robots":{"index":"index","follow":"follow","max-snippet":"max-snippet:-1","max-image-preview":"max-image-preview:large","max-video-preview":"max-video-preview:-1"},"canonical":"https:\/\/total-sport.fr\/index.php\/2019\/03\/21\/foot-ldn-guadeloupe-martinique-dimitri-bolivar-je-sais-que-je-suis-attendu-cest-a-moi-de-me-mettre-au-niveau\/","og_locale":"fr_FR","og_type":"article","og_title":"Foot -LDN -Guadeloupe -Martinique : Dimitri BOLIVAR \"Je sais que je suis attendu, c'est \u00e0 moi de me mettre au niveau \" - Total Sports International (TSI)","og_description":"La s\u00e9lection Guadeloup\u00e9enne de football re\u00e7oit ce samedi 23 mars , son Homologue La Martinique au Stade RENE SERGE NABAJOTH \u00e0 compter de 20h. Un [...]","og_url":"https:\/\/total-sport.fr\/index.php\/2019\/03\/21\/foot-ldn-guadeloupe-martinique-dimitri-bolivar-je-sais-que-je-suis-attendu-cest-a-moi-de-me-mettre-au-niveau\/","og_site_name":"Total Sports International (TSI)","article_author":"https:\/\/www.facebook.com\/joly.jerometotalsport","article_published_time":"2019-03-21T12:23:22+00:00","article_modified_time":"2019-03-21T23:04:34+00:00","og_image":[{"url":"https:\/\/totalsportts42.files.wordpress.com\/2019\/03\/fb_img_1548018004299-354162355.jpg","type":"","width":"","height":""}],"author":"Joly JEROME","twitter_card":"summary_large_image","twitter_creator":"@Total Sport TS","twitter_misc":{"\u00c9crit par":"Joly JEROME","Dur\u00e9e de lecture estim\u00e9e":"3 minutes"},"schema":{"@context":"https:\/\/schema.org","@graph":[{"@type":"WebPage","@id":"https:\/\/total-sport.fr\/index.php\/2019\/03\/21\/foot-ldn-guadeloupe-martinique-dimitri-bolivar-je-sais-que-je-suis-attendu-cest-a-moi-de-me-mettre-au-niveau\/","url":"https:\/\/total-sport.fr\/index.php\/2019\/03\/21\/foot-ldn-guadeloupe-martinique-dimitri-bolivar-je-sais-que-je-suis-attendu-cest-a-moi-de-me-mettre-au-niveau\/","name":"Foot -LDN -Guadeloupe -Martinique : Dimitri BOLIVAR \"Je sais que je suis attendu, c'est \u00e0 moi de me mettre au niveau \" - Total Sports International (TSI)","isPartOf":{"@id":"https:\/\/total-sport.fr\/#website"},"primaryImageOfPage":{"@id":"https:\/\/total-sport.fr\/index.php\/2019\/03\/21\/foot-ldn-guadeloupe-martinique-dimitri-bolivar-je-sais-que-je-suis-attendu-cest-a-moi-de-me-mettre-au-niveau\/#primaryimage"},"image":{"@id":"https:\/\/total-sport.fr\/index.php\/2019\/03\/21\/foot-ldn-guadeloupe-martinique-dimitri-bolivar-je-sais-que-je-suis-attendu-cest-a-moi-de-me-mettre-au-niveau\/#primaryimage"},"thumbnailUrl":"https:\/\/totalsportts42.files.wordpress.com\/2019\/03\/fb_img_1548018004299-354162355.jpg","datePublished":"2019-03-21T12:23:22+00:00","dateModified":"2019-03-21T23:04:34+00:00","author":{"@id":"https:\/\/total-sport.fr\/#\/schema\/person\/f9f5599f372b747441cd5d912824aba4"},"breadcrumb":{"@id":"https:\/\/total-sport.fr\/index.php\/2019\/03\/21\/foot-ldn-guadeloupe-martinique-dimitri-bolivar-je-sais-que-je-suis-attendu-cest-a-moi-de-me-mettre-au-niveau\/#breadcrumb"},"inLanguage":"fr-FR","potentialAction":[{"@type":"ReadAction","target":["https:\/\/total-sport.fr\/index.php\/2019\/03\/21\/foot-ldn-guadeloupe-martinique-dimitri-bolivar-je-sais-que-je-suis-attendu-cest-a-moi-de-me-mettre-au-niveau\/"]}]},{"@type":"ImageObject","inLanguage":"fr-FR","@id":"https:\/\/total-sport.fr\/index.php\/2019\/03\/21\/foot-ldn-guadeloupe-martinique-dimitri-bolivar-je-sais-que-je-suis-attendu-cest-a-moi-de-me-mettre-au-niveau\/#primaryimage","url":"https:\/\/totalsportts42.files.wordpress.com\/2019\/03\/fb_img_1548018004299-354162355.jpg","contentUrl":"https:\/\/totalsportts42.files.wordpress.com\/2019\/03\/fb_img_1548018004299-354162355.jpg"},{"@type":"BreadcrumbList","@id":"https:\/\/total-sport.fr\/index.php\/2019\/03\/21\/foot-ldn-guadeloupe-martinique-dimitri-bolivar-je-sais-que-je-suis-attendu-cest-a-moi-de-me-mettre-au-niveau\/#breadcrumb","itemListElement":[{"@type":"ListItem","position":1,"name":"Accueil","item":"https:\/\/total-sport.fr\/"},{"@type":"ListItem","position":2,"name":"Foot -LDN -Guadeloupe -Martinique : Dimitri BOLIVAR \u00ab\u00a0Je sais que je suis attendu, c&rsquo;est \u00e0 moi de me mettre au niveau \u00ab\u00a0"}]},{"@type":"WebSite","@id":"https:\/\/total-sport.fr\/#website","url":"https:\/\/total-sport.fr\/","name":"Total Sports International (TSI)","description":"vous informer est notre priorit\u00e9, 7 jours sur 7 avec toujours le m\u00eame professionnalisme","potentialAction":[{"@type":"SearchAction","target":{"@type":"EntryPoint","urlTemplate":"https:\/\/total-sport.fr\/?s={search_term_string}"},"query-input":{"@type":"PropertyValueSpecification","valueRequired":true,"valueName":"search_term_string"}}],"inLanguage":"fr-FR"},{"@type":"Person","@id":"https:\/\/total-sport.fr\/#\/schema\/person\/f9f5599f372b747441cd5d912824aba4","name":"Joly JEROME","image":{"@type":"ImageObject","inLanguage":"fr-FR","@id":"https:\/\/total-sport.fr\/#\/schema\/person\/image\/","url":"https:\/\/secure.gravatar.com\/avatar\/33e98ca4065ab233074302dee778104df3e61a0f91ceba3d746e7e40dbe11f0d?s=96&d=mm&r=g","contentUrl":"https:\/\/secure.gravatar.com\/avatar\/33e98ca4065ab233074302dee778104df3e61a0f91ceba3d746e7e40dbe11f0d?s=96&d=mm&r=g","caption":"Joly JEROME"},"description":"Je suis Joly JEROME, passionn\u00e9 de la lecture et du Sport notamment le Football. Je suis Journaliste ind\u00e9pendant fougueux, s\u00e9rieux mettant ma plume \u00e0 votre service pour vous informer avec la v\u00e9rit\u00e9 comme boussole. Jolyjerome989@gmail.com \/0690 93 65 88","sameAs":["https:\/\/total-sport.fr","https:\/\/www.facebook.com\/joly.jerometotalsport","Joly_JJCA","Total Sport ts","https:\/\/x.com\/Total Sport TS"],"url":"https:\/\/total-sport.fr\/index.php\/author\/jolyjerome\/"}]}},"jetpack_publicize_connections":[],"jetpack_featured_media_url":"","jetpack_sharing_enabled":true,"jetpack_shortlink":"https:\/\/wp.me\/paF0J8-a1","jetpack-related-posts":[{"id":1298,"url":"https:\/\/total-sport.fr\/index.php\/2019\/07\/16\/foot-selection-premier-rassemblement-des-gwadaboys-depuis-leur-deception-face-a-la-martinique-le-23-mars-2019\/","url_meta":{"origin":621,"position":0},"title":"Foot-s\u00e9lection : Premier rassemblement des Gwadaboys depuis leur d\u00e9ception face \u00e0 la Martinique le 23 mars 2019.","author":"Joly JEROME","date":"16 juillet 2019","format":false,"excerpt":"21 joueurs sont attendus au stade Jacques PONREMY du Moule pour le premier rassemblement de la s\u00e9lection Guadeloup\u00e9enne de Football, apr\u00e8s leur derni\u00e8re d\u00e9faite face \u00e0 la Martinique le 23 mars 2019. Dans cette liste figure 5 joueurs de la GAULOISE et 4 de l'USBM. La pr\u00e9sence de Thomas GAYDU\u2026","rel":"","context":"Dans &quot;International&quot;","block_context":{"text":"International","link":"https:\/\/total-sport.fr\/index.php\/category\/internationalfoot\/"},"img":{"alt_text":"","src":"https:\/\/i0.wp.com\/total-sport.fr\/wp-content\/uploads\/2019\/07\/FB_IMG_1563320184879.jpg?fit=1200%2C801&ssl=1&resize=350%2C200","width":350,"height":200,"srcset":"https:\/\/i0.wp.com\/total-sport.fr\/wp-content\/uploads\/2019\/07\/FB_IMG_1563320184879.jpg?fit=1200%2C801&ssl=1&resize=350%2C200 1x, https:\/\/i0.wp.com\/total-sport.fr\/wp-content\/uploads\/2019\/07\/FB_IMG_1563320184879.jpg?fit=1200%2C801&ssl=1&resize=525%2C300 1.5x, https:\/\/i0.wp.com\/total-sport.fr\/wp-content\/uploads\/2019\/07\/FB_IMG_1563320184879.jpg?fit=1200%2C801&ssl=1&resize=700%2C400 2x, https:\/\/i0.wp.com\/total-sport.fr\/wp-content\/uploads\/2019\/07\/FB_IMG_1563320184879.jpg?fit=1200%2C801&ssl=1&resize=1050%2C600 3x"},"classes":[]},{"id":640,"url":"https:\/\/total-sport.fr\/index.php\/2019\/03\/24\/foot-ldn-nouvelle-deception-des-gwadaboys-face-a-la-martinique-0-1\/","url_meta":{"origin":621,"position":1},"title":"Foot-LDN: Nouvelle D\u00c9CEPTION des Gwadaboys face \u00e0 la Martinique  (0-1)","author":"Joly JEROME","date":"24 mars 2019","format":false,"excerpt":"Ce samedi 23 Mars, le stade REN\u00c9 SERGE NABAJOTH a \u00e9t\u00e9 le si\u00e8ge d'une rencontre de haute vol\u00e9e entre la Guadeloupe et la Martinique pour le compte de la 4\u00e9me journ\u00e9e de la ligue des nations zone CONCACAF . Dans un stade quasi rempli, les Gwadaboys ont mordu la poussi\u00e8re\u2026","rel":"","context":"Dans &quot;International&quot;","block_context":{"text":"International","link":"https:\/\/total-sport.fr\/index.php\/category\/internationalfoot\/"},"img":{"alt_text":"","src":"https:\/\/i0.wp.com\/total-sport.fr\/wp-content\/uploads\/2019\/03\/20190610_203844.jpg?fit=1200%2C521&ssl=1&resize=350%2C200","width":350,"height":200,"srcset":"https:\/\/i0.wp.com\/total-sport.fr\/wp-content\/uploads\/2019\/03\/20190610_203844.jpg?fit=1200%2C521&ssl=1&resize=350%2C200 1x, https:\/\/i0.wp.com\/total-sport.fr\/wp-content\/uploads\/2019\/03\/20190610_203844.jpg?fit=1200%2C521&ssl=1&resize=525%2C300 1.5x, https:\/\/i0.wp.com\/total-sport.fr\/wp-content\/uploads\/2019\/03\/20190610_203844.jpg?fit=1200%2C521&ssl=1&resize=700%2C400 2x, https:\/\/i0.wp.com\/total-sport.fr\/wp-content\/uploads\/2019\/03\/20190610_203844.jpg?fit=1200%2C521&ssl=1&resize=1050%2C600 3x"},"classes":[]},{"id":334,"url":"https:\/\/total-sport.fr\/index.php\/2019\/02\/12\/football-selection-la-guadeloupe-face-la-republique-dominicaine-en-match-amical\/","url_meta":{"origin":621,"position":2},"title":"Football &#8211; Selection: La Guadeloupe face la R\u00e9publique Dominicaine en match amical","author":"Joly JEROME","date":"12 f\u00e9vrier 2019","format":false,"excerpt":"La s\u00e9lection Guadeloup\u00e9enne de football se d\u00e9place en terre Dominicaine pour affronter la s\u00e9lection Locale en match amical international , samedi 16 f\u00e9vrier \u00e0 20h, au stade SANTIAGO LOS CABALLEROS. S\u00e9lection de Rep Dominicaine Pour ce match Amical, Le s\u00e9lectionneur des Gwada Boys, Jocelyn ANGLOMA a fait appel \u00e0 16\u2026","rel":"","context":"Dans &quot;Match amical&quot;","block_context":{"text":"Match amical","link":"https:\/\/total-sport.fr\/index.php\/category\/amical\/"},"img":{"alt_text":"","src":"","width":0,"height":0},"classes":[]},{"id":1483,"url":"https:\/\/total-sport.fr\/index.php\/2019\/09\/05\/foot-ldn-guadeloupe-vs-sint-maarten-les-gwadaboys-se-disent-prets\/","url_meta":{"origin":621,"position":3},"title":"Foot-LDN: Guadeloupe vs Sint-Maarten, les Gwadaboys se disent pr\u00eats","author":"Joly JEROME","date":"5 septembre 2019","format":false,"excerpt":"La s\u00e9lection Guadeloup\u00e9enne de football va croiser le fer ce samedi 7 septembre 2019, 17h au stade Ren\u00e9 Serge NABAJOTH, l'\u00e9quipe de Sint-Maarten dans le cadre de la premi\u00e8re journ\u00e9e de la ligue des nations de la CONCACAF. Plac\u00e9s dans la Ligue C, groupe 4, accompagn\u00e9s de Sint-Maarten et les\u2026","rel":"","context":"Dans &quot;International&quot;","block_context":{"text":"International","link":"https:\/\/total-sport.fr\/index.php\/category\/internationalfoot\/"},"img":{"alt_text":"","src":"https:\/\/i0.wp.com\/total-sport.fr\/wp-content\/uploads\/FB_IMG_1567649879000.jpg?fit=1192%2C720&ssl=1&resize=350%2C200","width":350,"height":200,"srcset":"https:\/\/i0.wp.com\/total-sport.fr\/wp-content\/uploads\/FB_IMG_1567649879000.jpg?fit=1192%2C720&ssl=1&resize=350%2C200 1x, https:\/\/i0.wp.com\/total-sport.fr\/wp-content\/uploads\/FB_IMG_1567649879000.jpg?fit=1192%2C720&ssl=1&resize=525%2C300 1.5x, https:\/\/i0.wp.com\/total-sport.fr\/wp-content\/uploads\/FB_IMG_1567649879000.jpg?fit=1192%2C720&ssl=1&resize=700%2C400 2x, https:\/\/i0.wp.com\/total-sport.fr\/wp-content\/uploads\/FB_IMG_1567649879000.jpg?fit=1192%2C720&ssl=1&resize=1050%2C600 3x"},"classes":[]},{"id":1504,"url":"https:\/\/total-sport.fr\/index.php\/2019\/09\/08\/foot-ldn-la-guadeloupe-soffre-une-manita-contre-le-sint-maarten\/","url_meta":{"origin":621,"position":4},"title":"Foot-LDN: La Guadeloupe s&rsquo;offre une MANITA contre le Sint-Maarten","author":"Joly JEROME","date":"8 septembre 2019","format":false,"excerpt":"Dans un match presqu'\u00e0 sens unique, les Gwadaboys ont dompt\u00e9 leur homologue de Sint-Maarten ce samedi sur un score Fleuve de 5-1 au stade Ren\u00e9 Serge NABAJOTH. La Guadeloupe en vert contre Sint-Maarten Les Sint-Maartenois n'ont pas fait le poid dans la Balance contre la Guadeloupe pour cette premi\u00e8re journ\u00e9e\u2026","rel":"","context":"Dans &quot;Ligue des Nations&quot;","block_context":{"text":"Ligue des Nations","link":"https:\/\/total-sport.fr\/index.php\/category\/internationalfoot\/ligue-des-nations\/"},"img":{"alt_text":"","src":"https:\/\/i0.wp.com\/total-sport.fr\/wp-content\/uploads\/20190908_070929.jpg?fit=750%2C500&ssl=1&resize=350%2C200","width":350,"height":200,"srcset":"https:\/\/i0.wp.com\/total-sport.fr\/wp-content\/uploads\/20190908_070929.jpg?fit=750%2C500&ssl=1&resize=350%2C200 1x, https:\/\/i0.wp.com\/total-sport.fr\/wp-content\/uploads\/20190908_070929.jpg?fit=750%2C500&ssl=1&resize=525%2C300 1.5x, https:\/\/i0.wp.com\/total-sport.fr\/wp-content\/uploads\/20190908_070929.jpg?fit=750%2C500&ssl=1&resize=700%2C400 2x"},"classes":[]},{"id":1065,"url":"https:\/\/total-sport.fr\/index.php\/2019\/05\/26\/foot-guadeloupe-finale-crg-saluons-les-champions-baie-mahaultiens\/","url_meta":{"origin":621,"position":5},"title":"Foot-Guadeloupe-Finale CRG : Saluons les CHAMPIONS Baie-Mahaultiens","author":"Joly JEROME","date":"26 mai 2019","format":false,"excerpt":"Dans une ambiance folle, digne d'une finale, Union Sportive Baie-Mahaultienne a remport\u00e9 la finale Coupe R\u00e9gion Guadeloupe au d\u00e9pens du CLUB SPORT de SAINT-FRAN\u00c7OIS 4-1 au stade Ren\u00e9 Serge NABAJOTH. Les Saint-Franciscains n'ont pas pu cr\u00e9er l'exploit face aux Baie-Mahaultiens, les prot\u00e9g\u00e9s de Thierry ont domin\u00e9 ceux de \u00c9RIC PLATON\u2026","rel":"","context":"Dans &quot;coupe R\u00e9gion Guadeloupe&quot;","block_context":{"text":"coupe R\u00e9gion Guadeloupe","link":"https:\/\/total-sport.fr\/index.php\/category\/coupes\/coupe-region-guadeloupe\/"},"img":{"alt_text":"","src":"https:\/\/i0.wp.com\/total-sport.fr\/wp-content\/uploads\/2019\/05\/salt_20190526_113904_328.jpg?fit=1200%2C1200&ssl=1&resize=350%2C200","width":350,"height":200,"srcset":"https:\/\/i0.wp.com\/total-sport.fr\/wp-content\/uploads\/2019\/05\/salt_20190526_113904_328.jpg?fit=1200%2C1200&ssl=1&resize=350%2C200 1x, https:\/\/i0.wp.com\/total-sport.fr\/wp-content\/uploads\/2019\/05\/salt_20190526_113904_328.jpg?fit=1200%2C1200&ssl=1&resize=525%2C300 1.5x, https:\/\/i0.wp.com\/total-sport.fr\/wp-content\/uploads\/2019\/05\/salt_20190526_113904_328.jpg?fit=1200%2C1200&ssl=1&resize=700%2C400 2x, https:\/\/i0.wp.com\/total-sport.fr\/wp-content\/uploads\/2019\/05\/salt_20190526_113904_328.jpg?fit=1200%2C1200&ssl=1&resize=1050%2C600 3x"},"classes":[]}],"jetpack_likes_enabled":true,"_links":{"self":[{"href":"https:\/\/total-sport.fr\/index.php\/wp-json\/wp\/v2\/posts\/621","targetHints":{"allow":["GET"]}}],"collection":[{"href":"https:\/\/total-sport.fr\/index.php\/wp-json\/wp\/v2\/posts"}],"about":[{"href":"https:\/\/total-sport.fr\/index.php\/wp-json\/wp\/v2\/types\/post"}],"author":[{"embeddable":true,"href":"https:\/\/total-sport.fr\/index.php\/wp-json\/wp\/v2\/users\/2"}],"replies":[{"embeddable":true,"href":"https:\/\/total-sport.fr\/index.php\/wp-json\/wp\/v2\/comments?post=621"}],"version-history":[{"count":5,"href":"https:\/\/total-sport.fr\/index.php\/wp-json\/wp\/v2\/posts\/621\/revisions"}],"predecessor-version":[{"id":626,"href":"https:\/\/total-sport.fr\/index.php\/wp-json\/wp\/v2\/posts\/621\/revisions\/626"}],"wp:attachment":[{"href":"https:\/\/total-sport.fr\/index.php\/wp-json\/wp\/v2\/media?parent=621"}],"wp:term":[{"taxonomy":"category","embeddable":true,"href":"https:\/\/total-sport.fr\/index.php\/wp-json\/wp\/v2\/categories?post=621"},{"taxonomy":"post_tag","embeddable":true,"href":"https:\/\/total-sport.fr\/index.php\/wp-json\/wp\/v2\/tags?post=621"}],"curies":[{"name":"wp","href":"https:\/\/api.w.org\/{rel}","templated":true}]}}