{"id":4618,"date":"2023-08-24T13:42:18","date_gmt":"2023-08-24T17:42:18","guid":{"rendered":"https:\/\/total-sport.fr\/?p=4618"},"modified":"2023-08-24T13:42:20","modified_gmt":"2023-08-24T17:42:20","slug":"foot-r1-retour-de-la-r1-vito","status":"publish","type":"post","link":"https:\/\/total-sport.fr\/index.php\/2023\/08\/24\/foot-r1-retour-de-la-r1-vito\/","title":{"rendered":"Foot-R1: Retour de la R1 VITO !"},"content":{"rendered":"\n<p><strong>La Ligue Guadeloup\u00e9enne de football a programm\u00e9 la premi\u00e8re journ\u00e9e de r\u00e9gionale 1 Vito pour la saison 2023-2024 ce weekend. Le Club Sportif Moulien lancera cette premi\u00e8re lev\u00e9e \u00e0 domicile vendredi contre L&rsquo;Amical Club, alors que les autres rencontres sont programm\u00e9es samedi et dimanche<\/strong>.<\/p>\n\n\n\n<p>Apr\u00e8s deux saisons de la R1 avec deux poules pour cause de COVID, le championnat va retourner \u00e0 14 clubs plus le CERFA FC \u00e9quipe invit\u00e9e, ce qui donne un total de 15 clubs pour cet exercice 2023-2024.<\/p>\n\n\n\n<p>D\u00e8s vendredi soir le CSM, l&rsquo;\u00e9quipe championne en titre de la R1 sera dans son jardin pour affronter L&rsquo;AMICAL CLUB, tandis que samedi cinq matchs sont \u00e0 l&rsquo;affiche dont quatre \u00e0 15H30 et un \u00e0 20h00 et cette premi\u00e8re  journ\u00e9e va boucler en dimanche avec la rencontre JEUNESSE EVOLUTION contre USBM \u00e0 Sainte-Anne.<\/p>\n\n\n\n<p> <strong><em>Voici le calendrier de la premi\u00e8re journ\u00e9e R1 Vito <\/em><\/strong>!<\/p>\n\n\n\n<figure class=\"wp-block-gallery has-nested-images columns-default is-cropped wp-block-gallery-1 is-layout-flex wp-block-gallery-is-layout-flex\">\n<figure class=\"wp-block-image size-large\"><img data-recalc-dims=\"1\" loading=\"lazy\" decoding=\"async\" width=\"1024\" height=\"1024\" data-attachment-id=\"4624\" data-permalink=\"https:\/\/total-sport.fr\/index.php\/2023\/08\/24\/foot-r1-retour-de-la-r1-vito\/img-20230824-wa0071\/\" data-orig-file=\"https:\/\/i0.wp.com\/total-sport.fr\/wp-content\/uploads\/IMG-20230824-WA0071.jpg?fit=1080%2C1080&amp;ssl=1\" data-orig-size=\"1080,1080\" data-comments-opened=\"1\" data-image-meta=\"{&quot;aperture&quot;:&quot;0&quot;,&quot;credit&quot;:&quot;&quot;,&quot;camera&quot;:&quot;&quot;,&quot;caption&quot;:&quot;&quot;,&quot;created_timestamp&quot;:&quot;0&quot;,&quot;copyright&quot;:&quot;&quot;,&quot;focal_length&quot;:&quot;0&quot;,&quot;iso&quot;:&quot;0&quot;,&quot;shutter_speed&quot;:&quot;0&quot;,&quot;title&quot;:&quot;&quot;,&quot;orientation&quot;:&quot;0&quot;}\" data-image-title=\"IMG-20230824-WA0071\" data-image-description=\"\" data-image-caption=\"\" data-large-file=\"https:\/\/i0.wp.com\/total-sport.fr\/wp-content\/uploads\/IMG-20230824-WA0071.jpg?fit=1024%2C1024&amp;ssl=1\" data-id=\"4624\" src=\"https:\/\/i0.wp.com\/total-sport.fr\/wp-content\/uploads\/IMG-20230824-WA0071.jpg?resize=1024%2C1024&#038;ssl=1\" alt=\"\" class=\"wp-image-4624\" srcset=\"https:\/\/i0.wp.com\/total-sport.fr\/wp-content\/uploads\/IMG-20230824-WA0071.jpg?resize=1024%2C1024&amp;ssl=1 1024w, https:\/\/i0.wp.com\/total-sport.fr\/wp-content\/uploads\/IMG-20230824-WA0071.jpg?resize=300%2C300&amp;ssl=1 300w, https:\/\/i0.wp.com\/total-sport.fr\/wp-content\/uploads\/IMG-20230824-WA0071.jpg?resize=160%2C160&amp;ssl=1 160w, https:\/\/i0.wp.com\/total-sport.fr\/wp-content\/uploads\/IMG-20230824-WA0071.jpg?resize=768%2C768&amp;ssl=1 768w, https:\/\/i0.wp.com\/total-sport.fr\/wp-content\/uploads\/IMG-20230824-WA0071.jpg?w=1080&amp;ssl=1 1080w\" sizes=\"auto, (max-width: 1000px) 100vw, 1000px\" \/><\/figure>\n<\/figure>\n\n\n\n<p><strong>CSM vs AMICAL CLUB<\/strong> :<em> <\/em><strong><em>25\/08\/2023<\/em> <\/strong>( <em>Moule, 20H30<\/em>)<\/p>\n\n\n\n<p><strong>US CAMBREfORT vs SOL SCOLAIRE<\/strong> : <strong><em>26\/08\/2023 <\/em><\/strong>(<em> Capesterre, 15H30)<\/em><\/p>\n\n\n\n<p><strong>LA GAULOISE vs LE PHARE:<\/strong> <strong><em>26\/08\/2023 <\/em><\/strong>(<em> Rivi\u00e8re des p\u00e8res, 15H30)<\/em><\/p>\n\n\n\n<p><strong>DYNAMO vs SIROCO: <strong><em>26\/08\/2023<\/em><\/strong> <\/strong>(<em> Moule, 15H30<\/em>)<\/p>\n\n\n\n<p><strong><em>SPORTING vs ETOILE M.A.L:<\/em><\/strong> <strong>26\/08\/2023<\/strong> (<em> Baie-Mahault, 15H30)<\/em><\/p>\n\n\n\n<p><strong>JUVENTUS vs AS GOSIER<\/strong> : <strong><em>26\/08\/2023 <\/em><\/strong>( <em>Sainte-Anne, 20H00<\/em>)<\/p>\n\n\n\n<p><strong>JEFC vs USBM <\/strong>:<em> <\/em><strong><em>27\/08\/2023<\/em><\/strong> (<em>Sainte-Anne, 15H30)<\/em><\/p>\n\n\n\n<p>Cr\u00e9dit Photo: <strong>LGF<\/strong><\/p>\n\n\n\n<p>  <\/p>\n","protected":false},"excerpt":{"rendered":"<div class=\"mh-excerpt\"><p>La Ligue Guadeloup\u00e9enne de football a programm\u00e9 la premi\u00e8re journ\u00e9e de r\u00e9gionale 1 Vito pour la saison 2023-2024 ce weekend. Le Club Sportif Moulien lancera <a class=\"mh-excerpt-more\" href=\"https:\/\/total-sport.fr\/index.php\/2023\/08\/24\/foot-r1-retour-de-la-r1-vito\/\" title=\"Foot-R1: Retour de la R1 VITO !\">[&#8230;]<\/a><\/p>\n<\/div>","protected":false},"author":2,"featured_media":4622,"comment_status":"open","ping_status":"open","sticky":false,"template":"","format":"standard","meta":{"jetpack_post_was_ever_published":false,"_jetpack_newsletter_access":"","_jetpack_dont_email_post_to_subs":false,"_jetpack_newsletter_tier_id":0,"_jetpack_memberships_contains_paywalled_content":false,"_jetpack_memberships_contains_paid_content":false,"footnotes":"","jetpack_publicize_message":"","jetpack_publicize_feature_enabled":true,"jetpack_social_post_already_shared":true,"jetpack_social_options":{"image_generator_settings":{"template":"highway","default_image_id":0,"font":"","enabled":false},"version":2}},"categories":[6],"tags":[],"class_list":["post-4618","post","type-post","status-publish","format-standard","has-post-thumbnail","hentry","category-r1"],"yoast_head":"<!-- This site is optimized with the Yoast SEO plugin v24.9 - https:\/\/yoast.com\/wordpress\/plugins\/seo\/ -->\n<title>Foot-R1: Retour de la R1 VITO ! - Total Sports International (TSI)<\/title>\n<meta name=\"robots\" content=\"index, follow, max-snippet:-1, max-image-preview:large, max-video-preview:-1\" \/>\n<link rel=\"canonical\" href=\"https:\/\/total-sport.fr\/index.php\/2023\/08\/24\/foot-r1-retour-de-la-r1-vito\/\" \/>\n<meta property=\"og:locale\" content=\"fr_FR\" \/>\n<meta property=\"og:type\" content=\"article\" \/>\n<meta property=\"og:title\" content=\"Foot-R1: Retour de la R1 VITO ! - Total Sports International (TSI)\" \/>\n<meta property=\"og:description\" content=\"La Ligue Guadeloup\u00e9enne de football a programm\u00e9 la premi\u00e8re journ\u00e9e de r\u00e9gionale 1 Vito pour la saison 2023-2024 ce weekend. Le Club Sportif Moulien lancera [...]\" \/>\n<meta property=\"og:url\" content=\"https:\/\/total-sport.fr\/index.php\/2023\/08\/24\/foot-r1-retour-de-la-r1-vito\/\" \/>\n<meta property=\"og:site_name\" content=\"Total Sports International (TSI)\" \/>\n<meta property=\"article:author\" content=\"https:\/\/www.facebook.com\/joly.jerometotalsport\" \/>\n<meta property=\"article:published_time\" content=\"2023-08-24T17:42:18+00:00\" \/>\n<meta property=\"article:modified_time\" content=\"2023-08-24T17:42:20+00:00\" \/>\n<meta property=\"og:image\" content=\"https:\/\/total-sport.fr\/wp-content\/uploads\/Screenshot_20230821_120750_Facebook.jpg\" \/>\n\t<meta property=\"og:image:width\" content=\"1080\" \/>\n\t<meta property=\"og:image:height\" content=\"580\" \/>\n\t<meta property=\"og:image:type\" content=\"image\/jpeg\" \/>\n<meta name=\"author\" content=\"Joly JEROME\" \/>\n<meta name=\"twitter:card\" content=\"summary_large_image\" \/>\n<meta name=\"twitter:creator\" content=\"@Total Sport TS\" \/>\n<meta name=\"twitter:label1\" content=\"\u00c9crit par\" \/>\n\t<meta name=\"twitter:data1\" content=\"Joly JEROME\" \/>\n\t<meta name=\"twitter:label2\" content=\"Dur\u00e9e de lecture estim\u00e9e\" \/>\n\t<meta name=\"twitter:data2\" content=\"2 minutes\" \/>\n<script type=\"application\/ld+json\" class=\"yoast-schema-graph\">{\"@context\":\"https:\/\/schema.org\",\"@graph\":[{\"@type\":\"WebPage\",\"@id\":\"https:\/\/total-sport.fr\/index.php\/2023\/08\/24\/foot-r1-retour-de-la-r1-vito\/\",\"url\":\"https:\/\/total-sport.fr\/index.php\/2023\/08\/24\/foot-r1-retour-de-la-r1-vito\/\",\"name\":\"Foot-R1: Retour de la R1 VITO ! - Total Sports International (TSI)\",\"isPartOf\":{\"@id\":\"https:\/\/total-sport.fr\/#website\"},\"primaryImageOfPage\":{\"@id\":\"https:\/\/total-sport.fr\/index.php\/2023\/08\/24\/foot-r1-retour-de-la-r1-vito\/#primaryimage\"},\"image\":{\"@id\":\"https:\/\/total-sport.fr\/index.php\/2023\/08\/24\/foot-r1-retour-de-la-r1-vito\/#primaryimage\"},\"thumbnailUrl\":\"https:\/\/i0.wp.com\/total-sport.fr\/wp-content\/uploads\/Screenshot_20230821_120750_Facebook.jpg?fit=1080%2C580&ssl=1\",\"datePublished\":\"2023-08-24T17:42:18+00:00\",\"dateModified\":\"2023-08-24T17:42:20+00:00\",\"author\":{\"@id\":\"https:\/\/total-sport.fr\/#\/schema\/person\/f9f5599f372b747441cd5d912824aba4\"},\"breadcrumb\":{\"@id\":\"https:\/\/total-sport.fr\/index.php\/2023\/08\/24\/foot-r1-retour-de-la-r1-vito\/#breadcrumb\"},\"inLanguage\":\"fr-FR\",\"potentialAction\":[{\"@type\":\"ReadAction\",\"target\":[\"https:\/\/total-sport.fr\/index.php\/2023\/08\/24\/foot-r1-retour-de-la-r1-vito\/\"]}]},{\"@type\":\"ImageObject\",\"inLanguage\":\"fr-FR\",\"@id\":\"https:\/\/total-sport.fr\/index.php\/2023\/08\/24\/foot-r1-retour-de-la-r1-vito\/#primaryimage\",\"url\":\"https:\/\/i0.wp.com\/total-sport.fr\/wp-content\/uploads\/Screenshot_20230821_120750_Facebook.jpg?fit=1080%2C580&ssl=1\",\"contentUrl\":\"https:\/\/i0.wp.com\/total-sport.fr\/wp-content\/uploads\/Screenshot_20230821_120750_Facebook.jpg?fit=1080%2C580&ssl=1\",\"width\":1080,\"height\":580},{\"@type\":\"BreadcrumbList\",\"@id\":\"https:\/\/total-sport.fr\/index.php\/2023\/08\/24\/foot-r1-retour-de-la-r1-vito\/#breadcrumb\",\"itemListElement\":[{\"@type\":\"ListItem\",\"position\":1,\"name\":\"Accueil\",\"item\":\"https:\/\/total-sport.fr\/\"},{\"@type\":\"ListItem\",\"position\":2,\"name\":\"Foot-R1: Retour de la R1 VITO !\"}]},{\"@type\":\"WebSite\",\"@id\":\"https:\/\/total-sport.fr\/#website\",\"url\":\"https:\/\/total-sport.fr\/\",\"name\":\"Total Sports International (TSI)\",\"description\":\"vous informer est notre priorit\u00e9, 7 jours sur 7 avec toujours le m\u00eame professionnalisme\",\"potentialAction\":[{\"@type\":\"SearchAction\",\"target\":{\"@type\":\"EntryPoint\",\"urlTemplate\":\"https:\/\/total-sport.fr\/?s={search_term_string}\"},\"query-input\":{\"@type\":\"PropertyValueSpecification\",\"valueRequired\":true,\"valueName\":\"search_term_string\"}}],\"inLanguage\":\"fr-FR\"},{\"@type\":\"Person\",\"@id\":\"https:\/\/total-sport.fr\/#\/schema\/person\/f9f5599f372b747441cd5d912824aba4\",\"name\":\"Joly JEROME\",\"image\":{\"@type\":\"ImageObject\",\"inLanguage\":\"fr-FR\",\"@id\":\"https:\/\/total-sport.fr\/#\/schema\/person\/image\/\",\"url\":\"https:\/\/secure.gravatar.com\/avatar\/33e98ca4065ab233074302dee778104df3e61a0f91ceba3d746e7e40dbe11f0d?s=96&d=mm&r=g\",\"contentUrl\":\"https:\/\/secure.gravatar.com\/avatar\/33e98ca4065ab233074302dee778104df3e61a0f91ceba3d746e7e40dbe11f0d?s=96&d=mm&r=g\",\"caption\":\"Joly JEROME\"},\"description\":\"Je suis Joly JEROME, passionn\u00e9 de la lecture et du Sport notamment le Football. Je suis Journaliste ind\u00e9pendant fougueux, s\u00e9rieux mettant ma plume \u00e0 votre service pour vous informer avec la v\u00e9rit\u00e9 comme boussole. Jolyjerome989@gmail.com \/0690 93 65 88\",\"sameAs\":[\"https:\/\/total-sport.fr\",\"https:\/\/www.facebook.com\/joly.jerometotalsport\",\"Joly_JJCA\",\"Total Sport ts\",\"https:\/\/x.com\/Total Sport TS\"],\"url\":\"https:\/\/total-sport.fr\/index.php\/author\/jolyjerome\/\"}]}<\/script>\n<!-- \/ Yoast SEO plugin. -->","yoast_head_json":{"title":"Foot-R1: Retour de la R1 VITO ! - Total Sports International (TSI)","robots":{"index":"index","follow":"follow","max-snippet":"max-snippet:-1","max-image-preview":"max-image-preview:large","max-video-preview":"max-video-preview:-1"},"canonical":"https:\/\/total-sport.fr\/index.php\/2023\/08\/24\/foot-r1-retour-de-la-r1-vito\/","og_locale":"fr_FR","og_type":"article","og_title":"Foot-R1: Retour de la R1 VITO ! - Total Sports International (TSI)","og_description":"La Ligue Guadeloup\u00e9enne de football a programm\u00e9 la premi\u00e8re journ\u00e9e de r\u00e9gionale 1 Vito pour la saison 2023-2024 ce weekend. Le Club Sportif Moulien lancera [...]","og_url":"https:\/\/total-sport.fr\/index.php\/2023\/08\/24\/foot-r1-retour-de-la-r1-vito\/","og_site_name":"Total Sports International (TSI)","article_author":"https:\/\/www.facebook.com\/joly.jerometotalsport","article_published_time":"2023-08-24T17:42:18+00:00","article_modified_time":"2023-08-24T17:42:20+00:00","og_image":[{"width":1080,"height":580,"url":"https:\/\/total-sport.fr\/wp-content\/uploads\/Screenshot_20230821_120750_Facebook.jpg","type":"image\/jpeg"}],"author":"Joly JEROME","twitter_card":"summary_large_image","twitter_creator":"@Total Sport TS","twitter_misc":{"\u00c9crit par":"Joly JEROME","Dur\u00e9e de lecture estim\u00e9e":"2 minutes"},"schema":{"@context":"https:\/\/schema.org","@graph":[{"@type":"WebPage","@id":"https:\/\/total-sport.fr\/index.php\/2023\/08\/24\/foot-r1-retour-de-la-r1-vito\/","url":"https:\/\/total-sport.fr\/index.php\/2023\/08\/24\/foot-r1-retour-de-la-r1-vito\/","name":"Foot-R1: Retour de la R1 VITO ! - Total Sports International (TSI)","isPartOf":{"@id":"https:\/\/total-sport.fr\/#website"},"primaryImageOfPage":{"@id":"https:\/\/total-sport.fr\/index.php\/2023\/08\/24\/foot-r1-retour-de-la-r1-vito\/#primaryimage"},"image":{"@id":"https:\/\/total-sport.fr\/index.php\/2023\/08\/24\/foot-r1-retour-de-la-r1-vito\/#primaryimage"},"thumbnailUrl":"https:\/\/i0.wp.com\/total-sport.fr\/wp-content\/uploads\/Screenshot_20230821_120750_Facebook.jpg?fit=1080%2C580&ssl=1","datePublished":"2023-08-24T17:42:18+00:00","dateModified":"2023-08-24T17:42:20+00:00","author":{"@id":"https:\/\/total-sport.fr\/#\/schema\/person\/f9f5599f372b747441cd5d912824aba4"},"breadcrumb":{"@id":"https:\/\/total-sport.fr\/index.php\/2023\/08\/24\/foot-r1-retour-de-la-r1-vito\/#breadcrumb"},"inLanguage":"fr-FR","potentialAction":[{"@type":"ReadAction","target":["https:\/\/total-sport.fr\/index.php\/2023\/08\/24\/foot-r1-retour-de-la-r1-vito\/"]}]},{"@type":"ImageObject","inLanguage":"fr-FR","@id":"https:\/\/total-sport.fr\/index.php\/2023\/08\/24\/foot-r1-retour-de-la-r1-vito\/#primaryimage","url":"https:\/\/i0.wp.com\/total-sport.fr\/wp-content\/uploads\/Screenshot_20230821_120750_Facebook.jpg?fit=1080%2C580&ssl=1","contentUrl":"https:\/\/i0.wp.com\/total-sport.fr\/wp-content\/uploads\/Screenshot_20230821_120750_Facebook.jpg?fit=1080%2C580&ssl=1","width":1080,"height":580},{"@type":"BreadcrumbList","@id":"https:\/\/total-sport.fr\/index.php\/2023\/08\/24\/foot-r1-retour-de-la-r1-vito\/#breadcrumb","itemListElement":[{"@type":"ListItem","position":1,"name":"Accueil","item":"https:\/\/total-sport.fr\/"},{"@type":"ListItem","position":2,"name":"Foot-R1: Retour de la R1 VITO !"}]},{"@type":"WebSite","@id":"https:\/\/total-sport.fr\/#website","url":"https:\/\/total-sport.fr\/","name":"Total Sports International (TSI)","description":"vous informer est notre priorit\u00e9, 7 jours sur 7 avec toujours le m\u00eame professionnalisme","potentialAction":[{"@type":"SearchAction","target":{"@type":"EntryPoint","urlTemplate":"https:\/\/total-sport.fr\/?s={search_term_string}"},"query-input":{"@type":"PropertyValueSpecification","valueRequired":true,"valueName":"search_term_string"}}],"inLanguage":"fr-FR"},{"@type":"Person","@id":"https:\/\/total-sport.fr\/#\/schema\/person\/f9f5599f372b747441cd5d912824aba4","name":"Joly JEROME","image":{"@type":"ImageObject","inLanguage":"fr-FR","@id":"https:\/\/total-sport.fr\/#\/schema\/person\/image\/","url":"https:\/\/secure.gravatar.com\/avatar\/33e98ca4065ab233074302dee778104df3e61a0f91ceba3d746e7e40dbe11f0d?s=96&d=mm&r=g","contentUrl":"https:\/\/secure.gravatar.com\/avatar\/33e98ca4065ab233074302dee778104df3e61a0f91ceba3d746e7e40dbe11f0d?s=96&d=mm&r=g","caption":"Joly JEROME"},"description":"Je suis Joly JEROME, passionn\u00e9 de la lecture et du Sport notamment le Football. Je suis Journaliste ind\u00e9pendant fougueux, s\u00e9rieux mettant ma plume \u00e0 votre service pour vous informer avec la v\u00e9rit\u00e9 comme boussole. Jolyjerome989@gmail.com \/0690 93 65 88","sameAs":["https:\/\/total-sport.fr","https:\/\/www.facebook.com\/joly.jerometotalsport","Joly_JJCA","Total Sport ts","https:\/\/x.com\/Total Sport TS"],"url":"https:\/\/total-sport.fr\/index.php\/author\/jolyjerome\/"}]}},"jetpack_publicize_connections":[],"jetpack_featured_media_url":"https:\/\/i0.wp.com\/total-sport.fr\/wp-content\/uploads\/Screenshot_20230821_120750_Facebook.jpg?fit=1080%2C580&ssl=1","jetpack_sharing_enabled":true,"jetpack_shortlink":"https:\/\/wp.me\/paF0J8-1cu","jetpack-related-posts":[{"id":4089,"url":"https:\/\/total-sport.fr\/index.php\/2022\/03\/31\/foot-r1-programmation-de-la-13eme-journee-r1-vito\/","url_meta":{"origin":4618,"position":0},"title":"Foot-R1: Programmation de la 13\u00e8me journ\u00e9e R1 Vito","author":"Joly JEROME","date":"31 mars 2022","format":false,"excerpt":"D\u00e8s vendredi soir, la r\u00e9gionale 1 Vito d\u00e9butera avec un duel entre le Sporting Club et la Gauloise de Basse-Terre dans le groupe A. Au total 10 matchs sont \u00e0 l'affiche pour le compte de cette 13\u00e8me lev\u00e9e de la R1 Vito dans la poule A, Le PHARE re\u00e7oit l'AMICAL\u2026","rel":"","context":"Dans &quot;R1&quot;","block_context":{"text":"R1","link":"https:\/\/total-sport.fr\/index.php\/category\/r1\/"},"img":{"alt_text":"","src":"https:\/\/i0.wp.com\/total-sport.fr\/wp-content\/uploads\/IMG-20220228-WA0082.jpg?fit=1200%2C800&ssl=1&resize=350%2C200","width":350,"height":200,"srcset":"https:\/\/i0.wp.com\/total-sport.fr\/wp-content\/uploads\/IMG-20220228-WA0082.jpg?fit=1200%2C800&ssl=1&resize=350%2C200 1x, https:\/\/i0.wp.com\/total-sport.fr\/wp-content\/uploads\/IMG-20220228-WA0082.jpg?fit=1200%2C800&ssl=1&resize=525%2C300 1.5x, https:\/\/i0.wp.com\/total-sport.fr\/wp-content\/uploads\/IMG-20220228-WA0082.jpg?fit=1200%2C800&ssl=1&resize=700%2C400 2x, https:\/\/i0.wp.com\/total-sport.fr\/wp-content\/uploads\/IMG-20220228-WA0082.jpg?fit=1200%2C800&ssl=1&resize=1050%2C600 3x"},"classes":[]},{"id":3957,"url":"https:\/\/total-sport.fr\/index.php\/2022\/01\/06\/foot-r1-huit-mois-apres-la-regionale-1-vito-au-programme-ce-weekend\/","url_meta":{"origin":4618,"position":1},"title":"Foot-R1: Huit (8) mois apr\u00e8s, la R\u00e9gionale 1 Vito au programme ce weekend!","author":"Joly JEROME","date":"6 janvier 2022","format":false,"excerpt":"Stade Jacques PONREMY, CSM vs PHARE. Photo: LGF","rel":"","context":"Dans &quot;R1&quot;","block_context":{"text":"R1","link":"https:\/\/total-sport.fr\/index.php\/category\/r1\/"},"img":{"alt_text":"Premi\u00e8re journ\u00e9e R1 Vito Guadeloupe Joly JEROME","src":"https:\/\/i0.wp.com\/total-sport.fr\/wp-content\/uploads\/iss.jpg?fit=1200%2C800&ssl=1&resize=350%2C200","width":350,"height":200,"srcset":"https:\/\/i0.wp.com\/total-sport.fr\/wp-content\/uploads\/iss.jpg?fit=1200%2C800&ssl=1&resize=350%2C200 1x, https:\/\/i0.wp.com\/total-sport.fr\/wp-content\/uploads\/iss.jpg?fit=1200%2C800&ssl=1&resize=525%2C300 1.5x, https:\/\/i0.wp.com\/total-sport.fr\/wp-content\/uploads\/iss.jpg?fit=1200%2C800&ssl=1&resize=700%2C400 2x, https:\/\/i0.wp.com\/total-sport.fr\/wp-content\/uploads\/iss.jpg?fit=1200%2C800&ssl=1&resize=1050%2C600 3x"},"classes":[]},{"id":4033,"url":"https:\/\/total-sport.fr\/index.php\/2022\/01\/21\/foot-j3-r1-as-gosier-vs-csm-le-choc-de-la-3eme-journee-r1-vito\/","url_meta":{"origin":4618,"position":2},"title":"Foot-J3-R1: AS GOSIER vs CSM, le choc de la 3\u00e8me journ\u00e9e R1 Vito!","author":"Joly JEROME","date":"21 janvier 2022","format":false,"excerpt":"Pr\u00e9parez vous \u00e0 suivre un samedi apr\u00e8s midi de football ! Huit (8) rencontres sont \u00e0 l'affiche pour le compte de cette troisi\u00e8me lev\u00e9e de la r\u00e9gionale 1 Vito ce samedi. AS GOSIER et le CSM ont rendez vous au stade valette de Sainte-Anne pour le choc de la journ\u00e9e,\u2026","rel":"","context":"Dans &quot;R1&quot;","block_context":{"text":"R1","link":"https:\/\/total-sport.fr\/index.php\/category\/r1\/"},"img":{"alt_text":"3eme journ\u00e9e R1","src":"https:\/\/i0.wp.com\/total-sport.fr\/wp-content\/uploads\/mickarichard.jpg?fit=720%2C480&ssl=1&resize=350%2C200","width":350,"height":200,"srcset":"https:\/\/i0.wp.com\/total-sport.fr\/wp-content\/uploads\/mickarichard.jpg?fit=720%2C480&ssl=1&resize=350%2C200 1x, https:\/\/i0.wp.com\/total-sport.fr\/wp-content\/uploads\/mickarichard.jpg?fit=720%2C480&ssl=1&resize=525%2C300 1.5x, https:\/\/i0.wp.com\/total-sport.fr\/wp-content\/uploads\/mickarichard.jpg?fit=720%2C480&ssl=1&resize=700%2C400 2x"},"classes":[]},{"id":4292,"url":"https:\/\/total-sport.fr\/index.php\/2022\/10\/06\/foot-r1-vito-jefc-sporting-etoile-ss-toutes-les-affiches-de-4eme-journee-r1\/","url_meta":{"origin":4618,"position":3},"title":"Foot-R1 Vito: JEFC-SPORTING, \u00c9TOILE-SS, toutes les affiches de 4\u00e8me journ\u00e9e R1!","author":"Joly JEROME","date":"6 octobre 2022","format":false,"excerpt":"Jonathan GAMBY le leader d'attaque de L'\u00c9TOILE accompagn\u00e9 d'un de ses co\u00e9quipiers.","rel":"","context":"Dans &quot;R1&quot;","block_context":{"text":"R1","link":"https:\/\/total-sport.fr\/index.php\/category\/r1\/"},"img":{"alt_text":"","src":"https:\/\/i0.wp.com\/total-sport.fr\/wp-content\/uploads\/IMG-20221005-WA0103.jpg?fit=1200%2C791&ssl=1&resize=350%2C200","width":350,"height":200,"srcset":"https:\/\/i0.wp.com\/total-sport.fr\/wp-content\/uploads\/IMG-20221005-WA0103.jpg?fit=1200%2C791&ssl=1&resize=350%2C200 1x, https:\/\/i0.wp.com\/total-sport.fr\/wp-content\/uploads\/IMG-20221005-WA0103.jpg?fit=1200%2C791&ssl=1&resize=525%2C300 1.5x, https:\/\/i0.wp.com\/total-sport.fr\/wp-content\/uploads\/IMG-20221005-WA0103.jpg?fit=1200%2C791&ssl=1&resize=700%2C400 2x, https:\/\/i0.wp.com\/total-sport.fr\/wp-content\/uploads\/IMG-20221005-WA0103.jpg?fit=1200%2C791&ssl=1&resize=1050%2C600 3x"},"classes":[]},{"id":4708,"url":"https:\/\/total-sport.fr\/index.php\/2024\/03\/14\/foot-r1-guadeloupe-sporting-csm-un-duel-decisif-pour-le-titre\/","url_meta":{"origin":4618,"position":4},"title":"Foot-R1-Guadeloupe: SPORTING-CSM, un duel d\u00e9cisif pour le titre ?","author":"Joly JEROME","date":"14 mars 2024","format":false,"excerpt":"Le Sporting Club leader de la R\u00e9gionale 1 avec un match de plus que son futur adversaire, affronte le troisi\u00e8me, le Club Sportif Moulien, ce samedi \u00e0 15h30 au stade Fiesque Duchesne \u00e0 Baie-mahault dans le cadre de la 22\u00e8me journ\u00e9e de la R\u00e9gionale 1 Vito. Un match d\u00e9cisif dans\u2026","rel":"","context":"Dans &quot;R1&quot;","block_context":{"text":"R1","link":"https:\/\/total-sport.fr\/index.php\/category\/r1\/"},"img":{"alt_text":"","src":"https:\/\/i0.wp.com\/total-sport.fr\/wp-content\/uploads\/Screenshot_20240314_072343_Facebook.jpg?fit=1080%2C533&ssl=1&resize=350%2C200","width":350,"height":200,"srcset":"https:\/\/i0.wp.com\/total-sport.fr\/wp-content\/uploads\/Screenshot_20240314_072343_Facebook.jpg?fit=1080%2C533&ssl=1&resize=350%2C200 1x, https:\/\/i0.wp.com\/total-sport.fr\/wp-content\/uploads\/Screenshot_20240314_072343_Facebook.jpg?fit=1080%2C533&ssl=1&resize=525%2C300 1.5x, https:\/\/i0.wp.com\/total-sport.fr\/wp-content\/uploads\/Screenshot_20240314_072343_Facebook.jpg?fit=1080%2C533&ssl=1&resize=700%2C400 2x, https:\/\/i0.wp.com\/total-sport.fr\/wp-content\/uploads\/Screenshot_20240314_072343_Facebook.jpg?fit=1080%2C533&ssl=1&resize=1050%2C600 3x"},"classes":[]},{"id":4110,"url":"https:\/\/total-sport.fr\/index.php\/2022\/05\/19\/foot-r1-vito-la-18eme-journee-r1-vito-decisive-pour-les-play-off-et-play-down\/","url_meta":{"origin":4618,"position":5},"title":"Foot-R1 Vito: La 18\u00e8me journ\u00e9e R1 Vito d\u00e9cisive pour les PLAY OFF et PLAY DOWN","author":"Joly JEROME","date":"19 mai 2022","format":false,"excerpt":"Pr\u00e9parez vous \u00e0 vivre un samedi apr\u00e8s midi d\u00e9cisif en R1 Vito. Si la sentence est d\u00e9j\u00e0 prononc\u00e9e au bas du tableau dans la poule B avec la rel\u00e9gation du RACING CLUB en R2 (en attendant l'officialisation de la LGF), le CAM et L'USR en Play down; au haut du\u2026","rel":"","context":"Dans &quot;R1&quot;","block_context":{"text":"R1","link":"https:\/\/total-sport.fr\/index.php\/category\/r1\/"},"img":{"alt_text":"","src":"https:\/\/i0.wp.com\/total-sport.fr\/wp-content\/uploads\/IMG-20220518-WA0095-1.jpg?fit=940%2C529&ssl=1&resize=350%2C200","width":350,"height":200,"srcset":"https:\/\/i0.wp.com\/total-sport.fr\/wp-content\/uploads\/IMG-20220518-WA0095-1.jpg?fit=940%2C529&ssl=1&resize=350%2C200 1x, https:\/\/i0.wp.com\/total-sport.fr\/wp-content\/uploads\/IMG-20220518-WA0095-1.jpg?fit=940%2C529&ssl=1&resize=525%2C300 1.5x, https:\/\/i0.wp.com\/total-sport.fr\/wp-content\/uploads\/IMG-20220518-WA0095-1.jpg?fit=940%2C529&ssl=1&resize=700%2C400 2x"},"classes":[]}],"jetpack_likes_enabled":true,"_links":{"self":[{"href":"https:\/\/total-sport.fr\/index.php\/wp-json\/wp\/v2\/posts\/4618","targetHints":{"allow":["GET"]}}],"collection":[{"href":"https:\/\/total-sport.fr\/index.php\/wp-json\/wp\/v2\/posts"}],"about":[{"href":"https:\/\/total-sport.fr\/index.php\/wp-json\/wp\/v2\/types\/post"}],"author":[{"embeddable":true,"href":"https:\/\/total-sport.fr\/index.php\/wp-json\/wp\/v2\/users\/2"}],"replies":[{"embeddable":true,"href":"https:\/\/total-sport.fr\/index.php\/wp-json\/wp\/v2\/comments?post=4618"}],"version-history":[{"count":6,"href":"https:\/\/total-sport.fr\/index.php\/wp-json\/wp\/v2\/posts\/4618\/revisions"}],"predecessor-version":[{"id":4627,"href":"https:\/\/total-sport.fr\/index.php\/wp-json\/wp\/v2\/posts\/4618\/revisions\/4627"}],"wp:featuredmedia":[{"embeddable":true,"href":"https:\/\/total-sport.fr\/index.php\/wp-json\/wp\/v2\/media\/4622"}],"wp:attachment":[{"href":"https:\/\/total-sport.fr\/index.php\/wp-json\/wp\/v2\/media?parent=4618"}],"wp:term":[{"taxonomy":"category","embeddable":true,"href":"https:\/\/total-sport.fr\/index.php\/wp-json\/wp\/v2\/categories?post=4618"},{"taxonomy":"post_tag","embeddable":true,"href":"https:\/\/total-sport.fr\/index.php\/wp-json\/wp\/v2\/tags?post=4618"}],"curies":[{"name":"wp","href":"https:\/\/api.w.org\/{rel}","templated":true}]}}