{"id":4613,"date":"2023-08-22T23:57:11","date_gmt":"2023-08-23T03:57:11","guid":{"rendered":"https:\/\/total-sport.fr\/?p=4613"},"modified":"2023-08-22T23:57:14","modified_gmt":"2023-08-23T03:57:14","slug":"ldn-marc-collat-devoile-la-liste-des-matinino","status":"publish","type":"post","link":"https:\/\/total-sport.fr\/index.php\/2023\/08\/22\/ldn-marc-collat-devoile-la-liste-des-matinino\/","title":{"rendered":"LDN: Marc Collat d\u00e9voile la liste des Matinino !"},"content":{"rendered":"\n<p><strong>Le s\u00e9lectionneur de la Martinique, Marc Collat a communiqu\u00e9 ce mardi 22 ao\u00fbt une liste de 20 joueurs retenus pour affronter Le Panama et Cura\u00e7ao respectivement le 7 et 10 septembre en ligue des nations de la Concacaf.<\/strong><\/p>\n\n\n\n<p>Dix joueurs de la R1 font partie de cette liste, par ailleurs le Golden Lion est bien repr\u00e9sent\u00e9 avec quatre joueurs.<\/p>\n\n\n\n<p><strong>Voici l a liste des 20 Matinino :<\/strong><\/p>\n\n\n\n<p><strong>Gardiens<\/strong><br>Yannis Cl\u00e9mentia (SM Caen)<\/p>\n\n\n\n<p>Th\u00e9o De Percin (AJ Auxerre)<\/p>\n\n\n\n<p>Emmanuel Vermignon (Club Colonial)<\/p>\n\n\n\n<p><strong>D\u00e9fenseurs<\/strong><br>Boris Moltenis (SC Austria Lustenau)<\/p>\n\n\n\n<p>J\u00e9r\u00e9my Corinus (Othellos Athienou FC)<\/p>\n\n\n\n<p>Florent Poulolo (FK Mlada Boleslav)<\/p>\n\n\n\n<p>Lucas Larade (FK Jerv)<\/p>\n\n\n\n<p>Davy Singama (Golden Lion)<\/p>\n\n\n\n<p>Evan Salines (Golden Lion)<\/p>\n\n\n\n<p>Ambroise F\u00e9licitet (Aiglon)<\/p>\n\n\n\n<p><strong>Milieux<\/strong><br>Daniel H\u00e9relle (Samaritaine)<\/p>\n\n\n\n<p>Cyril Mandouki (Paris FC)<\/p>\n\n\n\n<p>Norman Grelet (Golden Lion)<\/p>\n\n\n\n<p>Carlo Rabathaly (US Diamantinoise)<\/p>\n\n\n\n<p><strong>Attaquants<\/strong><br>Andy Marny (Club Colonial)<\/p>\n\n\n\n<p>Micka\u00ebl Biron (RWD Molenbeek)<\/p>\n\n\n\n<p>Brighton Labeau (FC Lausanne-Sport)<\/p>\n\n\n\n<p>Enrick Reupern\u00e9 (RC Saint-Joseph)<\/p>\n\n\n\n<p>Gabriel Bilon (Golden Star)<\/p>\n\n\n\n<p>Karl Fabien (Angoul\u00eame Charente FC)<\/p>\n\n\n\n<p>Par: <strong>Ralph Lourdy P\u00e9ricl\u00e8s <\/strong><\/p>\n\n\n\n<p>photo: LMF<\/p>\n","protected":false},"excerpt":{"rendered":"<div class=\"mh-excerpt\"><p>Le s\u00e9lectionneur de la Martinique, Marc Collat a communiqu\u00e9 ce mardi 22 ao\u00fbt une liste de 20 joueurs retenus pour affronter Le Panama et Cura\u00e7ao <a class=\"mh-excerpt-more\" href=\"https:\/\/total-sport.fr\/index.php\/2023\/08\/22\/ldn-marc-collat-devoile-la-liste-des-matinino\/\" title=\"LDN: Marc Collat d\u00e9voile la liste des Matinino !\">[&#8230;]<\/a><\/p>\n<\/div>","protected":false},"author":2,"featured_media":4614,"comment_status":"open","ping_status":"open","sticky":false,"template":"","format":"standard","meta":{"jetpack_post_was_ever_published":false,"_jetpack_newsletter_access":"","_jetpack_dont_email_post_to_subs":false,"_jetpack_newsletter_tier_id":0,"_jetpack_memberships_contains_paywalled_content":false,"_jetpack_memberships_contains_paid_content":false,"footnotes":"","jetpack_publicize_message":"","jetpack_publicize_feature_enabled":true,"jetpack_social_post_already_shared":true,"jetpack_social_options":{"image_generator_settings":{"template":"highway","default_image_id":0,"font":"","enabled":false},"version":2}},"categories":[13,21],"tags":[],"class_list":["post-4613","post","type-post","status-publish","format-standard","has-post-thumbnail","hentry","category-internationalfoot","category-ligue-des-nations"],"yoast_head":"<!-- This site is optimized with the Yoast SEO plugin v24.9 - https:\/\/yoast.com\/wordpress\/plugins\/seo\/ -->\n<title>LDN: Marc Collat d\u00e9voile la liste des Matinino ! - Total Sports International (TSI)<\/title>\n<meta name=\"robots\" content=\"index, follow, max-snippet:-1, max-image-preview:large, max-video-preview:-1\" \/>\n<link rel=\"canonical\" href=\"https:\/\/total-sport.fr\/index.php\/2023\/08\/22\/ldn-marc-collat-devoile-la-liste-des-matinino\/\" \/>\n<meta property=\"og:locale\" content=\"fr_FR\" \/>\n<meta property=\"og:type\" content=\"article\" \/>\n<meta property=\"og:title\" content=\"LDN: Marc Collat d\u00e9voile la liste des Matinino ! - Total Sports International (TSI)\" \/>\n<meta property=\"og:description\" content=\"Le s\u00e9lectionneur de la Martinique, Marc Collat a communiqu\u00e9 ce mardi 22 ao\u00fbt une liste de 20 joueurs retenus pour affronter Le Panama et Cura\u00e7ao [...]\" \/>\n<meta property=\"og:url\" content=\"https:\/\/total-sport.fr\/index.php\/2023\/08\/22\/ldn-marc-collat-devoile-la-liste-des-matinino\/\" \/>\n<meta property=\"og:site_name\" content=\"Total Sports International (TSI)\" \/>\n<meta property=\"article:author\" content=\"https:\/\/www.facebook.com\/joly.jerometotalsport\" \/>\n<meta property=\"article:published_time\" content=\"2023-08-23T03:57:11+00:00\" \/>\n<meta property=\"article:modified_time\" content=\"2023-08-23T03:57:14+00:00\" \/>\n<meta property=\"og:image\" content=\"https:\/\/total-sport.fr\/wp-content\/uploads\/Screenshot_20230822_235046_Facebook.jpg\" \/>\n\t<meta property=\"og:image:width\" content=\"1080\" \/>\n\t<meta property=\"og:image:height\" content=\"542\" \/>\n\t<meta property=\"og:image:type\" content=\"image\/jpeg\" \/>\n<meta name=\"author\" content=\"Joly JEROME\" \/>\n<meta name=\"twitter:card\" content=\"summary_large_image\" \/>\n<meta name=\"twitter:creator\" content=\"@Total Sport TS\" \/>\n<meta name=\"twitter:label1\" content=\"\u00c9crit par\" \/>\n\t<meta name=\"twitter:data1\" content=\"Joly JEROME\" \/>\n\t<meta name=\"twitter:label2\" content=\"Dur\u00e9e de lecture estim\u00e9e\" \/>\n\t<meta name=\"twitter:data2\" content=\"1 minute\" \/>\n<script type=\"application\/ld+json\" class=\"yoast-schema-graph\">{\"@context\":\"https:\/\/schema.org\",\"@graph\":[{\"@type\":\"WebPage\",\"@id\":\"https:\/\/total-sport.fr\/index.php\/2023\/08\/22\/ldn-marc-collat-devoile-la-liste-des-matinino\/\",\"url\":\"https:\/\/total-sport.fr\/index.php\/2023\/08\/22\/ldn-marc-collat-devoile-la-liste-des-matinino\/\",\"name\":\"LDN: Marc Collat d\u00e9voile la liste des Matinino ! - Total Sports International (TSI)\",\"isPartOf\":{\"@id\":\"https:\/\/total-sport.fr\/#website\"},\"primaryImageOfPage\":{\"@id\":\"https:\/\/total-sport.fr\/index.php\/2023\/08\/22\/ldn-marc-collat-devoile-la-liste-des-matinino\/#primaryimage\"},\"image\":{\"@id\":\"https:\/\/total-sport.fr\/index.php\/2023\/08\/22\/ldn-marc-collat-devoile-la-liste-des-matinino\/#primaryimage\"},\"thumbnailUrl\":\"https:\/\/i0.wp.com\/total-sport.fr\/wp-content\/uploads\/Screenshot_20230822_235046_Facebook.jpg?fit=1080%2C542&ssl=1\",\"datePublished\":\"2023-08-23T03:57:11+00:00\",\"dateModified\":\"2023-08-23T03:57:14+00:00\",\"author\":{\"@id\":\"https:\/\/total-sport.fr\/#\/schema\/person\/f9f5599f372b747441cd5d912824aba4\"},\"breadcrumb\":{\"@id\":\"https:\/\/total-sport.fr\/index.php\/2023\/08\/22\/ldn-marc-collat-devoile-la-liste-des-matinino\/#breadcrumb\"},\"inLanguage\":\"fr-FR\",\"potentialAction\":[{\"@type\":\"ReadAction\",\"target\":[\"https:\/\/total-sport.fr\/index.php\/2023\/08\/22\/ldn-marc-collat-devoile-la-liste-des-matinino\/\"]}]},{\"@type\":\"ImageObject\",\"inLanguage\":\"fr-FR\",\"@id\":\"https:\/\/total-sport.fr\/index.php\/2023\/08\/22\/ldn-marc-collat-devoile-la-liste-des-matinino\/#primaryimage\",\"url\":\"https:\/\/i0.wp.com\/total-sport.fr\/wp-content\/uploads\/Screenshot_20230822_235046_Facebook.jpg?fit=1080%2C542&ssl=1\",\"contentUrl\":\"https:\/\/i0.wp.com\/total-sport.fr\/wp-content\/uploads\/Screenshot_20230822_235046_Facebook.jpg?fit=1080%2C542&ssl=1\",\"width\":1080,\"height\":542},{\"@type\":\"BreadcrumbList\",\"@id\":\"https:\/\/total-sport.fr\/index.php\/2023\/08\/22\/ldn-marc-collat-devoile-la-liste-des-matinino\/#breadcrumb\",\"itemListElement\":[{\"@type\":\"ListItem\",\"position\":1,\"name\":\"Accueil\",\"item\":\"https:\/\/total-sport.fr\/\"},{\"@type\":\"ListItem\",\"position\":2,\"name\":\"LDN: Marc Collat d\u00e9voile la liste des Matinino !\"}]},{\"@type\":\"WebSite\",\"@id\":\"https:\/\/total-sport.fr\/#website\",\"url\":\"https:\/\/total-sport.fr\/\",\"name\":\"Total Sports International (TSI)\",\"description\":\"vous informer est notre priorit\u00e9, 7 jours sur 7 avec toujours le m\u00eame professionnalisme\",\"potentialAction\":[{\"@type\":\"SearchAction\",\"target\":{\"@type\":\"EntryPoint\",\"urlTemplate\":\"https:\/\/total-sport.fr\/?s={search_term_string}\"},\"query-input\":{\"@type\":\"PropertyValueSpecification\",\"valueRequired\":true,\"valueName\":\"search_term_string\"}}],\"inLanguage\":\"fr-FR\"},{\"@type\":\"Person\",\"@id\":\"https:\/\/total-sport.fr\/#\/schema\/person\/f9f5599f372b747441cd5d912824aba4\",\"name\":\"Joly JEROME\",\"image\":{\"@type\":\"ImageObject\",\"inLanguage\":\"fr-FR\",\"@id\":\"https:\/\/total-sport.fr\/#\/schema\/person\/image\/\",\"url\":\"https:\/\/secure.gravatar.com\/avatar\/33e98ca4065ab233074302dee778104df3e61a0f91ceba3d746e7e40dbe11f0d?s=96&d=mm&r=g\",\"contentUrl\":\"https:\/\/secure.gravatar.com\/avatar\/33e98ca4065ab233074302dee778104df3e61a0f91ceba3d746e7e40dbe11f0d?s=96&d=mm&r=g\",\"caption\":\"Joly JEROME\"},\"description\":\"Je suis Joly JEROME, passionn\u00e9 de la lecture et du Sport notamment le Football. Je suis Journaliste ind\u00e9pendant fougueux, s\u00e9rieux mettant ma plume \u00e0 votre service pour vous informer avec la v\u00e9rit\u00e9 comme boussole. Jolyjerome989@gmail.com \/0690 93 65 88\",\"sameAs\":[\"https:\/\/total-sport.fr\",\"https:\/\/www.facebook.com\/joly.jerometotalsport\",\"Joly_JJCA\",\"Total Sport ts\",\"https:\/\/x.com\/Total Sport TS\"],\"url\":\"https:\/\/total-sport.fr\/index.php\/author\/jolyjerome\/\"}]}<\/script>\n<!-- \/ Yoast SEO plugin. -->","yoast_head_json":{"title":"LDN: Marc Collat d\u00e9voile la liste des Matinino ! - Total Sports International (TSI)","robots":{"index":"index","follow":"follow","max-snippet":"max-snippet:-1","max-image-preview":"max-image-preview:large","max-video-preview":"max-video-preview:-1"},"canonical":"https:\/\/total-sport.fr\/index.php\/2023\/08\/22\/ldn-marc-collat-devoile-la-liste-des-matinino\/","og_locale":"fr_FR","og_type":"article","og_title":"LDN: Marc Collat d\u00e9voile la liste des Matinino ! - Total Sports International (TSI)","og_description":"Le s\u00e9lectionneur de la Martinique, Marc Collat a communiqu\u00e9 ce mardi 22 ao\u00fbt une liste de 20 joueurs retenus pour affronter Le Panama et Cura\u00e7ao [...]","og_url":"https:\/\/total-sport.fr\/index.php\/2023\/08\/22\/ldn-marc-collat-devoile-la-liste-des-matinino\/","og_site_name":"Total Sports International (TSI)","article_author":"https:\/\/www.facebook.com\/joly.jerometotalsport","article_published_time":"2023-08-23T03:57:11+00:00","article_modified_time":"2023-08-23T03:57:14+00:00","og_image":[{"width":1080,"height":542,"url":"https:\/\/total-sport.fr\/wp-content\/uploads\/Screenshot_20230822_235046_Facebook.jpg","type":"image\/jpeg"}],"author":"Joly JEROME","twitter_card":"summary_large_image","twitter_creator":"@Total Sport TS","twitter_misc":{"\u00c9crit par":"Joly JEROME","Dur\u00e9e de lecture estim\u00e9e":"1 minute"},"schema":{"@context":"https:\/\/schema.org","@graph":[{"@type":"WebPage","@id":"https:\/\/total-sport.fr\/index.php\/2023\/08\/22\/ldn-marc-collat-devoile-la-liste-des-matinino\/","url":"https:\/\/total-sport.fr\/index.php\/2023\/08\/22\/ldn-marc-collat-devoile-la-liste-des-matinino\/","name":"LDN: Marc Collat d\u00e9voile la liste des Matinino ! - Total Sports International (TSI)","isPartOf":{"@id":"https:\/\/total-sport.fr\/#website"},"primaryImageOfPage":{"@id":"https:\/\/total-sport.fr\/index.php\/2023\/08\/22\/ldn-marc-collat-devoile-la-liste-des-matinino\/#primaryimage"},"image":{"@id":"https:\/\/total-sport.fr\/index.php\/2023\/08\/22\/ldn-marc-collat-devoile-la-liste-des-matinino\/#primaryimage"},"thumbnailUrl":"https:\/\/i0.wp.com\/total-sport.fr\/wp-content\/uploads\/Screenshot_20230822_235046_Facebook.jpg?fit=1080%2C542&ssl=1","datePublished":"2023-08-23T03:57:11+00:00","dateModified":"2023-08-23T03:57:14+00:00","author":{"@id":"https:\/\/total-sport.fr\/#\/schema\/person\/f9f5599f372b747441cd5d912824aba4"},"breadcrumb":{"@id":"https:\/\/total-sport.fr\/index.php\/2023\/08\/22\/ldn-marc-collat-devoile-la-liste-des-matinino\/#breadcrumb"},"inLanguage":"fr-FR","potentialAction":[{"@type":"ReadAction","target":["https:\/\/total-sport.fr\/index.php\/2023\/08\/22\/ldn-marc-collat-devoile-la-liste-des-matinino\/"]}]},{"@type":"ImageObject","inLanguage":"fr-FR","@id":"https:\/\/total-sport.fr\/index.php\/2023\/08\/22\/ldn-marc-collat-devoile-la-liste-des-matinino\/#primaryimage","url":"https:\/\/i0.wp.com\/total-sport.fr\/wp-content\/uploads\/Screenshot_20230822_235046_Facebook.jpg?fit=1080%2C542&ssl=1","contentUrl":"https:\/\/i0.wp.com\/total-sport.fr\/wp-content\/uploads\/Screenshot_20230822_235046_Facebook.jpg?fit=1080%2C542&ssl=1","width":1080,"height":542},{"@type":"BreadcrumbList","@id":"https:\/\/total-sport.fr\/index.php\/2023\/08\/22\/ldn-marc-collat-devoile-la-liste-des-matinino\/#breadcrumb","itemListElement":[{"@type":"ListItem","position":1,"name":"Accueil","item":"https:\/\/total-sport.fr\/"},{"@type":"ListItem","position":2,"name":"LDN: Marc Collat d\u00e9voile la liste des Matinino !"}]},{"@type":"WebSite","@id":"https:\/\/total-sport.fr\/#website","url":"https:\/\/total-sport.fr\/","name":"Total Sports International (TSI)","description":"vous informer est notre priorit\u00e9, 7 jours sur 7 avec toujours le m\u00eame professionnalisme","potentialAction":[{"@type":"SearchAction","target":{"@type":"EntryPoint","urlTemplate":"https:\/\/total-sport.fr\/?s={search_term_string}"},"query-input":{"@type":"PropertyValueSpecification","valueRequired":true,"valueName":"search_term_string"}}],"inLanguage":"fr-FR"},{"@type":"Person","@id":"https:\/\/total-sport.fr\/#\/schema\/person\/f9f5599f372b747441cd5d912824aba4","name":"Joly JEROME","image":{"@type":"ImageObject","inLanguage":"fr-FR","@id":"https:\/\/total-sport.fr\/#\/schema\/person\/image\/","url":"https:\/\/secure.gravatar.com\/avatar\/33e98ca4065ab233074302dee778104df3e61a0f91ceba3d746e7e40dbe11f0d?s=96&d=mm&r=g","contentUrl":"https:\/\/secure.gravatar.com\/avatar\/33e98ca4065ab233074302dee778104df3e61a0f91ceba3d746e7e40dbe11f0d?s=96&d=mm&r=g","caption":"Joly JEROME"},"description":"Je suis Joly JEROME, passionn\u00e9 de la lecture et du Sport notamment le Football. Je suis Journaliste ind\u00e9pendant fougueux, s\u00e9rieux mettant ma plume \u00e0 votre service pour vous informer avec la v\u00e9rit\u00e9 comme boussole. Jolyjerome989@gmail.com \/0690 93 65 88","sameAs":["https:\/\/total-sport.fr","https:\/\/www.facebook.com\/joly.jerometotalsport","Joly_JJCA","Total Sport ts","https:\/\/x.com\/Total Sport TS"],"url":"https:\/\/total-sport.fr\/index.php\/author\/jolyjerome\/"}]}},"jetpack_publicize_connections":[],"jetpack_featured_media_url":"https:\/\/i0.wp.com\/total-sport.fr\/wp-content\/uploads\/Screenshot_20230822_235046_Facebook.jpg?fit=1080%2C542&ssl=1","jetpack_sharing_enabled":true,"jetpack_shortlink":"https:\/\/wp.me\/paF0J8-1cp","jetpack-related-posts":[{"id":4793,"url":"https:\/\/total-sport.fr\/index.php\/2024\/08\/30\/ldn-quatorze-joueurs-locaux-figurent-sur-la-liste-de-la-martinique-pour-la-ldn\/","url_meta":{"origin":4613,"position":0},"title":"LDN: Quatorze joueurs locaux figurent sur la liste de la Martinique pour la LDN!","author":"Joly JEROME","date":"30 ao\u00fbt 2024","format":false,"excerpt":"Le s\u00e9lectionneur de la Martinique, Marc collat a d\u00e9voil\u00e9 une liste de 25 joueurs pour les deux prochains matchs \u00e0 l'occasion de la premi\u00e8re et deuxi\u00e8me journ\u00e9e de la ligue des nations de la CONCACAF contre respectivement le Guatemala et Guyana avec la pr\u00e9sence de 14 joueurs \u00e9voluant dans le\u2026","rel":"","context":"Dans &quot;International&quot;","block_context":{"text":"International","link":"https:\/\/total-sport.fr\/index.php\/category\/internationalfoot\/"},"img":{"alt_text":"","src":"https:\/\/i0.wp.com\/total-sport.fr\/wp-content\/uploads\/FB_IMG_1725035085498.jpg?fit=1200%2C651&ssl=1&resize=350%2C200","width":350,"height":200,"srcset":"https:\/\/i0.wp.com\/total-sport.fr\/wp-content\/uploads\/FB_IMG_1725035085498.jpg?fit=1200%2C651&ssl=1&resize=350%2C200 1x, https:\/\/i0.wp.com\/total-sport.fr\/wp-content\/uploads\/FB_IMG_1725035085498.jpg?fit=1200%2C651&ssl=1&resize=525%2C300 1.5x, https:\/\/i0.wp.com\/total-sport.fr\/wp-content\/uploads\/FB_IMG_1725035085498.jpg?fit=1200%2C651&ssl=1&resize=700%2C400 2x, https:\/\/i0.wp.com\/total-sport.fr\/wp-content\/uploads\/FB_IMG_1725035085498.jpg?fit=1200%2C651&ssl=1&resize=1050%2C600 3x"},"classes":[]},{"id":1110,"url":"https:\/\/total-sport.fr\/index.php\/2019\/06\/09\/gold-cup-2019-les-23-joueurs-haitiens-retenus-par-marc-collat-pour-la-gold-cup\/","url_meta":{"origin":4613,"position":1},"title":"GOLD CUP 2019: Les 23 Joueurs Ha\u00eftiens retenus par MARC COLLAT pour la GOLD CUP","author":"Joly JEROME","date":"9 juin 2019","format":false,"excerpt":"Dans quelques jours d\u00e9butera la GOLD CUP 2019, la s\u00e9lection Ha\u00eftienne de football par le biais de son s\u00e9lectionneur Marc COLLAT a communiqu\u00e9 sa liste officielle pour cette comp\u00e9tition du 15 juin au 7 juillet. Les grenadiers qui se retrouvent dans le groupe B, accompagn\u00e9s de Nicaragua, Bermudes et le\u2026","rel":"","context":"Dans &quot;Foot MERCATO&quot;","block_context":{"text":"Foot MERCATO","link":"https:\/\/total-sport.fr\/index.php\/category\/foot-mercato\/"},"img":{"alt_text":"","src":"https:\/\/i0.wp.com\/total-sport.fr\/wp-content\/uploads\/2019\/06\/FB_IMG_1559554285095.jpg?fit=1080%2C720&ssl=1&resize=350%2C200","width":350,"height":200,"srcset":"https:\/\/i0.wp.com\/total-sport.fr\/wp-content\/uploads\/2019\/06\/FB_IMG_1559554285095.jpg?fit=1080%2C720&ssl=1&resize=350%2C200 1x, https:\/\/i0.wp.com\/total-sport.fr\/wp-content\/uploads\/2019\/06\/FB_IMG_1559554285095.jpg?fit=1080%2C720&ssl=1&resize=525%2C300 1.5x, https:\/\/i0.wp.com\/total-sport.fr\/wp-content\/uploads\/2019\/06\/FB_IMG_1559554285095.jpg?fit=1080%2C720&ssl=1&resize=700%2C400 2x, https:\/\/i0.wp.com\/total-sport.fr\/wp-content\/uploads\/2019\/06\/FB_IMG_1559554285095.jpg?fit=1080%2C720&ssl=1&resize=1050%2C600 3x"},"classes":[]},{"id":1115,"url":"https:\/\/total-sport.fr\/index.php\/2019\/06\/10\/gold-cup-2019-j-6-les-grenadiers-a-pied-doeuvre-au-costa-rica\/","url_meta":{"origin":4613,"position":2},"title":"Gold Cup 2019, J-6 les Grenadiers \u00e0 pied d&rsquo;\u0153uvre au Costa Rica .","author":"Joly JEROME","date":"10 juin 2019","format":false,"excerpt":"Sur le terrain d'entrainement num\u00e9ro 3 ( sur 5) du Club \" Liga Deportiva Alajuelense \" de premi\u00e8re division de la ligue du Costa Rica, la s\u00e9lection ha\u00eftienne de football , arriv\u00e9e la veille, a eu sa premi\u00e8re s\u00e9ance d'entrainement ce dimanche 9 juin 2019. Tous les 23 joueurs retenus,\u2026","rel":"","context":"Dans &quot;Non class\u00e9&quot;","block_context":{"text":"Non class\u00e9","link":"https:\/\/total-sport.fr\/index.php\/category\/non-classe\/"},"img":{"alt_text":"","src":"https:\/\/i0.wp.com\/total-sport.fr\/wp-content\/uploads\/2019\/06\/FB_IMG_1560164960398.jpg?fit=1080%2C720&ssl=1&resize=350%2C200","width":350,"height":200,"srcset":"https:\/\/i0.wp.com\/total-sport.fr\/wp-content\/uploads\/2019\/06\/FB_IMG_1560164960398.jpg?fit=1080%2C720&ssl=1&resize=350%2C200 1x, https:\/\/i0.wp.com\/total-sport.fr\/wp-content\/uploads\/2019\/06\/FB_IMG_1560164960398.jpg?fit=1080%2C720&ssl=1&resize=525%2C300 1.5x, https:\/\/i0.wp.com\/total-sport.fr\/wp-content\/uploads\/2019\/06\/FB_IMG_1560164960398.jpg?fit=1080%2C720&ssl=1&resize=700%2C400 2x, https:\/\/i0.wp.com\/total-sport.fr\/wp-content\/uploads\/2019\/06\/FB_IMG_1560164960398.jpg?fit=1080%2C720&ssl=1&resize=1050%2C600 3x"},"classes":[]},{"id":122,"url":"https:\/\/total-sport.fr\/index.php\/2019\/01\/25\/foot-ldn-selectionhaiti-ne-doit-pas-se-manquer-face-au-cuba\/","url_meta":{"origin":4613,"position":3},"title":"foot-LDN-selection:HAITI ne doit pas se manquer face au CUBA","author":"Joly JEROME","date":"25 janvier 2019","format":false,"excerpt":"La s\u00e9lection Ha\u00eftienne de football re\u00e7oit le CUBA pour le compte de la derni\u00e8re journ\u00e9e de la ligue des nations ,un match crucial pour les grenadiers qui doivent imp\u00e9rativement gagner pour esp\u00e9rer une qualification pour la Gold Cup. S\u00e9lection ha\u00eftienne -cr\u00e9dit photo :Google La s\u00e9lection Ha\u00eftienne masculine senior re\u00e7oit la\u2026","rel":"","context":"Dans &quot;International&quot;","block_context":{"text":"International","link":"https:\/\/total-sport.fr\/index.php\/category\/internationalfoot\/"},"img":{"alt_text":"","src":"https:\/\/totalsportts42.files.wordpress.com\/2019\/01\/2019_01_25_16-703740253.jpg?w=350&h=200&crop=1","width":350,"height":200,"srcset":"https:\/\/totalsportts42.files.wordpress.com\/2019\/01\/2019_01_25_16-703740253.jpg?w=350&h=200&crop=1 1x, https:\/\/totalsportts42.files.wordpress.com\/2019\/01\/2019_01_25_16-703740253.jpg?w=525&h=300&crop=1 1.5x, https:\/\/totalsportts42.files.wordpress.com\/2019\/01\/2019_01_25_16-703740253.jpg?w=700&h=400&crop=1 2x"},"classes":[]},{"id":1214,"url":"https:\/\/total-sport.fr\/index.php\/2019\/07\/01\/gold-cup-2019-marc-collat-tout-est-possible-en-football\/","url_meta":{"origin":4613,"position":4},"title":"Gold Cup 2019: Marc COLLAT ,tout est possible en Football","author":"Joly JEROME","date":"1 juillet 2019","format":false,"excerpt":"Quelques heures apr\u00e8s la qualification des grenadiers pour les demi-finales, le s\u00e9lectionneur fran\u00e7ais, Marc Collat se montre confiant avant d\u2019affronter le Mexique, mardi. \u00c0 gauche, Marc COLLAT et son staff Ha\u00efti est sur un nuage et est entrain d\u2019\u00e9crire une page de son histoire. Historique ! C\u2019est tout ce qu\u2019on\u2026","rel":"","context":"Dans &quot;International&quot;","block_context":{"text":"International","link":"https:\/\/total-sport.fr\/index.php\/category\/internationalfoot\/"},"img":{"alt_text":"","src":"https:\/\/i0.wp.com\/total-sport.fr\/wp-content\/uploads\/2019\/07\/20190701_200804.jpg?fit=938%2C1200&ssl=1&resize=350%2C200","width":350,"height":200,"srcset":"https:\/\/i0.wp.com\/total-sport.fr\/wp-content\/uploads\/2019\/07\/20190701_200804.jpg?fit=938%2C1200&ssl=1&resize=350%2C200 1x, https:\/\/i0.wp.com\/total-sport.fr\/wp-content\/uploads\/2019\/07\/20190701_200804.jpg?fit=938%2C1200&ssl=1&resize=525%2C300 1.5x, https:\/\/i0.wp.com\/total-sport.fr\/wp-content\/uploads\/2019\/07\/20190701_200804.jpg?fit=938%2C1200&ssl=1&resize=700%2C400 2x"},"classes":[]},{"id":1298,"url":"https:\/\/total-sport.fr\/index.php\/2019\/07\/16\/foot-selection-premier-rassemblement-des-gwadaboys-depuis-leur-deception-face-a-la-martinique-le-23-mars-2019\/","url_meta":{"origin":4613,"position":5},"title":"Foot-s\u00e9lection : Premier rassemblement des Gwadaboys depuis leur d\u00e9ception face \u00e0 la Martinique le 23 mars 2019.","author":"Joly JEROME","date":"16 juillet 2019","format":false,"excerpt":"21 joueurs sont attendus au stade Jacques PONREMY du Moule pour le premier rassemblement de la s\u00e9lection Guadeloup\u00e9enne de Football, apr\u00e8s leur derni\u00e8re d\u00e9faite face \u00e0 la Martinique le 23 mars 2019. Dans cette liste figure 5 joueurs de la GAULOISE et 4 de l'USBM. La pr\u00e9sence de Thomas GAYDU\u2026","rel":"","context":"Dans &quot;International&quot;","block_context":{"text":"International","link":"https:\/\/total-sport.fr\/index.php\/category\/internationalfoot\/"},"img":{"alt_text":"","src":"https:\/\/i0.wp.com\/total-sport.fr\/wp-content\/uploads\/2019\/07\/FB_IMG_1563320184879.jpg?fit=1200%2C801&ssl=1&resize=350%2C200","width":350,"height":200,"srcset":"https:\/\/i0.wp.com\/total-sport.fr\/wp-content\/uploads\/2019\/07\/FB_IMG_1563320184879.jpg?fit=1200%2C801&ssl=1&resize=350%2C200 1x, https:\/\/i0.wp.com\/total-sport.fr\/wp-content\/uploads\/2019\/07\/FB_IMG_1563320184879.jpg?fit=1200%2C801&ssl=1&resize=525%2C300 1.5x, https:\/\/i0.wp.com\/total-sport.fr\/wp-content\/uploads\/2019\/07\/FB_IMG_1563320184879.jpg?fit=1200%2C801&ssl=1&resize=700%2C400 2x, https:\/\/i0.wp.com\/total-sport.fr\/wp-content\/uploads\/2019\/07\/FB_IMG_1563320184879.jpg?fit=1200%2C801&ssl=1&resize=1050%2C600 3x"},"classes":[]}],"jetpack_likes_enabled":true,"_links":{"self":[{"href":"https:\/\/total-sport.fr\/index.php\/wp-json\/wp\/v2\/posts\/4613","targetHints":{"allow":["GET"]}}],"collection":[{"href":"https:\/\/total-sport.fr\/index.php\/wp-json\/wp\/v2\/posts"}],"about":[{"href":"https:\/\/total-sport.fr\/index.php\/wp-json\/wp\/v2\/types\/post"}],"author":[{"embeddable":true,"href":"https:\/\/total-sport.fr\/index.php\/wp-json\/wp\/v2\/users\/2"}],"replies":[{"embeddable":true,"href":"https:\/\/total-sport.fr\/index.php\/wp-json\/wp\/v2\/comments?post=4613"}],"version-history":[{"count":3,"href":"https:\/\/total-sport.fr\/index.php\/wp-json\/wp\/v2\/posts\/4613\/revisions"}],"predecessor-version":[{"id":4617,"href":"https:\/\/total-sport.fr\/index.php\/wp-json\/wp\/v2\/posts\/4613\/revisions\/4617"}],"wp:featuredmedia":[{"embeddable":true,"href":"https:\/\/total-sport.fr\/index.php\/wp-json\/wp\/v2\/media\/4614"}],"wp:attachment":[{"href":"https:\/\/total-sport.fr\/index.php\/wp-json\/wp\/v2\/media?parent=4613"}],"wp:term":[{"taxonomy":"category","embeddable":true,"href":"https:\/\/total-sport.fr\/index.php\/wp-json\/wp\/v2\/categories?post=4613"},{"taxonomy":"post_tag","embeddable":true,"href":"https:\/\/total-sport.fr\/index.php\/wp-json\/wp\/v2\/tags?post=4613"}],"curies":[{"name":"wp","href":"https:\/\/api.w.org\/{rel}","templated":true}]}}