{"id":4608,"date":"2023-08-22T09:07:58","date_gmt":"2023-08-22T13:07:58","guid":{"rendered":"https:\/\/total-sport.fr\/?p=4608"},"modified":"2023-08-22T09:09:47","modified_gmt":"2023-08-22T13:09:47","slug":"martinique-le-trophee-yvon-lubert-pour-lancer-la-saison-2023-24","status":"publish","type":"post","link":"https:\/\/total-sport.fr\/index.php\/2023\/08\/22\/martinique-le-trophee-yvon-lubert-pour-lancer-la-saison-2023-24\/","title":{"rendered":"Martinique : Le troph\u00e9e Yvon Lubert pour lancer la saison 2023-24!!"},"content":{"rendered":"\n<p><strong>Apr\u00e8s quelques mois de vacances, la ligue football Martinique annonce la nouvelle saison 2023-2024.<\/strong> <\/p>\n\n\n\n<p>C&rsquo;est bien le troph\u00e9e Yvon Lubert qui lancera l&rsquo;\u00e9dition 2023-2024 avec les diff\u00e9rents clubs vainqueurs des championnats de r\u00e9gionale 1,2,3 ainsi que le vainqueur de la coupe de la Martinique. Les quatre \u00e9quipes s&rsquo;affronteront sous forme de deux demi-finales match \u00e0 \u00e9limination directe.<\/p>\n\n\n\n<p>Les demi-finales auront lieu le mercredi 23 ao\u00fbt, le Golden Lion vainqueur de la R1 affrontera US Marinoise champion R3. Tandis que le club Franciscain vainqueur de la coupe jouera contre US Riveraine champion de la R2.<\/p>\n\n\n\n<p>La finale de la comp\u00e9tition se jouera le 25 ao\u00fbt \u00e0 20 heure.<\/p>\n\n\n\n<p>Soulignons que la reprise de la R1 c&rsquo;est pour le 15 septembre 2023.<\/p>\n\n\n\n<p>Par : <strong>Ralph Lourdy P\u00e9ricl\u00e8s <\/strong><\/p>\n","protected":false},"excerpt":{"rendered":"<div class=\"mh-excerpt\"><p>Apr\u00e8s quelques mois de vacances, la ligue football Martinique annonce la nouvelle saison 2023-2024. C&rsquo;est bien le troph\u00e9e Yvon Lubert qui lancera l&rsquo;\u00e9dition 2023-2024 avec <a class=\"mh-excerpt-more\" href=\"https:\/\/total-sport.fr\/index.php\/2023\/08\/22\/martinique-le-trophee-yvon-lubert-pour-lancer-la-saison-2023-24\/\" title=\"Martinique : Le troph\u00e9e Yvon Lubert pour lancer la saison 2023-24!!\">[&#8230;]<\/a><\/p>\n<\/div>","protected":false},"author":2,"featured_media":4610,"comment_status":"open","ping_status":"open","sticky":false,"template":"","format":"standard","meta":{"jetpack_post_was_ever_published":false,"_jetpack_newsletter_access":"","_jetpack_dont_email_post_to_subs":false,"_jetpack_newsletter_tier_id":0,"_jetpack_memberships_contains_paywalled_content":false,"_jetpack_memberships_contains_paid_content":false,"footnotes":"","jetpack_publicize_message":"","jetpack_publicize_feature_enabled":true,"jetpack_social_post_already_shared":true,"jetpack_social_options":{"image_generator_settings":{"template":"highway","default_image_id":0,"font":"","enabled":false},"version":2}},"categories":[6,7,8],"tags":[],"class_list":["post-4608","post","type-post","status-publish","format-standard","has-post-thumbnail","hentry","category-r1","category-r2","category-r3"],"yoast_head":"<!-- This site is optimized with the Yoast SEO plugin v24.9 - https:\/\/yoast.com\/wordpress\/plugins\/seo\/ -->\n<title>Martinique : Le troph\u00e9e Yvon Lubert pour lancer la saison 2023-24!! - Total Sports International (TSI)<\/title>\n<meta name=\"robots\" content=\"index, follow, max-snippet:-1, max-image-preview:large, max-video-preview:-1\" \/>\n<link rel=\"canonical\" href=\"https:\/\/total-sport.fr\/index.php\/2023\/08\/22\/martinique-le-trophee-yvon-lubert-pour-lancer-la-saison-2023-24\/\" \/>\n<meta property=\"og:locale\" content=\"fr_FR\" \/>\n<meta property=\"og:type\" content=\"article\" \/>\n<meta property=\"og:title\" content=\"Martinique : Le troph\u00e9e Yvon Lubert pour lancer la saison 2023-24!! - Total Sports International (TSI)\" \/>\n<meta property=\"og:description\" content=\"Apr\u00e8s quelques mois de vacances, la ligue football Martinique annonce la nouvelle saison 2023-2024. C&rsquo;est bien le troph\u00e9e Yvon Lubert qui lancera l&rsquo;\u00e9dition 2023-2024 avec [...]\" \/>\n<meta property=\"og:url\" content=\"https:\/\/total-sport.fr\/index.php\/2023\/08\/22\/martinique-le-trophee-yvon-lubert-pour-lancer-la-saison-2023-24\/\" \/>\n<meta property=\"og:site_name\" content=\"Total Sports International (TSI)\" \/>\n<meta property=\"article:author\" content=\"https:\/\/www.facebook.com\/joly.jerometotalsport\" \/>\n<meta property=\"article:published_time\" content=\"2023-08-22T13:07:58+00:00\" \/>\n<meta property=\"article:modified_time\" content=\"2023-08-22T13:09:47+00:00\" \/>\n<meta property=\"og:image\" content=\"https:\/\/total-sport.fr\/wp-content\/uploads\/FB_IMG_1692675728241.jpg\" \/>\n\t<meta property=\"og:image:width\" content=\"1080\" \/>\n\t<meta property=\"og:image:height\" content=\"585\" \/>\n\t<meta property=\"og:image:type\" content=\"image\/jpeg\" \/>\n<meta name=\"author\" content=\"Joly JEROME\" \/>\n<meta name=\"twitter:card\" content=\"summary_large_image\" \/>\n<meta name=\"twitter:creator\" content=\"@Total Sport TS\" \/>\n<meta name=\"twitter:label1\" content=\"\u00c9crit par\" \/>\n\t<meta name=\"twitter:data1\" content=\"Joly JEROME\" \/>\n\t<meta name=\"twitter:label2\" content=\"Dur\u00e9e de lecture estim\u00e9e\" \/>\n\t<meta name=\"twitter:data2\" content=\"1 minute\" \/>\n<script type=\"application\/ld+json\" class=\"yoast-schema-graph\">{\"@context\":\"https:\/\/schema.org\",\"@graph\":[{\"@type\":\"WebPage\",\"@id\":\"https:\/\/total-sport.fr\/index.php\/2023\/08\/22\/martinique-le-trophee-yvon-lubert-pour-lancer-la-saison-2023-24\/\",\"url\":\"https:\/\/total-sport.fr\/index.php\/2023\/08\/22\/martinique-le-trophee-yvon-lubert-pour-lancer-la-saison-2023-24\/\",\"name\":\"Martinique : Le troph\u00e9e Yvon Lubert pour lancer la saison 2023-24!! - Total Sports International (TSI)\",\"isPartOf\":{\"@id\":\"https:\/\/total-sport.fr\/#website\"},\"primaryImageOfPage\":{\"@id\":\"https:\/\/total-sport.fr\/index.php\/2023\/08\/22\/martinique-le-trophee-yvon-lubert-pour-lancer-la-saison-2023-24\/#primaryimage\"},\"image\":{\"@id\":\"https:\/\/total-sport.fr\/index.php\/2023\/08\/22\/martinique-le-trophee-yvon-lubert-pour-lancer-la-saison-2023-24\/#primaryimage\"},\"thumbnailUrl\":\"https:\/\/i0.wp.com\/total-sport.fr\/wp-content\/uploads\/FB_IMG_1692675728241.jpg?fit=1080%2C585&ssl=1\",\"datePublished\":\"2023-08-22T13:07:58+00:00\",\"dateModified\":\"2023-08-22T13:09:47+00:00\",\"author\":{\"@id\":\"https:\/\/total-sport.fr\/#\/schema\/person\/f9f5599f372b747441cd5d912824aba4\"},\"breadcrumb\":{\"@id\":\"https:\/\/total-sport.fr\/index.php\/2023\/08\/22\/martinique-le-trophee-yvon-lubert-pour-lancer-la-saison-2023-24\/#breadcrumb\"},\"inLanguage\":\"fr-FR\",\"potentialAction\":[{\"@type\":\"ReadAction\",\"target\":[\"https:\/\/total-sport.fr\/index.php\/2023\/08\/22\/martinique-le-trophee-yvon-lubert-pour-lancer-la-saison-2023-24\/\"]}]},{\"@type\":\"ImageObject\",\"inLanguage\":\"fr-FR\",\"@id\":\"https:\/\/total-sport.fr\/index.php\/2023\/08\/22\/martinique-le-trophee-yvon-lubert-pour-lancer-la-saison-2023-24\/#primaryimage\",\"url\":\"https:\/\/i0.wp.com\/total-sport.fr\/wp-content\/uploads\/FB_IMG_1692675728241.jpg?fit=1080%2C585&ssl=1\",\"contentUrl\":\"https:\/\/i0.wp.com\/total-sport.fr\/wp-content\/uploads\/FB_IMG_1692675728241.jpg?fit=1080%2C585&ssl=1\",\"width\":1080,\"height\":585},{\"@type\":\"BreadcrumbList\",\"@id\":\"https:\/\/total-sport.fr\/index.php\/2023\/08\/22\/martinique-le-trophee-yvon-lubert-pour-lancer-la-saison-2023-24\/#breadcrumb\",\"itemListElement\":[{\"@type\":\"ListItem\",\"position\":1,\"name\":\"Accueil\",\"item\":\"https:\/\/total-sport.fr\/\"},{\"@type\":\"ListItem\",\"position\":2,\"name\":\"Martinique : Le troph\u00e9e Yvon Lubert pour lancer la saison 2023-24!!\"}]},{\"@type\":\"WebSite\",\"@id\":\"https:\/\/total-sport.fr\/#website\",\"url\":\"https:\/\/total-sport.fr\/\",\"name\":\"Total Sports International (TSI)\",\"description\":\"vous informer est notre priorit\u00e9, 7 jours sur 7 avec toujours le m\u00eame professionnalisme\",\"potentialAction\":[{\"@type\":\"SearchAction\",\"target\":{\"@type\":\"EntryPoint\",\"urlTemplate\":\"https:\/\/total-sport.fr\/?s={search_term_string}\"},\"query-input\":{\"@type\":\"PropertyValueSpecification\",\"valueRequired\":true,\"valueName\":\"search_term_string\"}}],\"inLanguage\":\"fr-FR\"},{\"@type\":\"Person\",\"@id\":\"https:\/\/total-sport.fr\/#\/schema\/person\/f9f5599f372b747441cd5d912824aba4\",\"name\":\"Joly JEROME\",\"image\":{\"@type\":\"ImageObject\",\"inLanguage\":\"fr-FR\",\"@id\":\"https:\/\/total-sport.fr\/#\/schema\/person\/image\/\",\"url\":\"https:\/\/secure.gravatar.com\/avatar\/33e98ca4065ab233074302dee778104df3e61a0f91ceba3d746e7e40dbe11f0d?s=96&d=mm&r=g\",\"contentUrl\":\"https:\/\/secure.gravatar.com\/avatar\/33e98ca4065ab233074302dee778104df3e61a0f91ceba3d746e7e40dbe11f0d?s=96&d=mm&r=g\",\"caption\":\"Joly JEROME\"},\"description\":\"Je suis Joly JEROME, passionn\u00e9 de la lecture et du Sport notamment le Football. Je suis Journaliste ind\u00e9pendant fougueux, s\u00e9rieux mettant ma plume \u00e0 votre service pour vous informer avec la v\u00e9rit\u00e9 comme boussole. Jolyjerome989@gmail.com \/0690 93 65 88\",\"sameAs\":[\"https:\/\/total-sport.fr\",\"https:\/\/www.facebook.com\/joly.jerometotalsport\",\"Joly_JJCA\",\"Total Sport ts\",\"https:\/\/x.com\/Total Sport TS\"],\"url\":\"https:\/\/total-sport.fr\/index.php\/author\/jolyjerome\/\"}]}<\/script>\n<!-- \/ Yoast SEO plugin. -->","yoast_head_json":{"title":"Martinique : Le troph\u00e9e Yvon Lubert pour lancer la saison 2023-24!! - Total Sports International (TSI)","robots":{"index":"index","follow":"follow","max-snippet":"max-snippet:-1","max-image-preview":"max-image-preview:large","max-video-preview":"max-video-preview:-1"},"canonical":"https:\/\/total-sport.fr\/index.php\/2023\/08\/22\/martinique-le-trophee-yvon-lubert-pour-lancer-la-saison-2023-24\/","og_locale":"fr_FR","og_type":"article","og_title":"Martinique : Le troph\u00e9e Yvon Lubert pour lancer la saison 2023-24!! - Total Sports International (TSI)","og_description":"Apr\u00e8s quelques mois de vacances, la ligue football Martinique annonce la nouvelle saison 2023-2024. C&rsquo;est bien le troph\u00e9e Yvon Lubert qui lancera l&rsquo;\u00e9dition 2023-2024 avec [...]","og_url":"https:\/\/total-sport.fr\/index.php\/2023\/08\/22\/martinique-le-trophee-yvon-lubert-pour-lancer-la-saison-2023-24\/","og_site_name":"Total Sports International (TSI)","article_author":"https:\/\/www.facebook.com\/joly.jerometotalsport","article_published_time":"2023-08-22T13:07:58+00:00","article_modified_time":"2023-08-22T13:09:47+00:00","og_image":[{"width":1080,"height":585,"url":"https:\/\/total-sport.fr\/wp-content\/uploads\/FB_IMG_1692675728241.jpg","type":"image\/jpeg"}],"author":"Joly JEROME","twitter_card":"summary_large_image","twitter_creator":"@Total Sport TS","twitter_misc":{"\u00c9crit par":"Joly JEROME","Dur\u00e9e de lecture estim\u00e9e":"1 minute"},"schema":{"@context":"https:\/\/schema.org","@graph":[{"@type":"WebPage","@id":"https:\/\/total-sport.fr\/index.php\/2023\/08\/22\/martinique-le-trophee-yvon-lubert-pour-lancer-la-saison-2023-24\/","url":"https:\/\/total-sport.fr\/index.php\/2023\/08\/22\/martinique-le-trophee-yvon-lubert-pour-lancer-la-saison-2023-24\/","name":"Martinique : Le troph\u00e9e Yvon Lubert pour lancer la saison 2023-24!! - Total Sports International (TSI)","isPartOf":{"@id":"https:\/\/total-sport.fr\/#website"},"primaryImageOfPage":{"@id":"https:\/\/total-sport.fr\/index.php\/2023\/08\/22\/martinique-le-trophee-yvon-lubert-pour-lancer-la-saison-2023-24\/#primaryimage"},"image":{"@id":"https:\/\/total-sport.fr\/index.php\/2023\/08\/22\/martinique-le-trophee-yvon-lubert-pour-lancer-la-saison-2023-24\/#primaryimage"},"thumbnailUrl":"https:\/\/i0.wp.com\/total-sport.fr\/wp-content\/uploads\/FB_IMG_1692675728241.jpg?fit=1080%2C585&ssl=1","datePublished":"2023-08-22T13:07:58+00:00","dateModified":"2023-08-22T13:09:47+00:00","author":{"@id":"https:\/\/total-sport.fr\/#\/schema\/person\/f9f5599f372b747441cd5d912824aba4"},"breadcrumb":{"@id":"https:\/\/total-sport.fr\/index.php\/2023\/08\/22\/martinique-le-trophee-yvon-lubert-pour-lancer-la-saison-2023-24\/#breadcrumb"},"inLanguage":"fr-FR","potentialAction":[{"@type":"ReadAction","target":["https:\/\/total-sport.fr\/index.php\/2023\/08\/22\/martinique-le-trophee-yvon-lubert-pour-lancer-la-saison-2023-24\/"]}]},{"@type":"ImageObject","inLanguage":"fr-FR","@id":"https:\/\/total-sport.fr\/index.php\/2023\/08\/22\/martinique-le-trophee-yvon-lubert-pour-lancer-la-saison-2023-24\/#primaryimage","url":"https:\/\/i0.wp.com\/total-sport.fr\/wp-content\/uploads\/FB_IMG_1692675728241.jpg?fit=1080%2C585&ssl=1","contentUrl":"https:\/\/i0.wp.com\/total-sport.fr\/wp-content\/uploads\/FB_IMG_1692675728241.jpg?fit=1080%2C585&ssl=1","width":1080,"height":585},{"@type":"BreadcrumbList","@id":"https:\/\/total-sport.fr\/index.php\/2023\/08\/22\/martinique-le-trophee-yvon-lubert-pour-lancer-la-saison-2023-24\/#breadcrumb","itemListElement":[{"@type":"ListItem","position":1,"name":"Accueil","item":"https:\/\/total-sport.fr\/"},{"@type":"ListItem","position":2,"name":"Martinique : Le troph\u00e9e Yvon Lubert pour lancer la saison 2023-24!!"}]},{"@type":"WebSite","@id":"https:\/\/total-sport.fr\/#website","url":"https:\/\/total-sport.fr\/","name":"Total Sports International (TSI)","description":"vous informer est notre priorit\u00e9, 7 jours sur 7 avec toujours le m\u00eame professionnalisme","potentialAction":[{"@type":"SearchAction","target":{"@type":"EntryPoint","urlTemplate":"https:\/\/total-sport.fr\/?s={search_term_string}"},"query-input":{"@type":"PropertyValueSpecification","valueRequired":true,"valueName":"search_term_string"}}],"inLanguage":"fr-FR"},{"@type":"Person","@id":"https:\/\/total-sport.fr\/#\/schema\/person\/f9f5599f372b747441cd5d912824aba4","name":"Joly JEROME","image":{"@type":"ImageObject","inLanguage":"fr-FR","@id":"https:\/\/total-sport.fr\/#\/schema\/person\/image\/","url":"https:\/\/secure.gravatar.com\/avatar\/33e98ca4065ab233074302dee778104df3e61a0f91ceba3d746e7e40dbe11f0d?s=96&d=mm&r=g","contentUrl":"https:\/\/secure.gravatar.com\/avatar\/33e98ca4065ab233074302dee778104df3e61a0f91ceba3d746e7e40dbe11f0d?s=96&d=mm&r=g","caption":"Joly JEROME"},"description":"Je suis Joly JEROME, passionn\u00e9 de la lecture et du Sport notamment le Football. Je suis Journaliste ind\u00e9pendant fougueux, s\u00e9rieux mettant ma plume \u00e0 votre service pour vous informer avec la v\u00e9rit\u00e9 comme boussole. Jolyjerome989@gmail.com \/0690 93 65 88","sameAs":["https:\/\/total-sport.fr","https:\/\/www.facebook.com\/joly.jerometotalsport","Joly_JJCA","Total Sport ts","https:\/\/x.com\/Total Sport TS"],"url":"https:\/\/total-sport.fr\/index.php\/author\/jolyjerome\/"}]}},"jetpack_publicize_connections":[],"jetpack_featured_media_url":"https:\/\/i0.wp.com\/total-sport.fr\/wp-content\/uploads\/FB_IMG_1692675728241.jpg?fit=1080%2C585&ssl=1","jetpack_sharing_enabled":true,"jetpack_shortlink":"https:\/\/wp.me\/paF0J8-1ck","jetpack-related-posts":[{"id":2804,"url":"https:\/\/total-sport.fr\/index.php\/2020\/05\/06\/foot-guadeloupe-la-lgf-fait-le-point-as-gosier-sacree-championne-de-la-r1\/","url_meta":{"origin":4608,"position":0},"title":"Foot-Guadeloupe: La LGF fait le point, AS GOSIER sacr\u00e9e championne de la R1.","author":"Joly JEROME","date":"6 mai 2020","format":false,"excerpt":"Dans une conf\u00e9rence de presse par Visio-conf\u00e9rence donn\u00e9e ce mercredi matin, la Ligue Guadeloup\u00e9enne de Football a fait le point sur divers dossiers apr\u00e8s l\u2019arr\u00eat d\u00e9finitif de la saison 2019-2020. Plusieurs points ont \u00e9t\u00e9 soulev\u00e9s par le staff de la LGF, notamment la fin de saison, les classements, les titres,\u2026","rel":"","context":"Dans &quot;R1&quot;","block_context":{"text":"R1","link":"https:\/\/total-sport.fr\/index.php\/category\/r1\/"},"img":{"alt_text":"","src":"https:\/\/i0.wp.com\/total-sport.fr\/wp-content\/uploads\/GOSIER-CHAM.jpg?fit=1200%2C801&ssl=1&resize=350%2C200","width":350,"height":200,"srcset":"https:\/\/i0.wp.com\/total-sport.fr\/wp-content\/uploads\/GOSIER-CHAM.jpg?fit=1200%2C801&ssl=1&resize=350%2C200 1x, https:\/\/i0.wp.com\/total-sport.fr\/wp-content\/uploads\/GOSIER-CHAM.jpg?fit=1200%2C801&ssl=1&resize=525%2C300 1.5x, https:\/\/i0.wp.com\/total-sport.fr\/wp-content\/uploads\/GOSIER-CHAM.jpg?fit=1200%2C801&ssl=1&resize=700%2C400 2x, https:\/\/i0.wp.com\/total-sport.fr\/wp-content\/uploads\/GOSIER-CHAM.jpg?fit=1200%2C801&ssl=1&resize=1050%2C600 3x"},"classes":[]},{"id":4303,"url":"https:\/\/total-sport.fr\/index.php\/2022\/10\/08\/futsal-martinique-le-futsal-martinique-reprend-ses-droits-ce-week-end\/","url_meta":{"origin":4608,"position":1},"title":"Futsal Martinique : Le Futsal Martinique reprend ses droits ce week-end !","author":"Joly JEROME","date":"8 octobre 2022","format":false,"excerpt":"Par: Ralph Lourdy P\u00c9RICL\u00c8S Une semaine apr\u00e8s le troph\u00e9e des champions, c'est le championnat de Futsal qui reprend ses droits ce week-end. C'est l'affiche Lac 212 - PFM qui donnera le coup d'envoi de cette premi\u00e8re lev\u00e9e du championnat Pr\u00e9sid\u00e9 par Marie Joseph Marie Fran\u00e7oise. Le Power Futsal mada sera\u2026","rel":"","context":"Dans &quot;FUTSAL&quot;","block_context":{"text":"FUTSAL","link":"https:\/\/total-sport.fr\/index.php\/category\/futsal\/"},"img":{"alt_text":"","src":"https:\/\/i0.wp.com\/total-sport.fr\/wp-content\/uploads\/IMG-20221008-WA0061.jpg?fit=614%2C362&ssl=1&resize=350%2C200","width":350,"height":200,"srcset":"https:\/\/i0.wp.com\/total-sport.fr\/wp-content\/uploads\/IMG-20221008-WA0061.jpg?fit=614%2C362&ssl=1&resize=350%2C200 1x, https:\/\/i0.wp.com\/total-sport.fr\/wp-content\/uploads\/IMG-20221008-WA0061.jpg?fit=614%2C362&ssl=1&resize=525%2C300 1.5x"},"classes":[]},{"id":3189,"url":"https:\/\/total-sport.fr\/index.php\/2020\/08\/13\/foot-crg-5-mois-apres-le-foot-reprend-ses-droits-avec-les-1-4-de-finales-de-la-crg\/","url_meta":{"origin":4608,"position":2},"title":"Foot-CRG: 5 mois apr\u00e8s, le foot reprend ses droits avec les 1\/4 de finales de la CRG","author":"Joly JEROME","date":"13 ao\u00fbt 2020","format":false,"excerpt":"Le football reprend ses droits officiellement en Guadeloupe, apr\u00e8s plusieurs mois d'arr\u00eat d\u00fb au COVID-19. Le c\u0153ur des mordus du ballon rond va battre au rythme de la coupe r\u00e9gion Guadeloupe avec plusieurs matchs. D\u00e8s vendredi, Olympique SC va tra\u00eener ses bottes sur la pelouse du Dynamo FC. Alors que\u2026","rel":"","context":"Dans &quot;coupe R\u00e9gion Guadeloupe&quot;","block_context":{"text":"coupe R\u00e9gion Guadeloupe","link":"https:\/\/total-sport.fr\/index.php\/category\/coupes\/coupe-region-guadeloupe\/"},"img":{"alt_text":"","src":"https:\/\/i0.wp.com\/total-sport.fr\/wp-content\/uploads\/HVP_6625.jpeg?fit=800%2C534&ssl=1&resize=350%2C200","width":350,"height":200,"srcset":"https:\/\/i0.wp.com\/total-sport.fr\/wp-content\/uploads\/HVP_6625.jpeg?fit=800%2C534&ssl=1&resize=350%2C200 1x, https:\/\/i0.wp.com\/total-sport.fr\/wp-content\/uploads\/HVP_6625.jpeg?fit=800%2C534&ssl=1&resize=525%2C300 1.5x, https:\/\/i0.wp.com\/total-sport.fr\/wp-content\/uploads\/HVP_6625.jpeg?fit=800%2C534&ssl=1&resize=700%2C400 2x"},"classes":[]},{"id":969,"url":"https:\/\/total-sport.fr\/index.php\/2019\/05\/08\/foot-guadeloupe-demi-finale-coupe-rg-coup-de-tonnerre-la-solidarite-scolaire-r1-est-eliminee-par-club-sport-r2\/","url_meta":{"origin":4608,"position":3},"title":"Foot-Guadeloupe-demi-finale coupe RG: Coup de Tonnerre, la SOLIDARIT\u00c9 SCOLAIRE (R1) est \u00e9limin\u00e9e par CLUB SPORT (R2)","author":"Joly JEROME","date":"8 mai 2019","format":false,"excerpt":"Ce mardi soir marquera un jour inoubliable dans les archives du CLUB SPORT, les pensionnaires de la r\u00e9gionale 2 ont \u00e9limin\u00e9 la SOLIDARIT\u00c9 SCOLAIRE et valid\u00e9 leur billet pour la grande finale de la Coupe R\u00e9gion Guadeloupe. CLUB SPORT en vert et rouge contre la SS-Image amateur La finale de\u2026","rel":"","context":"Dans &quot;coupe R\u00e9gion Guadeloupe&quot;","block_context":{"text":"coupe R\u00e9gion Guadeloupe","link":"https:\/\/total-sport.fr\/index.php\/category\/coupes\/coupe-region-guadeloupe\/"},"img":{"alt_text":"","src":"https:\/\/i0.wp.com\/total-sport.fr\/wp-content\/uploads\/2019\/05\/20190508_065935.jpg?fit=720%2C526&ssl=1&resize=350%2C200","width":350,"height":200,"srcset":"https:\/\/i0.wp.com\/total-sport.fr\/wp-content\/uploads\/2019\/05\/20190508_065935.jpg?fit=720%2C526&ssl=1&resize=350%2C200 1x, https:\/\/i0.wp.com\/total-sport.fr\/wp-content\/uploads\/2019\/05\/20190508_065935.jpg?fit=720%2C526&ssl=1&resize=525%2C300 1.5x, https:\/\/i0.wp.com\/total-sport.fr\/wp-content\/uploads\/2019\/05\/20190508_065935.jpg?fit=720%2C526&ssl=1&resize=700%2C400 2x"},"classes":[]},{"id":682,"url":"https:\/\/total-sport.fr\/index.php\/2019\/03\/29\/foot-guadeloupe-crg-1-4-de-finale-siroco-vs-gauloise-as-gosier-vs-usbm-les-chocs-des-quarts-de-finales\/","url_meta":{"origin":4608,"position":4},"title":"Foot-Guadeloupe -CRG-1\/4 de FINALE : SIROCO vs Gauloise \/ AS Gosier vs USBM, les chocs des quarts de finales","author":"Joly JEROME","date":"29 mars 2019","format":false,"excerpt":"Samedi et Dimanche joueront les quarts de finales de la coupe R\u00e9gion Guadeloupe, 3 clubs de la R\u00e9gionale 2 sont pr\u00e9sents dans cette phase dont 1 sera pr\u00e9sent quoiqu'il arrive en demie car SC ST FRAN\u00c7OIS ( R2) recevra RAPID CLUB (R2) samedi 15H. AS Gosier affrontera USBM \u00e0 15H\u2026","rel":"","context":"Dans &quot;coupe R\u00e9gion Guadeloupe&quot;","block_context":{"text":"coupe R\u00e9gion Guadeloupe","link":"https:\/\/total-sport.fr\/index.php\/category\/coupes\/coupe-region-guadeloupe\/"},"img":{"alt_text":"","src":"https:\/\/i0.wp.com\/total-sport.fr\/wp-content\/uploads\/2019\/03\/FB_IMG_1553824660853.jpg?fit=720%2C480&ssl=1&resize=350%2C200","width":350,"height":200,"srcset":"https:\/\/i0.wp.com\/total-sport.fr\/wp-content\/uploads\/2019\/03\/FB_IMG_1553824660853.jpg?fit=720%2C480&ssl=1&resize=350%2C200 1x, https:\/\/i0.wp.com\/total-sport.fr\/wp-content\/uploads\/2019\/03\/FB_IMG_1553824660853.jpg?fit=720%2C480&ssl=1&resize=525%2C300 1.5x, https:\/\/i0.wp.com\/total-sport.fr\/wp-content\/uploads\/2019\/03\/FB_IMG_1553824660853.jpg?fit=720%2C480&ssl=1&resize=700%2C400 2x"},"classes":[]},{"id":4279,"url":"https:\/\/total-sport.fr\/index.php\/2022\/10\/03\/futsal-martinque-revanchard-lac-futsal-212-remporte-le-trophee-des-champions\/","url_meta":{"origin":4608,"position":5},"title":"Futsal-Martinque: Revanchard, Lac Futsal 212 remporte le troph\u00e9e des champions","author":"Joly JEROME","date":"3 octobre 2022","format":false,"excerpt":"Par: Ralph Lourdy P\u00c9RICL\u00c8S Le troph\u00e9e des champions du Futsal de la Martinique a eu lieu ce dimanche 02 octobre, au palais du sport du Lamentin entre la rel\u00e8ve lamentinoise (champion de Martinique en titre et de la coupe de Martinique de Futsal) et Lac Futsal 212 (Vice champion) Il\u2026","rel":"","context":"Dans &quot;FUTSAL&quot;","block_context":{"text":"FUTSAL","link":"https:\/\/total-sport.fr\/index.php\/category\/futsal\/"},"img":{"alt_text":"","src":"https:\/\/i0.wp.com\/total-sport.fr\/wp-content\/uploads\/FB_IMG_1664811674888.jpg?fit=609%2C370&ssl=1&resize=350%2C200","width":350,"height":200,"srcset":"https:\/\/i0.wp.com\/total-sport.fr\/wp-content\/uploads\/FB_IMG_1664811674888.jpg?fit=609%2C370&ssl=1&resize=350%2C200 1x, https:\/\/i0.wp.com\/total-sport.fr\/wp-content\/uploads\/FB_IMG_1664811674888.jpg?fit=609%2C370&ssl=1&resize=525%2C300 1.5x"},"classes":[]}],"jetpack_likes_enabled":true,"_links":{"self":[{"href":"https:\/\/total-sport.fr\/index.php\/wp-json\/wp\/v2\/posts\/4608","targetHints":{"allow":["GET"]}}],"collection":[{"href":"https:\/\/total-sport.fr\/index.php\/wp-json\/wp\/v2\/posts"}],"about":[{"href":"https:\/\/total-sport.fr\/index.php\/wp-json\/wp\/v2\/types\/post"}],"author":[{"embeddable":true,"href":"https:\/\/total-sport.fr\/index.php\/wp-json\/wp\/v2\/users\/2"}],"replies":[{"embeddable":true,"href":"https:\/\/total-sport.fr\/index.php\/wp-json\/wp\/v2\/comments?post=4608"}],"version-history":[{"count":3,"href":"https:\/\/total-sport.fr\/index.php\/wp-json\/wp\/v2\/posts\/4608\/revisions"}],"predecessor-version":[{"id":4612,"href":"https:\/\/total-sport.fr\/index.php\/wp-json\/wp\/v2\/posts\/4608\/revisions\/4612"}],"wp:featuredmedia":[{"embeddable":true,"href":"https:\/\/total-sport.fr\/index.php\/wp-json\/wp\/v2\/media\/4610"}],"wp:attachment":[{"href":"https:\/\/total-sport.fr\/index.php\/wp-json\/wp\/v2\/media?parent=4608"}],"wp:term":[{"taxonomy":"category","embeddable":true,"href":"https:\/\/total-sport.fr\/index.php\/wp-json\/wp\/v2\/categories?post=4608"},{"taxonomy":"post_tag","embeddable":true,"href":"https:\/\/total-sport.fr\/index.php\/wp-json\/wp\/v2\/tags?post=4608"}],"curies":[{"name":"wp","href":"https:\/\/api.w.org\/{rel}","templated":true}]}}