{"id":4303,"date":"2022-10-08T13:24:40","date_gmt":"2022-10-08T17:24:40","guid":{"rendered":"https:\/\/total-sport.fr\/?p=4303"},"modified":"2022-10-08T13:24:43","modified_gmt":"2022-10-08T17:24:43","slug":"futsal-martinique-le-futsal-martinique-reprend-ses-droits-ce-week-end","status":"publish","type":"post","link":"https:\/\/total-sport.fr\/index.php\/2022\/10\/08\/futsal-martinique-le-futsal-martinique-reprend-ses-droits-ce-week-end\/","title":{"rendered":"Futsal Martinique : Le Futsal Martinique reprend ses droits ce week-end !"},"content":{"rendered":"\n<p>Par: <strong><em>Ralph Lourdy P\u00c9RICL\u00c8S <\/em><\/strong><\/p>\n\n\n\n<p>Une semaine apr\u00e8s le troph\u00e9e des champions, c&rsquo;est le championnat de Futsal qui reprend ses droits ce week-end. C&rsquo;est l&rsquo;affiche Lac 212 &#8211; PFM qui donnera le coup d&rsquo;envoi de cette premi\u00e8re lev\u00e9e du championnat Pr\u00e9sid\u00e9 par Marie Joseph Marie Fran\u00e7oise. Le Power Futsal mada sera en d\u00e9placement pour affronter le r\u00e9cent vainqueur du troph\u00e9e des champions ce dimanche \u00e0 14H. Le club champion en titre, Rel\u00e8ve Lamentinoise accueillera le FC sal\u00e9en \u00e0 17H toujours en samedi.<\/p>\n\n\n\n<p>Par ailleurs, le Futsal acad\u00e9mie Martinique Pr\u00e9sid\u00e9 par Philippe Armede jouera contre le FC Floreal Gladiator \u00e0 16h30.<\/p>\n\n\n\n<p><strong>Le programme de la 1\u00e8re journ\u00e9e au complet <\/strong><\/p>\n\n\n\n<figure class=\"wp-block-gallery has-nested-images columns-default is-cropped wp-block-gallery-1 is-layout-flex wp-block-gallery-is-layout-flex\">\n<figure class=\"wp-block-image size-large\"><img data-recalc-dims=\"1\" loading=\"lazy\" decoding=\"async\" width=\"720\" height=\"540\" data-attachment-id=\"4304\" data-permalink=\"https:\/\/total-sport.fr\/index.php\/2022\/10\/08\/futsal-martinique-le-futsal-martinique-reprend-ses-droits-ce-week-end\/img-20221008-wa0060\/\" data-orig-file=\"https:\/\/i0.wp.com\/total-sport.fr\/wp-content\/uploads\/IMG-20221008-WA0060.jpg?fit=720%2C540&amp;ssl=1\" data-orig-size=\"720,540\" data-comments-opened=\"1\" data-image-meta=\"{&quot;aperture&quot;:&quot;0&quot;,&quot;credit&quot;:&quot;&quot;,&quot;camera&quot;:&quot;&quot;,&quot;caption&quot;:&quot;&quot;,&quot;created_timestamp&quot;:&quot;0&quot;,&quot;copyright&quot;:&quot;&quot;,&quot;focal_length&quot;:&quot;0&quot;,&quot;iso&quot;:&quot;0&quot;,&quot;shutter_speed&quot;:&quot;0&quot;,&quot;title&quot;:&quot;&quot;,&quot;orientation&quot;:&quot;0&quot;}\" data-image-title=\"IMG-20221008-WA0060\" data-image-description=\"\" data-image-caption=\"\" data-large-file=\"https:\/\/i0.wp.com\/total-sport.fr\/wp-content\/uploads\/IMG-20221008-WA0060.jpg?fit=720%2C540&amp;ssl=1\" data-id=\"4304\" src=\"https:\/\/i0.wp.com\/total-sport.fr\/wp-content\/uploads\/IMG-20221008-WA0060.jpg?resize=720%2C540&#038;ssl=1\" alt=\"\" class=\"wp-image-4304\" srcset=\"https:\/\/i0.wp.com\/total-sport.fr\/wp-content\/uploads\/IMG-20221008-WA0060.jpg?w=720&amp;ssl=1 720w, https:\/\/i0.wp.com\/total-sport.fr\/wp-content\/uploads\/IMG-20221008-WA0060.jpg?resize=300%2C225&amp;ssl=1 300w, https:\/\/i0.wp.com\/total-sport.fr\/wp-content\/uploads\/IMG-20221008-WA0060.jpg?resize=678%2C509&amp;ssl=1 678w, https:\/\/i0.wp.com\/total-sport.fr\/wp-content\/uploads\/IMG-20221008-WA0060.jpg?resize=326%2C245&amp;ssl=1 326w, https:\/\/i0.wp.com\/total-sport.fr\/wp-content\/uploads\/IMG-20221008-WA0060.jpg?resize=80%2C60&amp;ssl=1 80w\" sizes=\"auto, (max-width: 720px) 100vw, 720px\" \/><\/figure>\n<\/figure>\n","protected":false},"excerpt":{"rendered":"<div class=\"mh-excerpt\"><p>Par: Ralph Lourdy P\u00c9RICL\u00c8S Une semaine apr\u00e8s le troph\u00e9e des champions, c&rsquo;est le championnat de Futsal qui reprend ses droits ce week-end. C&rsquo;est l&rsquo;affiche Lac <a class=\"mh-excerpt-more\" href=\"https:\/\/total-sport.fr\/index.php\/2022\/10\/08\/futsal-martinique-le-futsal-martinique-reprend-ses-droits-ce-week-end\/\" title=\"Futsal Martinique : Le Futsal Martinique reprend ses droits ce week-end !\">[&#8230;]<\/a><\/p>\n<\/div>","protected":false},"author":2,"featured_media":4305,"comment_status":"open","ping_status":"open","sticky":false,"template":"","format":"standard","meta":{"jetpack_post_was_ever_published":false,"_jetpack_newsletter_access":"","_jetpack_dont_email_post_to_subs":false,"_jetpack_newsletter_tier_id":0,"_jetpack_memberships_contains_paywalled_content":false,"_jetpack_memberships_contains_paid_content":false,"footnotes":"","jetpack_publicize_message":"","jetpack_publicize_feature_enabled":true,"jetpack_social_post_already_shared":true,"jetpack_social_options":{"image_generator_settings":{"template":"highway","default_image_id":0,"font":"","enabled":false},"version":2}},"categories":[52],"tags":[],"class_list":["post-4303","post","type-post","status-publish","format-standard","has-post-thumbnail","hentry","category-futsal"],"yoast_head":"<!-- This site is optimized with the Yoast SEO plugin v24.9 - https:\/\/yoast.com\/wordpress\/plugins\/seo\/ -->\n<title>Futsal Martinique : Le Futsal Martinique reprend ses droits ce week-end ! - Total Sports International (TSI)<\/title>\n<meta name=\"robots\" content=\"index, follow, max-snippet:-1, max-image-preview:large, max-video-preview:-1\" \/>\n<link rel=\"canonical\" href=\"https:\/\/total-sport.fr\/index.php\/2022\/10\/08\/futsal-martinique-le-futsal-martinique-reprend-ses-droits-ce-week-end\/\" \/>\n<meta property=\"og:locale\" content=\"fr_FR\" \/>\n<meta property=\"og:type\" content=\"article\" \/>\n<meta property=\"og:title\" content=\"Futsal Martinique : Le Futsal Martinique reprend ses droits ce week-end ! - Total Sports International (TSI)\" \/>\n<meta property=\"og:description\" content=\"Par: Ralph Lourdy P\u00c9RICL\u00c8S Une semaine apr\u00e8s le troph\u00e9e des champions, c&rsquo;est le championnat de Futsal qui reprend ses droits ce week-end. C&rsquo;est l&rsquo;affiche Lac [...]\" \/>\n<meta property=\"og:url\" content=\"https:\/\/total-sport.fr\/index.php\/2022\/10\/08\/futsal-martinique-le-futsal-martinique-reprend-ses-droits-ce-week-end\/\" \/>\n<meta property=\"og:site_name\" content=\"Total Sports International (TSI)\" \/>\n<meta property=\"article:author\" content=\"https:\/\/www.facebook.com\/joly.jerometotalsport\" \/>\n<meta property=\"article:published_time\" content=\"2022-10-08T17:24:40+00:00\" \/>\n<meta property=\"article:modified_time\" content=\"2022-10-08T17:24:43+00:00\" \/>\n<meta property=\"og:image\" content=\"https:\/\/i0.wp.com\/total-sport.fr\/wp-content\/uploads\/IMG-20221008-WA0061.jpg?fit=614%2C362&ssl=1\" \/>\n\t<meta property=\"og:image:width\" content=\"614\" \/>\n\t<meta property=\"og:image:height\" content=\"362\" \/>\n\t<meta property=\"og:image:type\" content=\"image\/jpeg\" \/>\n<meta name=\"author\" content=\"Joly JEROME\" \/>\n<meta name=\"twitter:card\" content=\"summary_large_image\" \/>\n<meta name=\"twitter:creator\" content=\"@Total Sport TS\" \/>\n<meta name=\"twitter:label1\" content=\"\u00c9crit par\" \/>\n\t<meta name=\"twitter:data1\" content=\"Joly JEROME\" \/>\n\t<meta name=\"twitter:label2\" content=\"Dur\u00e9e de lecture estim\u00e9e\" \/>\n\t<meta name=\"twitter:data2\" content=\"1 minute\" \/>\n<script type=\"application\/ld+json\" class=\"yoast-schema-graph\">{\"@context\":\"https:\/\/schema.org\",\"@graph\":[{\"@type\":\"WebPage\",\"@id\":\"https:\/\/total-sport.fr\/index.php\/2022\/10\/08\/futsal-martinique-le-futsal-martinique-reprend-ses-droits-ce-week-end\/\",\"url\":\"https:\/\/total-sport.fr\/index.php\/2022\/10\/08\/futsal-martinique-le-futsal-martinique-reprend-ses-droits-ce-week-end\/\",\"name\":\"Futsal Martinique : Le Futsal Martinique reprend ses droits ce week-end ! - Total Sports International (TSI)\",\"isPartOf\":{\"@id\":\"https:\/\/total-sport.fr\/#website\"},\"primaryImageOfPage\":{\"@id\":\"https:\/\/total-sport.fr\/index.php\/2022\/10\/08\/futsal-martinique-le-futsal-martinique-reprend-ses-droits-ce-week-end\/#primaryimage\"},\"image\":{\"@id\":\"https:\/\/total-sport.fr\/index.php\/2022\/10\/08\/futsal-martinique-le-futsal-martinique-reprend-ses-droits-ce-week-end\/#primaryimage\"},\"thumbnailUrl\":\"https:\/\/i0.wp.com\/total-sport.fr\/wp-content\/uploads\/IMG-20221008-WA0061.jpg?fit=614%2C362&ssl=1\",\"datePublished\":\"2022-10-08T17:24:40+00:00\",\"dateModified\":\"2022-10-08T17:24:43+00:00\",\"author\":{\"@id\":\"https:\/\/total-sport.fr\/#\/schema\/person\/f9f5599f372b747441cd5d912824aba4\"},\"breadcrumb\":{\"@id\":\"https:\/\/total-sport.fr\/index.php\/2022\/10\/08\/futsal-martinique-le-futsal-martinique-reprend-ses-droits-ce-week-end\/#breadcrumb\"},\"inLanguage\":\"fr-FR\",\"potentialAction\":[{\"@type\":\"ReadAction\",\"target\":[\"https:\/\/total-sport.fr\/index.php\/2022\/10\/08\/futsal-martinique-le-futsal-martinique-reprend-ses-droits-ce-week-end\/\"]}]},{\"@type\":\"ImageObject\",\"inLanguage\":\"fr-FR\",\"@id\":\"https:\/\/total-sport.fr\/index.php\/2022\/10\/08\/futsal-martinique-le-futsal-martinique-reprend-ses-droits-ce-week-end\/#primaryimage\",\"url\":\"https:\/\/i0.wp.com\/total-sport.fr\/wp-content\/uploads\/IMG-20221008-WA0061.jpg?fit=614%2C362&ssl=1\",\"contentUrl\":\"https:\/\/i0.wp.com\/total-sport.fr\/wp-content\/uploads\/IMG-20221008-WA0061.jpg?fit=614%2C362&ssl=1\",\"width\":614,\"height\":362},{\"@type\":\"BreadcrumbList\",\"@id\":\"https:\/\/total-sport.fr\/index.php\/2022\/10\/08\/futsal-martinique-le-futsal-martinique-reprend-ses-droits-ce-week-end\/#breadcrumb\",\"itemListElement\":[{\"@type\":\"ListItem\",\"position\":1,\"name\":\"Accueil\",\"item\":\"https:\/\/total-sport.fr\/\"},{\"@type\":\"ListItem\",\"position\":2,\"name\":\"Futsal Martinique : Le Futsal Martinique reprend ses droits ce week-end !\"}]},{\"@type\":\"WebSite\",\"@id\":\"https:\/\/total-sport.fr\/#website\",\"url\":\"https:\/\/total-sport.fr\/\",\"name\":\"Total Sports International (TSI)\",\"description\":\"vous informer est notre priorit\u00e9, 7 jours sur 7 avec toujours le m\u00eame professionnalisme\",\"potentialAction\":[{\"@type\":\"SearchAction\",\"target\":{\"@type\":\"EntryPoint\",\"urlTemplate\":\"https:\/\/total-sport.fr\/?s={search_term_string}\"},\"query-input\":{\"@type\":\"PropertyValueSpecification\",\"valueRequired\":true,\"valueName\":\"search_term_string\"}}],\"inLanguage\":\"fr-FR\"},{\"@type\":\"Person\",\"@id\":\"https:\/\/total-sport.fr\/#\/schema\/person\/f9f5599f372b747441cd5d912824aba4\",\"name\":\"Joly JEROME\",\"image\":{\"@type\":\"ImageObject\",\"inLanguage\":\"fr-FR\",\"@id\":\"https:\/\/total-sport.fr\/#\/schema\/person\/image\/\",\"url\":\"https:\/\/secure.gravatar.com\/avatar\/33e98ca4065ab233074302dee778104df3e61a0f91ceba3d746e7e40dbe11f0d?s=96&d=mm&r=g\",\"contentUrl\":\"https:\/\/secure.gravatar.com\/avatar\/33e98ca4065ab233074302dee778104df3e61a0f91ceba3d746e7e40dbe11f0d?s=96&d=mm&r=g\",\"caption\":\"Joly JEROME\"},\"description\":\"Je suis Joly JEROME, passionn\u00e9 de la lecture et du Sport notamment le Football. Je suis Journaliste ind\u00e9pendant fougueux, s\u00e9rieux mettant ma plume \u00e0 votre service pour vous informer avec la v\u00e9rit\u00e9 comme boussole. Jolyjerome989@gmail.com \/0690 93 65 88\",\"sameAs\":[\"https:\/\/total-sport.fr\",\"https:\/\/www.facebook.com\/joly.jerometotalsport\",\"Joly_JJCA\",\"Total Sport ts\",\"https:\/\/x.com\/Total Sport TS\"],\"url\":\"https:\/\/total-sport.fr\/index.php\/author\/jolyjerome\/\"}]}<\/script>\n<!-- \/ Yoast SEO plugin. -->","yoast_head_json":{"title":"Futsal Martinique : Le Futsal Martinique reprend ses droits ce week-end ! - Total Sports International (TSI)","robots":{"index":"index","follow":"follow","max-snippet":"max-snippet:-1","max-image-preview":"max-image-preview:large","max-video-preview":"max-video-preview:-1"},"canonical":"https:\/\/total-sport.fr\/index.php\/2022\/10\/08\/futsal-martinique-le-futsal-martinique-reprend-ses-droits-ce-week-end\/","og_locale":"fr_FR","og_type":"article","og_title":"Futsal Martinique : Le Futsal Martinique reprend ses droits ce week-end ! - Total Sports International (TSI)","og_description":"Par: Ralph Lourdy P\u00c9RICL\u00c8S Une semaine apr\u00e8s le troph\u00e9e des champions, c&rsquo;est le championnat de Futsal qui reprend ses droits ce week-end. C&rsquo;est l&rsquo;affiche Lac [...]","og_url":"https:\/\/total-sport.fr\/index.php\/2022\/10\/08\/futsal-martinique-le-futsal-martinique-reprend-ses-droits-ce-week-end\/","og_site_name":"Total Sports International (TSI)","article_author":"https:\/\/www.facebook.com\/joly.jerometotalsport","article_published_time":"2022-10-08T17:24:40+00:00","article_modified_time":"2022-10-08T17:24:43+00:00","og_image":[{"width":614,"height":362,"url":"https:\/\/i0.wp.com\/total-sport.fr\/wp-content\/uploads\/IMG-20221008-WA0061.jpg?fit=614%2C362&ssl=1","type":"image\/jpeg"}],"author":"Joly JEROME","twitter_card":"summary_large_image","twitter_creator":"@Total Sport TS","twitter_misc":{"\u00c9crit par":"Joly JEROME","Dur\u00e9e de lecture estim\u00e9e":"1 minute"},"schema":{"@context":"https:\/\/schema.org","@graph":[{"@type":"WebPage","@id":"https:\/\/total-sport.fr\/index.php\/2022\/10\/08\/futsal-martinique-le-futsal-martinique-reprend-ses-droits-ce-week-end\/","url":"https:\/\/total-sport.fr\/index.php\/2022\/10\/08\/futsal-martinique-le-futsal-martinique-reprend-ses-droits-ce-week-end\/","name":"Futsal Martinique : Le Futsal Martinique reprend ses droits ce week-end ! - Total Sports International (TSI)","isPartOf":{"@id":"https:\/\/total-sport.fr\/#website"},"primaryImageOfPage":{"@id":"https:\/\/total-sport.fr\/index.php\/2022\/10\/08\/futsal-martinique-le-futsal-martinique-reprend-ses-droits-ce-week-end\/#primaryimage"},"image":{"@id":"https:\/\/total-sport.fr\/index.php\/2022\/10\/08\/futsal-martinique-le-futsal-martinique-reprend-ses-droits-ce-week-end\/#primaryimage"},"thumbnailUrl":"https:\/\/i0.wp.com\/total-sport.fr\/wp-content\/uploads\/IMG-20221008-WA0061.jpg?fit=614%2C362&ssl=1","datePublished":"2022-10-08T17:24:40+00:00","dateModified":"2022-10-08T17:24:43+00:00","author":{"@id":"https:\/\/total-sport.fr\/#\/schema\/person\/f9f5599f372b747441cd5d912824aba4"},"breadcrumb":{"@id":"https:\/\/total-sport.fr\/index.php\/2022\/10\/08\/futsal-martinique-le-futsal-martinique-reprend-ses-droits-ce-week-end\/#breadcrumb"},"inLanguage":"fr-FR","potentialAction":[{"@type":"ReadAction","target":["https:\/\/total-sport.fr\/index.php\/2022\/10\/08\/futsal-martinique-le-futsal-martinique-reprend-ses-droits-ce-week-end\/"]}]},{"@type":"ImageObject","inLanguage":"fr-FR","@id":"https:\/\/total-sport.fr\/index.php\/2022\/10\/08\/futsal-martinique-le-futsal-martinique-reprend-ses-droits-ce-week-end\/#primaryimage","url":"https:\/\/i0.wp.com\/total-sport.fr\/wp-content\/uploads\/IMG-20221008-WA0061.jpg?fit=614%2C362&ssl=1","contentUrl":"https:\/\/i0.wp.com\/total-sport.fr\/wp-content\/uploads\/IMG-20221008-WA0061.jpg?fit=614%2C362&ssl=1","width":614,"height":362},{"@type":"BreadcrumbList","@id":"https:\/\/total-sport.fr\/index.php\/2022\/10\/08\/futsal-martinique-le-futsal-martinique-reprend-ses-droits-ce-week-end\/#breadcrumb","itemListElement":[{"@type":"ListItem","position":1,"name":"Accueil","item":"https:\/\/total-sport.fr\/"},{"@type":"ListItem","position":2,"name":"Futsal Martinique : Le Futsal Martinique reprend ses droits ce week-end !"}]},{"@type":"WebSite","@id":"https:\/\/total-sport.fr\/#website","url":"https:\/\/total-sport.fr\/","name":"Total Sports International (TSI)","description":"vous informer est notre priorit\u00e9, 7 jours sur 7 avec toujours le m\u00eame professionnalisme","potentialAction":[{"@type":"SearchAction","target":{"@type":"EntryPoint","urlTemplate":"https:\/\/total-sport.fr\/?s={search_term_string}"},"query-input":{"@type":"PropertyValueSpecification","valueRequired":true,"valueName":"search_term_string"}}],"inLanguage":"fr-FR"},{"@type":"Person","@id":"https:\/\/total-sport.fr\/#\/schema\/person\/f9f5599f372b747441cd5d912824aba4","name":"Joly JEROME","image":{"@type":"ImageObject","inLanguage":"fr-FR","@id":"https:\/\/total-sport.fr\/#\/schema\/person\/image\/","url":"https:\/\/secure.gravatar.com\/avatar\/33e98ca4065ab233074302dee778104df3e61a0f91ceba3d746e7e40dbe11f0d?s=96&d=mm&r=g","contentUrl":"https:\/\/secure.gravatar.com\/avatar\/33e98ca4065ab233074302dee778104df3e61a0f91ceba3d746e7e40dbe11f0d?s=96&d=mm&r=g","caption":"Joly JEROME"},"description":"Je suis Joly JEROME, passionn\u00e9 de la lecture et du Sport notamment le Football. Je suis Journaliste ind\u00e9pendant fougueux, s\u00e9rieux mettant ma plume \u00e0 votre service pour vous informer avec la v\u00e9rit\u00e9 comme boussole. Jolyjerome989@gmail.com \/0690 93 65 88","sameAs":["https:\/\/total-sport.fr","https:\/\/www.facebook.com\/joly.jerometotalsport","Joly_JJCA","Total Sport ts","https:\/\/x.com\/Total Sport TS"],"url":"https:\/\/total-sport.fr\/index.php\/author\/jolyjerome\/"}]}},"jetpack_publicize_connections":[],"jetpack_featured_media_url":"https:\/\/i0.wp.com\/total-sport.fr\/wp-content\/uploads\/IMG-20221008-WA0061.jpg?fit=614%2C362&ssl=1","jetpack_sharing_enabled":true,"jetpack_shortlink":"https:\/\/wp.me\/paF0J8-17p","jetpack-related-posts":[{"id":4279,"url":"https:\/\/total-sport.fr\/index.php\/2022\/10\/03\/futsal-martinque-revanchard-lac-futsal-212-remporte-le-trophee-des-champions\/","url_meta":{"origin":4303,"position":0},"title":"Futsal-Martinque: Revanchard, Lac Futsal 212 remporte le troph\u00e9e des champions","author":"Joly JEROME","date":"3 octobre 2022","format":false,"excerpt":"Par: Ralph Lourdy P\u00c9RICL\u00c8S Le troph\u00e9e des champions du Futsal de la Martinique a eu lieu ce dimanche 02 octobre, au palais du sport du Lamentin entre la rel\u00e8ve lamentinoise (champion de Martinique en titre et de la coupe de Martinique de Futsal) et Lac Futsal 212 (Vice champion) Il\u2026","rel":"","context":"Dans &quot;FUTSAL&quot;","block_context":{"text":"FUTSAL","link":"https:\/\/total-sport.fr\/index.php\/category\/futsal\/"},"img":{"alt_text":"","src":"https:\/\/i0.wp.com\/total-sport.fr\/wp-content\/uploads\/FB_IMG_1664811674888.jpg?fit=609%2C370&ssl=1&resize=350%2C200","width":350,"height":200,"srcset":"https:\/\/i0.wp.com\/total-sport.fr\/wp-content\/uploads\/FB_IMG_1664811674888.jpg?fit=609%2C370&ssl=1&resize=350%2C200 1x, https:\/\/i0.wp.com\/total-sport.fr\/wp-content\/uploads\/FB_IMG_1664811674888.jpg?fit=609%2C370&ssl=1&resize=525%2C300 1.5x"},"classes":[]},{"id":2896,"url":"https:\/\/total-sport.fr\/index.php\/2020\/05\/19\/futsal-guadeloupe-la-ginga-sacree-championne-du-futsal-ufolep-saison-2019-2020\/","url_meta":{"origin":4303,"position":1},"title":"Futsal-Guadeloupe: La GINGA sacr\u00e9e championne du Futsal UFOLEP saison 2019-2020.","author":"Joly JEROME","date":"19 mai 2020","format":false,"excerpt":"\u00c0 l'issue d'une saison tronqu\u00e9e \u00e0 cause du COVID-19, La GINGA est d\u00e9clar\u00e9e champion du championnat Futsal UFOLEP de la Guadeloupe pour la premi\u00e8re fois de son histoire. La GINGA CP: Luciani BIGAL Comme les autres disciplines sportives, le Futsal n'a pas \u00e9t\u00e9 \u00e9pargn\u00e9 par la d\u00e9vastatrice pand\u00e9mie du COVID-19.\u2026","rel":"","context":"Dans &quot;FUTSAL&quot;","block_context":{"text":"FUTSAL","link":"https:\/\/total-sport.fr\/index.php\/category\/futsal\/"},"img":{"alt_text":"","src":"https:\/\/i0.wp.com\/total-sport.fr\/wp-content\/uploads\/IMG-20200519-WA0042.jpg?fit=1200%2C887&ssl=1&resize=350%2C200","width":350,"height":200,"srcset":"https:\/\/i0.wp.com\/total-sport.fr\/wp-content\/uploads\/IMG-20200519-WA0042.jpg?fit=1200%2C887&ssl=1&resize=350%2C200 1x, https:\/\/i0.wp.com\/total-sport.fr\/wp-content\/uploads\/IMG-20200519-WA0042.jpg?fit=1200%2C887&ssl=1&resize=525%2C300 1.5x, https:\/\/i0.wp.com\/total-sport.fr\/wp-content\/uploads\/IMG-20200519-WA0042.jpg?fit=1200%2C887&ssl=1&resize=700%2C400 2x, https:\/\/i0.wp.com\/total-sport.fr\/wp-content\/uploads\/IMG-20200519-WA0042.jpg?fit=1200%2C887&ssl=1&resize=1050%2C600 3x"},"classes":[]},{"id":1180,"url":"https:\/\/total-sport.fr\/index.php\/2019\/06\/23\/foot-guadeloupe-trophee-total-sport-glenson-prince-meilleur-gardien-et-raphael-mirval-meilleur-buteur-de-la-r1\/","url_meta":{"origin":4303,"position":2},"title":"Foot-Guadeloupe-troph\u00e9e Total Sport : Glenson PRINCE meilleur  gardien et Rapha\u00ebl MIRVAL meilleur buteur de la R1","author":"Joly JEROME","date":"23 juin 2019","format":false,"excerpt":"Pour sa premi\u00e8re ann\u00e9e de couverture dans le football Guadeloup\u00e9en, le Site Total Sport a d\u00e9cid\u00e9 de mettre en valeur le travail des gardiens de buts et celui des Attaquants \u00e9voluant dans la R\u00e9gionale 1 de la Guadeloupe. Si Rapha\u00ebl MIRVAL a \u00e9cras\u00e9 la concurrence comme pichichi avec 22 buts\u2026","rel":"","context":"Dans &quot;R1&quot;","block_context":{"text":"R1","link":"https:\/\/total-sport.fr\/index.php\/category\/r1\/"},"img":{"alt_text":"","src":"https:\/\/i0.wp.com\/total-sport.fr\/wp-content\/uploads\/2019\/06\/20190623_122018.jpg?fit=1200%2C800&ssl=1&resize=350%2C200","width":350,"height":200,"srcset":"https:\/\/i0.wp.com\/total-sport.fr\/wp-content\/uploads\/2019\/06\/20190623_122018.jpg?fit=1200%2C800&ssl=1&resize=350%2C200 1x, https:\/\/i0.wp.com\/total-sport.fr\/wp-content\/uploads\/2019\/06\/20190623_122018.jpg?fit=1200%2C800&ssl=1&resize=525%2C300 1.5x, https:\/\/i0.wp.com\/total-sport.fr\/wp-content\/uploads\/2019\/06\/20190623_122018.jpg?fit=1200%2C800&ssl=1&resize=700%2C400 2x, https:\/\/i0.wp.com\/total-sport.fr\/wp-content\/uploads\/2019\/06\/20190623_122018.jpg?fit=1200%2C800&ssl=1&resize=1050%2C600 3x"},"classes":[]},{"id":4497,"url":"https:\/\/total-sport.fr\/index.php\/2023\/06\/23\/foot-le-sporting-club-domine-la-coupe-sem-patrimoniale\/","url_meta":{"origin":4303,"position":3},"title":"Foot: Le SPORTING CLUB domine la coupe SEM PATRIMONIALE !!","author":"Joly JEROME","date":"23 juin 2023","format":false,"excerpt":"Le SPORTING CLUB de Baie-Mahault r\u00e9alise sa meilleure saison depuis son existence. Avec un doubl\u00e9 en coupe SEM PATRIMONIALE r\u00e9gion Guadeloupe, un septi\u00e8me tour de la coupe de France et maintien en R1 Vito, l'\u00e9quipe pr\u00e9sid\u00e9e par Maximin Lefebvre r\u00e9alise une saison exceptionnelle. Apr\u00e8s avoir \u00e9t\u00e9 battu aux tirs aux\u2026","rel":"","context":"Dans &quot;coupe R\u00e9gion Guadeloupe&quot;","block_context":{"text":"coupe R\u00e9gion Guadeloupe","link":"https:\/\/total-sport.fr\/index.php\/category\/coupes\/coupe-region-guadeloupe\/"},"img":{"alt_text":"","src":"https:\/\/i0.wp.com\/total-sport.fr\/wp-content\/uploads\/FB_IMG_1687460514620.jpg?fit=994%2C526&ssl=1&resize=350%2C200","width":350,"height":200,"srcset":"https:\/\/i0.wp.com\/total-sport.fr\/wp-content\/uploads\/FB_IMG_1687460514620.jpg?fit=994%2C526&ssl=1&resize=350%2C200 1x, https:\/\/i0.wp.com\/total-sport.fr\/wp-content\/uploads\/FB_IMG_1687460514620.jpg?fit=994%2C526&ssl=1&resize=525%2C300 1.5x, https:\/\/i0.wp.com\/total-sport.fr\/wp-content\/uploads\/FB_IMG_1687460514620.jpg?fit=994%2C526&ssl=1&resize=700%2C400 2x"},"classes":[]},{"id":3189,"url":"https:\/\/total-sport.fr\/index.php\/2020\/08\/13\/foot-crg-5-mois-apres-le-foot-reprend-ses-droits-avec-les-1-4-de-finales-de-la-crg\/","url_meta":{"origin":4303,"position":4},"title":"Foot-CRG: 5 mois apr\u00e8s, le foot reprend ses droits avec les 1\/4 de finales de la CRG","author":"Joly JEROME","date":"13 ao\u00fbt 2020","format":false,"excerpt":"Le football reprend ses droits officiellement en Guadeloupe, apr\u00e8s plusieurs mois d'arr\u00eat d\u00fb au COVID-19. Le c\u0153ur des mordus du ballon rond va battre au rythme de la coupe r\u00e9gion Guadeloupe avec plusieurs matchs. D\u00e8s vendredi, Olympique SC va tra\u00eener ses bottes sur la pelouse du Dynamo FC. Alors que\u2026","rel":"","context":"Dans &quot;coupe R\u00e9gion Guadeloupe&quot;","block_context":{"text":"coupe R\u00e9gion Guadeloupe","link":"https:\/\/total-sport.fr\/index.php\/category\/coupes\/coupe-region-guadeloupe\/"},"img":{"alt_text":"","src":"https:\/\/i0.wp.com\/total-sport.fr\/wp-content\/uploads\/HVP_6625.jpeg?fit=800%2C534&ssl=1&resize=350%2C200","width":350,"height":200,"srcset":"https:\/\/i0.wp.com\/total-sport.fr\/wp-content\/uploads\/HVP_6625.jpeg?fit=800%2C534&ssl=1&resize=350%2C200 1x, https:\/\/i0.wp.com\/total-sport.fr\/wp-content\/uploads\/HVP_6625.jpeg?fit=800%2C534&ssl=1&resize=525%2C300 1.5x, https:\/\/i0.wp.com\/total-sport.fr\/wp-content\/uploads\/HVP_6625.jpeg?fit=800%2C534&ssl=1&resize=700%2C400 2x"},"classes":[]},{"id":4473,"url":"https:\/\/total-sport.fr\/index.php\/2023\/06\/14\/foot-mercato-raphael-mirval-le-projet-du-club-colonial-ma-seduit\/","url_meta":{"origin":4303,"position":5},"title":"Foot Mercato: Rapha\u00ebl  MIRVAL, le projet du CLUB COLONIAL  m&rsquo;a s\u00e9duit !","author":"Joly JEROME","date":"14 juin 2023","format":false,"excerpt":"Apr\u00e8s une pige en s\u00e9rie D italienne \u00e0 Aglianese Calcio 1923, Raphael MIRVAL signe son retour en territoire Fran\u00e7ais. Courtis\u00e9 par plusieurs clubs en R1 guadeloup\u00e9en, c'est en Martinique que l'attaquant form\u00e9 \u00e0 L'USBM est all\u00e9 d\u00e9poser ses valises, au CLUB COLONIAL de la Martinique. Le retour du RAPH4 \u00e0\u2026","rel":"","context":"Dans &quot;Foot MERCATO&quot;","block_context":{"text":"Foot MERCATO","link":"https:\/\/total-sport.fr\/index.php\/category\/foot-mercato\/"},"img":{"alt_text":"","src":"https:\/\/i0.wp.com\/total-sport.fr\/wp-content\/uploads\/Screenshot_20230613_224623_Instagram.jpg?fit=1080%2C587&ssl=1&resize=350%2C200","width":350,"height":200,"srcset":"https:\/\/i0.wp.com\/total-sport.fr\/wp-content\/uploads\/Screenshot_20230613_224623_Instagram.jpg?fit=1080%2C587&ssl=1&resize=350%2C200 1x, https:\/\/i0.wp.com\/total-sport.fr\/wp-content\/uploads\/Screenshot_20230613_224623_Instagram.jpg?fit=1080%2C587&ssl=1&resize=525%2C300 1.5x, https:\/\/i0.wp.com\/total-sport.fr\/wp-content\/uploads\/Screenshot_20230613_224623_Instagram.jpg?fit=1080%2C587&ssl=1&resize=700%2C400 2x, https:\/\/i0.wp.com\/total-sport.fr\/wp-content\/uploads\/Screenshot_20230613_224623_Instagram.jpg?fit=1080%2C587&ssl=1&resize=1050%2C600 3x"},"classes":[]}],"jetpack_likes_enabled":true,"_links":{"self":[{"href":"https:\/\/total-sport.fr\/index.php\/wp-json\/wp\/v2\/posts\/4303","targetHints":{"allow":["GET"]}}],"collection":[{"href":"https:\/\/total-sport.fr\/index.php\/wp-json\/wp\/v2\/posts"}],"about":[{"href":"https:\/\/total-sport.fr\/index.php\/wp-json\/wp\/v2\/types\/post"}],"author":[{"embeddable":true,"href":"https:\/\/total-sport.fr\/index.php\/wp-json\/wp\/v2\/users\/2"}],"replies":[{"embeddable":true,"href":"https:\/\/total-sport.fr\/index.php\/wp-json\/wp\/v2\/comments?post=4303"}],"version-history":[{"count":1,"href":"https:\/\/total-sport.fr\/index.php\/wp-json\/wp\/v2\/posts\/4303\/revisions"}],"predecessor-version":[{"id":4306,"href":"https:\/\/total-sport.fr\/index.php\/wp-json\/wp\/v2\/posts\/4303\/revisions\/4306"}],"wp:featuredmedia":[{"embeddable":true,"href":"https:\/\/total-sport.fr\/index.php\/wp-json\/wp\/v2\/media\/4305"}],"wp:attachment":[{"href":"https:\/\/total-sport.fr\/index.php\/wp-json\/wp\/v2\/media?parent=4303"}],"wp:term":[{"taxonomy":"category","embeddable":true,"href":"https:\/\/total-sport.fr\/index.php\/wp-json\/wp\/v2\/categories?post=4303"},{"taxonomy":"post_tag","embeddable":true,"href":"https:\/\/total-sport.fr\/index.php\/wp-json\/wp\/v2\/tags?post=4303"}],"curies":[{"name":"wp","href":"https:\/\/api.w.org\/{rel}","templated":true}]}}