{"id":4276,"date":"2022-10-03T12:03:31","date_gmt":"2022-10-03T16:03:31","guid":{"rendered":"https:\/\/total-sport.fr\/?p=4276"},"modified":"2022-10-03T12:03:33","modified_gmt":"2022-10-03T16:03:33","slug":"foot-r2-martinique-leclair-de-riviere-salee-signe-sa-premiere-victoire","status":"publish","type":"post","link":"https:\/\/total-sport.fr\/index.php\/2022\/10\/03\/foot-r2-martinique-leclair-de-riviere-salee-signe-sa-premiere-victoire\/","title":{"rendered":"Foot-R2-Martinique: l&rsquo;\u00c9clair de Rivi\u00e8re sal\u00e9e signe sa premi\u00e8re victoire."},"content":{"rendered":"\n<p>Par: <strong><em>Ralph Lourdy P\u00c9RICL\u00c8S<\/em><\/strong><\/p>\n\n\n\n<p><strong>Apr\u00e8s sa lourde d\u00e9faite lors de la journ\u00e9e pr\u00e9c\u00e9dente, les sal\u00e9ens ont remport\u00e9 leur premier succ\u00e8s, ce vendredi soir \u00e0 domicile au stade Trenelle contre le CS Vauclinois (2-1) gr\u00e2ce \u00e0 Tarrieu et Caddy.<\/strong><\/p>\n\n\n\n<p>Une victoire qui permet aux hommes de Jules Eustache de se relancer dans le championnat. Mont\u00e9s en r\u00e9gionale 1 lors de l&rsquo;\u00e9dition 2021-2022 apr\u00e8s seize ans , les sal\u00e9ens ont pass\u00e9 seulement une saison en r\u00e9gionale1. La prochaine rencontre de l&rsquo;\u00c9clair sera contre le Golden Lion en coupe de France ce mardi \u00e0 20H00 au stade Trenelle.<\/p>\n","protected":false},"excerpt":{"rendered":"<div class=\"mh-excerpt\"><p>Par: Ralph Lourdy P\u00c9RICL\u00c8S Apr\u00e8s sa lourde d\u00e9faite lors de la journ\u00e9e pr\u00e9c\u00e9dente, les sal\u00e9ens ont remport\u00e9 leur premier succ\u00e8s, ce vendredi soir \u00e0 domicile <a class=\"mh-excerpt-more\" href=\"https:\/\/total-sport.fr\/index.php\/2022\/10\/03\/foot-r2-martinique-leclair-de-riviere-salee-signe-sa-premiere-victoire\/\" title=\"Foot-R2-Martinique: l&rsquo;\u00c9clair de Rivi\u00e8re sal\u00e9e signe sa premi\u00e8re victoire.\">[&#8230;]<\/a><\/p>\n<\/div>","protected":false},"author":2,"featured_media":4277,"comment_status":"open","ping_status":"open","sticky":false,"template":"","format":"standard","meta":{"jetpack_post_was_ever_published":false,"_jetpack_newsletter_access":"","_jetpack_dont_email_post_to_subs":false,"_jetpack_newsletter_tier_id":0,"_jetpack_memberships_contains_paywalled_content":false,"_jetpack_memberships_contains_paid_content":false,"footnotes":"","jetpack_publicize_message":"","jetpack_publicize_feature_enabled":true,"jetpack_social_post_already_shared":true,"jetpack_social_options":{"image_generator_settings":{"template":"highway","default_image_id":0,"font":"","enabled":false},"version":2}},"categories":[7],"tags":[],"class_list":["post-4276","post","type-post","status-publish","format-standard","has-post-thumbnail","hentry","category-r2"],"yoast_head":"<!-- This site is optimized with the Yoast SEO plugin v24.9 - https:\/\/yoast.com\/wordpress\/plugins\/seo\/ -->\n<title>Foot-R2-Martinique: l&#039;\u00c9clair de Rivi\u00e8re sal\u00e9e signe sa premi\u00e8re victoire. - Total Sports International (TSI)<\/title>\n<meta name=\"robots\" content=\"index, follow, max-snippet:-1, max-image-preview:large, max-video-preview:-1\" \/>\n<link rel=\"canonical\" href=\"https:\/\/total-sport.fr\/index.php\/2022\/10\/03\/foot-r2-martinique-leclair-de-riviere-salee-signe-sa-premiere-victoire\/\" \/>\n<meta property=\"og:locale\" content=\"fr_FR\" \/>\n<meta property=\"og:type\" content=\"article\" \/>\n<meta property=\"og:title\" content=\"Foot-R2-Martinique: l&#039;\u00c9clair de Rivi\u00e8re sal\u00e9e signe sa premi\u00e8re victoire. - Total Sports International (TSI)\" \/>\n<meta property=\"og:description\" content=\"Par: Ralph Lourdy P\u00c9RICL\u00c8S Apr\u00e8s sa lourde d\u00e9faite lors de la journ\u00e9e pr\u00e9c\u00e9dente, les sal\u00e9ens ont remport\u00e9 leur premier succ\u00e8s, ce vendredi soir \u00e0 domicile [...]\" \/>\n<meta property=\"og:url\" content=\"https:\/\/total-sport.fr\/index.php\/2022\/10\/03\/foot-r2-martinique-leclair-de-riviere-salee-signe-sa-premiere-victoire\/\" \/>\n<meta property=\"og:site_name\" content=\"Total Sports International (TSI)\" \/>\n<meta property=\"article:author\" content=\"https:\/\/www.facebook.com\/joly.jerometotalsport\" \/>\n<meta property=\"article:published_time\" content=\"2022-10-03T16:03:31+00:00\" \/>\n<meta property=\"article:modified_time\" content=\"2022-10-03T16:03:33+00:00\" \/>\n<meta property=\"og:image\" content=\"https:\/\/i0.wp.com\/total-sport.fr\/wp-content\/uploads\/IMG-20221003-WA0072.jpg?fit=640%2C480&ssl=1\" \/>\n\t<meta property=\"og:image:width\" content=\"640\" \/>\n\t<meta property=\"og:image:height\" content=\"480\" \/>\n\t<meta property=\"og:image:type\" content=\"image\/jpeg\" \/>\n<meta name=\"author\" content=\"Joly JEROME\" \/>\n<meta name=\"twitter:card\" content=\"summary_large_image\" \/>\n<meta name=\"twitter:creator\" content=\"@Total Sport TS\" \/>\n<meta name=\"twitter:label1\" content=\"\u00c9crit par\" \/>\n\t<meta name=\"twitter:data1\" content=\"Joly JEROME\" \/>\n\t<meta name=\"twitter:label2\" content=\"Dur\u00e9e de lecture estim\u00e9e\" \/>\n\t<meta name=\"twitter:data2\" content=\"1 minute\" \/>\n<script type=\"application\/ld+json\" class=\"yoast-schema-graph\">{\"@context\":\"https:\/\/schema.org\",\"@graph\":[{\"@type\":\"WebPage\",\"@id\":\"https:\/\/total-sport.fr\/index.php\/2022\/10\/03\/foot-r2-martinique-leclair-de-riviere-salee-signe-sa-premiere-victoire\/\",\"url\":\"https:\/\/total-sport.fr\/index.php\/2022\/10\/03\/foot-r2-martinique-leclair-de-riviere-salee-signe-sa-premiere-victoire\/\",\"name\":\"Foot-R2-Martinique: l'\u00c9clair de Rivi\u00e8re sal\u00e9e signe sa premi\u00e8re victoire. - Total Sports International (TSI)\",\"isPartOf\":{\"@id\":\"https:\/\/total-sport.fr\/#website\"},\"primaryImageOfPage\":{\"@id\":\"https:\/\/total-sport.fr\/index.php\/2022\/10\/03\/foot-r2-martinique-leclair-de-riviere-salee-signe-sa-premiere-victoire\/#primaryimage\"},\"image\":{\"@id\":\"https:\/\/total-sport.fr\/index.php\/2022\/10\/03\/foot-r2-martinique-leclair-de-riviere-salee-signe-sa-premiere-victoire\/#primaryimage\"},\"thumbnailUrl\":\"https:\/\/i0.wp.com\/total-sport.fr\/wp-content\/uploads\/IMG-20221003-WA0072.jpg?fit=640%2C480&ssl=1\",\"datePublished\":\"2022-10-03T16:03:31+00:00\",\"dateModified\":\"2022-10-03T16:03:33+00:00\",\"author\":{\"@id\":\"https:\/\/total-sport.fr\/#\/schema\/person\/f9f5599f372b747441cd5d912824aba4\"},\"breadcrumb\":{\"@id\":\"https:\/\/total-sport.fr\/index.php\/2022\/10\/03\/foot-r2-martinique-leclair-de-riviere-salee-signe-sa-premiere-victoire\/#breadcrumb\"},\"inLanguage\":\"fr-FR\",\"potentialAction\":[{\"@type\":\"ReadAction\",\"target\":[\"https:\/\/total-sport.fr\/index.php\/2022\/10\/03\/foot-r2-martinique-leclair-de-riviere-salee-signe-sa-premiere-victoire\/\"]}]},{\"@type\":\"ImageObject\",\"inLanguage\":\"fr-FR\",\"@id\":\"https:\/\/total-sport.fr\/index.php\/2022\/10\/03\/foot-r2-martinique-leclair-de-riviere-salee-signe-sa-premiere-victoire\/#primaryimage\",\"url\":\"https:\/\/i0.wp.com\/total-sport.fr\/wp-content\/uploads\/IMG-20221003-WA0072.jpg?fit=640%2C480&ssl=1\",\"contentUrl\":\"https:\/\/i0.wp.com\/total-sport.fr\/wp-content\/uploads\/IMG-20221003-WA0072.jpg?fit=640%2C480&ssl=1\",\"width\":640,\"height\":480},{\"@type\":\"BreadcrumbList\",\"@id\":\"https:\/\/total-sport.fr\/index.php\/2022\/10\/03\/foot-r2-martinique-leclair-de-riviere-salee-signe-sa-premiere-victoire\/#breadcrumb\",\"itemListElement\":[{\"@type\":\"ListItem\",\"position\":1,\"name\":\"Accueil\",\"item\":\"https:\/\/total-sport.fr\/\"},{\"@type\":\"ListItem\",\"position\":2,\"name\":\"Foot-R2-Martinique: l&rsquo;\u00c9clair de Rivi\u00e8re sal\u00e9e signe sa premi\u00e8re victoire.\"}]},{\"@type\":\"WebSite\",\"@id\":\"https:\/\/total-sport.fr\/#website\",\"url\":\"https:\/\/total-sport.fr\/\",\"name\":\"Total Sports International (TSI)\",\"description\":\"vous informer est notre priorit\u00e9, 7 jours sur 7 avec toujours le m\u00eame professionnalisme\",\"potentialAction\":[{\"@type\":\"SearchAction\",\"target\":{\"@type\":\"EntryPoint\",\"urlTemplate\":\"https:\/\/total-sport.fr\/?s={search_term_string}\"},\"query-input\":{\"@type\":\"PropertyValueSpecification\",\"valueRequired\":true,\"valueName\":\"search_term_string\"}}],\"inLanguage\":\"fr-FR\"},{\"@type\":\"Person\",\"@id\":\"https:\/\/total-sport.fr\/#\/schema\/person\/f9f5599f372b747441cd5d912824aba4\",\"name\":\"Joly JEROME\",\"image\":{\"@type\":\"ImageObject\",\"inLanguage\":\"fr-FR\",\"@id\":\"https:\/\/total-sport.fr\/#\/schema\/person\/image\/\",\"url\":\"https:\/\/secure.gravatar.com\/avatar\/33e98ca4065ab233074302dee778104df3e61a0f91ceba3d746e7e40dbe11f0d?s=96&d=mm&r=g\",\"contentUrl\":\"https:\/\/secure.gravatar.com\/avatar\/33e98ca4065ab233074302dee778104df3e61a0f91ceba3d746e7e40dbe11f0d?s=96&d=mm&r=g\",\"caption\":\"Joly JEROME\"},\"description\":\"Je suis Joly JEROME, passionn\u00e9 de la lecture et du Sport notamment le Football. Je suis Journaliste ind\u00e9pendant fougueux, s\u00e9rieux mettant ma plume \u00e0 votre service pour vous informer avec la v\u00e9rit\u00e9 comme boussole. Jolyjerome989@gmail.com \/0690 93 65 88\",\"sameAs\":[\"https:\/\/total-sport.fr\",\"https:\/\/www.facebook.com\/joly.jerometotalsport\",\"Joly_JJCA\",\"Total Sport ts\",\"https:\/\/x.com\/Total Sport TS\"],\"url\":\"https:\/\/total-sport.fr\/index.php\/author\/jolyjerome\/\"}]}<\/script>\n<!-- \/ Yoast SEO plugin. -->","yoast_head_json":{"title":"Foot-R2-Martinique: l'\u00c9clair de Rivi\u00e8re sal\u00e9e signe sa premi\u00e8re victoire. - Total Sports International (TSI)","robots":{"index":"index","follow":"follow","max-snippet":"max-snippet:-1","max-image-preview":"max-image-preview:large","max-video-preview":"max-video-preview:-1"},"canonical":"https:\/\/total-sport.fr\/index.php\/2022\/10\/03\/foot-r2-martinique-leclair-de-riviere-salee-signe-sa-premiere-victoire\/","og_locale":"fr_FR","og_type":"article","og_title":"Foot-R2-Martinique: l'\u00c9clair de Rivi\u00e8re sal\u00e9e signe sa premi\u00e8re victoire. - Total Sports International (TSI)","og_description":"Par: Ralph Lourdy P\u00c9RICL\u00c8S Apr\u00e8s sa lourde d\u00e9faite lors de la journ\u00e9e pr\u00e9c\u00e9dente, les sal\u00e9ens ont remport\u00e9 leur premier succ\u00e8s, ce vendredi soir \u00e0 domicile [...]","og_url":"https:\/\/total-sport.fr\/index.php\/2022\/10\/03\/foot-r2-martinique-leclair-de-riviere-salee-signe-sa-premiere-victoire\/","og_site_name":"Total Sports International (TSI)","article_author":"https:\/\/www.facebook.com\/joly.jerometotalsport","article_published_time":"2022-10-03T16:03:31+00:00","article_modified_time":"2022-10-03T16:03:33+00:00","og_image":[{"width":640,"height":480,"url":"https:\/\/i0.wp.com\/total-sport.fr\/wp-content\/uploads\/IMG-20221003-WA0072.jpg?fit=640%2C480&ssl=1","type":"image\/jpeg"}],"author":"Joly JEROME","twitter_card":"summary_large_image","twitter_creator":"@Total Sport TS","twitter_misc":{"\u00c9crit par":"Joly JEROME","Dur\u00e9e de lecture estim\u00e9e":"1 minute"},"schema":{"@context":"https:\/\/schema.org","@graph":[{"@type":"WebPage","@id":"https:\/\/total-sport.fr\/index.php\/2022\/10\/03\/foot-r2-martinique-leclair-de-riviere-salee-signe-sa-premiere-victoire\/","url":"https:\/\/total-sport.fr\/index.php\/2022\/10\/03\/foot-r2-martinique-leclair-de-riviere-salee-signe-sa-premiere-victoire\/","name":"Foot-R2-Martinique: l'\u00c9clair de Rivi\u00e8re sal\u00e9e signe sa premi\u00e8re victoire. - Total Sports International (TSI)","isPartOf":{"@id":"https:\/\/total-sport.fr\/#website"},"primaryImageOfPage":{"@id":"https:\/\/total-sport.fr\/index.php\/2022\/10\/03\/foot-r2-martinique-leclair-de-riviere-salee-signe-sa-premiere-victoire\/#primaryimage"},"image":{"@id":"https:\/\/total-sport.fr\/index.php\/2022\/10\/03\/foot-r2-martinique-leclair-de-riviere-salee-signe-sa-premiere-victoire\/#primaryimage"},"thumbnailUrl":"https:\/\/i0.wp.com\/total-sport.fr\/wp-content\/uploads\/IMG-20221003-WA0072.jpg?fit=640%2C480&ssl=1","datePublished":"2022-10-03T16:03:31+00:00","dateModified":"2022-10-03T16:03:33+00:00","author":{"@id":"https:\/\/total-sport.fr\/#\/schema\/person\/f9f5599f372b747441cd5d912824aba4"},"breadcrumb":{"@id":"https:\/\/total-sport.fr\/index.php\/2022\/10\/03\/foot-r2-martinique-leclair-de-riviere-salee-signe-sa-premiere-victoire\/#breadcrumb"},"inLanguage":"fr-FR","potentialAction":[{"@type":"ReadAction","target":["https:\/\/total-sport.fr\/index.php\/2022\/10\/03\/foot-r2-martinique-leclair-de-riviere-salee-signe-sa-premiere-victoire\/"]}]},{"@type":"ImageObject","inLanguage":"fr-FR","@id":"https:\/\/total-sport.fr\/index.php\/2022\/10\/03\/foot-r2-martinique-leclair-de-riviere-salee-signe-sa-premiere-victoire\/#primaryimage","url":"https:\/\/i0.wp.com\/total-sport.fr\/wp-content\/uploads\/IMG-20221003-WA0072.jpg?fit=640%2C480&ssl=1","contentUrl":"https:\/\/i0.wp.com\/total-sport.fr\/wp-content\/uploads\/IMG-20221003-WA0072.jpg?fit=640%2C480&ssl=1","width":640,"height":480},{"@type":"BreadcrumbList","@id":"https:\/\/total-sport.fr\/index.php\/2022\/10\/03\/foot-r2-martinique-leclair-de-riviere-salee-signe-sa-premiere-victoire\/#breadcrumb","itemListElement":[{"@type":"ListItem","position":1,"name":"Accueil","item":"https:\/\/total-sport.fr\/"},{"@type":"ListItem","position":2,"name":"Foot-R2-Martinique: l&rsquo;\u00c9clair de Rivi\u00e8re sal\u00e9e signe sa premi\u00e8re victoire."}]},{"@type":"WebSite","@id":"https:\/\/total-sport.fr\/#website","url":"https:\/\/total-sport.fr\/","name":"Total Sports International (TSI)","description":"vous informer est notre priorit\u00e9, 7 jours sur 7 avec toujours le m\u00eame professionnalisme","potentialAction":[{"@type":"SearchAction","target":{"@type":"EntryPoint","urlTemplate":"https:\/\/total-sport.fr\/?s={search_term_string}"},"query-input":{"@type":"PropertyValueSpecification","valueRequired":true,"valueName":"search_term_string"}}],"inLanguage":"fr-FR"},{"@type":"Person","@id":"https:\/\/total-sport.fr\/#\/schema\/person\/f9f5599f372b747441cd5d912824aba4","name":"Joly JEROME","image":{"@type":"ImageObject","inLanguage":"fr-FR","@id":"https:\/\/total-sport.fr\/#\/schema\/person\/image\/","url":"https:\/\/secure.gravatar.com\/avatar\/33e98ca4065ab233074302dee778104df3e61a0f91ceba3d746e7e40dbe11f0d?s=96&d=mm&r=g","contentUrl":"https:\/\/secure.gravatar.com\/avatar\/33e98ca4065ab233074302dee778104df3e61a0f91ceba3d746e7e40dbe11f0d?s=96&d=mm&r=g","caption":"Joly JEROME"},"description":"Je suis Joly JEROME, passionn\u00e9 de la lecture et du Sport notamment le Football. Je suis Journaliste ind\u00e9pendant fougueux, s\u00e9rieux mettant ma plume \u00e0 votre service pour vous informer avec la v\u00e9rit\u00e9 comme boussole. Jolyjerome989@gmail.com \/0690 93 65 88","sameAs":["https:\/\/total-sport.fr","https:\/\/www.facebook.com\/joly.jerometotalsport","Joly_JJCA","Total Sport ts","https:\/\/x.com\/Total Sport TS"],"url":"https:\/\/total-sport.fr\/index.php\/author\/jolyjerome\/"}]}},"jetpack_publicize_connections":[],"jetpack_featured_media_url":"https:\/\/i0.wp.com\/total-sport.fr\/wp-content\/uploads\/IMG-20221003-WA0072.jpg?fit=640%2C480&ssl=1","jetpack_sharing_enabled":true,"jetpack_shortlink":"https:\/\/wp.me\/paF0J8-16Y","jetpack-related-posts":[{"id":3505,"url":"https:\/\/total-sport.fr\/index.php\/2020\/10\/18\/foot-r2-j5-les-abymiens-sont-au-pouvoir\/","url_meta":{"origin":4276,"position":0},"title":"Foot-R2-J5: Les Abymiens sont au pouvoir !","author":"Joly JEROME","date":"18 octobre 2020","format":false,"excerpt":"Par Ralph Lourdy Pericl\u00e9s Au terme de cette 5\u00e8me lev\u00e9e de la R2, ce sont deux clubs abymiens qui sont en t\u00eate du championnat. L'UNAR et le SIROCO sont respectivement leader de la Poule A et B de la R\u00e9gionale 2 Guadeloup\u00e9enne . \u00c0 l'issue de la Cinqui\u00e8me Journ\u00e9e de\u2026","rel":"","context":"Dans &quot;R2&quot;","block_context":{"text":"R2","link":"https:\/\/total-sport.fr\/index.php\/category\/r2\/"},"img":{"alt_text":"","src":"https:\/\/i0.wp.com\/total-sport.fr\/wp-content\/uploads\/IMG-20201003-WA0142.jpg?fit=1024%2C682&ssl=1&resize=350%2C200","width":350,"height":200,"srcset":"https:\/\/i0.wp.com\/total-sport.fr\/wp-content\/uploads\/IMG-20201003-WA0142.jpg?fit=1024%2C682&ssl=1&resize=350%2C200 1x, https:\/\/i0.wp.com\/total-sport.fr\/wp-content\/uploads\/IMG-20201003-WA0142.jpg?fit=1024%2C682&ssl=1&resize=525%2C300 1.5x, https:\/\/i0.wp.com\/total-sport.fr\/wp-content\/uploads\/IMG-20201003-WA0142.jpg?fit=1024%2C682&ssl=1&resize=700%2C400 2x"},"classes":[]},{"id":3384,"url":"https:\/\/total-sport.fr\/index.php\/2020\/09\/18\/foot-j2-r2-la-programmation-de-la-deuxieme-journee-de-la-r2-est-connue\/","url_meta":{"origin":4276,"position":1},"title":"Foot-J2-R2: La programmation de la deuxi\u00e8me journ\u00e9e de la R2 est Connue !","author":"Joly JEROME","date":"18 septembre 2020","format":false,"excerpt":"Par : Ralph Lourdy Pericles La Ligue Guadeloup\u00e9enne de Football \u00e0 d\u00e9voil\u00e9 la programmation de la Deuxi\u00e8me journ\u00e9e de La R2, avec plusieurs rencontres int\u00e9ressantes. Celle-ci a d\u00e9marr\u00e9 depuis mercredi avec la victoire de L'UNAR aux d\u00e9pens de MONDIAL FC 2-0. Cette deuxi\u00e8me journ\u00e9e continue ce vendredi 18 septembre avec\u2026","rel":"","context":"Dans &quot;R2&quot;","block_context":{"text":"R2","link":"https:\/\/total-sport.fr\/index.php\/category\/r2\/"},"img":{"alt_text":"","src":"https:\/\/i0.wp.com\/total-sport.fr\/wp-content\/uploads\/20200905_200006-scaled.jpg?fit=1200%2C675&ssl=1&resize=350%2C200","width":350,"height":200,"srcset":"https:\/\/i0.wp.com\/total-sport.fr\/wp-content\/uploads\/20200905_200006-scaled.jpg?fit=1200%2C675&ssl=1&resize=350%2C200 1x, https:\/\/i0.wp.com\/total-sport.fr\/wp-content\/uploads\/20200905_200006-scaled.jpg?fit=1200%2C675&ssl=1&resize=525%2C300 1.5x, https:\/\/i0.wp.com\/total-sport.fr\/wp-content\/uploads\/20200905_200006-scaled.jpg?fit=1200%2C675&ssl=1&resize=700%2C400 2x, https:\/\/i0.wp.com\/total-sport.fr\/wp-content\/uploads\/20200905_200006-scaled.jpg?fit=1200%2C675&ssl=1&resize=1050%2C600 3x"},"classes":[]},{"id":597,"url":"https:\/\/total-sport.fr\/index.php\/2019\/03\/15\/foot-guadeloupe-r1-19e-journee-deplacement-complique-du-sirocco-sur-terrain-du-leader-usr-va-t-il-gouter-a-la-victoire-face-a-larsenal-en-2019\/","url_meta":{"origin":4276,"position":2},"title":"Foot-Guadeloupe-R1-19e journ\u00e9e : D\u00e9placement compliqu\u00e9 du Sirocco sur terrain du leader, USR va-t-il  go\u00fbter \u00e0 la victoire face \u00e0 l&rsquo;Arsenal en 2019?","author":"Joly JEROME","date":"15 mars 2019","format":false,"excerpt":"Six matches sont au programme ce samedi 16 mars 2019, pour le compte de la 19e journ\u00e9e du championnat Guadeloup\u00e9en de football. AS Gosier -La Gauloise \u00e9tant report\u00e9, cependant le leader sera \u00e0 domicile pour croiser le fer le SIROCO des Abymes, alors que son dauphin accueil deux pieds fermes\u2026","rel":"","context":"Dans &quot;R1&quot;","block_context":{"text":"R1","link":"https:\/\/total-sport.fr\/index.php\/category\/r1\/"},"img":{"alt_text":"","src":"https:\/\/i0.wp.com\/total-sport.fr\/wp-content\/uploads\/20200521_124643.jpg?resize=350%2C200&ssl=1","width":350,"height":200,"srcset":"https:\/\/i0.wp.com\/total-sport.fr\/wp-content\/uploads\/20200521_124643.jpg?resize=350%2C200&ssl=1 1x, https:\/\/i0.wp.com\/total-sport.fr\/wp-content\/uploads\/20200521_124643.jpg?resize=525%2C300&ssl=1 1.5x, https:\/\/i0.wp.com\/total-sport.fr\/wp-content\/uploads\/20200521_124643.jpg?resize=700%2C400&ssl=1 2x"},"classes":[]},{"id":3168,"url":"https:\/\/total-sport.fr\/index.php\/2020\/08\/10\/foot-pre-saison-le-tour-dhorizon-des-matchs-amicaux-de-preparation-en-guadeloupe\/","url_meta":{"origin":4276,"position":3},"title":"Foot-pr\u00e9-saison: Le tour d&rsquo;horizon des matchs amicaux de pr\u00e9paration en Guadeloupe","author":"Joly JEROME","date":"10 ao\u00fbt 2020","format":false,"excerpt":"\u00c0 quelques jours de la reprise officielle des comp\u00e9titions en Guadeloupe, les clubs continuent leur pr\u00e9paration. Plusieurs matchs amicaux de pr\u00e9paration ont eu lieu cette semaine; les clubs de la R1, R2 et m\u00eame la R3 ont r\u00e9pondu pr\u00e9sent dans l'objectif de peaufiner leur pr\u00e9paration pour le d\u00e9but des comp\u00e9titions\u2026","rel":"","context":"Dans &quot;Match amical&quot;","block_context":{"text":"Match amical","link":"https:\/\/total-sport.fr\/index.php\/category\/amical\/"},"img":{"alt_text":"","src":"https:\/\/i0.wp.com\/total-sport.fr\/wp-content\/uploads\/Screenshot_20200809-132832_Instagram.jpg?fit=1080%2C854&ssl=1&resize=350%2C200","width":350,"height":200,"srcset":"https:\/\/i0.wp.com\/total-sport.fr\/wp-content\/uploads\/Screenshot_20200809-132832_Instagram.jpg?fit=1080%2C854&ssl=1&resize=350%2C200 1x, https:\/\/i0.wp.com\/total-sport.fr\/wp-content\/uploads\/Screenshot_20200809-132832_Instagram.jpg?fit=1080%2C854&ssl=1&resize=525%2C300 1.5x, https:\/\/i0.wp.com\/total-sport.fr\/wp-content\/uploads\/Screenshot_20200809-132832_Instagram.jpg?fit=1080%2C854&ssl=1&resize=700%2C400 2x, https:\/\/i0.wp.com\/total-sport.fr\/wp-content\/uploads\/Screenshot_20200809-132832_Instagram.jpg?fit=1080%2C854&ssl=1&resize=1050%2C600 3x"},"classes":[]},{"id":3452,"url":"https:\/\/total-sport.fr\/index.php\/2020\/10\/08\/foot-r2-j4-etoile-as-nenuphars-madiana-vs-asm-les-affiches-a-ne-pas-rater-en-r2\/","url_meta":{"origin":4276,"position":4},"title":"Foot-R2-J4: \u00c9TOILE-AS N\u00c9NUPHARS, MADIANA vs ASM, les affiches \u00e0 ne pas rater en R2.","author":"Joly JEROME","date":"8 octobre 2020","format":false,"excerpt":"\u00c0 l'inverse de la r\u00e9gionale 1, la R2 sera active . Ce week-end c'est la 4\u00e8me lev\u00e9e dans les deux poules, d\u00e8s vendredi on assistera \u00e0 trois (3) affiches dans la poule A. AS NENUPHARS Trois rencontres \u00e0 suivre d\u00e8s ce vendredi soir en R\u00e9gionale 2. Le Sporting club de\u2026","rel":"","context":"Dans &quot;Non class\u00e9&quot;","block_context":{"text":"Non class\u00e9","link":"https:\/\/total-sport.fr\/index.php\/category\/non-classe\/"},"img":{"alt_text":"","src":"https:\/\/i0.wp.com\/total-sport.fr\/wp-content\/uploads\/FB_IMG_1602209881847.jpg?fit=720%2C480&ssl=1&resize=350%2C200","width":350,"height":200,"srcset":"https:\/\/i0.wp.com\/total-sport.fr\/wp-content\/uploads\/FB_IMG_1602209881847.jpg?fit=720%2C480&ssl=1&resize=350%2C200 1x, https:\/\/i0.wp.com\/total-sport.fr\/wp-content\/uploads\/FB_IMG_1602209881847.jpg?fit=720%2C480&ssl=1&resize=525%2C300 1.5x, https:\/\/i0.wp.com\/total-sport.fr\/wp-content\/uploads\/FB_IMG_1602209881847.jpg?fit=720%2C480&ssl=1&resize=700%2C400 2x"},"classes":[]},{"id":1982,"url":"https:\/\/total-sport.fr\/index.php\/2019\/12\/15\/foot-r1-12e-j-jefc-leader-amical-club-revient-en-force\/","url_meta":{"origin":4276,"position":5},"title":"Foot-R1-12E J: JEFC leader, Amical club revient en force","author":"Joly JEROME","date":"15 d\u00e9cembre 2019","format":false,"excerpt":"\u00c0 l'issue d'une 12\u00e8me journ\u00e9e handicap\u00e9e par le report de deux matchs (JSVH-Racing\/ Arsenal-CSM), Jeunesse \u00c9volution est leader apr\u00e8s sa victoire au d\u00e9pens du stade Lamentinois 2-1. Battue 3-5 par USBM, AS Gosier n'est plus invincible en championnat, Amical club de Marie-Galante a pu compter sur les RAMOTHE ( Dimitri\u2026","rel":"","context":"Dans &quot;R1&quot;","block_context":{"text":"R1","link":"https:\/\/total-sport.fr\/index.php\/category\/r1\/"},"img":{"alt_text":"","src":"https:\/\/i0.wp.com\/total-sport.fr\/wp-content\/uploads\/2019\/08\/salt_20190531_123926_794.jpg?fit=1200%2C1200&ssl=1&resize=350%2C200","width":350,"height":200,"srcset":"https:\/\/i0.wp.com\/total-sport.fr\/wp-content\/uploads\/2019\/08\/salt_20190531_123926_794.jpg?fit=1200%2C1200&ssl=1&resize=350%2C200 1x, https:\/\/i0.wp.com\/total-sport.fr\/wp-content\/uploads\/2019\/08\/salt_20190531_123926_794.jpg?fit=1200%2C1200&ssl=1&resize=525%2C300 1.5x, https:\/\/i0.wp.com\/total-sport.fr\/wp-content\/uploads\/2019\/08\/salt_20190531_123926_794.jpg?fit=1200%2C1200&ssl=1&resize=700%2C400 2x, https:\/\/i0.wp.com\/total-sport.fr\/wp-content\/uploads\/2019\/08\/salt_20190531_123926_794.jpg?fit=1200%2C1200&ssl=1&resize=1050%2C600 3x"},"classes":[]}],"jetpack_likes_enabled":true,"_links":{"self":[{"href":"https:\/\/total-sport.fr\/index.php\/wp-json\/wp\/v2\/posts\/4276","targetHints":{"allow":["GET"]}}],"collection":[{"href":"https:\/\/total-sport.fr\/index.php\/wp-json\/wp\/v2\/posts"}],"about":[{"href":"https:\/\/total-sport.fr\/index.php\/wp-json\/wp\/v2\/types\/post"}],"author":[{"embeddable":true,"href":"https:\/\/total-sport.fr\/index.php\/wp-json\/wp\/v2\/users\/2"}],"replies":[{"embeddable":true,"href":"https:\/\/total-sport.fr\/index.php\/wp-json\/wp\/v2\/comments?post=4276"}],"version-history":[{"count":1,"href":"https:\/\/total-sport.fr\/index.php\/wp-json\/wp\/v2\/posts\/4276\/revisions"}],"predecessor-version":[{"id":4278,"href":"https:\/\/total-sport.fr\/index.php\/wp-json\/wp\/v2\/posts\/4276\/revisions\/4278"}],"wp:featuredmedia":[{"embeddable":true,"href":"https:\/\/total-sport.fr\/index.php\/wp-json\/wp\/v2\/media\/4277"}],"wp:attachment":[{"href":"https:\/\/total-sport.fr\/index.php\/wp-json\/wp\/v2\/media?parent=4276"}],"wp:term":[{"taxonomy":"category","embeddable":true,"href":"https:\/\/total-sport.fr\/index.php\/wp-json\/wp\/v2\/categories?post=4276"},{"taxonomy":"post_tag","embeddable":true,"href":"https:\/\/total-sport.fr\/index.php\/wp-json\/wp\/v2\/tags?post=4276"}],"curies":[{"name":"wp","href":"https:\/\/api.w.org\/{rel}","templated":true}]}}