{"id":4069,"date":"2022-02-07T17:19:50","date_gmt":"2022-02-07T21:19:50","guid":{"rendered":"https:\/\/total-sport.fr\/?p=4069"},"modified":"2022-02-07T17:45:20","modified_gmt":"2022-02-07T21:45:20","slug":"foot-r1-les-faits-marquants-de-5eme-journee-r1-vito","status":"publish","type":"post","link":"https:\/\/total-sport.fr\/index.php\/2022\/02\/07\/foot-r1-les-faits-marquants-de-5eme-journee-r1-vito\/","title":{"rendered":"Foot-R1: Les faits marquants de 5\u00e8me journ\u00e9e R1 Vito"},"content":{"rendered":"\n<p><strong>La 5\u00e9me journ\u00e9e de la R1 Vito a pris fin ce weekend avec une pluie de buts notamment dans la poule B. Les filets ont trembl\u00e9, les attaquants ont r\u00e9pondu pr\u00e9sents dans la quasi totalit\u00e9 des rencontres<\/strong>,&nbsp;<strong>Total Sport TS vous propose de revenir sur les faits marquants de cette 5\u00e9me journ\u00e9e de la R1 Vito.<\/strong><\/p>\n\n\n\n<p>Pour la premi\u00e8re fois de la saison tous les matchs de la R1 Vito ont eu lieu. L\u2019indisponibilit\u00e9 des terrains et les raisons sanitaires ont \u00e9t\u00e9 brill\u00e9es par leur absence et les amoureux du ballon rond se sont r\u00e9gal\u00e9s dans les tribunes de certains stades .<\/p>\n\n\n\n<figure class=\"wp-block-image size-full\"><img data-recalc-dims=\"1\" loading=\"lazy\" decoding=\"async\" width=\"940\" height=\"788\" data-attachment-id=\"4080\" data-permalink=\"https:\/\/total-sport.fr\/index.php\/2022\/02\/07\/foot-r1-les-faits-marquants-de-5eme-journee-r1-vito\/jol\/\" data-orig-file=\"https:\/\/i0.wp.com\/total-sport.fr\/wp-content\/uploads\/jol.jpg?fit=940%2C788&amp;ssl=1\" data-orig-size=\"940,788\" data-comments-opened=\"1\" data-image-meta=\"{&quot;aperture&quot;:&quot;0&quot;,&quot;credit&quot;:&quot;&quot;,&quot;camera&quot;:&quot;&quot;,&quot;caption&quot;:&quot;&quot;,&quot;created_timestamp&quot;:&quot;0&quot;,&quot;copyright&quot;:&quot;&quot;,&quot;focal_length&quot;:&quot;0&quot;,&quot;iso&quot;:&quot;0&quot;,&quot;shutter_speed&quot;:&quot;0&quot;,&quot;title&quot;:&quot;&quot;,&quot;orientation&quot;:&quot;0&quot;}\" data-image-title=\"jol\" data-image-description=\"\" data-image-caption=\"\" data-large-file=\"https:\/\/i0.wp.com\/total-sport.fr\/wp-content\/uploads\/jol.jpg?fit=940%2C788&amp;ssl=1\" src=\"https:\/\/i0.wp.com\/total-sport.fr\/wp-content\/uploads\/jol.jpg?resize=940%2C788&#038;ssl=1\" alt=\"\" class=\"wp-image-4080\" srcset=\"https:\/\/i0.wp.com\/total-sport.fr\/wp-content\/uploads\/jol.jpg?w=940&amp;ssl=1 940w, https:\/\/i0.wp.com\/total-sport.fr\/wp-content\/uploads\/jol.jpg?resize=300%2C251&amp;ssl=1 300w, https:\/\/i0.wp.com\/total-sport.fr\/wp-content\/uploads\/jol.jpg?resize=768%2C644&amp;ssl=1 768w\" sizes=\"auto, (max-width: 940px) 100vw, 940px\" \/><\/figure>\n\n\n\n<p><strong><em>10 MATCHS SUR 10 ont eu lieu :<\/em>&nbsp;<\/strong>Pour cette 5\u00e9me lev\u00e9e de la R1 Vito , on aura assist\u00e9 \u00e0 10 sur 10. Dans les deux poules, toutes rencontres ont \u00e9t\u00e9 tenues avec 35 buts inscrits, 7 victoires et 3 matchs nuls pour une 5\u00e8me journ\u00e9e tr\u00e8s prolifique; sauf les matchs USR-RACING et AMICAL-ARSENAL ont termin\u00e9 sur un score blanc.<\/p>\n\n\n\n<figure class=\"wp-block-image size-large\"><img data-recalc-dims=\"1\" loading=\"lazy\" decoding=\"async\" width=\"1024\" height=\"1011\" data-attachment-id=\"4071\" data-permalink=\"https:\/\/total-sport.fr\/index.php\/2022\/02\/07\/foot-r1-les-faits-marquants-de-5eme-journee-r1-vito\/pasape\/\" data-orig-file=\"https:\/\/i0.wp.com\/total-sport.fr\/wp-content\/uploads\/PASAPE.jpg?fit=1079%2C1065&amp;ssl=1\" data-orig-size=\"1079,1065\" data-comments-opened=\"1\" data-image-meta=\"{&quot;aperture&quot;:&quot;0&quot;,&quot;credit&quot;:&quot;&quot;,&quot;camera&quot;:&quot;&quot;,&quot;caption&quot;:&quot;&quot;,&quot;created_timestamp&quot;:&quot;0&quot;,&quot;copyright&quot;:&quot;&quot;,&quot;focal_length&quot;:&quot;0&quot;,&quot;iso&quot;:&quot;0&quot;,&quot;shutter_speed&quot;:&quot;0&quot;,&quot;title&quot;:&quot;&quot;,&quot;orientation&quot;:&quot;0&quot;}\" data-image-title=\"PASAPE\" data-image-description=\"\" data-image-caption=\"\" data-large-file=\"https:\/\/i0.wp.com\/total-sport.fr\/wp-content\/uploads\/PASAPE.jpg?fit=1024%2C1011&amp;ssl=1\" src=\"https:\/\/i0.wp.com\/total-sport.fr\/wp-content\/uploads\/PASAPE.jpg?resize=1024%2C1011&#038;ssl=1\" alt=\"\" class=\"wp-image-4071\" srcset=\"https:\/\/i0.wp.com\/total-sport.fr\/wp-content\/uploads\/PASAPE.jpg?resize=1024%2C1011&amp;ssl=1 1024w, https:\/\/i0.wp.com\/total-sport.fr\/wp-content\/uploads\/PASAPE.jpg?resize=300%2C296&amp;ssl=1 300w, https:\/\/i0.wp.com\/total-sport.fr\/wp-content\/uploads\/PASAPE.jpg?resize=768%2C758&amp;ssl=1 768w, https:\/\/i0.wp.com\/total-sport.fr\/wp-content\/uploads\/PASAPE.jpg?w=1079&amp;ssl=1 1079w\" sizes=\"auto, (max-width: 1000px) 100vw, 1000px\" \/><\/figure>\n\n\n\n<p><em><strong>PHILIBERT, MIRVAL et PASSAPE en feu:<\/strong><\/em>&nbsp;Sur les 35 buts inscrits pour cette 5\u00e8me journ\u00e9e, les 3 joueurs ont inscrit 10 soit 28,57 pour cent des buts de la journ\u00e9e. Ricardo Philibert a \u00e9t\u00e9 le chef dans le massacre de l\u2019AS GOSIER contre USBM (8-1). Le num\u00e9ro 17 des requins a plant\u00e9 4 buts dans les filets de SAINTINI et livr\u00e9 2 passes d\u00e9cisives, ce qui lui fait  un total de 7 buts en championnat, soit le deuxi\u00e8me meilleur buteur de la R1 Vito.<\/p>\n\n\n\n<p>Si vous cherchez un joueur qui marque qu\u2019au pluriel sur les derni\u00e8res rencontres en championnat, ne vous mettez plus martel en t\u00eate, appelez Raphael Mirval. L\u2019actuel patron au classement des meilleurs buteurs a puni le CERFA FC \u00e0 reprises pour donner la victoire de la Solidarit\u00e9 Scolaire 3-0 sur 2 passes d\u00e9cisives de Gr\u00e9gory Gendrey. Gr\u00e2ce \u00e0 son but contre le CAM, ses 5 buts contre USR et ses 3 buts contre CERFA FC, Mirval totalise 9 buts en championnat soit 64,29 pour cent des buts inscrits en championnat par la Solidarit\u00e9 Scolaire.<\/p>\n\n\n\n<p>Yannick PASSAPE, a permis \u00e0 l\u2019\u00c9TOILE de Morne \u00e0 l\u2019eau de sortir vivant face \u00e0 LA Gauloise de Basse-Terre. Mal embarqu\u00e9s dans ce match contre les coqs basseterriens, les locaux ont pu compter sur un PASSAPE en feu, auteur de 3 buts pour prendre les longueurs de l\u2019\u00e9quipe entrain\u00e9e par Dominck MOCKA 4-2. D\u00e9j\u00e0 buteur d\u00e9cisif face au Sporting Club, l\u2019ex capitaine des gwadaboys a encore sauv\u00e9 les siens pour cette 5\u00e8me journ\u00e9e, d\u00e9j\u00e0 4 buts en 3 matchs pour le virevoltant attaquant de l\u2019\u00c9TOILE.<\/p>\n\n\n\n<p><em><strong><a href=\"https:\/\/total-sport.fr\/index.php\/2019\/12\/14\/foot-r1-12e-j-usbm-et-son-raph4-crucifient-as-gosier\/\">AS GOSIER, 2 ANS, 1 MOIS et 24 JOURS invaincue en championnat<\/a><\/strong><\/em>: L\u2019AS GOSIER reste sur une s\u00e9rie d\u2019invincibilit\u00e9 incroyable en championnat. Battus le 14 d\u00e9cembre 2019 par l\u2019USBM (5-3), les requins n\u2019ont depuis lors jamais \u00e9t\u00e9 battus en championnat. Raphael Mirval qui avait inscrit un quadrupl\u00e9 et livr\u00e9 une passe \u00e0 l\u2019\u00e9poque, aura l\u2019occasion d\u2019affronter cette \u00e9quipe de l\u2019AS GOSIER bien arm\u00e9e, entrain\u00e9e par Mickael GERMAIN pour la 6\u00e8me lev\u00e9e. La Solidarit\u00e9 Scolaire mettra t-elle fin \u00e0 cette belle s\u00e9rie de l\u2019AS Gosier en championnat? Rendez-vous samedi 15h30 au Moule.<\/p>\n\n\n\n<p><em><strong>CSM et AS GOSIER sans piti\u00e9<\/strong><\/em>: Le Club Sportif Moulien et l\u2019AS Gosier ont \u00e9t\u00e9 impitoyables ce weekend dan la poule B. Le SIROCO a donn\u00e9 la le\u00e7on de 6-0 au CAM lors de la premi\u00e8re journ\u00e9e mais contre le CSM, les vrais professeurs ont \u00e9t\u00e9 Richard ALBERT et ses poulains. Les impossibles mouliens ont corrig\u00e9s s\u00e9v\u00e8rement le SIROCO sur le score de 6-0. Menji Gomez \u00e0 deux reprises, Ludovic Gotin, Vickash Till\u00e9 et Phobert ont tous particip\u00e9 \u00e0 cette \u00e9crasante victoire contre le SIROCO.<\/p>\n\n\n\n<p>L\u2019USBM \u00e9tait impuissante face \u00e0 la machine de l\u2019AS Gosier, les co\u00e9quipiers de Popote ont sem\u00e9 8 buts dans les filets du club de Baie-Mahault. Ricardo Philibert \u00e9tait le bourreau des poulains de Thierry ANTONIN avec 4 buts inscrits. Jean Renaud Jean-Fran\u00e7ois a marqu\u00e9 2 buts, Livier Serin et Lucas Ardenne ont \u00e9t\u00e9 les deux autres buteurs de ce match.<\/p>\n","protected":false},"excerpt":{"rendered":"<div class=\"mh-excerpt\"><p>La 5\u00e9me journ\u00e9e de la R1 Vito a pris fin ce weekend avec une pluie de buts notamment dans la poule B. Les filets ont <a class=\"mh-excerpt-more\" href=\"https:\/\/total-sport.fr\/index.php\/2022\/02\/07\/foot-r1-les-faits-marquants-de-5eme-journee-r1-vito\/\" title=\"Foot-R1: Les faits marquants de 5\u00e8me journ\u00e9e R1 Vito\">[&#8230;]<\/a><\/p>\n<\/div>","protected":false},"author":2,"featured_media":4072,"comment_status":"open","ping_status":"open","sticky":false,"template":"","format":"standard","meta":{"jetpack_post_was_ever_published":false,"_jetpack_newsletter_access":"","_jetpack_dont_email_post_to_subs":false,"_jetpack_newsletter_tier_id":0,"_jetpack_memberships_contains_paywalled_content":false,"_jetpack_memberships_contains_paid_content":false,"footnotes":"","jetpack_publicize_message":"","jetpack_publicize_feature_enabled":true,"jetpack_social_post_already_shared":true,"jetpack_social_options":{"image_generator_settings":{"template":"highway","default_image_id":0,"font":"","enabled":false},"version":2}},"categories":[6],"tags":[],"class_list":["post-4069","post","type-post","status-publish","format-standard","has-post-thumbnail","hentry","category-r1"],"yoast_head":"<!-- This site is optimized with the Yoast SEO plugin v24.9 - https:\/\/yoast.com\/wordpress\/plugins\/seo\/ -->\n<title>Foot-R1: Les faits marquants de 5\u00e8me journ\u00e9e R1 Vito - Total Sports International (TSI)<\/title>\n<meta name=\"robots\" content=\"index, follow, max-snippet:-1, max-image-preview:large, max-video-preview:-1\" \/>\n<link rel=\"canonical\" href=\"https:\/\/total-sport.fr\/index.php\/2022\/02\/07\/foot-r1-les-faits-marquants-de-5eme-journee-r1-vito\/\" \/>\n<meta property=\"og:locale\" content=\"fr_FR\" \/>\n<meta property=\"og:type\" content=\"article\" \/>\n<meta property=\"og:title\" content=\"Foot-R1: Les faits marquants de 5\u00e8me journ\u00e9e R1 Vito - Total Sports International (TSI)\" \/>\n<meta property=\"og:description\" content=\"La 5\u00e9me journ\u00e9e de la R1 Vito a pris fin ce weekend avec une pluie de buts notamment dans la poule B. Les filets ont [...]\" \/>\n<meta property=\"og:url\" content=\"https:\/\/total-sport.fr\/index.php\/2022\/02\/07\/foot-r1-les-faits-marquants-de-5eme-journee-r1-vito\/\" \/>\n<meta property=\"og:site_name\" content=\"Total Sports International (TSI)\" \/>\n<meta property=\"article:author\" content=\"https:\/\/www.facebook.com\/joly.jerometotalsport\" \/>\n<meta property=\"article:published_time\" content=\"2022-02-07T21:19:50+00:00\" \/>\n<meta property=\"article:modified_time\" content=\"2022-02-07T21:45:20+00:00\" \/>\n<meta property=\"og:image\" content=\"https:\/\/i0.wp.com\/total-sport.fr\/wp-content\/uploads\/RICARDO-ET.jpg?fit=940%2C788&ssl=1\" \/>\n\t<meta property=\"og:image:width\" content=\"940\" \/>\n\t<meta property=\"og:image:height\" content=\"788\" \/>\n\t<meta property=\"og:image:type\" content=\"image\/jpeg\" \/>\n<meta name=\"author\" content=\"Joly JEROME\" \/>\n<meta name=\"twitter:card\" content=\"summary_large_image\" \/>\n<meta name=\"twitter:creator\" content=\"@Total Sport TS\" \/>\n<meta name=\"twitter:label1\" content=\"\u00c9crit par\" \/>\n\t<meta name=\"twitter:data1\" content=\"Joly JEROME\" \/>\n\t<meta name=\"twitter:label2\" content=\"Dur\u00e9e de lecture estim\u00e9e\" \/>\n\t<meta name=\"twitter:data2\" content=\"4 minutes\" \/>\n<script type=\"application\/ld+json\" class=\"yoast-schema-graph\">{\"@context\":\"https:\/\/schema.org\",\"@graph\":[{\"@type\":\"WebPage\",\"@id\":\"https:\/\/total-sport.fr\/index.php\/2022\/02\/07\/foot-r1-les-faits-marquants-de-5eme-journee-r1-vito\/\",\"url\":\"https:\/\/total-sport.fr\/index.php\/2022\/02\/07\/foot-r1-les-faits-marquants-de-5eme-journee-r1-vito\/\",\"name\":\"Foot-R1: Les faits marquants de 5\u00e8me journ\u00e9e R1 Vito - Total Sports International (TSI)\",\"isPartOf\":{\"@id\":\"https:\/\/total-sport.fr\/#website\"},\"primaryImageOfPage\":{\"@id\":\"https:\/\/total-sport.fr\/index.php\/2022\/02\/07\/foot-r1-les-faits-marquants-de-5eme-journee-r1-vito\/#primaryimage\"},\"image\":{\"@id\":\"https:\/\/total-sport.fr\/index.php\/2022\/02\/07\/foot-r1-les-faits-marquants-de-5eme-journee-r1-vito\/#primaryimage\"},\"thumbnailUrl\":\"https:\/\/i0.wp.com\/total-sport.fr\/wp-content\/uploads\/RICARDO-ET.jpg?fit=940%2C788&ssl=1\",\"datePublished\":\"2022-02-07T21:19:50+00:00\",\"dateModified\":\"2022-02-07T21:45:20+00:00\",\"author\":{\"@id\":\"https:\/\/total-sport.fr\/#\/schema\/person\/f9f5599f372b747441cd5d912824aba4\"},\"breadcrumb\":{\"@id\":\"https:\/\/total-sport.fr\/index.php\/2022\/02\/07\/foot-r1-les-faits-marquants-de-5eme-journee-r1-vito\/#breadcrumb\"},\"inLanguage\":\"fr-FR\",\"potentialAction\":[{\"@type\":\"ReadAction\",\"target\":[\"https:\/\/total-sport.fr\/index.php\/2022\/02\/07\/foot-r1-les-faits-marquants-de-5eme-journee-r1-vito\/\"]}]},{\"@type\":\"ImageObject\",\"inLanguage\":\"fr-FR\",\"@id\":\"https:\/\/total-sport.fr\/index.php\/2022\/02\/07\/foot-r1-les-faits-marquants-de-5eme-journee-r1-vito\/#primaryimage\",\"url\":\"https:\/\/i0.wp.com\/total-sport.fr\/wp-content\/uploads\/RICARDO-ET.jpg?fit=940%2C788&ssl=1\",\"contentUrl\":\"https:\/\/i0.wp.com\/total-sport.fr\/wp-content\/uploads\/RICARDO-ET.jpg?fit=940%2C788&ssl=1\",\"width\":940,\"height\":788,\"caption\":\"Les 4 faits marquants de la 5\u00e8me journ\u00e9e R1 Vito\"},{\"@type\":\"BreadcrumbList\",\"@id\":\"https:\/\/total-sport.fr\/index.php\/2022\/02\/07\/foot-r1-les-faits-marquants-de-5eme-journee-r1-vito\/#breadcrumb\",\"itemListElement\":[{\"@type\":\"ListItem\",\"position\":1,\"name\":\"Accueil\",\"item\":\"https:\/\/total-sport.fr\/\"},{\"@type\":\"ListItem\",\"position\":2,\"name\":\"Foot-R1: Les faits marquants de 5\u00e8me journ\u00e9e R1 Vito\"}]},{\"@type\":\"WebSite\",\"@id\":\"https:\/\/total-sport.fr\/#website\",\"url\":\"https:\/\/total-sport.fr\/\",\"name\":\"Total Sports International (TSI)\",\"description\":\"vous informer est notre priorit\u00e9, 7 jours sur 7 avec toujours le m\u00eame professionnalisme\",\"potentialAction\":[{\"@type\":\"SearchAction\",\"target\":{\"@type\":\"EntryPoint\",\"urlTemplate\":\"https:\/\/total-sport.fr\/?s={search_term_string}\"},\"query-input\":{\"@type\":\"PropertyValueSpecification\",\"valueRequired\":true,\"valueName\":\"search_term_string\"}}],\"inLanguage\":\"fr-FR\"},{\"@type\":\"Person\",\"@id\":\"https:\/\/total-sport.fr\/#\/schema\/person\/f9f5599f372b747441cd5d912824aba4\",\"name\":\"Joly JEROME\",\"image\":{\"@type\":\"ImageObject\",\"inLanguage\":\"fr-FR\",\"@id\":\"https:\/\/total-sport.fr\/#\/schema\/person\/image\/\",\"url\":\"https:\/\/secure.gravatar.com\/avatar\/33e98ca4065ab233074302dee778104df3e61a0f91ceba3d746e7e40dbe11f0d?s=96&d=mm&r=g\",\"contentUrl\":\"https:\/\/secure.gravatar.com\/avatar\/33e98ca4065ab233074302dee778104df3e61a0f91ceba3d746e7e40dbe11f0d?s=96&d=mm&r=g\",\"caption\":\"Joly JEROME\"},\"description\":\"Je suis Joly JEROME, passionn\u00e9 de la lecture et du Sport notamment le Football. Je suis Journaliste ind\u00e9pendant fougueux, s\u00e9rieux mettant ma plume \u00e0 votre service pour vous informer avec la v\u00e9rit\u00e9 comme boussole. Jolyjerome989@gmail.com \/0690 93 65 88\",\"sameAs\":[\"https:\/\/total-sport.fr\",\"https:\/\/www.facebook.com\/joly.jerometotalsport\",\"Joly_JJCA\",\"Total Sport ts\",\"https:\/\/x.com\/Total Sport TS\"],\"url\":\"https:\/\/total-sport.fr\/index.php\/author\/jolyjerome\/\"}]}<\/script>\n<!-- \/ Yoast SEO plugin. -->","yoast_head_json":{"title":"Foot-R1: Les faits marquants de 5\u00e8me journ\u00e9e R1 Vito - Total Sports International (TSI)","robots":{"index":"index","follow":"follow","max-snippet":"max-snippet:-1","max-image-preview":"max-image-preview:large","max-video-preview":"max-video-preview:-1"},"canonical":"https:\/\/total-sport.fr\/index.php\/2022\/02\/07\/foot-r1-les-faits-marquants-de-5eme-journee-r1-vito\/","og_locale":"fr_FR","og_type":"article","og_title":"Foot-R1: Les faits marquants de 5\u00e8me journ\u00e9e R1 Vito - Total Sports International (TSI)","og_description":"La 5\u00e9me journ\u00e9e de la R1 Vito a pris fin ce weekend avec une pluie de buts notamment dans la poule B. Les filets ont [...]","og_url":"https:\/\/total-sport.fr\/index.php\/2022\/02\/07\/foot-r1-les-faits-marquants-de-5eme-journee-r1-vito\/","og_site_name":"Total Sports International (TSI)","article_author":"https:\/\/www.facebook.com\/joly.jerometotalsport","article_published_time":"2022-02-07T21:19:50+00:00","article_modified_time":"2022-02-07T21:45:20+00:00","og_image":[{"width":940,"height":788,"url":"https:\/\/i0.wp.com\/total-sport.fr\/wp-content\/uploads\/RICARDO-ET.jpg?fit=940%2C788&ssl=1","type":"image\/jpeg"}],"author":"Joly JEROME","twitter_card":"summary_large_image","twitter_creator":"@Total Sport TS","twitter_misc":{"\u00c9crit par":"Joly JEROME","Dur\u00e9e de lecture estim\u00e9e":"4 minutes"},"schema":{"@context":"https:\/\/schema.org","@graph":[{"@type":"WebPage","@id":"https:\/\/total-sport.fr\/index.php\/2022\/02\/07\/foot-r1-les-faits-marquants-de-5eme-journee-r1-vito\/","url":"https:\/\/total-sport.fr\/index.php\/2022\/02\/07\/foot-r1-les-faits-marquants-de-5eme-journee-r1-vito\/","name":"Foot-R1: Les faits marquants de 5\u00e8me journ\u00e9e R1 Vito - Total Sports International (TSI)","isPartOf":{"@id":"https:\/\/total-sport.fr\/#website"},"primaryImageOfPage":{"@id":"https:\/\/total-sport.fr\/index.php\/2022\/02\/07\/foot-r1-les-faits-marquants-de-5eme-journee-r1-vito\/#primaryimage"},"image":{"@id":"https:\/\/total-sport.fr\/index.php\/2022\/02\/07\/foot-r1-les-faits-marquants-de-5eme-journee-r1-vito\/#primaryimage"},"thumbnailUrl":"https:\/\/i0.wp.com\/total-sport.fr\/wp-content\/uploads\/RICARDO-ET.jpg?fit=940%2C788&ssl=1","datePublished":"2022-02-07T21:19:50+00:00","dateModified":"2022-02-07T21:45:20+00:00","author":{"@id":"https:\/\/total-sport.fr\/#\/schema\/person\/f9f5599f372b747441cd5d912824aba4"},"breadcrumb":{"@id":"https:\/\/total-sport.fr\/index.php\/2022\/02\/07\/foot-r1-les-faits-marquants-de-5eme-journee-r1-vito\/#breadcrumb"},"inLanguage":"fr-FR","potentialAction":[{"@type":"ReadAction","target":["https:\/\/total-sport.fr\/index.php\/2022\/02\/07\/foot-r1-les-faits-marquants-de-5eme-journee-r1-vito\/"]}]},{"@type":"ImageObject","inLanguage":"fr-FR","@id":"https:\/\/total-sport.fr\/index.php\/2022\/02\/07\/foot-r1-les-faits-marquants-de-5eme-journee-r1-vito\/#primaryimage","url":"https:\/\/i0.wp.com\/total-sport.fr\/wp-content\/uploads\/RICARDO-ET.jpg?fit=940%2C788&ssl=1","contentUrl":"https:\/\/i0.wp.com\/total-sport.fr\/wp-content\/uploads\/RICARDO-ET.jpg?fit=940%2C788&ssl=1","width":940,"height":788,"caption":"Les 4 faits marquants de la 5\u00e8me journ\u00e9e R1 Vito"},{"@type":"BreadcrumbList","@id":"https:\/\/total-sport.fr\/index.php\/2022\/02\/07\/foot-r1-les-faits-marquants-de-5eme-journee-r1-vito\/#breadcrumb","itemListElement":[{"@type":"ListItem","position":1,"name":"Accueil","item":"https:\/\/total-sport.fr\/"},{"@type":"ListItem","position":2,"name":"Foot-R1: Les faits marquants de 5\u00e8me journ\u00e9e R1 Vito"}]},{"@type":"WebSite","@id":"https:\/\/total-sport.fr\/#website","url":"https:\/\/total-sport.fr\/","name":"Total Sports International (TSI)","description":"vous informer est notre priorit\u00e9, 7 jours sur 7 avec toujours le m\u00eame professionnalisme","potentialAction":[{"@type":"SearchAction","target":{"@type":"EntryPoint","urlTemplate":"https:\/\/total-sport.fr\/?s={search_term_string}"},"query-input":{"@type":"PropertyValueSpecification","valueRequired":true,"valueName":"search_term_string"}}],"inLanguage":"fr-FR"},{"@type":"Person","@id":"https:\/\/total-sport.fr\/#\/schema\/person\/f9f5599f372b747441cd5d912824aba4","name":"Joly JEROME","image":{"@type":"ImageObject","inLanguage":"fr-FR","@id":"https:\/\/total-sport.fr\/#\/schema\/person\/image\/","url":"https:\/\/secure.gravatar.com\/avatar\/33e98ca4065ab233074302dee778104df3e61a0f91ceba3d746e7e40dbe11f0d?s=96&d=mm&r=g","contentUrl":"https:\/\/secure.gravatar.com\/avatar\/33e98ca4065ab233074302dee778104df3e61a0f91ceba3d746e7e40dbe11f0d?s=96&d=mm&r=g","caption":"Joly JEROME"},"description":"Je suis Joly JEROME, passionn\u00e9 de la lecture et du Sport notamment le Football. Je suis Journaliste ind\u00e9pendant fougueux, s\u00e9rieux mettant ma plume \u00e0 votre service pour vous informer avec la v\u00e9rit\u00e9 comme boussole. Jolyjerome989@gmail.com \/0690 93 65 88","sameAs":["https:\/\/total-sport.fr","https:\/\/www.facebook.com\/joly.jerometotalsport","Joly_JJCA","Total Sport ts","https:\/\/x.com\/Total Sport TS"],"url":"https:\/\/total-sport.fr\/index.php\/author\/jolyjerome\/"}]}},"jetpack_publicize_connections":[],"jetpack_featured_media_url":"https:\/\/i0.wp.com\/total-sport.fr\/wp-content\/uploads\/RICARDO-ET.jpg?fit=940%2C788&ssl=1","jetpack_sharing_enabled":true,"jetpack_shortlink":"https:\/\/wp.me\/paF0J8-13D","jetpack-related-posts":[{"id":4033,"url":"https:\/\/total-sport.fr\/index.php\/2022\/01\/21\/foot-j3-r1-as-gosier-vs-csm-le-choc-de-la-3eme-journee-r1-vito\/","url_meta":{"origin":4069,"position":0},"title":"Foot-J3-R1: AS GOSIER vs CSM, le choc de la 3\u00e8me journ\u00e9e R1 Vito!","author":"Joly JEROME","date":"21 janvier 2022","format":false,"excerpt":"Pr\u00e9parez vous \u00e0 suivre un samedi apr\u00e8s midi de football ! Huit (8) rencontres sont \u00e0 l'affiche pour le compte de cette troisi\u00e8me lev\u00e9e de la r\u00e9gionale 1 Vito ce samedi. AS GOSIER et le CSM ont rendez vous au stade valette de Sainte-Anne pour le choc de la journ\u00e9e,\u2026","rel":"","context":"Dans &quot;R1&quot;","block_context":{"text":"R1","link":"https:\/\/total-sport.fr\/index.php\/category\/r1\/"},"img":{"alt_text":"3eme journ\u00e9e R1","src":"https:\/\/i0.wp.com\/total-sport.fr\/wp-content\/uploads\/mickarichard.jpg?fit=720%2C480&ssl=1&resize=350%2C200","width":350,"height":200,"srcset":"https:\/\/i0.wp.com\/total-sport.fr\/wp-content\/uploads\/mickarichard.jpg?fit=720%2C480&ssl=1&resize=350%2C200 1x, https:\/\/i0.wp.com\/total-sport.fr\/wp-content\/uploads\/mickarichard.jpg?fit=720%2C480&ssl=1&resize=525%2C300 1.5x, https:\/\/i0.wp.com\/total-sport.fr\/wp-content\/uploads\/mickarichard.jpg?fit=720%2C480&ssl=1&resize=700%2C400 2x"},"classes":[]},{"id":3957,"url":"https:\/\/total-sport.fr\/index.php\/2022\/01\/06\/foot-r1-huit-mois-apres-la-regionale-1-vito-au-programme-ce-weekend\/","url_meta":{"origin":4069,"position":1},"title":"Foot-R1: Huit (8) mois apr\u00e8s, la R\u00e9gionale 1 Vito au programme ce weekend!","author":"Joly JEROME","date":"6 janvier 2022","format":false,"excerpt":"Stade Jacques PONREMY, CSM vs PHARE. Photo: LGF","rel":"","context":"Dans &quot;R1&quot;","block_context":{"text":"R1","link":"https:\/\/total-sport.fr\/index.php\/category\/r1\/"},"img":{"alt_text":"Premi\u00e8re journ\u00e9e R1 Vito Guadeloupe Joly JEROME","src":"https:\/\/i0.wp.com\/total-sport.fr\/wp-content\/uploads\/iss.jpg?fit=1200%2C800&ssl=1&resize=350%2C200","width":350,"height":200,"srcset":"https:\/\/i0.wp.com\/total-sport.fr\/wp-content\/uploads\/iss.jpg?fit=1200%2C800&ssl=1&resize=350%2C200 1x, https:\/\/i0.wp.com\/total-sport.fr\/wp-content\/uploads\/iss.jpg?fit=1200%2C800&ssl=1&resize=525%2C300 1.5x, https:\/\/i0.wp.com\/total-sport.fr\/wp-content\/uploads\/iss.jpg?fit=1200%2C800&ssl=1&resize=700%2C400 2x, https:\/\/i0.wp.com\/total-sport.fr\/wp-content\/uploads\/iss.jpg?fit=1200%2C800&ssl=1&resize=1050%2C600 3x"},"classes":[]},{"id":4016,"url":"https:\/\/total-sport.fr\/index.php\/2022\/01\/14\/foot-j2-r1-les-affiches-de-la-2eme-journee-avec-un-derby-chaud-bouillant-dans-la-poule-a\/","url_meta":{"origin":4069,"position":2},"title":"Foot-J2-R1: Les affiches de la 2\u00e9me journ\u00e9e avec un derby chaud bouillant dans la poule A!","author":"Joly JEROME","date":"14 janvier 2022","format":false,"excerpt":"Le PHARE de Petit-Canal affronte L'\u00c9TOILE dans un derby qui promet d'\u00eatre chaud bouillant.","rel":"","context":"Dans &quot;R1&quot;","block_context":{"text":"R1","link":"https:\/\/total-sport.fr\/index.php\/category\/r1\/"},"img":{"alt_text":"Le PHARE de Petit-Canal en d\u00e9placent sur le terrain de L'ETOILE pour derby et choc de la deuxi\u00e8me journ\u00e9e R1 Vito","src":"https:\/\/i0.wp.com\/total-sport.fr\/wp-content\/uploads\/Screenshot_20220114-071026_Instagram.jpg?fit=1079%2C648&ssl=1&resize=350%2C200","width":350,"height":200,"srcset":"https:\/\/i0.wp.com\/total-sport.fr\/wp-content\/uploads\/Screenshot_20220114-071026_Instagram.jpg?fit=1079%2C648&ssl=1&resize=350%2C200 1x, https:\/\/i0.wp.com\/total-sport.fr\/wp-content\/uploads\/Screenshot_20220114-071026_Instagram.jpg?fit=1079%2C648&ssl=1&resize=525%2C300 1.5x, https:\/\/i0.wp.com\/total-sport.fr\/wp-content\/uploads\/Screenshot_20220114-071026_Instagram.jpg?fit=1079%2C648&ssl=1&resize=700%2C400 2x, https:\/\/i0.wp.com\/total-sport.fr\/wp-content\/uploads\/Screenshot_20220114-071026_Instagram.jpg?fit=1079%2C648&ssl=1&resize=1050%2C600 3x"},"classes":[]},{"id":3981,"url":"https:\/\/total-sport.fr\/index.php\/2022\/01\/09\/foot-r1vito-festival-de-buts-pour-la-premiere-journee-r1-vito\/","url_meta":{"origin":4069,"position":3},"title":"Foot-R1Vito: Festival de buts pour la premi\u00e8re journ\u00e9e R1 Vito !","author":"Joly JEROME","date":"9 janvier 2022","format":false,"excerpt":"Le Siroco, le CSM et L'AS Gosier ont d\u00e9ploy\u00e9 leur puissance offensive","rel":"","context":"Dans &quot;R1&quot;","block_context":{"text":"R1","link":"https:\/\/total-sport.fr\/index.php\/category\/r1\/"},"img":{"alt_text":"SIROCO","src":"https:\/\/i0.wp.com\/total-sport.fr\/wp-content\/uploads\/SIROCO.jpg?fit=1200%2C766&ssl=1&resize=350%2C200","width":350,"height":200,"srcset":"https:\/\/i0.wp.com\/total-sport.fr\/wp-content\/uploads\/SIROCO.jpg?fit=1200%2C766&ssl=1&resize=350%2C200 1x, https:\/\/i0.wp.com\/total-sport.fr\/wp-content\/uploads\/SIROCO.jpg?fit=1200%2C766&ssl=1&resize=525%2C300 1.5x, https:\/\/i0.wp.com\/total-sport.fr\/wp-content\/uploads\/SIROCO.jpg?fit=1200%2C766&ssl=1&resize=700%2C400 2x, https:\/\/i0.wp.com\/total-sport.fr\/wp-content\/uploads\/SIROCO.jpg?fit=1200%2C766&ssl=1&resize=1050%2C600 3x"},"classes":[]},{"id":4089,"url":"https:\/\/total-sport.fr\/index.php\/2022\/03\/31\/foot-r1-programmation-de-la-13eme-journee-r1-vito\/","url_meta":{"origin":4069,"position":4},"title":"Foot-R1: Programmation de la 13\u00e8me journ\u00e9e R1 Vito","author":"Joly JEROME","date":"31 mars 2022","format":false,"excerpt":"D\u00e8s vendredi soir, la r\u00e9gionale 1 Vito d\u00e9butera avec un duel entre le Sporting Club et la Gauloise de Basse-Terre dans le groupe A. Au total 10 matchs sont \u00e0 l'affiche pour le compte de cette 13\u00e8me lev\u00e9e de la R1 Vito dans la poule A, Le PHARE re\u00e7oit l'AMICAL\u2026","rel":"","context":"Dans &quot;R1&quot;","block_context":{"text":"R1","link":"https:\/\/total-sport.fr\/index.php\/category\/r1\/"},"img":{"alt_text":"","src":"https:\/\/i0.wp.com\/total-sport.fr\/wp-content\/uploads\/IMG-20220228-WA0082.jpg?fit=1200%2C800&ssl=1&resize=350%2C200","width":350,"height":200,"srcset":"https:\/\/i0.wp.com\/total-sport.fr\/wp-content\/uploads\/IMG-20220228-WA0082.jpg?fit=1200%2C800&ssl=1&resize=350%2C200 1x, https:\/\/i0.wp.com\/total-sport.fr\/wp-content\/uploads\/IMG-20220228-WA0082.jpg?fit=1200%2C800&ssl=1&resize=525%2C300 1.5x, https:\/\/i0.wp.com\/total-sport.fr\/wp-content\/uploads\/IMG-20220228-WA0082.jpg?fit=1200%2C800&ssl=1&resize=700%2C400 2x, https:\/\/i0.wp.com\/total-sport.fr\/wp-content\/uploads\/IMG-20220228-WA0082.jpg?fit=1200%2C800&ssl=1&resize=1050%2C600 3x"},"classes":[]},{"id":4292,"url":"https:\/\/total-sport.fr\/index.php\/2022\/10\/06\/foot-r1-vito-jefc-sporting-etoile-ss-toutes-les-affiches-de-4eme-journee-r1\/","url_meta":{"origin":4069,"position":5},"title":"Foot-R1 Vito: JEFC-SPORTING, \u00c9TOILE-SS, toutes les affiches de 4\u00e8me journ\u00e9e R1!","author":"Joly JEROME","date":"6 octobre 2022","format":false,"excerpt":"Jonathan GAMBY le leader d'attaque de L'\u00c9TOILE accompagn\u00e9 d'un de ses co\u00e9quipiers.","rel":"","context":"Dans &quot;R1&quot;","block_context":{"text":"R1","link":"https:\/\/total-sport.fr\/index.php\/category\/r1\/"},"img":{"alt_text":"","src":"https:\/\/i0.wp.com\/total-sport.fr\/wp-content\/uploads\/IMG-20221005-WA0103.jpg?fit=1200%2C791&ssl=1&resize=350%2C200","width":350,"height":200,"srcset":"https:\/\/i0.wp.com\/total-sport.fr\/wp-content\/uploads\/IMG-20221005-WA0103.jpg?fit=1200%2C791&ssl=1&resize=350%2C200 1x, https:\/\/i0.wp.com\/total-sport.fr\/wp-content\/uploads\/IMG-20221005-WA0103.jpg?fit=1200%2C791&ssl=1&resize=525%2C300 1.5x, https:\/\/i0.wp.com\/total-sport.fr\/wp-content\/uploads\/IMG-20221005-WA0103.jpg?fit=1200%2C791&ssl=1&resize=700%2C400 2x, https:\/\/i0.wp.com\/total-sport.fr\/wp-content\/uploads\/IMG-20221005-WA0103.jpg?fit=1200%2C791&ssl=1&resize=1050%2C600 3x"},"classes":[]}],"jetpack_likes_enabled":true,"_links":{"self":[{"href":"https:\/\/total-sport.fr\/index.php\/wp-json\/wp\/v2\/posts\/4069","targetHints":{"allow":["GET"]}}],"collection":[{"href":"https:\/\/total-sport.fr\/index.php\/wp-json\/wp\/v2\/posts"}],"about":[{"href":"https:\/\/total-sport.fr\/index.php\/wp-json\/wp\/v2\/types\/post"}],"author":[{"embeddable":true,"href":"https:\/\/total-sport.fr\/index.php\/wp-json\/wp\/v2\/users\/2"}],"replies":[{"embeddable":true,"href":"https:\/\/total-sport.fr\/index.php\/wp-json\/wp\/v2\/comments?post=4069"}],"version-history":[{"count":7,"href":"https:\/\/total-sport.fr\/index.php\/wp-json\/wp\/v2\/posts\/4069\/revisions"}],"predecessor-version":[{"id":4082,"href":"https:\/\/total-sport.fr\/index.php\/wp-json\/wp\/v2\/posts\/4069\/revisions\/4082"}],"wp:featuredmedia":[{"embeddable":true,"href":"https:\/\/total-sport.fr\/index.php\/wp-json\/wp\/v2\/media\/4072"}],"wp:attachment":[{"href":"https:\/\/total-sport.fr\/index.php\/wp-json\/wp\/v2\/media?parent=4069"}],"wp:term":[{"taxonomy":"category","embeddable":true,"href":"https:\/\/total-sport.fr\/index.php\/wp-json\/wp\/v2\/categories?post=4069"},{"taxonomy":"post_tag","embeddable":true,"href":"https:\/\/total-sport.fr\/index.php\/wp-json\/wp\/v2\/tags?post=4069"}],"curies":[{"name":"wp","href":"https:\/\/api.w.org\/{rel}","templated":true}]}}