{"id":3957,"date":"2022-01-06T23:25:54","date_gmt":"2022-01-07T03:25:54","guid":{"rendered":"https:\/\/total-sport.fr\/?p=3957"},"modified":"2022-01-06T23:32:07","modified_gmt":"2022-01-07T03:32:07","slug":"foot-r1-huit-mois-apres-la-regionale-1-vito-au-programme-ce-weekend","status":"publish","type":"post","link":"https:\/\/total-sport.fr\/index.php\/2022\/01\/06\/foot-r1-huit-mois-apres-la-regionale-1-vito-au-programme-ce-weekend\/","title":{"rendered":"Foot-R1: Huit (8) mois apr\u00e8s, la R\u00e9gionale 1 Vito au programme ce weekend!"},"content":{"rendered":"\n<p><strong>Huit (8) mois apr\u00e8s la derni\u00e8re rencontre en championnat, la R\u00e9gionale 1 Vito est sur le point de d\u00e9marrer pour la saison 2021-2022. Ce vendredi la REDSTAR et La Gauloise ont rendez-vous au stade Fiesque Duchesne \u00e0 Baie-Mahault pour lancer la premi\u00e8re journ\u00e9e de la R1 Vito saison 2021-2022.<\/strong><\/p>\n\n\n\n<p>La derni\u00e8re fois qu&rsquo;on avait assist\u00e9 \u00e0 un match R1 remontait au 17 avril 2021 entre USR et AS GOSIER. Quasiment 9 mois apr\u00e8s, on assistera \u00e0 la premi\u00e8re journ\u00e9e ce weekend avec des rencontres int\u00e9ressantes, nonobstant les difficult\u00e9s des clubs pour cette reprise. Report\u00e9e \u00e0 plusieurs reprises pour des raisons sanitaires et protestations sociales, la comp\u00e9tition est enfin programm\u00e9e avec une premi\u00e8re qui est d\u00e9j\u00e0 sous la menace d&rsquo;un couvre-feu.<\/p>\n\n\n\n<p>Dans la poule A, La <em>RESTAR<\/em>&#8211; La <em>GAULOISE<\/em>, le <em>PHARE <\/em> <em>vs<\/em>  Juventus et la <em>Jeunesse Evolution <\/em>contre L&rsquo;<em>Arsenal <\/em>sont les matchs des habitu\u00e9s en R1. En revanche des \u00e9quipes comme SIROCO, CAM et ETOILE seront ravies de retrouver l&rsquo;\u00e9lite du football guadeloup\u00e9en, sans oublier le Sporting qui va prendre son premier grand bain en R1 Vito.<\/p>\n\n\n\n<p>Dans l&rsquo;autre groupe, les champions en titre ne devraient pas trembler pour leur premi\u00e8re sortie en d\u00e9placement contre le CERFA FC. Sur le papier le L&rsquo;USR contre le CSM reste un bon classique depuis quelques saisons, m\u00eame si cette \u00e9quipe  sainterosienne s&rsquo;\u00e9tait montr\u00e9e tr\u00e8s passive sur le mercato avec le d\u00e9part de Gilles Dan et Marvrick Annerose . Apres une saison mi- ange mi- d\u00e9mon , USBM doit prouver qu&rsquo;ils ont les ressources pour jouer les premiers r\u00f4les, le poulains de Thierry ANTONIN ont rendez-vous dimanche 15h30 sur le terrain du RACING CLUB. Notons que, la rencontre entre la JSVH et la Solidarit\u00e9 Scolaire est report\u00e9e pour des raisons sanitaires.<\/p>\n\n\n\n<p>            <strong><em>Voici la programmation de la premi\u00e8re journ\u00e9e dans les deux poules<\/em><\/strong><\/p>\n\n\n\n<figure class=\"wp-block-image size-large\"><img data-recalc-dims=\"1\" loading=\"lazy\" decoding=\"async\" width=\"576\" height=\"1024\" data-attachment-id=\"3968\" data-permalink=\"https:\/\/total-sport.fr\/index.php\/2022\/01\/06\/foot-r1-huit-mois-apres-la-regionale-1-vito-au-programme-ce-weekend\/copie-de-instagram-story-soccer-football-fixtures-fait-avec-postermywall-1\/\" data-orig-file=\"https:\/\/i0.wp.com\/total-sport.fr\/wp-content\/uploads\/Copie-de-Instagram-Story-Soccer-Football-Fixtures-Fait-avec-PosterMyWall-1.jpg?fit=1080%2C1920&amp;ssl=1\" data-orig-size=\"1080,1920\" data-comments-opened=\"1\" data-image-meta=\"{&quot;aperture&quot;:&quot;0&quot;,&quot;credit&quot;:&quot;&quot;,&quot;camera&quot;:&quot;&quot;,&quot;caption&quot;:&quot;&quot;,&quot;created_timestamp&quot;:&quot;0&quot;,&quot;copyright&quot;:&quot;&quot;,&quot;focal_length&quot;:&quot;0&quot;,&quot;iso&quot;:&quot;0&quot;,&quot;shutter_speed&quot;:&quot;0&quot;,&quot;title&quot;:&quot;&quot;,&quot;orientation&quot;:&quot;0&quot;}\" data-image-title=\"Copie-de-Instagram-Story-Soccer-Football-Fixtures-Fait-avec-PosterMyWall-1\" data-image-description=\"\" data-image-caption=\"\" data-large-file=\"https:\/\/i0.wp.com\/total-sport.fr\/wp-content\/uploads\/Copie-de-Instagram-Story-Soccer-Football-Fixtures-Fait-avec-PosterMyWall-1.jpg?fit=576%2C1024&amp;ssl=1\" src=\"https:\/\/i0.wp.com\/total-sport.fr\/wp-content\/uploads\/Copie-de-Instagram-Story-Soccer-Football-Fixtures-Fait-avec-PosterMyWall-1.jpg?resize=576%2C1024&#038;ssl=1\" alt=\"\" class=\"wp-image-3968\" srcset=\"https:\/\/i0.wp.com\/total-sport.fr\/wp-content\/uploads\/Copie-de-Instagram-Story-Soccer-Football-Fixtures-Fait-avec-PosterMyWall-1.jpg?resize=576%2C1024&amp;ssl=1 576w, https:\/\/i0.wp.com\/total-sport.fr\/wp-content\/uploads\/Copie-de-Instagram-Story-Soccer-Football-Fixtures-Fait-avec-PosterMyWall-1.jpg?resize=169%2C300&amp;ssl=1 169w, https:\/\/i0.wp.com\/total-sport.fr\/wp-content\/uploads\/Copie-de-Instagram-Story-Soccer-Football-Fixtures-Fait-avec-PosterMyWall-1.jpg?resize=768%2C1365&amp;ssl=1 768w, https:\/\/i0.wp.com\/total-sport.fr\/wp-content\/uploads\/Copie-de-Instagram-Story-Soccer-Football-Fixtures-Fait-avec-PosterMyWall-1.jpg?resize=864%2C1536&amp;ssl=1 864w, https:\/\/i0.wp.com\/total-sport.fr\/wp-content\/uploads\/Copie-de-Instagram-Story-Soccer-Football-Fixtures-Fait-avec-PosterMyWall-1.jpg?w=1080&amp;ssl=1 1080w\" sizes=\"auto, (max-width: 576px) 100vw, 576px\" \/><\/figure>\n","protected":false},"excerpt":{"rendered":"<div class=\"mh-excerpt\"><p>Stade Jacques PONREMY, CSM vs PHARE. Photo: LGF<\/p>\n<\/div>","protected":false},"author":2,"featured_media":3958,"comment_status":"open","ping_status":"open","sticky":false,"template":"","format":"standard","meta":{"jetpack_post_was_ever_published":false,"_jetpack_newsletter_access":"","_jetpack_dont_email_post_to_subs":false,"_jetpack_newsletter_tier_id":0,"_jetpack_memberships_contains_paywalled_content":false,"_jetpack_memberships_contains_paid_content":false,"footnotes":"","jetpack_publicize_message":"","jetpack_publicize_feature_enabled":true,"jetpack_social_post_already_shared":true,"jetpack_social_options":{"image_generator_settings":{"template":"highway","default_image_id":0,"font":"","enabled":false},"version":2}},"categories":[6],"tags":[56,57,24,26],"class_list":["post-3957","post","type-post","status-publish","format-standard","has-post-thumbnail","hentry","category-r1","tag-r1-mirval-joly-jerome-asgosier-usbm","tag-r2-asnenuphars-jolyjerome","tag-jeunesse-evolution","tag-selection-de-la-guadeloupe"],"yoast_head":"<!-- This site is optimized with the Yoast SEO plugin v24.9 - https:\/\/yoast.com\/wordpress\/plugins\/seo\/ -->\n<title>Foot-R1: Huit (8) mois apr\u00e8s, la R\u00e9gionale 1 Vito au programme ce weekend! - Total Sports International (TSI)<\/title>\n<meta name=\"description\" content=\"premiere journ\u00e9es R1 Vito, Guadeloupe, Total Sport, CSM, AS GOSIER, Joly JEROME, USBM, solidarit\u00e9 scolaire\" \/>\n<meta name=\"robots\" content=\"index, follow, max-snippet:-1, max-image-preview:large, max-video-preview:-1\" \/>\n<link rel=\"canonical\" href=\"https:\/\/total-sport.fr\/index.php\/2022\/01\/06\/foot-r1-huit-mois-apres-la-regionale-1-vito-au-programme-ce-weekend\/\" \/>\n<meta property=\"og:locale\" content=\"fr_FR\" \/>\n<meta property=\"og:type\" content=\"article\" \/>\n<meta property=\"og:title\" content=\"Foot-R1: Huit (8) mois apr\u00e8s, la R\u00e9gionale 1 Vito au programme ce weekend! - Total Sports International (TSI)\" \/>\n<meta property=\"og:description\" content=\"premiere journ\u00e9es R1 Vito, Guadeloupe, Total Sport, CSM, AS GOSIER, Joly JEROME, USBM, solidarit\u00e9 scolaire\" \/>\n<meta property=\"og:url\" content=\"https:\/\/total-sport.fr\/index.php\/2022\/01\/06\/foot-r1-huit-mois-apres-la-regionale-1-vito-au-programme-ce-weekend\/\" \/>\n<meta property=\"og:site_name\" content=\"Total Sports International (TSI)\" \/>\n<meta property=\"article:author\" content=\"https:\/\/www.facebook.com\/joly.jerometotalsport\" \/>\n<meta property=\"article:published_time\" content=\"2022-01-07T03:25:54+00:00\" \/>\n<meta property=\"article:modified_time\" content=\"2022-01-07T03:32:07+00:00\" \/>\n<meta property=\"og:image\" content=\"https:\/\/i0.wp.com\/total-sport.fr\/wp-content\/uploads\/iss.jpg?fit=1925%2C1284&ssl=1\" \/>\n\t<meta property=\"og:image:width\" content=\"1925\" \/>\n\t<meta property=\"og:image:height\" content=\"1284\" \/>\n\t<meta property=\"og:image:type\" content=\"image\/jpeg\" \/>\n<meta name=\"author\" content=\"Joly JEROME\" \/>\n<meta name=\"twitter:card\" content=\"summary_large_image\" \/>\n<meta name=\"twitter:creator\" content=\"@Total Sport TS\" \/>\n<meta name=\"twitter:label1\" content=\"\u00c9crit par\" \/>\n\t<meta name=\"twitter:data1\" content=\"Joly JEROME\" \/>\n\t<meta name=\"twitter:label2\" content=\"Dur\u00e9e de lecture estim\u00e9e\" \/>\n\t<meta name=\"twitter:data2\" content=\"2 minutes\" \/>\n<script type=\"application\/ld+json\" class=\"yoast-schema-graph\">{\"@context\":\"https:\/\/schema.org\",\"@graph\":[{\"@type\":\"WebPage\",\"@id\":\"https:\/\/total-sport.fr\/index.php\/2022\/01\/06\/foot-r1-huit-mois-apres-la-regionale-1-vito-au-programme-ce-weekend\/\",\"url\":\"https:\/\/total-sport.fr\/index.php\/2022\/01\/06\/foot-r1-huit-mois-apres-la-regionale-1-vito-au-programme-ce-weekend\/\",\"name\":\"Foot-R1: Huit (8) mois apr\u00e8s, la R\u00e9gionale 1 Vito au programme ce weekend! - Total Sports International (TSI)\",\"isPartOf\":{\"@id\":\"https:\/\/total-sport.fr\/#website\"},\"primaryImageOfPage\":{\"@id\":\"https:\/\/total-sport.fr\/index.php\/2022\/01\/06\/foot-r1-huit-mois-apres-la-regionale-1-vito-au-programme-ce-weekend\/#primaryimage\"},\"image\":{\"@id\":\"https:\/\/total-sport.fr\/index.php\/2022\/01\/06\/foot-r1-huit-mois-apres-la-regionale-1-vito-au-programme-ce-weekend\/#primaryimage\"},\"thumbnailUrl\":\"https:\/\/i0.wp.com\/total-sport.fr\/wp-content\/uploads\/iss.jpg?fit=1925%2C1284&ssl=1\",\"datePublished\":\"2022-01-07T03:25:54+00:00\",\"dateModified\":\"2022-01-07T03:32:07+00:00\",\"author\":{\"@id\":\"https:\/\/total-sport.fr\/#\/schema\/person\/f9f5599f372b747441cd5d912824aba4\"},\"description\":\"premiere journ\u00e9es R1 Vito, Guadeloupe, Total Sport, CSM, AS GOSIER, Joly JEROME, USBM, solidarit\u00e9 scolaire\",\"breadcrumb\":{\"@id\":\"https:\/\/total-sport.fr\/index.php\/2022\/01\/06\/foot-r1-huit-mois-apres-la-regionale-1-vito-au-programme-ce-weekend\/#breadcrumb\"},\"inLanguage\":\"fr-FR\",\"potentialAction\":[{\"@type\":\"ReadAction\",\"target\":[\"https:\/\/total-sport.fr\/index.php\/2022\/01\/06\/foot-r1-huit-mois-apres-la-regionale-1-vito-au-programme-ce-weekend\/\"]}]},{\"@type\":\"ImageObject\",\"inLanguage\":\"fr-FR\",\"@id\":\"https:\/\/total-sport.fr\/index.php\/2022\/01\/06\/foot-r1-huit-mois-apres-la-regionale-1-vito-au-programme-ce-weekend\/#primaryimage\",\"url\":\"https:\/\/i0.wp.com\/total-sport.fr\/wp-content\/uploads\/iss.jpg?fit=1925%2C1284&ssl=1\",\"contentUrl\":\"https:\/\/i0.wp.com\/total-sport.fr\/wp-content\/uploads\/iss.jpg?fit=1925%2C1284&ssl=1\",\"width\":1925,\"height\":1284,\"caption\":\"Stade Jacques PONREMY, CSM contre PHARE. Photo: LGF\"},{\"@type\":\"BreadcrumbList\",\"@id\":\"https:\/\/total-sport.fr\/index.php\/2022\/01\/06\/foot-r1-huit-mois-apres-la-regionale-1-vito-au-programme-ce-weekend\/#breadcrumb\",\"itemListElement\":[{\"@type\":\"ListItem\",\"position\":1,\"name\":\"Accueil\",\"item\":\"https:\/\/total-sport.fr\/\"},{\"@type\":\"ListItem\",\"position\":2,\"name\":\"Foot-R1: Huit (8) mois apr\u00e8s, la R\u00e9gionale 1 Vito au programme ce weekend!\"}]},{\"@type\":\"WebSite\",\"@id\":\"https:\/\/total-sport.fr\/#website\",\"url\":\"https:\/\/total-sport.fr\/\",\"name\":\"Total Sports International (TSI)\",\"description\":\"vous informer est notre priorit\u00e9, 7 jours sur 7 avec toujours le m\u00eame professionnalisme\",\"potentialAction\":[{\"@type\":\"SearchAction\",\"target\":{\"@type\":\"EntryPoint\",\"urlTemplate\":\"https:\/\/total-sport.fr\/?s={search_term_string}\"},\"query-input\":{\"@type\":\"PropertyValueSpecification\",\"valueRequired\":true,\"valueName\":\"search_term_string\"}}],\"inLanguage\":\"fr-FR\"},{\"@type\":\"Person\",\"@id\":\"https:\/\/total-sport.fr\/#\/schema\/person\/f9f5599f372b747441cd5d912824aba4\",\"name\":\"Joly JEROME\",\"image\":{\"@type\":\"ImageObject\",\"inLanguage\":\"fr-FR\",\"@id\":\"https:\/\/total-sport.fr\/#\/schema\/person\/image\/\",\"url\":\"https:\/\/secure.gravatar.com\/avatar\/33e98ca4065ab233074302dee778104df3e61a0f91ceba3d746e7e40dbe11f0d?s=96&d=mm&r=g\",\"contentUrl\":\"https:\/\/secure.gravatar.com\/avatar\/33e98ca4065ab233074302dee778104df3e61a0f91ceba3d746e7e40dbe11f0d?s=96&d=mm&r=g\",\"caption\":\"Joly JEROME\"},\"description\":\"Je suis Joly JEROME, passionn\u00e9 de la lecture et du Sport notamment le Football. Je suis Journaliste ind\u00e9pendant fougueux, s\u00e9rieux mettant ma plume \u00e0 votre service pour vous informer avec la v\u00e9rit\u00e9 comme boussole. Jolyjerome989@gmail.com \/0690 93 65 88\",\"sameAs\":[\"https:\/\/total-sport.fr\",\"https:\/\/www.facebook.com\/joly.jerometotalsport\",\"Joly_JJCA\",\"Total Sport ts\",\"https:\/\/x.com\/Total Sport TS\"],\"url\":\"https:\/\/total-sport.fr\/index.php\/author\/jolyjerome\/\"}]}<\/script>\n<!-- \/ Yoast SEO plugin. -->","yoast_head_json":{"title":"Foot-R1: Huit (8) mois apr\u00e8s, la R\u00e9gionale 1 Vito au programme ce weekend! - Total Sports International (TSI)","description":"premiere journ\u00e9es R1 Vito, Guadeloupe, Total Sport, CSM, AS GOSIER, Joly JEROME, USBM, solidarit\u00e9 scolaire","robots":{"index":"index","follow":"follow","max-snippet":"max-snippet:-1","max-image-preview":"max-image-preview:large","max-video-preview":"max-video-preview:-1"},"canonical":"https:\/\/total-sport.fr\/index.php\/2022\/01\/06\/foot-r1-huit-mois-apres-la-regionale-1-vito-au-programme-ce-weekend\/","og_locale":"fr_FR","og_type":"article","og_title":"Foot-R1: Huit (8) mois apr\u00e8s, la R\u00e9gionale 1 Vito au programme ce weekend! - Total Sports International (TSI)","og_description":"premiere journ\u00e9es R1 Vito, Guadeloupe, Total Sport, CSM, AS GOSIER, Joly JEROME, USBM, solidarit\u00e9 scolaire","og_url":"https:\/\/total-sport.fr\/index.php\/2022\/01\/06\/foot-r1-huit-mois-apres-la-regionale-1-vito-au-programme-ce-weekend\/","og_site_name":"Total Sports International (TSI)","article_author":"https:\/\/www.facebook.com\/joly.jerometotalsport","article_published_time":"2022-01-07T03:25:54+00:00","article_modified_time":"2022-01-07T03:32:07+00:00","og_image":[{"width":1925,"height":1284,"url":"https:\/\/i0.wp.com\/total-sport.fr\/wp-content\/uploads\/iss.jpg?fit=1925%2C1284&ssl=1","type":"image\/jpeg"}],"author":"Joly JEROME","twitter_card":"summary_large_image","twitter_creator":"@Total Sport TS","twitter_misc":{"\u00c9crit par":"Joly JEROME","Dur\u00e9e de lecture estim\u00e9e":"2 minutes"},"schema":{"@context":"https:\/\/schema.org","@graph":[{"@type":"WebPage","@id":"https:\/\/total-sport.fr\/index.php\/2022\/01\/06\/foot-r1-huit-mois-apres-la-regionale-1-vito-au-programme-ce-weekend\/","url":"https:\/\/total-sport.fr\/index.php\/2022\/01\/06\/foot-r1-huit-mois-apres-la-regionale-1-vito-au-programme-ce-weekend\/","name":"Foot-R1: Huit (8) mois apr\u00e8s, la R\u00e9gionale 1 Vito au programme ce weekend! - Total Sports International (TSI)","isPartOf":{"@id":"https:\/\/total-sport.fr\/#website"},"primaryImageOfPage":{"@id":"https:\/\/total-sport.fr\/index.php\/2022\/01\/06\/foot-r1-huit-mois-apres-la-regionale-1-vito-au-programme-ce-weekend\/#primaryimage"},"image":{"@id":"https:\/\/total-sport.fr\/index.php\/2022\/01\/06\/foot-r1-huit-mois-apres-la-regionale-1-vito-au-programme-ce-weekend\/#primaryimage"},"thumbnailUrl":"https:\/\/i0.wp.com\/total-sport.fr\/wp-content\/uploads\/iss.jpg?fit=1925%2C1284&ssl=1","datePublished":"2022-01-07T03:25:54+00:00","dateModified":"2022-01-07T03:32:07+00:00","author":{"@id":"https:\/\/total-sport.fr\/#\/schema\/person\/f9f5599f372b747441cd5d912824aba4"},"description":"premiere journ\u00e9es R1 Vito, Guadeloupe, Total Sport, CSM, AS GOSIER, Joly JEROME, USBM, solidarit\u00e9 scolaire","breadcrumb":{"@id":"https:\/\/total-sport.fr\/index.php\/2022\/01\/06\/foot-r1-huit-mois-apres-la-regionale-1-vito-au-programme-ce-weekend\/#breadcrumb"},"inLanguage":"fr-FR","potentialAction":[{"@type":"ReadAction","target":["https:\/\/total-sport.fr\/index.php\/2022\/01\/06\/foot-r1-huit-mois-apres-la-regionale-1-vito-au-programme-ce-weekend\/"]}]},{"@type":"ImageObject","inLanguage":"fr-FR","@id":"https:\/\/total-sport.fr\/index.php\/2022\/01\/06\/foot-r1-huit-mois-apres-la-regionale-1-vito-au-programme-ce-weekend\/#primaryimage","url":"https:\/\/i0.wp.com\/total-sport.fr\/wp-content\/uploads\/iss.jpg?fit=1925%2C1284&ssl=1","contentUrl":"https:\/\/i0.wp.com\/total-sport.fr\/wp-content\/uploads\/iss.jpg?fit=1925%2C1284&ssl=1","width":1925,"height":1284,"caption":"Stade Jacques PONREMY, CSM contre PHARE. Photo: LGF"},{"@type":"BreadcrumbList","@id":"https:\/\/total-sport.fr\/index.php\/2022\/01\/06\/foot-r1-huit-mois-apres-la-regionale-1-vito-au-programme-ce-weekend\/#breadcrumb","itemListElement":[{"@type":"ListItem","position":1,"name":"Accueil","item":"https:\/\/total-sport.fr\/"},{"@type":"ListItem","position":2,"name":"Foot-R1: Huit (8) mois apr\u00e8s, la R\u00e9gionale 1 Vito au programme ce weekend!"}]},{"@type":"WebSite","@id":"https:\/\/total-sport.fr\/#website","url":"https:\/\/total-sport.fr\/","name":"Total Sports International (TSI)","description":"vous informer est notre priorit\u00e9, 7 jours sur 7 avec toujours le m\u00eame professionnalisme","potentialAction":[{"@type":"SearchAction","target":{"@type":"EntryPoint","urlTemplate":"https:\/\/total-sport.fr\/?s={search_term_string}"},"query-input":{"@type":"PropertyValueSpecification","valueRequired":true,"valueName":"search_term_string"}}],"inLanguage":"fr-FR"},{"@type":"Person","@id":"https:\/\/total-sport.fr\/#\/schema\/person\/f9f5599f372b747441cd5d912824aba4","name":"Joly JEROME","image":{"@type":"ImageObject","inLanguage":"fr-FR","@id":"https:\/\/total-sport.fr\/#\/schema\/person\/image\/","url":"https:\/\/secure.gravatar.com\/avatar\/33e98ca4065ab233074302dee778104df3e61a0f91ceba3d746e7e40dbe11f0d?s=96&d=mm&r=g","contentUrl":"https:\/\/secure.gravatar.com\/avatar\/33e98ca4065ab233074302dee778104df3e61a0f91ceba3d746e7e40dbe11f0d?s=96&d=mm&r=g","caption":"Joly JEROME"},"description":"Je suis Joly JEROME, passionn\u00e9 de la lecture et du Sport notamment le Football. Je suis Journaliste ind\u00e9pendant fougueux, s\u00e9rieux mettant ma plume \u00e0 votre service pour vous informer avec la v\u00e9rit\u00e9 comme boussole. Jolyjerome989@gmail.com \/0690 93 65 88","sameAs":["https:\/\/total-sport.fr","https:\/\/www.facebook.com\/joly.jerometotalsport","Joly_JJCA","Total Sport ts","https:\/\/x.com\/Total Sport TS"],"url":"https:\/\/total-sport.fr\/index.php\/author\/jolyjerome\/"}]}},"jetpack_publicize_connections":[],"jetpack_featured_media_url":"https:\/\/i0.wp.com\/total-sport.fr\/wp-content\/uploads\/iss.jpg?fit=1925%2C1284&ssl=1","jetpack_sharing_enabled":true,"jetpack_shortlink":"https:\/\/wp.me\/paF0J8-11P","jetpack-related-posts":[{"id":4618,"url":"https:\/\/total-sport.fr\/index.php\/2023\/08\/24\/foot-r1-retour-de-la-r1-vito\/","url_meta":{"origin":3957,"position":0},"title":"Foot-R1: Retour de la R1 VITO !","author":"Joly JEROME","date":"24 ao\u00fbt 2023","format":false,"excerpt":"La Ligue Guadeloup\u00e9enne de football a programm\u00e9 la premi\u00e8re journ\u00e9e de r\u00e9gionale 1 Vito pour la saison 2023-2024 ce weekend. Le Club Sportif Moulien lancera cette premi\u00e8re lev\u00e9e \u00e0 domicile vendredi contre L'Amical Club, alors que les autres rencontres sont programm\u00e9es samedi et dimanche. Apr\u00e8s deux saisons de la R1\u2026","rel":"","context":"Dans &quot;R1&quot;","block_context":{"text":"R1","link":"https:\/\/total-sport.fr\/index.php\/category\/r1\/"},"img":{"alt_text":"","src":"https:\/\/i0.wp.com\/total-sport.fr\/wp-content\/uploads\/Screenshot_20230821_120750_Facebook.jpg?fit=1080%2C580&ssl=1&resize=350%2C200","width":350,"height":200,"srcset":"https:\/\/i0.wp.com\/total-sport.fr\/wp-content\/uploads\/Screenshot_20230821_120750_Facebook.jpg?fit=1080%2C580&ssl=1&resize=350%2C200 1x, https:\/\/i0.wp.com\/total-sport.fr\/wp-content\/uploads\/Screenshot_20230821_120750_Facebook.jpg?fit=1080%2C580&ssl=1&resize=525%2C300 1.5x, https:\/\/i0.wp.com\/total-sport.fr\/wp-content\/uploads\/Screenshot_20230821_120750_Facebook.jpg?fit=1080%2C580&ssl=1&resize=700%2C400 2x, https:\/\/i0.wp.com\/total-sport.fr\/wp-content\/uploads\/Screenshot_20230821_120750_Facebook.jpg?fit=1080%2C580&ssl=1&resize=1050%2C600 3x"},"classes":[]},{"id":4033,"url":"https:\/\/total-sport.fr\/index.php\/2022\/01\/21\/foot-j3-r1-as-gosier-vs-csm-le-choc-de-la-3eme-journee-r1-vito\/","url_meta":{"origin":3957,"position":1},"title":"Foot-J3-R1: AS GOSIER vs CSM, le choc de la 3\u00e8me journ\u00e9e R1 Vito!","author":"Joly JEROME","date":"21 janvier 2022","format":false,"excerpt":"Pr\u00e9parez vous \u00e0 suivre un samedi apr\u00e8s midi de football ! Huit (8) rencontres sont \u00e0 l'affiche pour le compte de cette troisi\u00e8me lev\u00e9e de la r\u00e9gionale 1 Vito ce samedi. AS GOSIER et le CSM ont rendez vous au stade valette de Sainte-Anne pour le choc de la journ\u00e9e,\u2026","rel":"","context":"Dans &quot;R1&quot;","block_context":{"text":"R1","link":"https:\/\/total-sport.fr\/index.php\/category\/r1\/"},"img":{"alt_text":"3eme journ\u00e9e R1","src":"https:\/\/i0.wp.com\/total-sport.fr\/wp-content\/uploads\/mickarichard.jpg?fit=720%2C480&ssl=1&resize=350%2C200","width":350,"height":200,"srcset":"https:\/\/i0.wp.com\/total-sport.fr\/wp-content\/uploads\/mickarichard.jpg?fit=720%2C480&ssl=1&resize=350%2C200 1x, https:\/\/i0.wp.com\/total-sport.fr\/wp-content\/uploads\/mickarichard.jpg?fit=720%2C480&ssl=1&resize=525%2C300 1.5x, https:\/\/i0.wp.com\/total-sport.fr\/wp-content\/uploads\/mickarichard.jpg?fit=720%2C480&ssl=1&resize=700%2C400 2x"},"classes":[]},{"id":4708,"url":"https:\/\/total-sport.fr\/index.php\/2024\/03\/14\/foot-r1-guadeloupe-sporting-csm-un-duel-decisif-pour-le-titre\/","url_meta":{"origin":3957,"position":2},"title":"Foot-R1-Guadeloupe: SPORTING-CSM, un duel d\u00e9cisif pour le titre ?","author":"Joly JEROME","date":"14 mars 2024","format":false,"excerpt":"Le Sporting Club leader de la R\u00e9gionale 1 avec un match de plus que son futur adversaire, affronte le troisi\u00e8me, le Club Sportif Moulien, ce samedi \u00e0 15h30 au stade Fiesque Duchesne \u00e0 Baie-mahault dans le cadre de la 22\u00e8me journ\u00e9e de la R\u00e9gionale 1 Vito. Un match d\u00e9cisif dans\u2026","rel":"","context":"Dans &quot;R1&quot;","block_context":{"text":"R1","link":"https:\/\/total-sport.fr\/index.php\/category\/r1\/"},"img":{"alt_text":"","src":"https:\/\/i0.wp.com\/total-sport.fr\/wp-content\/uploads\/Screenshot_20240314_072343_Facebook.jpg?fit=1080%2C533&ssl=1&resize=350%2C200","width":350,"height":200,"srcset":"https:\/\/i0.wp.com\/total-sport.fr\/wp-content\/uploads\/Screenshot_20240314_072343_Facebook.jpg?fit=1080%2C533&ssl=1&resize=350%2C200 1x, https:\/\/i0.wp.com\/total-sport.fr\/wp-content\/uploads\/Screenshot_20240314_072343_Facebook.jpg?fit=1080%2C533&ssl=1&resize=525%2C300 1.5x, https:\/\/i0.wp.com\/total-sport.fr\/wp-content\/uploads\/Screenshot_20240314_072343_Facebook.jpg?fit=1080%2C533&ssl=1&resize=700%2C400 2x, https:\/\/i0.wp.com\/total-sport.fr\/wp-content\/uploads\/Screenshot_20240314_072343_Facebook.jpg?fit=1080%2C533&ssl=1&resize=1050%2C600 3x"},"classes":[]},{"id":4110,"url":"https:\/\/total-sport.fr\/index.php\/2022\/05\/19\/foot-r1-vito-la-18eme-journee-r1-vito-decisive-pour-les-play-off-et-play-down\/","url_meta":{"origin":3957,"position":3},"title":"Foot-R1 Vito: La 18\u00e8me journ\u00e9e R1 Vito d\u00e9cisive pour les PLAY OFF et PLAY DOWN","author":"Joly JEROME","date":"19 mai 2022","format":false,"excerpt":"Pr\u00e9parez vous \u00e0 vivre un samedi apr\u00e8s midi d\u00e9cisif en R1 Vito. Si la sentence est d\u00e9j\u00e0 prononc\u00e9e au bas du tableau dans la poule B avec la rel\u00e9gation du RACING CLUB en R2 (en attendant l'officialisation de la LGF), le CAM et L'USR en Play down; au haut du\u2026","rel":"","context":"Dans &quot;R1&quot;","block_context":{"text":"R1","link":"https:\/\/total-sport.fr\/index.php\/category\/r1\/"},"img":{"alt_text":"","src":"https:\/\/i0.wp.com\/total-sport.fr\/wp-content\/uploads\/IMG-20220518-WA0095-1.jpg?fit=940%2C529&ssl=1&resize=350%2C200","width":350,"height":200,"srcset":"https:\/\/i0.wp.com\/total-sport.fr\/wp-content\/uploads\/IMG-20220518-WA0095-1.jpg?fit=940%2C529&ssl=1&resize=350%2C200 1x, https:\/\/i0.wp.com\/total-sport.fr\/wp-content\/uploads\/IMG-20220518-WA0095-1.jpg?fit=940%2C529&ssl=1&resize=525%2C300 1.5x, https:\/\/i0.wp.com\/total-sport.fr\/wp-content\/uploads\/IMG-20220518-WA0095-1.jpg?fit=940%2C529&ssl=1&resize=700%2C400 2x"},"classes":[]},{"id":4089,"url":"https:\/\/total-sport.fr\/index.php\/2022\/03\/31\/foot-r1-programmation-de-la-13eme-journee-r1-vito\/","url_meta":{"origin":3957,"position":4},"title":"Foot-R1: Programmation de la 13\u00e8me journ\u00e9e R1 Vito","author":"Joly JEROME","date":"31 mars 2022","format":false,"excerpt":"D\u00e8s vendredi soir, la r\u00e9gionale 1 Vito d\u00e9butera avec un duel entre le Sporting Club et la Gauloise de Basse-Terre dans le groupe A. Au total 10 matchs sont \u00e0 l'affiche pour le compte de cette 13\u00e8me lev\u00e9e de la R1 Vito dans la poule A, Le PHARE re\u00e7oit l'AMICAL\u2026","rel":"","context":"Dans &quot;R1&quot;","block_context":{"text":"R1","link":"https:\/\/total-sport.fr\/index.php\/category\/r1\/"},"img":{"alt_text":"","src":"https:\/\/i0.wp.com\/total-sport.fr\/wp-content\/uploads\/IMG-20220228-WA0082.jpg?fit=1200%2C800&ssl=1&resize=350%2C200","width":350,"height":200,"srcset":"https:\/\/i0.wp.com\/total-sport.fr\/wp-content\/uploads\/IMG-20220228-WA0082.jpg?fit=1200%2C800&ssl=1&resize=350%2C200 1x, https:\/\/i0.wp.com\/total-sport.fr\/wp-content\/uploads\/IMG-20220228-WA0082.jpg?fit=1200%2C800&ssl=1&resize=525%2C300 1.5x, https:\/\/i0.wp.com\/total-sport.fr\/wp-content\/uploads\/IMG-20220228-WA0082.jpg?fit=1200%2C800&ssl=1&resize=700%2C400 2x, https:\/\/i0.wp.com\/total-sport.fr\/wp-content\/uploads\/IMG-20220228-WA0082.jpg?fit=1200%2C800&ssl=1&resize=1050%2C600 3x"},"classes":[]},{"id":3981,"url":"https:\/\/total-sport.fr\/index.php\/2022\/01\/09\/foot-r1vito-festival-de-buts-pour-la-premiere-journee-r1-vito\/","url_meta":{"origin":3957,"position":5},"title":"Foot-R1Vito: Festival de buts pour la premi\u00e8re journ\u00e9e R1 Vito !","author":"Joly JEROME","date":"9 janvier 2022","format":false,"excerpt":"Le Siroco, le CSM et L'AS Gosier ont d\u00e9ploy\u00e9 leur puissance offensive","rel":"","context":"Dans &quot;R1&quot;","block_context":{"text":"R1","link":"https:\/\/total-sport.fr\/index.php\/category\/r1\/"},"img":{"alt_text":"SIROCO","src":"https:\/\/i0.wp.com\/total-sport.fr\/wp-content\/uploads\/SIROCO.jpg?fit=1200%2C766&ssl=1&resize=350%2C200","width":350,"height":200,"srcset":"https:\/\/i0.wp.com\/total-sport.fr\/wp-content\/uploads\/SIROCO.jpg?fit=1200%2C766&ssl=1&resize=350%2C200 1x, https:\/\/i0.wp.com\/total-sport.fr\/wp-content\/uploads\/SIROCO.jpg?fit=1200%2C766&ssl=1&resize=525%2C300 1.5x, https:\/\/i0.wp.com\/total-sport.fr\/wp-content\/uploads\/SIROCO.jpg?fit=1200%2C766&ssl=1&resize=700%2C400 2x, https:\/\/i0.wp.com\/total-sport.fr\/wp-content\/uploads\/SIROCO.jpg?fit=1200%2C766&ssl=1&resize=1050%2C600 3x"},"classes":[]}],"jetpack_likes_enabled":true,"_links":{"self":[{"href":"https:\/\/total-sport.fr\/index.php\/wp-json\/wp\/v2\/posts\/3957","targetHints":{"allow":["GET"]}}],"collection":[{"href":"https:\/\/total-sport.fr\/index.php\/wp-json\/wp\/v2\/posts"}],"about":[{"href":"https:\/\/total-sport.fr\/index.php\/wp-json\/wp\/v2\/types\/post"}],"author":[{"embeddable":true,"href":"https:\/\/total-sport.fr\/index.php\/wp-json\/wp\/v2\/users\/2"}],"replies":[{"embeddable":true,"href":"https:\/\/total-sport.fr\/index.php\/wp-json\/wp\/v2\/comments?post=3957"}],"version-history":[{"count":9,"href":"https:\/\/total-sport.fr\/index.php\/wp-json\/wp\/v2\/posts\/3957\/revisions"}],"predecessor-version":[{"id":3970,"href":"https:\/\/total-sport.fr\/index.php\/wp-json\/wp\/v2\/posts\/3957\/revisions\/3970"}],"wp:featuredmedia":[{"embeddable":true,"href":"https:\/\/total-sport.fr\/index.php\/wp-json\/wp\/v2\/media\/3958"}],"wp:attachment":[{"href":"https:\/\/total-sport.fr\/index.php\/wp-json\/wp\/v2\/media?parent=3957"}],"wp:term":[{"taxonomy":"category","embeddable":true,"href":"https:\/\/total-sport.fr\/index.php\/wp-json\/wp\/v2\/categories?post=3957"},{"taxonomy":"post_tag","embeddable":true,"href":"https:\/\/total-sport.fr\/index.php\/wp-json\/wp\/v2\/tags?post=3957"}],"curies":[{"name":"wp","href":"https:\/\/api.w.org\/{rel}","templated":true}]}}