{"id":3717,"date":"2021-06-11T22:04:55","date_gmt":"2021-06-12T02:04:55","guid":{"rendered":"https:\/\/total-sport.fr\/?p=3717"},"modified":"2021-06-12T08:54:03","modified_gmt":"2021-06-12T12:54:03","slug":"foot-mercato-demissionne-a-la-gauloise-coach-vadimon-denonce-le-fanntchouisme-du-nouveau-staff","status":"publish","type":"post","link":"https:\/\/total-sport.fr\/index.php\/2021\/06\/11\/foot-mercato-demissionne-a-la-gauloise-coach-vadimon-denonce-le-fanntchouisme-du-nouveau-staff\/","title":{"rendered":"Foot-Mercato : D\u00e9missionn\u00e9 \u00e0 la Gauloise, coach VADIMON d\u00e9nonce le fanntchouisme du nouveau staff"},"content":{"rendered":"\n<p><strong>De retour \u00e0 la Gauloise de Basse-Terre, le coach Jean-Yves VADIMON n&rsquo;aura pas fait long feu  chez les coqs. Au terme d&rsquo;une saison plut\u00f4t satisfaisante, le technicien de 56 piges est contraint d&rsquo;abonner le navire du club vert et rouge.  Quelles sont les vraies raisons du d\u00e9part de l&rsquo;ancien coach de L&rsquo;Arsenal \u00e0 la t\u00eate de la Gauloise de Basse-Terre ?  A-t-il d\u00e9j\u00e0 trouv\u00e9 un nouveau club ? Il a r\u00e9pondu \u00e0 nos questions <\/strong><\/p>\n\n\n\n<p><strong>TS:  <em>Coach VADIMON, apr\u00e8s votre retour \u00e0 la GAULOISE de Basse-Terre, l&rsquo;aventure n&rsquo;aura dur\u00e9 qu&rsquo;une saison. Est-ce que vous pouvez nous expliquer les raisons de votre d\u00e9mission ?<\/em><\/strong><\/p>\n\n\n\n<p>JV:  J\u2019\u00e9tais revenu au club en juin 2020 \u00e0 la demande du pr\u00e9sident de la section football de la Gauloise M. MATHEY.<br>Nous avons v\u00e9cu une saison difficile en raison du COVID mais le bilan reste satisfaisant.<br>Puis, courant mars le pr\u00e9sident MATHEY a d\u00e9missionn\u00e9.<br>Ensuite, fin avril, le nouveau pr\u00e9sident de section NAGERA m\u2019a confirm\u00e9 dans mon poste ainsi que mon adjoint GEOFFROY Luidji, pour la nouvelle saison, et de ne pas \u00e9couter les rumeurs.<br>La semaine derni\u00e8re, nous avons \u00e9t\u00e9 re\u00e7us par la nouvelle commission de football.<br>Le nouveau directeur sportif SALNOT a r\u00e9p\u00e9t\u00e9 que les joueurs ont des reproches et griefs contre le staff.<br>Pourtant l\u2019assiduit\u00e9 aux entra\u00eenements est de 18 joueurs en moyenne.<br>Et enfin le directeur sportif nous a demand\u00e9s de proposer 3 choix de cat\u00e9gories.<br>Cela n\u2019avait pas de sens alors je suis le coach de l\u2019\u00e9quipe premi\u00e8re.<br>Le lendemain j\u2019ai demand\u00e9 au pr\u00e9sident par message si le staff est maintenu, en vain.<br>Devant ce mutisme j\u2019ai pr\u00e9f\u00e9r\u00e9 remettre ma d\u00e9mission.<br>A ce jour, le pr\u00e9sident ne m\u2019a jamais rappel\u00e9.<br>J\u2019ai donc \u00e9t\u00e9 pouss\u00e9 vers la sortie de fa\u00e7on sournoise.<br>Le \u00ab\u00a0fann tchou\u00a0\u00bb a fonctionn\u00e9<\/p>\n\n\n\n<p><em><strong>TS: Comment expliquez-vous ce comportement fann tchou \u00e0 votre \u00e9gard, pensez-vous que le nouveau staff avait un probl\u00e8me personnel avec vous ?<\/strong><\/em><\/p>\n\n\n\n<p>Leur attitude est claire. Je retiens simplement que je n\u2019ai re\u00e7u aucun appel ou message. Quand on veut garder le coach, on fait ce qu\u2019il faut. Ce ne fut pas le cas. Cela fait plus de 30 ans que j\u2019entra\u00eene.<br>J\u2019ai 56 ans, je ne suis pas un gamin. Je m\u00e9ritais mieux que \u00e7a. C\u2019\u00e9tait plus simple de me dire que je ne rentrais pas dans leur plan<\/p>\n\n\n\n<p><em><strong>TS<\/strong><\/em>: <em><strong>\u00cates-vous d\u00e9j\u00e0 contact\u00e9 par d&rsquo;autres clubs <\/strong><\/em><\/p>\n\n\n\n<p>Pour l\u2019instant non.<br>Je suis annonc\u00e9 dans plusieurs clubs. Je verrai bien en fonction des propositions.<br>Je ne pensais pas vivre cette situation mais bon.<\/p>\n\n\n\n<p>TS = Total Sport <\/p>\n\n\n\n<p>JV = Jean-Yves VADIMON <\/p>\n","protected":false},"excerpt":{"rendered":"<div class=\"mh-excerpt\"><p>De retour \u00e0 la Gauloise de Basse-Terre, le coach Jean-Yves VADIMON n&rsquo;aura pas fait long feu chez les coqs. Au terme d&rsquo;une saison plut\u00f4t satisfaisante, <a class=\"mh-excerpt-more\" href=\"https:\/\/total-sport.fr\/index.php\/2021\/06\/11\/foot-mercato-demissionne-a-la-gauloise-coach-vadimon-denonce-le-fanntchouisme-du-nouveau-staff\/\" title=\"Foot-Mercato : D\u00e9missionn\u00e9 \u00e0 la Gauloise, coach VADIMON d\u00e9nonce le fanntchouisme du nouveau staff\">[&#8230;]<\/a><\/p>\n<\/div>","protected":false},"author":2,"featured_media":3723,"comment_status":"open","ping_status":"open","sticky":false,"template":"","format":"standard","meta":{"jetpack_post_was_ever_published":false,"_jetpack_newsletter_access":"","_jetpack_dont_email_post_to_subs":false,"_jetpack_newsletter_tier_id":0,"_jetpack_memberships_contains_paywalled_content":false,"_jetpack_memberships_contains_paid_content":false,"footnotes":"","jetpack_publicize_message":"","jetpack_publicize_feature_enabled":true,"jetpack_social_post_already_shared":true,"jetpack_social_options":{"image_generator_settings":{"template":"highway","default_image_id":0,"font":"","enabled":false},"version":2}},"categories":[19],"tags":[],"class_list":["post-3717","post","type-post","status-publish","format-standard","has-post-thumbnail","hentry","category-foot-mercato"],"yoast_head":"<!-- This site is optimized with the Yoast SEO plugin v24.9 - https:\/\/yoast.com\/wordpress\/plugins\/seo\/ -->\n<title>Foot-Mercato : D\u00e9missionn\u00e9 \u00e0 la Gauloise, coach VADIMON d\u00e9nonce le fanntchouisme du nouveau staff - Total Sports International (TSI)<\/title>\n<meta name=\"robots\" content=\"index, follow, max-snippet:-1, max-image-preview:large, max-video-preview:-1\" \/>\n<link rel=\"canonical\" href=\"https:\/\/total-sport.fr\/index.php\/2021\/06\/11\/foot-mercato-demissionne-a-la-gauloise-coach-vadimon-denonce-le-fanntchouisme-du-nouveau-staff\/\" \/>\n<meta property=\"og:locale\" content=\"fr_FR\" \/>\n<meta property=\"og:type\" content=\"article\" \/>\n<meta property=\"og:title\" content=\"Foot-Mercato : D\u00e9missionn\u00e9 \u00e0 la Gauloise, coach VADIMON d\u00e9nonce le fanntchouisme du nouveau staff - Total Sports International (TSI)\" \/>\n<meta property=\"og:description\" content=\"De retour \u00e0 la Gauloise de Basse-Terre, le coach Jean-Yves VADIMON n&rsquo;aura pas fait long feu chez les coqs. Au terme d&rsquo;une saison plut\u00f4t satisfaisante, [...]\" \/>\n<meta property=\"og:url\" content=\"https:\/\/total-sport.fr\/index.php\/2021\/06\/11\/foot-mercato-demissionne-a-la-gauloise-coach-vadimon-denonce-le-fanntchouisme-du-nouveau-staff\/\" \/>\n<meta property=\"og:site_name\" content=\"Total Sports International (TSI)\" \/>\n<meta property=\"article:author\" content=\"https:\/\/www.facebook.com\/joly.jerometotalsport\" \/>\n<meta property=\"article:published_time\" content=\"2021-06-12T02:04:55+00:00\" \/>\n<meta property=\"article:modified_time\" content=\"2021-06-12T12:54:03+00:00\" \/>\n<meta property=\"og:image\" content=\"https:\/\/i0.wp.com\/total-sport.fr\/wp-content\/uploads\/Screenshot_20210611-215449_Facebook.jpg?fit=719%2C431&ssl=1\" \/>\n\t<meta property=\"og:image:width\" content=\"719\" \/>\n\t<meta property=\"og:image:height\" content=\"431\" \/>\n\t<meta property=\"og:image:type\" content=\"image\/jpeg\" \/>\n<meta name=\"author\" content=\"Joly JEROME\" \/>\n<meta name=\"twitter:card\" content=\"summary_large_image\" \/>\n<meta name=\"twitter:creator\" content=\"@Total Sport TS\" \/>\n<meta name=\"twitter:label1\" content=\"\u00c9crit par\" \/>\n\t<meta name=\"twitter:data1\" content=\"Joly JEROME\" \/>\n\t<meta name=\"twitter:label2\" content=\"Dur\u00e9e de lecture estim\u00e9e\" \/>\n\t<meta name=\"twitter:data2\" content=\"2 minutes\" \/>\n<script type=\"application\/ld+json\" class=\"yoast-schema-graph\">{\"@context\":\"https:\/\/schema.org\",\"@graph\":[{\"@type\":\"WebPage\",\"@id\":\"https:\/\/total-sport.fr\/index.php\/2021\/06\/11\/foot-mercato-demissionne-a-la-gauloise-coach-vadimon-denonce-le-fanntchouisme-du-nouveau-staff\/\",\"url\":\"https:\/\/total-sport.fr\/index.php\/2021\/06\/11\/foot-mercato-demissionne-a-la-gauloise-coach-vadimon-denonce-le-fanntchouisme-du-nouveau-staff\/\",\"name\":\"Foot-Mercato : D\u00e9missionn\u00e9 \u00e0 la Gauloise, coach VADIMON d\u00e9nonce le fanntchouisme du nouveau staff - Total Sports International (TSI)\",\"isPartOf\":{\"@id\":\"https:\/\/total-sport.fr\/#website\"},\"primaryImageOfPage\":{\"@id\":\"https:\/\/total-sport.fr\/index.php\/2021\/06\/11\/foot-mercato-demissionne-a-la-gauloise-coach-vadimon-denonce-le-fanntchouisme-du-nouveau-staff\/#primaryimage\"},\"image\":{\"@id\":\"https:\/\/total-sport.fr\/index.php\/2021\/06\/11\/foot-mercato-demissionne-a-la-gauloise-coach-vadimon-denonce-le-fanntchouisme-du-nouveau-staff\/#primaryimage\"},\"thumbnailUrl\":\"https:\/\/i0.wp.com\/total-sport.fr\/wp-content\/uploads\/Screenshot_20210611-215449_Facebook.jpg?fit=719%2C431&ssl=1\",\"datePublished\":\"2021-06-12T02:04:55+00:00\",\"dateModified\":\"2021-06-12T12:54:03+00:00\",\"author\":{\"@id\":\"https:\/\/total-sport.fr\/#\/schema\/person\/f9f5599f372b747441cd5d912824aba4\"},\"breadcrumb\":{\"@id\":\"https:\/\/total-sport.fr\/index.php\/2021\/06\/11\/foot-mercato-demissionne-a-la-gauloise-coach-vadimon-denonce-le-fanntchouisme-du-nouveau-staff\/#breadcrumb\"},\"inLanguage\":\"fr-FR\",\"potentialAction\":[{\"@type\":\"ReadAction\",\"target\":[\"https:\/\/total-sport.fr\/index.php\/2021\/06\/11\/foot-mercato-demissionne-a-la-gauloise-coach-vadimon-denonce-le-fanntchouisme-du-nouveau-staff\/\"]}]},{\"@type\":\"ImageObject\",\"inLanguage\":\"fr-FR\",\"@id\":\"https:\/\/total-sport.fr\/index.php\/2021\/06\/11\/foot-mercato-demissionne-a-la-gauloise-coach-vadimon-denonce-le-fanntchouisme-du-nouveau-staff\/#primaryimage\",\"url\":\"https:\/\/i0.wp.com\/total-sport.fr\/wp-content\/uploads\/Screenshot_20210611-215449_Facebook.jpg?fit=719%2C431&ssl=1\",\"contentUrl\":\"https:\/\/i0.wp.com\/total-sport.fr\/wp-content\/uploads\/Screenshot_20210611-215449_Facebook.jpg?fit=719%2C431&ssl=1\",\"width\":719,\"height\":431},{\"@type\":\"BreadcrumbList\",\"@id\":\"https:\/\/total-sport.fr\/index.php\/2021\/06\/11\/foot-mercato-demissionne-a-la-gauloise-coach-vadimon-denonce-le-fanntchouisme-du-nouveau-staff\/#breadcrumb\",\"itemListElement\":[{\"@type\":\"ListItem\",\"position\":1,\"name\":\"Accueil\",\"item\":\"https:\/\/total-sport.fr\/\"},{\"@type\":\"ListItem\",\"position\":2,\"name\":\"Foot-Mercato : D\u00e9missionn\u00e9 \u00e0 la Gauloise, coach VADIMON d\u00e9nonce le fanntchouisme du nouveau staff\"}]},{\"@type\":\"WebSite\",\"@id\":\"https:\/\/total-sport.fr\/#website\",\"url\":\"https:\/\/total-sport.fr\/\",\"name\":\"Total Sports International (TSI)\",\"description\":\"vous informer est notre priorit\u00e9, 7 jours sur 7 avec toujours le m\u00eame professionnalisme\",\"potentialAction\":[{\"@type\":\"SearchAction\",\"target\":{\"@type\":\"EntryPoint\",\"urlTemplate\":\"https:\/\/total-sport.fr\/?s={search_term_string}\"},\"query-input\":{\"@type\":\"PropertyValueSpecification\",\"valueRequired\":true,\"valueName\":\"search_term_string\"}}],\"inLanguage\":\"fr-FR\"},{\"@type\":\"Person\",\"@id\":\"https:\/\/total-sport.fr\/#\/schema\/person\/f9f5599f372b747441cd5d912824aba4\",\"name\":\"Joly JEROME\",\"image\":{\"@type\":\"ImageObject\",\"inLanguage\":\"fr-FR\",\"@id\":\"https:\/\/total-sport.fr\/#\/schema\/person\/image\/\",\"url\":\"https:\/\/secure.gravatar.com\/avatar\/33e98ca4065ab233074302dee778104df3e61a0f91ceba3d746e7e40dbe11f0d?s=96&d=mm&r=g\",\"contentUrl\":\"https:\/\/secure.gravatar.com\/avatar\/33e98ca4065ab233074302dee778104df3e61a0f91ceba3d746e7e40dbe11f0d?s=96&d=mm&r=g\",\"caption\":\"Joly JEROME\"},\"description\":\"Je suis Joly JEROME, passionn\u00e9 de la lecture et du Sport notamment le Football. Je suis Journaliste ind\u00e9pendant fougueux, s\u00e9rieux mettant ma plume \u00e0 votre service pour vous informer avec la v\u00e9rit\u00e9 comme boussole. Jolyjerome989@gmail.com \/0690 93 65 88\",\"sameAs\":[\"https:\/\/total-sport.fr\",\"https:\/\/www.facebook.com\/joly.jerometotalsport\",\"Joly_JJCA\",\"Total Sport ts\",\"https:\/\/x.com\/Total Sport TS\"],\"url\":\"https:\/\/total-sport.fr\/index.php\/author\/jolyjerome\/\"}]}<\/script>\n<!-- \/ Yoast SEO plugin. -->","yoast_head_json":{"title":"Foot-Mercato : D\u00e9missionn\u00e9 \u00e0 la Gauloise, coach VADIMON d\u00e9nonce le fanntchouisme du nouveau staff - Total Sports International (TSI)","robots":{"index":"index","follow":"follow","max-snippet":"max-snippet:-1","max-image-preview":"max-image-preview:large","max-video-preview":"max-video-preview:-1"},"canonical":"https:\/\/total-sport.fr\/index.php\/2021\/06\/11\/foot-mercato-demissionne-a-la-gauloise-coach-vadimon-denonce-le-fanntchouisme-du-nouveau-staff\/","og_locale":"fr_FR","og_type":"article","og_title":"Foot-Mercato : D\u00e9missionn\u00e9 \u00e0 la Gauloise, coach VADIMON d\u00e9nonce le fanntchouisme du nouveau staff - Total Sports International (TSI)","og_description":"De retour \u00e0 la Gauloise de Basse-Terre, le coach Jean-Yves VADIMON n&rsquo;aura pas fait long feu chez les coqs. Au terme d&rsquo;une saison plut\u00f4t satisfaisante, [...]","og_url":"https:\/\/total-sport.fr\/index.php\/2021\/06\/11\/foot-mercato-demissionne-a-la-gauloise-coach-vadimon-denonce-le-fanntchouisme-du-nouveau-staff\/","og_site_name":"Total Sports International (TSI)","article_author":"https:\/\/www.facebook.com\/joly.jerometotalsport","article_published_time":"2021-06-12T02:04:55+00:00","article_modified_time":"2021-06-12T12:54:03+00:00","og_image":[{"width":719,"height":431,"url":"https:\/\/i0.wp.com\/total-sport.fr\/wp-content\/uploads\/Screenshot_20210611-215449_Facebook.jpg?fit=719%2C431&ssl=1","type":"image\/jpeg"}],"author":"Joly JEROME","twitter_card":"summary_large_image","twitter_creator":"@Total Sport TS","twitter_misc":{"\u00c9crit par":"Joly JEROME","Dur\u00e9e de lecture estim\u00e9e":"2 minutes"},"schema":{"@context":"https:\/\/schema.org","@graph":[{"@type":"WebPage","@id":"https:\/\/total-sport.fr\/index.php\/2021\/06\/11\/foot-mercato-demissionne-a-la-gauloise-coach-vadimon-denonce-le-fanntchouisme-du-nouveau-staff\/","url":"https:\/\/total-sport.fr\/index.php\/2021\/06\/11\/foot-mercato-demissionne-a-la-gauloise-coach-vadimon-denonce-le-fanntchouisme-du-nouveau-staff\/","name":"Foot-Mercato : D\u00e9missionn\u00e9 \u00e0 la Gauloise, coach VADIMON d\u00e9nonce le fanntchouisme du nouveau staff - Total Sports International (TSI)","isPartOf":{"@id":"https:\/\/total-sport.fr\/#website"},"primaryImageOfPage":{"@id":"https:\/\/total-sport.fr\/index.php\/2021\/06\/11\/foot-mercato-demissionne-a-la-gauloise-coach-vadimon-denonce-le-fanntchouisme-du-nouveau-staff\/#primaryimage"},"image":{"@id":"https:\/\/total-sport.fr\/index.php\/2021\/06\/11\/foot-mercato-demissionne-a-la-gauloise-coach-vadimon-denonce-le-fanntchouisme-du-nouveau-staff\/#primaryimage"},"thumbnailUrl":"https:\/\/i0.wp.com\/total-sport.fr\/wp-content\/uploads\/Screenshot_20210611-215449_Facebook.jpg?fit=719%2C431&ssl=1","datePublished":"2021-06-12T02:04:55+00:00","dateModified":"2021-06-12T12:54:03+00:00","author":{"@id":"https:\/\/total-sport.fr\/#\/schema\/person\/f9f5599f372b747441cd5d912824aba4"},"breadcrumb":{"@id":"https:\/\/total-sport.fr\/index.php\/2021\/06\/11\/foot-mercato-demissionne-a-la-gauloise-coach-vadimon-denonce-le-fanntchouisme-du-nouveau-staff\/#breadcrumb"},"inLanguage":"fr-FR","potentialAction":[{"@type":"ReadAction","target":["https:\/\/total-sport.fr\/index.php\/2021\/06\/11\/foot-mercato-demissionne-a-la-gauloise-coach-vadimon-denonce-le-fanntchouisme-du-nouveau-staff\/"]}]},{"@type":"ImageObject","inLanguage":"fr-FR","@id":"https:\/\/total-sport.fr\/index.php\/2021\/06\/11\/foot-mercato-demissionne-a-la-gauloise-coach-vadimon-denonce-le-fanntchouisme-du-nouveau-staff\/#primaryimage","url":"https:\/\/i0.wp.com\/total-sport.fr\/wp-content\/uploads\/Screenshot_20210611-215449_Facebook.jpg?fit=719%2C431&ssl=1","contentUrl":"https:\/\/i0.wp.com\/total-sport.fr\/wp-content\/uploads\/Screenshot_20210611-215449_Facebook.jpg?fit=719%2C431&ssl=1","width":719,"height":431},{"@type":"BreadcrumbList","@id":"https:\/\/total-sport.fr\/index.php\/2021\/06\/11\/foot-mercato-demissionne-a-la-gauloise-coach-vadimon-denonce-le-fanntchouisme-du-nouveau-staff\/#breadcrumb","itemListElement":[{"@type":"ListItem","position":1,"name":"Accueil","item":"https:\/\/total-sport.fr\/"},{"@type":"ListItem","position":2,"name":"Foot-Mercato : D\u00e9missionn\u00e9 \u00e0 la Gauloise, coach VADIMON d\u00e9nonce le fanntchouisme du nouveau staff"}]},{"@type":"WebSite","@id":"https:\/\/total-sport.fr\/#website","url":"https:\/\/total-sport.fr\/","name":"Total Sports International (TSI)","description":"vous informer est notre priorit\u00e9, 7 jours sur 7 avec toujours le m\u00eame professionnalisme","potentialAction":[{"@type":"SearchAction","target":{"@type":"EntryPoint","urlTemplate":"https:\/\/total-sport.fr\/?s={search_term_string}"},"query-input":{"@type":"PropertyValueSpecification","valueRequired":true,"valueName":"search_term_string"}}],"inLanguage":"fr-FR"},{"@type":"Person","@id":"https:\/\/total-sport.fr\/#\/schema\/person\/f9f5599f372b747441cd5d912824aba4","name":"Joly JEROME","image":{"@type":"ImageObject","inLanguage":"fr-FR","@id":"https:\/\/total-sport.fr\/#\/schema\/person\/image\/","url":"https:\/\/secure.gravatar.com\/avatar\/33e98ca4065ab233074302dee778104df3e61a0f91ceba3d746e7e40dbe11f0d?s=96&d=mm&r=g","contentUrl":"https:\/\/secure.gravatar.com\/avatar\/33e98ca4065ab233074302dee778104df3e61a0f91ceba3d746e7e40dbe11f0d?s=96&d=mm&r=g","caption":"Joly JEROME"},"description":"Je suis Joly JEROME, passionn\u00e9 de la lecture et du Sport notamment le Football. Je suis Journaliste ind\u00e9pendant fougueux, s\u00e9rieux mettant ma plume \u00e0 votre service pour vous informer avec la v\u00e9rit\u00e9 comme boussole. Jolyjerome989@gmail.com \/0690 93 65 88","sameAs":["https:\/\/total-sport.fr","https:\/\/www.facebook.com\/joly.jerometotalsport","Joly_JJCA","Total Sport ts","https:\/\/x.com\/Total Sport TS"],"url":"https:\/\/total-sport.fr\/index.php\/author\/jolyjerome\/"}]}},"jetpack_publicize_connections":[],"jetpack_featured_media_url":"https:\/\/i0.wp.com\/total-sport.fr\/wp-content\/uploads\/Screenshot_20210611-215449_Facebook.jpg?fit=719%2C431&ssl=1","jetpack_sharing_enabled":true,"jetpack_shortlink":"https:\/\/wp.me\/paF0J8-XX","jetpack-related-posts":[{"id":2916,"url":"https:\/\/total-sport.fr\/index.php\/2020\/05\/21\/foot-mercato-jean-yves-vadimon-nouvel-entraineur-de-la-gauloise-de-basse-terre\/","url_meta":{"origin":3717,"position":0},"title":"Foot- Mercato : Jean-Yves VADIMON nouvel  entra\u00eeneur de la Gauloise de Basse-Terre.","author":"Joly JEROME","date":"21 mai 2020","format":false,"excerpt":"C'est officiel, l'entra\u00eeneur Jean-Yves VADIMON est le nouvel entra\u00eeneur de la Gauloise de Basse-Terre. Apr\u00e8s 4 saisons pass\u00e9es \u00e0 L'Arsenal club de Petit-Bourg, le technicien signe son grand retour chez les coqs de Basse-Terre pour un nouveau challenge. Le coach Jean-Yves VADIMON avait annonc\u00e9 son d\u00e9part de L'Arsenal club de\u2026","rel":"","context":"Dans &quot;Foot MERCATO&quot;","block_context":{"text":"Foot MERCATO","link":"https:\/\/total-sport.fr\/index.php\/category\/foot-mercato\/"},"img":{"alt_text":"","src":"https:\/\/i0.wp.com\/total-sport.fr\/wp-content\/uploads\/20200521_124643.jpg?fit=926%2C556&ssl=1&resize=350%2C200","width":350,"height":200,"srcset":"https:\/\/i0.wp.com\/total-sport.fr\/wp-content\/uploads\/20200521_124643.jpg?fit=926%2C556&ssl=1&resize=350%2C200 1x, https:\/\/i0.wp.com\/total-sport.fr\/wp-content\/uploads\/20200521_124643.jpg?fit=926%2C556&ssl=1&resize=525%2C300 1.5x, https:\/\/i0.wp.com\/total-sport.fr\/wp-content\/uploads\/20200521_124643.jpg?fit=926%2C556&ssl=1&resize=700%2C400 2x"},"classes":[]},{"id":103,"url":"https:\/\/total-sport.fr\/index.php\/2019\/01\/25\/foot-guadeloupe-14eme-journee-r1-deplacement-perilleux-de-lamical-sur-le-terrain-du-phare-lusbm-vs-la-ss-pour-le-premier-derby-de-2019qui-pour-stopper-gauloise\/","url_meta":{"origin":3717,"position":1},"title":"Foot-Guadeloupe -14eme journ\u00e9e R1: d\u00e9placement p\u00e9rilleux de l&rsquo;Amical sur le terrain du Phare ,L&rsquo;USBM vs La SS pour le premier derby de 2019,Qui pour stopper  Gauloise ?","author":"Joly JEROME","date":"25 janvier 2019","format":false,"excerpt":"Apr\u00e8s une tr\u00eave bien m\u00e9rit\u00e9e pour les f\u00eates de fin d'ann\u00e9e, le football Guadeloup\u00e9en reprend ses droits d\u00e8s ce vendredi avec une affiche entre deux mal class\u00e9es la Redstar vs UNAR en match avanc\u00e9 au stade fiesque Duchesne, et les autres rencontres sont programm\u00e9es pour samedi avec un derby USBM\u2026","rel":"","context":"Dans &quot;R1&quot;","block_context":{"text":"R1","link":"https:\/\/total-sport.fr\/index.php\/category\/r1\/"},"img":{"alt_text":"","src":"https:\/\/totalsportts42.files.wordpress.com\/2019\/01\/fb_img_1546458039985-11607445552.jpg?w=350&h=200&crop=1","width":350,"height":200,"srcset":"https:\/\/totalsportts42.files.wordpress.com\/2019\/01\/fb_img_1546458039985-11607445552.jpg?w=350&h=200&crop=1 1x, https:\/\/totalsportts42.files.wordpress.com\/2019\/01\/fb_img_1546458039985-11607445552.jpg?w=525&h=300&crop=1 1.5x"},"classes":[]},{"id":4151,"url":"https:\/\/total-sport.fr\/index.php\/2022\/06\/16\/foot-mercato-limoge-par-la-jsvh-jean-yves-vadimon-na-pas-cache-sa-frustration\/","url_meta":{"origin":3717,"position":2},"title":"Foot-Mercato: Limog\u00e9 par la JSVH, Jean-Yves VADIMON n\u2019a pas cach\u00e9 sa frustration!!","author":"Joly JEROME","date":"16 juin 2022","format":false,"excerpt":"Arriv\u00e9 la saison derni\u00e8re \u00e0 la JSVH en provenance de la Gauloise de Basse-terre, coach Jean-Yves VADIMON aura fait qu\u2019une saison comme entra\u00eeneur de cette \u00e9quipe habissoise . En effet, les dirigeants du club de Vieux-Habitants ont d\u00e9cid\u00e9 de se s\u00e9parer du coach. Une d\u00e9cision surprise qui a provoqu\u00e9 de\u2026","rel":"","context":"Dans &quot;Foot MERCATO&quot;","block_context":{"text":"Foot MERCATO","link":"https:\/\/total-sport.fr\/index.php\/category\/foot-mercato\/"},"img":{"alt_text":"","src":"https:\/\/i0.wp.com\/total-sport.fr\/wp-content\/uploads\/Screenshot_20220615-072052_Facebook.jpg?fit=1080%2C602&ssl=1&resize=350%2C200","width":350,"height":200,"srcset":"https:\/\/i0.wp.com\/total-sport.fr\/wp-content\/uploads\/Screenshot_20220615-072052_Facebook.jpg?fit=1080%2C602&ssl=1&resize=350%2C200 1x, https:\/\/i0.wp.com\/total-sport.fr\/wp-content\/uploads\/Screenshot_20220615-072052_Facebook.jpg?fit=1080%2C602&ssl=1&resize=525%2C300 1.5x, https:\/\/i0.wp.com\/total-sport.fr\/wp-content\/uploads\/Screenshot_20220615-072052_Facebook.jpg?fit=1080%2C602&ssl=1&resize=700%2C400 2x, https:\/\/i0.wp.com\/total-sport.fr\/wp-content\/uploads\/Screenshot_20220615-072052_Facebook.jpg?fit=1080%2C602&ssl=1&resize=1050%2C600 3x"},"classes":[]},{"id":4254,"url":"https:\/\/total-sport.fr\/index.php\/2022\/09\/23\/foot-cdf-as-gosier-usbm-stade-lam-gauloise-siroco-phare-les-chocs-du-4eme-tour-de-la-cdf\/","url_meta":{"origin":3717,"position":3},"title":"Foot-CDF: AS GOSIER-USBM, STADE LAM-GAULOISE, SIROCO-PHARE, les chocs du 4\u00e8me tour de la CDF !","author":"Joly JEROME","date":"23 septembre 2022","format":false,"excerpt":"Ce weekend se d\u00e9roulera les rencontres du 4\u00e8me tour de la coupe de France zone Guadeloupe. Hormis le match CAM-SS qui est report\u00e9, toutes les autres rencontres devraient se maintenir, ainsi, de beaux duels nous attendent comme L'USBM qui va trainer ses bottes sur la pelouse de L'AS GOSIER et\u2026","rel":"","context":"Dans &quot;Coupe de France&quot;","block_context":{"text":"Coupe de France","link":"https:\/\/total-sport.fr\/index.php\/category\/coupe-de-france-2\/"},"img":{"alt_text":"","src":"https:\/\/i0.wp.com\/total-sport.fr\/wp-content\/uploads\/IMG-20220410-WA0243.jpg?fit=984%2C600&ssl=1&resize=350%2C200","width":350,"height":200,"srcset":"https:\/\/i0.wp.com\/total-sport.fr\/wp-content\/uploads\/IMG-20220410-WA0243.jpg?fit=984%2C600&ssl=1&resize=350%2C200 1x, https:\/\/i0.wp.com\/total-sport.fr\/wp-content\/uploads\/IMG-20220410-WA0243.jpg?fit=984%2C600&ssl=1&resize=525%2C300 1.5x, https:\/\/i0.wp.com\/total-sport.fr\/wp-content\/uploads\/IMG-20220410-WA0243.jpg?fit=984%2C600&ssl=1&resize=700%2C400 2x"},"classes":[]},{"id":3523,"url":"https:\/\/total-sport.fr\/index.php\/2020\/10\/23\/foot-r1-j5-programme-de-la-5eme-journee-avec-deux-chocs-ce-week-end\/","url_meta":{"origin":3717,"position":4},"title":"Foot-R1-J5: Programme de la 5\u00e8me journ\u00e9e avec deux chocs ce week-end!","author":"Joly JEROME","date":"23 octobre 2020","format":false,"excerpt":"Comme le weekend \u00e9coul\u00e9, c'est la Gauloise de Basse-Terre qui aura le privil\u00e8ge de donner le coup d'envoi de la 5\u00e8me journ\u00e9e de la R1 contre L'Arsenal Club de Petit-Bourg. CSM croisera la Solidarit\u00e9 Scolaire pour le choc du groupe A, alors que Jeunesse \u00c9volution contre le PHARE sera l'affiche\u2026","rel":"","context":"Dans &quot;R1&quot;","block_context":{"text":"R1","link":"https:\/\/total-sport.fr\/index.php\/category\/r1\/"},"img":{"alt_text":"","src":"https:\/\/i0.wp.com\/total-sport.fr\/wp-content\/uploads\/IMG-20201017-WA0106-1.jpg?fit=1024%2C682&ssl=1&resize=350%2C200","width":350,"height":200,"srcset":"https:\/\/i0.wp.com\/total-sport.fr\/wp-content\/uploads\/IMG-20201017-WA0106-1.jpg?fit=1024%2C682&ssl=1&resize=350%2C200 1x, https:\/\/i0.wp.com\/total-sport.fr\/wp-content\/uploads\/IMG-20201017-WA0106-1.jpg?fit=1024%2C682&ssl=1&resize=525%2C300 1.5x, https:\/\/i0.wp.com\/total-sport.fr\/wp-content\/uploads\/IMG-20201017-WA0106-1.jpg?fit=1024%2C682&ssl=1&resize=700%2C400 2x"},"classes":[]},{"id":1019,"url":"https:\/\/total-sport.fr\/index.php\/2019\/05\/14\/foot-guadeloupe-mercato-jean-yves-vadimon-prolonge-son-bail-a-arsenal\/","url_meta":{"origin":3717,"position":5},"title":"Foot-Guadeloupe-Mercato: Jean Yves VADIMON prolonge son bail \u00e0 ARSENAL","author":"Joly JEROME","date":"14 mai 2019","format":false,"excerpt":"Jean Yves VADIMON sera bel et bien pr\u00e9sent sur le banc de L'ARSENAL CLUB de Petit-Bourg la saison prochaine. Les dirigeants du club Petit-Bourgeois ont parvenu \u00e0 un accord avec le technicien de 54 piges pour prolonger son bail jusqu'\u00e0 la saison prochaine. Jean Yves VADIMON coach ARSENAL \u300a L'aventure\u2026","rel":"","context":"Dans &quot;Foot MERCATO&quot;","block_context":{"text":"Foot MERCATO","link":"https:\/\/total-sport.fr\/index.php\/category\/foot-mercato\/"},"img":{"alt_text":"","src":"https:\/\/i0.wp.com\/total-sport.fr\/wp-content\/uploads\/2019\/05\/20190514_190640.jpg?fit=442%2C644&ssl=1&resize=350%2C200","width":350,"height":200},"classes":[]}],"jetpack_likes_enabled":true,"_links":{"self":[{"href":"https:\/\/total-sport.fr\/index.php\/wp-json\/wp\/v2\/posts\/3717","targetHints":{"allow":["GET"]}}],"collection":[{"href":"https:\/\/total-sport.fr\/index.php\/wp-json\/wp\/v2\/posts"}],"about":[{"href":"https:\/\/total-sport.fr\/index.php\/wp-json\/wp\/v2\/types\/post"}],"author":[{"embeddable":true,"href":"https:\/\/total-sport.fr\/index.php\/wp-json\/wp\/v2\/users\/2"}],"replies":[{"embeddable":true,"href":"https:\/\/total-sport.fr\/index.php\/wp-json\/wp\/v2\/comments?post=3717"}],"version-history":[{"count":10,"href":"https:\/\/total-sport.fr\/index.php\/wp-json\/wp\/v2\/posts\/3717\/revisions"}],"predecessor-version":[{"id":3729,"href":"https:\/\/total-sport.fr\/index.php\/wp-json\/wp\/v2\/posts\/3717\/revisions\/3729"}],"wp:featuredmedia":[{"embeddable":true,"href":"https:\/\/total-sport.fr\/index.php\/wp-json\/wp\/v2\/media\/3723"}],"wp:attachment":[{"href":"https:\/\/total-sport.fr\/index.php\/wp-json\/wp\/v2\/media?parent=3717"}],"wp:term":[{"taxonomy":"category","embeddable":true,"href":"https:\/\/total-sport.fr\/index.php\/wp-json\/wp\/v2\/categories?post=3717"},{"taxonomy":"post_tag","embeddable":true,"href":"https:\/\/total-sport.fr\/index.php\/wp-json\/wp\/v2\/tags?post=3717"}],"curies":[{"name":"wp","href":"https:\/\/api.w.org\/{rel}","templated":true}]}}