{"id":3710,"date":"2021-06-09T18:00:35","date_gmt":"2021-06-09T22:00:35","guid":{"rendered":"https:\/\/total-sport.fr\/?p=3710"},"modified":"2021-06-09T18:00:37","modified_gmt":"2021-06-09T22:00:37","slug":"foot-mercato-as-gosier-soffre-le-meilleur-buteur-de-la-cfu","status":"publish","type":"post","link":"https:\/\/total-sport.fr\/index.php\/2021\/06\/09\/foot-mercato-as-gosier-soffre-le-meilleur-buteur-de-la-cfu\/","title":{"rendered":"Foot-Mercato : AS GOSIER s&rsquo;offre le meilleur buteur de la CFU"},"content":{"rendered":"\n<p><strong>Les champions de L&rsquo;AS GOSIER ont ouvert leur Mercato par un coup de tonnerre. Les requins ont officialis\u00e9 l&rsquo;arriv\u00e9e du jeune buteur du Cavaly de L\u00e9ogane Gama\u00ebl DORVIL. <\/strong><br><br>Personne ne s\u2019y attendait pas, mais Gama\u00ebl DORVIL portera bien les couleurs de L\u2019AS GOSIER la saison prochaine. Apr\u00e8s avoir brill\u00e9 dans la Carraibean Club Championship, l\u2019attaquant de 19 piges du Cavaly de L\u00e9og\u00e2ne a attir\u00e9 la convoitise de plusieurs clubs dont AS GOSIER, qui va jouer cette comp\u00e9tition la saison prochaine. <br>En effet, tout a \u00e9t\u00e9 fait ce mercredi par le biais de son agent Christian Payan; et un accord a \u00e9t\u00e9 trouv\u00e9 entre les deux parties. Un an de contrat f\u00e9d\u00e9ral pour le meilleur jeune joueur, meilleur buteur et meilleur de la CFU. <\/p>\n\n\n\n<p>Un gros coup pour les co\u00e9quipiers de Josu\u00e9 ALEXIS, qui vont compter sur un autre tueur devant les buts en plus de Ricardo PHILIBERT.  Le joueur qui s&rsquo;\u00e9tait trouv\u00e9 au milieu d&rsquo;un gros duel des agents,  semble d\u00e9canter la situation car pour le moment c&rsquo;est Christian Payan qui s&rsquo;occupe officiellement du joueur. <\/p>\n","protected":false},"excerpt":{"rendered":"<div class=\"mh-excerpt\"><p>Les champions de L&rsquo;AS GOSIER ont ouvert leur Mercato par un coup de tonnerre. Les requins ont officialis\u00e9 l&rsquo;arriv\u00e9e du jeune buteur du Cavaly de <a class=\"mh-excerpt-more\" href=\"https:\/\/total-sport.fr\/index.php\/2021\/06\/09\/foot-mercato-as-gosier-soffre-le-meilleur-buteur-de-la-cfu\/\" title=\"Foot-Mercato : AS GOSIER s&rsquo;offre le meilleur buteur de la CFU\">[&#8230;]<\/a><\/p>\n<\/div>","protected":false},"author":2,"featured_media":3711,"comment_status":"open","ping_status":"open","sticky":false,"template":"","format":"standard","meta":{"jetpack_post_was_ever_published":false,"_jetpack_newsletter_access":"","_jetpack_dont_email_post_to_subs":false,"_jetpack_newsletter_tier_id":0,"_jetpack_memberships_contains_paywalled_content":false,"_jetpack_memberships_contains_paid_content":false,"footnotes":"","jetpack_publicize_message":"","jetpack_publicize_feature_enabled":true,"jetpack_social_post_already_shared":true,"jetpack_social_options":{"image_generator_settings":{"template":"highway","default_image_id":0,"font":"","enabled":false},"version":2}},"categories":[19],"tags":[],"class_list":["post-3710","post","type-post","status-publish","format-standard","has-post-thumbnail","hentry","category-foot-mercato"],"yoast_head":"<!-- This site is optimized with the Yoast SEO plugin v24.9 - https:\/\/yoast.com\/wordpress\/plugins\/seo\/ -->\n<title>Foot-Mercato : AS GOSIER s&#039;offre le meilleur buteur de la CFU - Total Sports International (TSI)<\/title>\n<meta name=\"robots\" content=\"index, follow, max-snippet:-1, max-image-preview:large, max-video-preview:-1\" \/>\n<link rel=\"canonical\" href=\"https:\/\/total-sport.fr\/index.php\/2021\/06\/09\/foot-mercato-as-gosier-soffre-le-meilleur-buteur-de-la-cfu\/\" \/>\n<meta property=\"og:locale\" content=\"fr_FR\" \/>\n<meta property=\"og:type\" content=\"article\" \/>\n<meta property=\"og:title\" content=\"Foot-Mercato : AS GOSIER s&#039;offre le meilleur buteur de la CFU - Total Sports International (TSI)\" \/>\n<meta property=\"og:description\" content=\"Les champions de L&rsquo;AS GOSIER ont ouvert leur Mercato par un coup de tonnerre. Les requins ont officialis\u00e9 l&rsquo;arriv\u00e9e du jeune buteur du Cavaly de [...]\" \/>\n<meta property=\"og:url\" content=\"https:\/\/total-sport.fr\/index.php\/2021\/06\/09\/foot-mercato-as-gosier-soffre-le-meilleur-buteur-de-la-cfu\/\" \/>\n<meta property=\"og:site_name\" content=\"Total Sports International (TSI)\" \/>\n<meta property=\"article:author\" content=\"https:\/\/www.facebook.com\/joly.jerometotalsport\" \/>\n<meta property=\"article:published_time\" content=\"2021-06-09T22:00:35+00:00\" \/>\n<meta property=\"article:modified_time\" content=\"2021-06-09T22:00:37+00:00\" \/>\n<meta property=\"og:image\" content=\"https:\/\/i0.wp.com\/total-sport.fr\/wp-content\/uploads\/IMG-20210609-WA0037.jpg?fit=1080%2C628&ssl=1\" \/>\n\t<meta property=\"og:image:width\" content=\"1080\" \/>\n\t<meta property=\"og:image:height\" content=\"628\" \/>\n\t<meta property=\"og:image:type\" content=\"image\/jpeg\" \/>\n<meta name=\"author\" content=\"Joly JEROME\" \/>\n<meta name=\"twitter:card\" content=\"summary_large_image\" \/>\n<meta name=\"twitter:creator\" content=\"@Total Sport TS\" \/>\n<meta name=\"twitter:label1\" content=\"\u00c9crit par\" \/>\n\t<meta name=\"twitter:data1\" content=\"Joly JEROME\" \/>\n\t<meta name=\"twitter:label2\" content=\"Dur\u00e9e de lecture estim\u00e9e\" \/>\n\t<meta name=\"twitter:data2\" content=\"1 minute\" \/>\n<script type=\"application\/ld+json\" class=\"yoast-schema-graph\">{\"@context\":\"https:\/\/schema.org\",\"@graph\":[{\"@type\":\"WebPage\",\"@id\":\"https:\/\/total-sport.fr\/index.php\/2021\/06\/09\/foot-mercato-as-gosier-soffre-le-meilleur-buteur-de-la-cfu\/\",\"url\":\"https:\/\/total-sport.fr\/index.php\/2021\/06\/09\/foot-mercato-as-gosier-soffre-le-meilleur-buteur-de-la-cfu\/\",\"name\":\"Foot-Mercato : AS GOSIER s'offre le meilleur buteur de la CFU - Total Sports International (TSI)\",\"isPartOf\":{\"@id\":\"https:\/\/total-sport.fr\/#website\"},\"primaryImageOfPage\":{\"@id\":\"https:\/\/total-sport.fr\/index.php\/2021\/06\/09\/foot-mercato-as-gosier-soffre-le-meilleur-buteur-de-la-cfu\/#primaryimage\"},\"image\":{\"@id\":\"https:\/\/total-sport.fr\/index.php\/2021\/06\/09\/foot-mercato-as-gosier-soffre-le-meilleur-buteur-de-la-cfu\/#primaryimage\"},\"thumbnailUrl\":\"https:\/\/i0.wp.com\/total-sport.fr\/wp-content\/uploads\/IMG-20210609-WA0037.jpg?fit=1080%2C628&ssl=1\",\"datePublished\":\"2021-06-09T22:00:35+00:00\",\"dateModified\":\"2021-06-09T22:00:37+00:00\",\"author\":{\"@id\":\"https:\/\/total-sport.fr\/#\/schema\/person\/f9f5599f372b747441cd5d912824aba4\"},\"breadcrumb\":{\"@id\":\"https:\/\/total-sport.fr\/index.php\/2021\/06\/09\/foot-mercato-as-gosier-soffre-le-meilleur-buteur-de-la-cfu\/#breadcrumb\"},\"inLanguage\":\"fr-FR\",\"potentialAction\":[{\"@type\":\"ReadAction\",\"target\":[\"https:\/\/total-sport.fr\/index.php\/2021\/06\/09\/foot-mercato-as-gosier-soffre-le-meilleur-buteur-de-la-cfu\/\"]}]},{\"@type\":\"ImageObject\",\"inLanguage\":\"fr-FR\",\"@id\":\"https:\/\/total-sport.fr\/index.php\/2021\/06\/09\/foot-mercato-as-gosier-soffre-le-meilleur-buteur-de-la-cfu\/#primaryimage\",\"url\":\"https:\/\/i0.wp.com\/total-sport.fr\/wp-content\/uploads\/IMG-20210609-WA0037.jpg?fit=1080%2C628&ssl=1\",\"contentUrl\":\"https:\/\/i0.wp.com\/total-sport.fr\/wp-content\/uploads\/IMG-20210609-WA0037.jpg?fit=1080%2C628&ssl=1\",\"width\":1080,\"height\":628},{\"@type\":\"BreadcrumbList\",\"@id\":\"https:\/\/total-sport.fr\/index.php\/2021\/06\/09\/foot-mercato-as-gosier-soffre-le-meilleur-buteur-de-la-cfu\/#breadcrumb\",\"itemListElement\":[{\"@type\":\"ListItem\",\"position\":1,\"name\":\"Accueil\",\"item\":\"https:\/\/total-sport.fr\/\"},{\"@type\":\"ListItem\",\"position\":2,\"name\":\"Foot-Mercato : AS GOSIER s&rsquo;offre le meilleur buteur de la CFU\"}]},{\"@type\":\"WebSite\",\"@id\":\"https:\/\/total-sport.fr\/#website\",\"url\":\"https:\/\/total-sport.fr\/\",\"name\":\"Total Sports International (TSI)\",\"description\":\"vous informer est notre priorit\u00e9, 7 jours sur 7 avec toujours le m\u00eame professionnalisme\",\"potentialAction\":[{\"@type\":\"SearchAction\",\"target\":{\"@type\":\"EntryPoint\",\"urlTemplate\":\"https:\/\/total-sport.fr\/?s={search_term_string}\"},\"query-input\":{\"@type\":\"PropertyValueSpecification\",\"valueRequired\":true,\"valueName\":\"search_term_string\"}}],\"inLanguage\":\"fr-FR\"},{\"@type\":\"Person\",\"@id\":\"https:\/\/total-sport.fr\/#\/schema\/person\/f9f5599f372b747441cd5d912824aba4\",\"name\":\"Joly JEROME\",\"image\":{\"@type\":\"ImageObject\",\"inLanguage\":\"fr-FR\",\"@id\":\"https:\/\/total-sport.fr\/#\/schema\/person\/image\/\",\"url\":\"https:\/\/secure.gravatar.com\/avatar\/33e98ca4065ab233074302dee778104df3e61a0f91ceba3d746e7e40dbe11f0d?s=96&d=mm&r=g\",\"contentUrl\":\"https:\/\/secure.gravatar.com\/avatar\/33e98ca4065ab233074302dee778104df3e61a0f91ceba3d746e7e40dbe11f0d?s=96&d=mm&r=g\",\"caption\":\"Joly JEROME\"},\"description\":\"Je suis Joly JEROME, passionn\u00e9 de la lecture et du Sport notamment le Football. Je suis Journaliste ind\u00e9pendant fougueux, s\u00e9rieux mettant ma plume \u00e0 votre service pour vous informer avec la v\u00e9rit\u00e9 comme boussole. Jolyjerome989@gmail.com \/0690 93 65 88\",\"sameAs\":[\"https:\/\/total-sport.fr\",\"https:\/\/www.facebook.com\/joly.jerometotalsport\",\"Joly_JJCA\",\"Total Sport ts\",\"https:\/\/x.com\/Total Sport TS\"],\"url\":\"https:\/\/total-sport.fr\/index.php\/author\/jolyjerome\/\"}]}<\/script>\n<!-- \/ Yoast SEO plugin. -->","yoast_head_json":{"title":"Foot-Mercato : AS GOSIER s'offre le meilleur buteur de la CFU - Total Sports International (TSI)","robots":{"index":"index","follow":"follow","max-snippet":"max-snippet:-1","max-image-preview":"max-image-preview:large","max-video-preview":"max-video-preview:-1"},"canonical":"https:\/\/total-sport.fr\/index.php\/2021\/06\/09\/foot-mercato-as-gosier-soffre-le-meilleur-buteur-de-la-cfu\/","og_locale":"fr_FR","og_type":"article","og_title":"Foot-Mercato : AS GOSIER s'offre le meilleur buteur de la CFU - Total Sports International (TSI)","og_description":"Les champions de L&rsquo;AS GOSIER ont ouvert leur Mercato par un coup de tonnerre. Les requins ont officialis\u00e9 l&rsquo;arriv\u00e9e du jeune buteur du Cavaly de [...]","og_url":"https:\/\/total-sport.fr\/index.php\/2021\/06\/09\/foot-mercato-as-gosier-soffre-le-meilleur-buteur-de-la-cfu\/","og_site_name":"Total Sports International (TSI)","article_author":"https:\/\/www.facebook.com\/joly.jerometotalsport","article_published_time":"2021-06-09T22:00:35+00:00","article_modified_time":"2021-06-09T22:00:37+00:00","og_image":[{"width":1080,"height":628,"url":"https:\/\/i0.wp.com\/total-sport.fr\/wp-content\/uploads\/IMG-20210609-WA0037.jpg?fit=1080%2C628&ssl=1","type":"image\/jpeg"}],"author":"Joly JEROME","twitter_card":"summary_large_image","twitter_creator":"@Total Sport TS","twitter_misc":{"\u00c9crit par":"Joly JEROME","Dur\u00e9e de lecture estim\u00e9e":"1 minute"},"schema":{"@context":"https:\/\/schema.org","@graph":[{"@type":"WebPage","@id":"https:\/\/total-sport.fr\/index.php\/2021\/06\/09\/foot-mercato-as-gosier-soffre-le-meilleur-buteur-de-la-cfu\/","url":"https:\/\/total-sport.fr\/index.php\/2021\/06\/09\/foot-mercato-as-gosier-soffre-le-meilleur-buteur-de-la-cfu\/","name":"Foot-Mercato : AS GOSIER s'offre le meilleur buteur de la CFU - Total Sports International (TSI)","isPartOf":{"@id":"https:\/\/total-sport.fr\/#website"},"primaryImageOfPage":{"@id":"https:\/\/total-sport.fr\/index.php\/2021\/06\/09\/foot-mercato-as-gosier-soffre-le-meilleur-buteur-de-la-cfu\/#primaryimage"},"image":{"@id":"https:\/\/total-sport.fr\/index.php\/2021\/06\/09\/foot-mercato-as-gosier-soffre-le-meilleur-buteur-de-la-cfu\/#primaryimage"},"thumbnailUrl":"https:\/\/i0.wp.com\/total-sport.fr\/wp-content\/uploads\/IMG-20210609-WA0037.jpg?fit=1080%2C628&ssl=1","datePublished":"2021-06-09T22:00:35+00:00","dateModified":"2021-06-09T22:00:37+00:00","author":{"@id":"https:\/\/total-sport.fr\/#\/schema\/person\/f9f5599f372b747441cd5d912824aba4"},"breadcrumb":{"@id":"https:\/\/total-sport.fr\/index.php\/2021\/06\/09\/foot-mercato-as-gosier-soffre-le-meilleur-buteur-de-la-cfu\/#breadcrumb"},"inLanguage":"fr-FR","potentialAction":[{"@type":"ReadAction","target":["https:\/\/total-sport.fr\/index.php\/2021\/06\/09\/foot-mercato-as-gosier-soffre-le-meilleur-buteur-de-la-cfu\/"]}]},{"@type":"ImageObject","inLanguage":"fr-FR","@id":"https:\/\/total-sport.fr\/index.php\/2021\/06\/09\/foot-mercato-as-gosier-soffre-le-meilleur-buteur-de-la-cfu\/#primaryimage","url":"https:\/\/i0.wp.com\/total-sport.fr\/wp-content\/uploads\/IMG-20210609-WA0037.jpg?fit=1080%2C628&ssl=1","contentUrl":"https:\/\/i0.wp.com\/total-sport.fr\/wp-content\/uploads\/IMG-20210609-WA0037.jpg?fit=1080%2C628&ssl=1","width":1080,"height":628},{"@type":"BreadcrumbList","@id":"https:\/\/total-sport.fr\/index.php\/2021\/06\/09\/foot-mercato-as-gosier-soffre-le-meilleur-buteur-de-la-cfu\/#breadcrumb","itemListElement":[{"@type":"ListItem","position":1,"name":"Accueil","item":"https:\/\/total-sport.fr\/"},{"@type":"ListItem","position":2,"name":"Foot-Mercato : AS GOSIER s&rsquo;offre le meilleur buteur de la CFU"}]},{"@type":"WebSite","@id":"https:\/\/total-sport.fr\/#website","url":"https:\/\/total-sport.fr\/","name":"Total Sports International (TSI)","description":"vous informer est notre priorit\u00e9, 7 jours sur 7 avec toujours le m\u00eame professionnalisme","potentialAction":[{"@type":"SearchAction","target":{"@type":"EntryPoint","urlTemplate":"https:\/\/total-sport.fr\/?s={search_term_string}"},"query-input":{"@type":"PropertyValueSpecification","valueRequired":true,"valueName":"search_term_string"}}],"inLanguage":"fr-FR"},{"@type":"Person","@id":"https:\/\/total-sport.fr\/#\/schema\/person\/f9f5599f372b747441cd5d912824aba4","name":"Joly JEROME","image":{"@type":"ImageObject","inLanguage":"fr-FR","@id":"https:\/\/total-sport.fr\/#\/schema\/person\/image\/","url":"https:\/\/secure.gravatar.com\/avatar\/33e98ca4065ab233074302dee778104df3e61a0f91ceba3d746e7e40dbe11f0d?s=96&d=mm&r=g","contentUrl":"https:\/\/secure.gravatar.com\/avatar\/33e98ca4065ab233074302dee778104df3e61a0f91ceba3d746e7e40dbe11f0d?s=96&d=mm&r=g","caption":"Joly JEROME"},"description":"Je suis Joly JEROME, passionn\u00e9 de la lecture et du Sport notamment le Football. Je suis Journaliste ind\u00e9pendant fougueux, s\u00e9rieux mettant ma plume \u00e0 votre service pour vous informer avec la v\u00e9rit\u00e9 comme boussole. Jolyjerome989@gmail.com \/0690 93 65 88","sameAs":["https:\/\/total-sport.fr","https:\/\/www.facebook.com\/joly.jerometotalsport","Joly_JJCA","Total Sport ts","https:\/\/x.com\/Total Sport TS"],"url":"https:\/\/total-sport.fr\/index.php\/author\/jolyjerome\/"}]}},"jetpack_publicize_connections":[],"jetpack_featured_media_url":"https:\/\/i0.wp.com\/total-sport.fr\/wp-content\/uploads\/IMG-20210609-WA0037.jpg?fit=1080%2C628&ssl=1","jetpack_sharing_enabled":true,"jetpack_shortlink":"https:\/\/wp.me\/paF0J8-XQ","jetpack-related-posts":[{"id":3624,"url":"https:\/\/total-sport.fr\/index.php\/2021\/05\/26\/le-cheval-rouge-remporte-la-cfu-championship\/","url_meta":{"origin":3710,"position":0},"title":"Le cheval rouge remporte la CFU Championship","author":"Joly JEROME","date":"26 mai 2021","format":false,"excerpt":"Par: Ralph Lourdy Pericl\u00e9s En s'imposant (3-0) ce mardi 25 mai 2021 au stade F\u00e9lix Sanchez, contre l'inter Moengo Tapoe, l'\u00e9quipe de la cit\u00e9 anacaona remporte la CFU Championship sans le moindre faux pas. Un doubl\u00e9 de Gama\u00ebl Dorvil et un but de Monumat constant Junior sur une belle frappe\u2026","rel":"","context":"Dans &quot;International&quot;","block_context":{"text":"International","link":"https:\/\/total-sport.fr\/index.php\/category\/internationalfoot\/"},"img":{"alt_text":"","src":"https:\/\/i0.wp.com\/total-sport.fr\/wp-content\/uploads\/IMG-20210525-WA0089.jpg?fit=1024%2C1024&ssl=1&resize=350%2C200","width":350,"height":200,"srcset":"https:\/\/i0.wp.com\/total-sport.fr\/wp-content\/uploads\/IMG-20210525-WA0089.jpg?fit=1024%2C1024&ssl=1&resize=350%2C200 1x, https:\/\/i0.wp.com\/total-sport.fr\/wp-content\/uploads\/IMG-20210525-WA0089.jpg?fit=1024%2C1024&ssl=1&resize=525%2C300 1.5x, https:\/\/i0.wp.com\/total-sport.fr\/wp-content\/uploads\/IMG-20210525-WA0089.jpg?fit=1024%2C1024&ssl=1&resize=700%2C400 2x"},"classes":[]},{"id":4028,"url":"https:\/\/total-sport.fr\/index.php\/2022\/01\/22\/foot-mercato-gamael-dorvil-rejoint-mondy-prunier-a-rouen-fc-n2\/","url_meta":{"origin":3710,"position":1},"title":"Foot-Mercato: Gama\u00ebl DORVIL rejoint Mondy PRUNIER \u00e0 ROUEN FC (N2)","author":"Joly JEROME","date":"22 janvier 2022","format":false,"excerpt":"Arriv\u00e9 \u00e0 l'AS GOSIER en d\u00e9but de saison en provenance du Cavaly de L\u00e9ogane, Gama\u00ebl DORVIL n'aura pas fait long feu en terre guadeloup\u00e9enne. L'attaquant de 20 piges ha\u00eftien signe \u00e0 Rouen FC en N2 fran\u00e7aise apr\u00e8s seulement deux matchs officiels sous les couleurs des champions en titre de la\u2026","rel":"","context":"Dans &quot;MERCATO&quot;","block_context":{"text":"MERCATO","link":"https:\/\/total-sport.fr\/index.php\/category\/mercato\/"},"img":{"alt_text":"","src":"https:\/\/i0.wp.com\/total-sport.fr\/wp-content\/uploads\/FB_IMG_1642887466665.jpg?fit=1080%2C718&ssl=1&resize=350%2C200","width":350,"height":200,"srcset":"https:\/\/i0.wp.com\/total-sport.fr\/wp-content\/uploads\/FB_IMG_1642887466665.jpg?fit=1080%2C718&ssl=1&resize=350%2C200 1x, https:\/\/i0.wp.com\/total-sport.fr\/wp-content\/uploads\/FB_IMG_1642887466665.jpg?fit=1080%2C718&ssl=1&resize=525%2C300 1.5x, https:\/\/i0.wp.com\/total-sport.fr\/wp-content\/uploads\/FB_IMG_1642887466665.jpg?fit=1080%2C718&ssl=1&resize=700%2C400 2x, https:\/\/i0.wp.com\/total-sport.fr\/wp-content\/uploads\/FB_IMG_1642887466665.jpg?fit=1080%2C718&ssl=1&resize=1050%2C600 3x"},"classes":[]},{"id":3692,"url":"https:\/\/total-sport.fr\/index.php\/2021\/06\/07\/foot-mercato-la-guerre-des-agents-pour-gamael-dorvil-le-joueur-crache-la-verite\/","url_meta":{"origin":3710,"position":2},"title":"Foot-Mercato: La guerre des agents pour Gama\u00ebl DORVIL, le joueur crache la v\u00e9rit\u00e9.","author":"Joly JEROME","date":"7 juin 2021","format":false,"excerpt":"Apr\u00e8s avoir survol\u00e9 le Flow Carraibean Club Championship avec son club Cavaly AS de L\u00e9og\u00e2ne, l'attaquant Gama\u00ebl DORVIL attire l'attention de plusieurs recruteurs. Entre le cabinet Olympi.net dirig\u00e9 par l'agent Christian Payan et Fuoriclasse dirig\u00e9 par Bernard Collignon, une grosse bataille s'\u00e9clate pour s\u2019en charger de la p\u00e9pite de 19\u2026","rel":"","context":"Dans &quot;Foot MERCATO&quot;","block_context":{"text":"Foot MERCATO","link":"https:\/\/total-sport.fr\/index.php\/category\/foot-mercato\/"},"img":{"alt_text":"","src":"https:\/\/i0.wp.com\/total-sport.fr\/wp-content\/uploads\/Screenshot_20210607-173606_Bazaart.jpg?fit=719%2C414&ssl=1&resize=350%2C200","width":350,"height":200,"srcset":"https:\/\/i0.wp.com\/total-sport.fr\/wp-content\/uploads\/Screenshot_20210607-173606_Bazaart.jpg?fit=719%2C414&ssl=1&resize=350%2C200 1x, https:\/\/i0.wp.com\/total-sport.fr\/wp-content\/uploads\/Screenshot_20210607-173606_Bazaart.jpg?fit=719%2C414&ssl=1&resize=525%2C300 1.5x, https:\/\/i0.wp.com\/total-sport.fr\/wp-content\/uploads\/Screenshot_20210607-173606_Bazaart.jpg?fit=719%2C414&ssl=1&resize=700%2C400 2x"},"classes":[]},{"id":4587,"url":"https:\/\/total-sport.fr\/index.php\/2023\/07\/15\/mercato-gamael-dorvil-rejoint-ain-sud\/","url_meta":{"origin":3710,"position":3},"title":"Mercato : Gamael Dorvil rejoint Ain Sud","author":"Joly JEROME","date":"15 juillet 2023","format":false,"excerpt":"L'attaquant Ha\u00eftien Gamael Dorvil s'est engag\u00e9 ce vendredi 14 juillet \u00e0 Ain Sud, a annonc\u00e9 le club Ainsudiste qui continue son mercato Fou. Libre apr\u00e8s l'expiation de son contrat en mai dernier, l'ancien attaquant de l'AS Gosier s'engage en faveur du Dragon pour la nouvelle saison. L'attaquant Ha\u00eftien de 22\u2026","rel":"","context":"Dans &quot;Foot MERCATO&quot;","block_context":{"text":"Foot MERCATO","link":"https:\/\/total-sport.fr\/index.php\/category\/foot-mercato\/"},"img":{"alt_text":"","src":"https:\/\/i0.wp.com\/total-sport.fr\/wp-content\/uploads\/Screenshot_20230715_075835_Gallery.jpg?fit=1080%2C614&ssl=1&resize=350%2C200","width":350,"height":200,"srcset":"https:\/\/i0.wp.com\/total-sport.fr\/wp-content\/uploads\/Screenshot_20230715_075835_Gallery.jpg?fit=1080%2C614&ssl=1&resize=350%2C200 1x, https:\/\/i0.wp.com\/total-sport.fr\/wp-content\/uploads\/Screenshot_20230715_075835_Gallery.jpg?fit=1080%2C614&ssl=1&resize=525%2C300 1.5x, https:\/\/i0.wp.com\/total-sport.fr\/wp-content\/uploads\/Screenshot_20230715_075835_Gallery.jpg?fit=1080%2C614&ssl=1&resize=700%2C400 2x, https:\/\/i0.wp.com\/total-sport.fr\/wp-content\/uploads\/Screenshot_20230715_075835_Gallery.jpg?fit=1080%2C614&ssl=1&resize=1050%2C600 3x"},"classes":[]},{"id":3061,"url":"https:\/\/total-sport.fr\/index.php\/2020\/06\/28\/foot-mercato-stade-lamentinois-et-la-solidarite-scolaire-intensifient-leurs-activites-sur-le-mercato-gosier-signe-ricardo-philibert\/","url_meta":{"origin":3710,"position":4},"title":"Foot-Mercato: Stade Lamentinois et la Solidarit\u00e9 Scolaire intensifient leurs activit\u00e9s sur le Mercato, Gosier signe Ricardo PHILIBERT.","author":"Joly JEROME","date":"28 juin 2020","format":false,"excerpt":"Le mercato poursuit son petit bonhomme de chemin en Guadeloupe. Avec 6 rel\u00e9gu\u00e9es en R1, l'exercice 2020-2021 s'annonce complexe et les clubs veulent se pr\u00e9parer en cons\u00e9quence. Une saison exceptionnelle pour un mercato exceptionnel, car les rumeurs, n\u00e9gociations et officialisations vont de bon train. Le Stade Lamentinois et la Solidarit\u00e9\u2026","rel":"","context":"Dans &quot;Foot MERCATO&quot;","block_context":{"text":"Foot MERCATO","link":"https:\/\/total-sport.fr\/index.php\/category\/foot-mercato\/"},"img":{"alt_text":"","src":"https:\/\/i0.wp.com\/total-sport.fr\/wp-content\/uploads\/HVP_6884.jpeg?fit=800%2C534&ssl=1&resize=350%2C200","width":350,"height":200,"srcset":"https:\/\/i0.wp.com\/total-sport.fr\/wp-content\/uploads\/HVP_6884.jpeg?fit=800%2C534&ssl=1&resize=350%2C200 1x, https:\/\/i0.wp.com\/total-sport.fr\/wp-content\/uploads\/HVP_6884.jpeg?fit=800%2C534&ssl=1&resize=525%2C300 1.5x, https:\/\/i0.wp.com\/total-sport.fr\/wp-content\/uploads\/HVP_6884.jpeg?fit=800%2C534&ssl=1&resize=700%2C400 2x"},"classes":[]},{"id":3739,"url":"https:\/\/total-sport.fr\/index.php\/2021\/06\/30\/foot-distinction-total-sport-ts-et-ballers-pride-bp-recompensent-les-meilleurs-de-la-r1-et-r2\/","url_meta":{"origin":3710,"position":5},"title":"FOOT-Distinction: Total Sport (TS) et Ballers Pride (BP) r\u00e9compensent, les meilleurs de la R1 et R2","author":"Joly JEROME","date":"30 juin 2021","format":false,"excerpt":"L'\u00e9quipementier Ballers Pride (BP) et Total Sport TS ont r\u00e9compens\u00e9 les meilleurs joueurs, gardiens et buteurs de la r\u00e9gionale 1 et 2. Au local de L'AS GOSIER ce mardi apr\u00e8s-midi, ils \u00e9taient une vingtaine de personne \u00e0 assister \u00e0 cette petite c\u00e9r\u00e9monie de remise des troph\u00e9es organis\u00e9e par BP et\u2026","rel":"","context":"Dans &quot;Non class\u00e9&quot;","block_context":{"text":"Non class\u00e9","link":"https:\/\/total-sport.fr\/index.php\/category\/non-classe\/"},"img":{"alt_text":"","src":"https:\/\/i0.wp.com\/total-sport.fr\/wp-content\/uploads\/Screenshot_20210630-074549_Gallery.jpg?fit=719%2C532&ssl=1&resize=350%2C200","width":350,"height":200,"srcset":"https:\/\/i0.wp.com\/total-sport.fr\/wp-content\/uploads\/Screenshot_20210630-074549_Gallery.jpg?fit=719%2C532&ssl=1&resize=350%2C200 1x, https:\/\/i0.wp.com\/total-sport.fr\/wp-content\/uploads\/Screenshot_20210630-074549_Gallery.jpg?fit=719%2C532&ssl=1&resize=525%2C300 1.5x, https:\/\/i0.wp.com\/total-sport.fr\/wp-content\/uploads\/Screenshot_20210630-074549_Gallery.jpg?fit=719%2C532&ssl=1&resize=700%2C400 2x"},"classes":[]}],"jetpack_likes_enabled":true,"_links":{"self":[{"href":"https:\/\/total-sport.fr\/index.php\/wp-json\/wp\/v2\/posts\/3710","targetHints":{"allow":["GET"]}}],"collection":[{"href":"https:\/\/total-sport.fr\/index.php\/wp-json\/wp\/v2\/posts"}],"about":[{"href":"https:\/\/total-sport.fr\/index.php\/wp-json\/wp\/v2\/types\/post"}],"author":[{"embeddable":true,"href":"https:\/\/total-sport.fr\/index.php\/wp-json\/wp\/v2\/users\/2"}],"replies":[{"embeddable":true,"href":"https:\/\/total-sport.fr\/index.php\/wp-json\/wp\/v2\/comments?post=3710"}],"version-history":[{"count":4,"href":"https:\/\/total-sport.fr\/index.php\/wp-json\/wp\/v2\/posts\/3710\/revisions"}],"predecessor-version":[{"id":3715,"href":"https:\/\/total-sport.fr\/index.php\/wp-json\/wp\/v2\/posts\/3710\/revisions\/3715"}],"wp:featuredmedia":[{"embeddable":true,"href":"https:\/\/total-sport.fr\/index.php\/wp-json\/wp\/v2\/media\/3711"}],"wp:attachment":[{"href":"https:\/\/total-sport.fr\/index.php\/wp-json\/wp\/v2\/media?parent=3710"}],"wp:term":[{"taxonomy":"category","embeddable":true,"href":"https:\/\/total-sport.fr\/index.php\/wp-json\/wp\/v2\/categories?post=3710"},{"taxonomy":"post_tag","embeddable":true,"href":"https:\/\/total-sport.fr\/index.php\/wp-json\/wp\/v2\/tags?post=3710"}],"curies":[{"name":"wp","href":"https:\/\/api.w.org\/{rel}","templated":true}]}}