{"id":3692,"date":"2021-06-07T21:04:35","date_gmt":"2021-06-08T01:04:35","guid":{"rendered":"https:\/\/total-sport.fr\/?p=3692"},"modified":"2021-06-07T21:27:55","modified_gmt":"2021-06-08T01:27:55","slug":"foot-mercato-la-guerre-des-agents-pour-gamael-dorvil-le-joueur-crache-la-verite","status":"publish","type":"post","link":"https:\/\/total-sport.fr\/index.php\/2021\/06\/07\/foot-mercato-la-guerre-des-agents-pour-gamael-dorvil-le-joueur-crache-la-verite\/","title":{"rendered":"Foot-Mercato: La guerre des agents pour Gama\u00ebl DORVIL, le joueur crache la v\u00e9rit\u00e9."},"content":{"rendered":"\n<p><strong>Apr\u00e8s avoir survol\u00e9 le Flow Carraibean Club Championship avec son club Cavaly AS de L\u00e9og\u00e2ne, l&rsquo;attaquant Gama\u00ebl DORVIL attire l&rsquo;attention de plusieurs recruteurs. Entre le cabinet Olympi.net dirig\u00e9 par l&rsquo;agent Christian Payan et Fuoriclasse dirig\u00e9 par Bernard Collignon, une grosse bataille s&rsquo;\u00e9clate pour s\u2019en charger de la p\u00e9pite de 19 ans, Gama\u00ebl DORVIL. Mais qui est le vrai  agent de Gama\u00ebl DORVIL?<\/strong><\/p>\n\n\n\n<p>Tout a commenc\u00e9 le vendredi 4 juin quand le patron de Olympi.net Christian avait annonc\u00e9 la signature officielle de Gama\u00ebl DORVIL sur sa page Facebook avec des photos du joueur. Cependant, selon  <em> M\u00c9DIASPORT HA\u00cfTI,<\/em> l\u2019autre agent, Bernard Collignon n\u2019a pas mis du temps pour  annoncer \u00e0 son tour la signature de DORVIL \u00e0 son cabinet.<\/p>\n\n\n\n<p><em>\u300a J\u2019ai d\u00e9j\u00e0 contact\u00e9 de nombreux clubs en France, si on ne trouve aucune r\u00e9ponse, nous continuerons \u00e0 faire tourner puisque notre plus grand r\u00eave c\u2019est de le voir enfiler un t-shirt d\u2019un des plus grands comp\u00e9titifs en Europe \u300b, <\/em>a d\u00e9clar\u00e9 M Bernard Collignon \u00e0 M\u00c9DIASPORT Haiti.<\/p>\n\n\n\n<p>Joint au t\u00e9l\u00e9phone par la r\u00e9daction de Total Sport, le DG de Olympi.net a rejet\u00e9 d&rsquo;un revers de main les propos de M Collignon.  \u00c0 en croire Christian PAYAN le dossier de Gama\u00ebl DORVIL est d\u00e9pos\u00e9 \u00e0 la FFF depuis 4 jours, de quoi confirmer la signature du golden boy du Flow Carraibean Club Championship \u00e0 Olympi.net. <\/p>\n\n\n\n<p><strong>Mais  qui est votre vrai agent Gama\u00ebl DORVIL, avez-vous sign\u00e9 \u00e0 Fluoriclasse de Bernard Collignon ?<\/strong><\/p>\n\n\n\n<p>\u300a <em>J&rsquo;ai un seul agent,  il s&rsquo;appelle Christian PAYAN. J&rsquo;ai sign\u00e9 \u00e0 personne d&rsquo;autre<\/em> \u300b, a fait savoir Gama\u00ebl DORVIL contact\u00e9 par Total Sport ce lundi.  <\/p>\n\n\n\n<p>\u00c0 noter le joueur a 19 ans, il est form\u00e9 \u00e0 en l&rsquo;AST de Carrefour, il \u00e9volue en premi\u00e8re division ha\u00eftienne avec le club Cavaly AS de L\u00e9og\u00e2ne. Il a remport\u00e9 le titre de champion du Flow Carraibean Club Championship avec Cavaly, o\u00f9 il avait remport\u00e9 le titre de meilleur jeune joueur,  meilleur joueur et meilleur buteur de cette comp\u00e9tition avec 5 buts.<\/p>\n\n\n\n<p><\/p>\n","protected":false},"excerpt":{"rendered":"<div class=\"mh-excerpt\"><p>Apr\u00e8s avoir survol\u00e9 le Flow Carraibean Club Championship avec son club Cavaly AS de L\u00e9og\u00e2ne, l&rsquo;attaquant Gama\u00ebl DORVIL attire l&rsquo;attention de plusieurs recruteurs. Entre le <a class=\"mh-excerpt-more\" href=\"https:\/\/total-sport.fr\/index.php\/2021\/06\/07\/foot-mercato-la-guerre-des-agents-pour-gamael-dorvil-le-joueur-crache-la-verite\/\" title=\"Foot-Mercato: La guerre des agents pour Gama\u00ebl DORVIL, le joueur crache la v\u00e9rit\u00e9.\">[&#8230;]<\/a><\/p>\n<\/div>","protected":false},"author":2,"featured_media":3699,"comment_status":"open","ping_status":"open","sticky":false,"template":"","format":"standard","meta":{"jetpack_post_was_ever_published":false,"_jetpack_newsletter_access":"","_jetpack_dont_email_post_to_subs":false,"_jetpack_newsletter_tier_id":0,"_jetpack_memberships_contains_paywalled_content":false,"_jetpack_memberships_contains_paid_content":false,"footnotes":"","jetpack_publicize_message":"","jetpack_publicize_feature_enabled":true,"jetpack_social_post_already_shared":true,"jetpack_social_options":{"image_generator_settings":{"template":"highway","default_image_id":0,"font":"","enabled":false},"version":2}},"categories":[19],"tags":[],"class_list":["post-3692","post","type-post","status-publish","format-standard","has-post-thumbnail","hentry","category-foot-mercato"],"yoast_head":"<!-- This site is optimized with the Yoast SEO plugin v24.9 - https:\/\/yoast.com\/wordpress\/plugins\/seo\/ -->\n<title>Foot-Mercato: La guerre des agents pour Gama\u00ebl DORVIL, le joueur crache la v\u00e9rit\u00e9. - Total Sports International (TSI)<\/title>\n<meta name=\"robots\" content=\"index, follow, max-snippet:-1, max-image-preview:large, max-video-preview:-1\" \/>\n<link rel=\"canonical\" href=\"https:\/\/total-sport.fr\/index.php\/2021\/06\/07\/foot-mercato-la-guerre-des-agents-pour-gamael-dorvil-le-joueur-crache-la-verite\/\" \/>\n<meta property=\"og:locale\" content=\"fr_FR\" \/>\n<meta property=\"og:type\" content=\"article\" \/>\n<meta property=\"og:title\" content=\"Foot-Mercato: La guerre des agents pour Gama\u00ebl DORVIL, le joueur crache la v\u00e9rit\u00e9. - Total Sports International (TSI)\" \/>\n<meta property=\"og:description\" content=\"Apr\u00e8s avoir survol\u00e9 le Flow Carraibean Club Championship avec son club Cavaly AS de L\u00e9og\u00e2ne, l&rsquo;attaquant Gama\u00ebl DORVIL attire l&rsquo;attention de plusieurs recruteurs. Entre le [...]\" \/>\n<meta property=\"og:url\" content=\"https:\/\/total-sport.fr\/index.php\/2021\/06\/07\/foot-mercato-la-guerre-des-agents-pour-gamael-dorvil-le-joueur-crache-la-verite\/\" \/>\n<meta property=\"og:site_name\" content=\"Total Sports International (TSI)\" \/>\n<meta property=\"article:author\" content=\"https:\/\/www.facebook.com\/joly.jerometotalsport\" \/>\n<meta property=\"article:published_time\" content=\"2021-06-08T01:04:35+00:00\" \/>\n<meta property=\"article:modified_time\" content=\"2021-06-08T01:27:55+00:00\" \/>\n<meta property=\"og:image\" content=\"https:\/\/i0.wp.com\/total-sport.fr\/wp-content\/uploads\/Screenshot_20210607-173606_Bazaart.jpg?fit=719%2C414&ssl=1\" \/>\n\t<meta property=\"og:image:width\" content=\"719\" \/>\n\t<meta property=\"og:image:height\" content=\"414\" \/>\n\t<meta property=\"og:image:type\" content=\"image\/jpeg\" \/>\n<meta name=\"author\" content=\"Joly JEROME\" \/>\n<meta name=\"twitter:card\" content=\"summary_large_image\" \/>\n<meta name=\"twitter:creator\" content=\"@Total Sport TS\" \/>\n<meta name=\"twitter:label1\" content=\"\u00c9crit par\" \/>\n\t<meta name=\"twitter:data1\" content=\"Joly JEROME\" \/>\n\t<meta name=\"twitter:label2\" content=\"Dur\u00e9e de lecture estim\u00e9e\" \/>\n\t<meta name=\"twitter:data2\" content=\"2 minutes\" \/>\n<script type=\"application\/ld+json\" class=\"yoast-schema-graph\">{\"@context\":\"https:\/\/schema.org\",\"@graph\":[{\"@type\":\"WebPage\",\"@id\":\"https:\/\/total-sport.fr\/index.php\/2021\/06\/07\/foot-mercato-la-guerre-des-agents-pour-gamael-dorvil-le-joueur-crache-la-verite\/\",\"url\":\"https:\/\/total-sport.fr\/index.php\/2021\/06\/07\/foot-mercato-la-guerre-des-agents-pour-gamael-dorvil-le-joueur-crache-la-verite\/\",\"name\":\"Foot-Mercato: La guerre des agents pour Gama\u00ebl DORVIL, le joueur crache la v\u00e9rit\u00e9. - Total Sports International (TSI)\",\"isPartOf\":{\"@id\":\"https:\/\/total-sport.fr\/#website\"},\"primaryImageOfPage\":{\"@id\":\"https:\/\/total-sport.fr\/index.php\/2021\/06\/07\/foot-mercato-la-guerre-des-agents-pour-gamael-dorvil-le-joueur-crache-la-verite\/#primaryimage\"},\"image\":{\"@id\":\"https:\/\/total-sport.fr\/index.php\/2021\/06\/07\/foot-mercato-la-guerre-des-agents-pour-gamael-dorvil-le-joueur-crache-la-verite\/#primaryimage\"},\"thumbnailUrl\":\"https:\/\/i0.wp.com\/total-sport.fr\/wp-content\/uploads\/Screenshot_20210607-173606_Bazaart.jpg?fit=719%2C414&ssl=1\",\"datePublished\":\"2021-06-08T01:04:35+00:00\",\"dateModified\":\"2021-06-08T01:27:55+00:00\",\"author\":{\"@id\":\"https:\/\/total-sport.fr\/#\/schema\/person\/f9f5599f372b747441cd5d912824aba4\"},\"breadcrumb\":{\"@id\":\"https:\/\/total-sport.fr\/index.php\/2021\/06\/07\/foot-mercato-la-guerre-des-agents-pour-gamael-dorvil-le-joueur-crache-la-verite\/#breadcrumb\"},\"inLanguage\":\"fr-FR\",\"potentialAction\":[{\"@type\":\"ReadAction\",\"target\":[\"https:\/\/total-sport.fr\/index.php\/2021\/06\/07\/foot-mercato-la-guerre-des-agents-pour-gamael-dorvil-le-joueur-crache-la-verite\/\"]}]},{\"@type\":\"ImageObject\",\"inLanguage\":\"fr-FR\",\"@id\":\"https:\/\/total-sport.fr\/index.php\/2021\/06\/07\/foot-mercato-la-guerre-des-agents-pour-gamael-dorvil-le-joueur-crache-la-verite\/#primaryimage\",\"url\":\"https:\/\/i0.wp.com\/total-sport.fr\/wp-content\/uploads\/Screenshot_20210607-173606_Bazaart.jpg?fit=719%2C414&ssl=1\",\"contentUrl\":\"https:\/\/i0.wp.com\/total-sport.fr\/wp-content\/uploads\/Screenshot_20210607-173606_Bazaart.jpg?fit=719%2C414&ssl=1\",\"width\":719,\"height\":414},{\"@type\":\"BreadcrumbList\",\"@id\":\"https:\/\/total-sport.fr\/index.php\/2021\/06\/07\/foot-mercato-la-guerre-des-agents-pour-gamael-dorvil-le-joueur-crache-la-verite\/#breadcrumb\",\"itemListElement\":[{\"@type\":\"ListItem\",\"position\":1,\"name\":\"Accueil\",\"item\":\"https:\/\/total-sport.fr\/\"},{\"@type\":\"ListItem\",\"position\":2,\"name\":\"Foot-Mercato: La guerre des agents pour Gama\u00ebl DORVIL, le joueur crache la v\u00e9rit\u00e9.\"}]},{\"@type\":\"WebSite\",\"@id\":\"https:\/\/total-sport.fr\/#website\",\"url\":\"https:\/\/total-sport.fr\/\",\"name\":\"Total Sports International (TSI)\",\"description\":\"vous informer est notre priorit\u00e9, 7 jours sur 7 avec toujours le m\u00eame professionnalisme\",\"potentialAction\":[{\"@type\":\"SearchAction\",\"target\":{\"@type\":\"EntryPoint\",\"urlTemplate\":\"https:\/\/total-sport.fr\/?s={search_term_string}\"},\"query-input\":{\"@type\":\"PropertyValueSpecification\",\"valueRequired\":true,\"valueName\":\"search_term_string\"}}],\"inLanguage\":\"fr-FR\"},{\"@type\":\"Person\",\"@id\":\"https:\/\/total-sport.fr\/#\/schema\/person\/f9f5599f372b747441cd5d912824aba4\",\"name\":\"Joly JEROME\",\"image\":{\"@type\":\"ImageObject\",\"inLanguage\":\"fr-FR\",\"@id\":\"https:\/\/total-sport.fr\/#\/schema\/person\/image\/\",\"url\":\"https:\/\/secure.gravatar.com\/avatar\/33e98ca4065ab233074302dee778104df3e61a0f91ceba3d746e7e40dbe11f0d?s=96&d=mm&r=g\",\"contentUrl\":\"https:\/\/secure.gravatar.com\/avatar\/33e98ca4065ab233074302dee778104df3e61a0f91ceba3d746e7e40dbe11f0d?s=96&d=mm&r=g\",\"caption\":\"Joly JEROME\"},\"description\":\"Je suis Joly JEROME, passionn\u00e9 de la lecture et du Sport notamment le Football. Je suis Journaliste ind\u00e9pendant fougueux, s\u00e9rieux mettant ma plume \u00e0 votre service pour vous informer avec la v\u00e9rit\u00e9 comme boussole. Jolyjerome989@gmail.com \/0690 93 65 88\",\"sameAs\":[\"https:\/\/total-sport.fr\",\"https:\/\/www.facebook.com\/joly.jerometotalsport\",\"Joly_JJCA\",\"Total Sport ts\",\"https:\/\/x.com\/Total Sport TS\"],\"url\":\"https:\/\/total-sport.fr\/index.php\/author\/jolyjerome\/\"}]}<\/script>\n<!-- \/ Yoast SEO plugin. -->","yoast_head_json":{"title":"Foot-Mercato: La guerre des agents pour Gama\u00ebl DORVIL, le joueur crache la v\u00e9rit\u00e9. - Total Sports International (TSI)","robots":{"index":"index","follow":"follow","max-snippet":"max-snippet:-1","max-image-preview":"max-image-preview:large","max-video-preview":"max-video-preview:-1"},"canonical":"https:\/\/total-sport.fr\/index.php\/2021\/06\/07\/foot-mercato-la-guerre-des-agents-pour-gamael-dorvil-le-joueur-crache-la-verite\/","og_locale":"fr_FR","og_type":"article","og_title":"Foot-Mercato: La guerre des agents pour Gama\u00ebl DORVIL, le joueur crache la v\u00e9rit\u00e9. - Total Sports International (TSI)","og_description":"Apr\u00e8s avoir survol\u00e9 le Flow Carraibean Club Championship avec son club Cavaly AS de L\u00e9og\u00e2ne, l&rsquo;attaquant Gama\u00ebl DORVIL attire l&rsquo;attention de plusieurs recruteurs. Entre le [...]","og_url":"https:\/\/total-sport.fr\/index.php\/2021\/06\/07\/foot-mercato-la-guerre-des-agents-pour-gamael-dorvil-le-joueur-crache-la-verite\/","og_site_name":"Total Sports International (TSI)","article_author":"https:\/\/www.facebook.com\/joly.jerometotalsport","article_published_time":"2021-06-08T01:04:35+00:00","article_modified_time":"2021-06-08T01:27:55+00:00","og_image":[{"width":719,"height":414,"url":"https:\/\/i0.wp.com\/total-sport.fr\/wp-content\/uploads\/Screenshot_20210607-173606_Bazaart.jpg?fit=719%2C414&ssl=1","type":"image\/jpeg"}],"author":"Joly JEROME","twitter_card":"summary_large_image","twitter_creator":"@Total Sport TS","twitter_misc":{"\u00c9crit par":"Joly JEROME","Dur\u00e9e de lecture estim\u00e9e":"2 minutes"},"schema":{"@context":"https:\/\/schema.org","@graph":[{"@type":"WebPage","@id":"https:\/\/total-sport.fr\/index.php\/2021\/06\/07\/foot-mercato-la-guerre-des-agents-pour-gamael-dorvil-le-joueur-crache-la-verite\/","url":"https:\/\/total-sport.fr\/index.php\/2021\/06\/07\/foot-mercato-la-guerre-des-agents-pour-gamael-dorvil-le-joueur-crache-la-verite\/","name":"Foot-Mercato: La guerre des agents pour Gama\u00ebl DORVIL, le joueur crache la v\u00e9rit\u00e9. - Total Sports International (TSI)","isPartOf":{"@id":"https:\/\/total-sport.fr\/#website"},"primaryImageOfPage":{"@id":"https:\/\/total-sport.fr\/index.php\/2021\/06\/07\/foot-mercato-la-guerre-des-agents-pour-gamael-dorvil-le-joueur-crache-la-verite\/#primaryimage"},"image":{"@id":"https:\/\/total-sport.fr\/index.php\/2021\/06\/07\/foot-mercato-la-guerre-des-agents-pour-gamael-dorvil-le-joueur-crache-la-verite\/#primaryimage"},"thumbnailUrl":"https:\/\/i0.wp.com\/total-sport.fr\/wp-content\/uploads\/Screenshot_20210607-173606_Bazaart.jpg?fit=719%2C414&ssl=1","datePublished":"2021-06-08T01:04:35+00:00","dateModified":"2021-06-08T01:27:55+00:00","author":{"@id":"https:\/\/total-sport.fr\/#\/schema\/person\/f9f5599f372b747441cd5d912824aba4"},"breadcrumb":{"@id":"https:\/\/total-sport.fr\/index.php\/2021\/06\/07\/foot-mercato-la-guerre-des-agents-pour-gamael-dorvil-le-joueur-crache-la-verite\/#breadcrumb"},"inLanguage":"fr-FR","potentialAction":[{"@type":"ReadAction","target":["https:\/\/total-sport.fr\/index.php\/2021\/06\/07\/foot-mercato-la-guerre-des-agents-pour-gamael-dorvil-le-joueur-crache-la-verite\/"]}]},{"@type":"ImageObject","inLanguage":"fr-FR","@id":"https:\/\/total-sport.fr\/index.php\/2021\/06\/07\/foot-mercato-la-guerre-des-agents-pour-gamael-dorvil-le-joueur-crache-la-verite\/#primaryimage","url":"https:\/\/i0.wp.com\/total-sport.fr\/wp-content\/uploads\/Screenshot_20210607-173606_Bazaart.jpg?fit=719%2C414&ssl=1","contentUrl":"https:\/\/i0.wp.com\/total-sport.fr\/wp-content\/uploads\/Screenshot_20210607-173606_Bazaart.jpg?fit=719%2C414&ssl=1","width":719,"height":414},{"@type":"BreadcrumbList","@id":"https:\/\/total-sport.fr\/index.php\/2021\/06\/07\/foot-mercato-la-guerre-des-agents-pour-gamael-dorvil-le-joueur-crache-la-verite\/#breadcrumb","itemListElement":[{"@type":"ListItem","position":1,"name":"Accueil","item":"https:\/\/total-sport.fr\/"},{"@type":"ListItem","position":2,"name":"Foot-Mercato: La guerre des agents pour Gama\u00ebl DORVIL, le joueur crache la v\u00e9rit\u00e9."}]},{"@type":"WebSite","@id":"https:\/\/total-sport.fr\/#website","url":"https:\/\/total-sport.fr\/","name":"Total Sports International (TSI)","description":"vous informer est notre priorit\u00e9, 7 jours sur 7 avec toujours le m\u00eame professionnalisme","potentialAction":[{"@type":"SearchAction","target":{"@type":"EntryPoint","urlTemplate":"https:\/\/total-sport.fr\/?s={search_term_string}"},"query-input":{"@type":"PropertyValueSpecification","valueRequired":true,"valueName":"search_term_string"}}],"inLanguage":"fr-FR"},{"@type":"Person","@id":"https:\/\/total-sport.fr\/#\/schema\/person\/f9f5599f372b747441cd5d912824aba4","name":"Joly JEROME","image":{"@type":"ImageObject","inLanguage":"fr-FR","@id":"https:\/\/total-sport.fr\/#\/schema\/person\/image\/","url":"https:\/\/secure.gravatar.com\/avatar\/33e98ca4065ab233074302dee778104df3e61a0f91ceba3d746e7e40dbe11f0d?s=96&d=mm&r=g","contentUrl":"https:\/\/secure.gravatar.com\/avatar\/33e98ca4065ab233074302dee778104df3e61a0f91ceba3d746e7e40dbe11f0d?s=96&d=mm&r=g","caption":"Joly JEROME"},"description":"Je suis Joly JEROME, passionn\u00e9 de la lecture et du Sport notamment le Football. Je suis Journaliste ind\u00e9pendant fougueux, s\u00e9rieux mettant ma plume \u00e0 votre service pour vous informer avec la v\u00e9rit\u00e9 comme boussole. Jolyjerome989@gmail.com \/0690 93 65 88","sameAs":["https:\/\/total-sport.fr","https:\/\/www.facebook.com\/joly.jerometotalsport","Joly_JJCA","Total Sport ts","https:\/\/x.com\/Total Sport TS"],"url":"https:\/\/total-sport.fr\/index.php\/author\/jolyjerome\/"}]}},"jetpack_publicize_connections":[],"jetpack_featured_media_url":"https:\/\/i0.wp.com\/total-sport.fr\/wp-content\/uploads\/Screenshot_20210607-173606_Bazaart.jpg?fit=719%2C414&ssl=1","jetpack_sharing_enabled":true,"jetpack_shortlink":"https:\/\/wp.me\/paF0J8-Xy","jetpack-related-posts":[{"id":4587,"url":"https:\/\/total-sport.fr\/index.php\/2023\/07\/15\/mercato-gamael-dorvil-rejoint-ain-sud\/","url_meta":{"origin":3692,"position":0},"title":"Mercato : Gamael Dorvil rejoint Ain Sud","author":"Joly JEROME","date":"15 juillet 2023","format":false,"excerpt":"L'attaquant Ha\u00eftien Gamael Dorvil s'est engag\u00e9 ce vendredi 14 juillet \u00e0 Ain Sud, a annonc\u00e9 le club Ainsudiste qui continue son mercato Fou. Libre apr\u00e8s l'expiation de son contrat en mai dernier, l'ancien attaquant de l'AS Gosier s'engage en faveur du Dragon pour la nouvelle saison. L'attaquant Ha\u00eftien de 22\u2026","rel":"","context":"Dans &quot;Foot MERCATO&quot;","block_context":{"text":"Foot MERCATO","link":"https:\/\/total-sport.fr\/index.php\/category\/foot-mercato\/"},"img":{"alt_text":"","src":"https:\/\/i0.wp.com\/total-sport.fr\/wp-content\/uploads\/Screenshot_20230715_075835_Gallery.jpg?fit=1080%2C614&ssl=1&resize=350%2C200","width":350,"height":200,"srcset":"https:\/\/i0.wp.com\/total-sport.fr\/wp-content\/uploads\/Screenshot_20230715_075835_Gallery.jpg?fit=1080%2C614&ssl=1&resize=350%2C200 1x, https:\/\/i0.wp.com\/total-sport.fr\/wp-content\/uploads\/Screenshot_20230715_075835_Gallery.jpg?fit=1080%2C614&ssl=1&resize=525%2C300 1.5x, https:\/\/i0.wp.com\/total-sport.fr\/wp-content\/uploads\/Screenshot_20230715_075835_Gallery.jpg?fit=1080%2C614&ssl=1&resize=700%2C400 2x, https:\/\/i0.wp.com\/total-sport.fr\/wp-content\/uploads\/Screenshot_20230715_075835_Gallery.jpg?fit=1080%2C614&ssl=1&resize=1050%2C600 3x"},"classes":[]},{"id":4028,"url":"https:\/\/total-sport.fr\/index.php\/2022\/01\/22\/foot-mercato-gamael-dorvil-rejoint-mondy-prunier-a-rouen-fc-n2\/","url_meta":{"origin":3692,"position":1},"title":"Foot-Mercato: Gama\u00ebl DORVIL rejoint Mondy PRUNIER \u00e0 ROUEN FC (N2)","author":"Joly JEROME","date":"22 janvier 2022","format":false,"excerpt":"Arriv\u00e9 \u00e0 l'AS GOSIER en d\u00e9but de saison en provenance du Cavaly de L\u00e9ogane, Gama\u00ebl DORVIL n'aura pas fait long feu en terre guadeloup\u00e9enne. L'attaquant de 20 piges ha\u00eftien signe \u00e0 Rouen FC en N2 fran\u00e7aise apr\u00e8s seulement deux matchs officiels sous les couleurs des champions en titre de la\u2026","rel":"","context":"Dans &quot;MERCATO&quot;","block_context":{"text":"MERCATO","link":"https:\/\/total-sport.fr\/index.php\/category\/mercato\/"},"img":{"alt_text":"","src":"https:\/\/i0.wp.com\/total-sport.fr\/wp-content\/uploads\/FB_IMG_1642887466665.jpg?fit=1080%2C718&ssl=1&resize=350%2C200","width":350,"height":200,"srcset":"https:\/\/i0.wp.com\/total-sport.fr\/wp-content\/uploads\/FB_IMG_1642887466665.jpg?fit=1080%2C718&ssl=1&resize=350%2C200 1x, https:\/\/i0.wp.com\/total-sport.fr\/wp-content\/uploads\/FB_IMG_1642887466665.jpg?fit=1080%2C718&ssl=1&resize=525%2C300 1.5x, https:\/\/i0.wp.com\/total-sport.fr\/wp-content\/uploads\/FB_IMG_1642887466665.jpg?fit=1080%2C718&ssl=1&resize=700%2C400 2x, https:\/\/i0.wp.com\/total-sport.fr\/wp-content\/uploads\/FB_IMG_1642887466665.jpg?fit=1080%2C718&ssl=1&resize=1050%2C600 3x"},"classes":[]},{"id":3710,"url":"https:\/\/total-sport.fr\/index.php\/2021\/06\/09\/foot-mercato-as-gosier-soffre-le-meilleur-buteur-de-la-cfu\/","url_meta":{"origin":3692,"position":2},"title":"Foot-Mercato : AS GOSIER s&rsquo;offre le meilleur buteur de la CFU","author":"Joly JEROME","date":"9 juin 2021","format":false,"excerpt":"Les champions de L'AS GOSIER ont ouvert leur Mercato par un coup de tonnerre. Les requins ont officialis\u00e9 l'arriv\u00e9e du jeune buteur du Cavaly de L\u00e9ogane Gama\u00ebl DORVIL. Personne ne s\u2019y attendait pas, mais Gama\u00ebl DORVIL portera bien les couleurs de L\u2019AS GOSIER la saison prochaine. Apr\u00e8s avoir brill\u00e9 dans\u2026","rel":"","context":"Dans &quot;Foot MERCATO&quot;","block_context":{"text":"Foot MERCATO","link":"https:\/\/total-sport.fr\/index.php\/category\/foot-mercato\/"},"img":{"alt_text":"","src":"https:\/\/i0.wp.com\/total-sport.fr\/wp-content\/uploads\/IMG-20210609-WA0037.jpg?fit=1080%2C628&ssl=1&resize=350%2C200","width":350,"height":200,"srcset":"https:\/\/i0.wp.com\/total-sport.fr\/wp-content\/uploads\/IMG-20210609-WA0037.jpg?fit=1080%2C628&ssl=1&resize=350%2C200 1x, https:\/\/i0.wp.com\/total-sport.fr\/wp-content\/uploads\/IMG-20210609-WA0037.jpg?fit=1080%2C628&ssl=1&resize=525%2C300 1.5x, https:\/\/i0.wp.com\/total-sport.fr\/wp-content\/uploads\/IMG-20210609-WA0037.jpg?fit=1080%2C628&ssl=1&resize=700%2C400 2x, https:\/\/i0.wp.com\/total-sport.fr\/wp-content\/uploads\/IMG-20210609-WA0037.jpg?fit=1080%2C628&ssl=1&resize=1050%2C600 3x"},"classes":[]},{"id":3624,"url":"https:\/\/total-sport.fr\/index.php\/2021\/05\/26\/le-cheval-rouge-remporte-la-cfu-championship\/","url_meta":{"origin":3692,"position":3},"title":"Le cheval rouge remporte la CFU Championship","author":"Joly JEROME","date":"26 mai 2021","format":false,"excerpt":"Par: Ralph Lourdy Pericl\u00e9s En s'imposant (3-0) ce mardi 25 mai 2021 au stade F\u00e9lix Sanchez, contre l'inter Moengo Tapoe, l'\u00e9quipe de la cit\u00e9 anacaona remporte la CFU Championship sans le moindre faux pas. Un doubl\u00e9 de Gama\u00ebl Dorvil et un but de Monumat constant Junior sur une belle frappe\u2026","rel":"","context":"Dans &quot;International&quot;","block_context":{"text":"International","link":"https:\/\/total-sport.fr\/index.php\/category\/internationalfoot\/"},"img":{"alt_text":"","src":"https:\/\/i0.wp.com\/total-sport.fr\/wp-content\/uploads\/IMG-20210525-WA0089.jpg?fit=1024%2C1024&ssl=1&resize=350%2C200","width":350,"height":200,"srcset":"https:\/\/i0.wp.com\/total-sport.fr\/wp-content\/uploads\/IMG-20210525-WA0089.jpg?fit=1024%2C1024&ssl=1&resize=350%2C200 1x, https:\/\/i0.wp.com\/total-sport.fr\/wp-content\/uploads\/IMG-20210525-WA0089.jpg?fit=1024%2C1024&ssl=1&resize=525%2C300 1.5x, https:\/\/i0.wp.com\/total-sport.fr\/wp-content\/uploads\/IMG-20210525-WA0089.jpg?fit=1024%2C1024&ssl=1&resize=700%2C400 2x"},"classes":[]},{"id":3981,"url":"https:\/\/total-sport.fr\/index.php\/2022\/01\/09\/foot-r1vito-festival-de-buts-pour-la-premiere-journee-r1-vito\/","url_meta":{"origin":3692,"position":4},"title":"Foot-R1Vito: Festival de buts pour la premi\u00e8re journ\u00e9e R1 Vito !","author":"Joly JEROME","date":"9 janvier 2022","format":false,"excerpt":"Le Siroco, le CSM et L'AS Gosier ont d\u00e9ploy\u00e9 leur puissance offensive","rel":"","context":"Dans &quot;R1&quot;","block_context":{"text":"R1","link":"https:\/\/total-sport.fr\/index.php\/category\/r1\/"},"img":{"alt_text":"SIROCO","src":"https:\/\/i0.wp.com\/total-sport.fr\/wp-content\/uploads\/SIROCO.jpg?fit=1200%2C766&ssl=1&resize=350%2C200","width":350,"height":200,"srcset":"https:\/\/i0.wp.com\/total-sport.fr\/wp-content\/uploads\/SIROCO.jpg?fit=1200%2C766&ssl=1&resize=350%2C200 1x, https:\/\/i0.wp.com\/total-sport.fr\/wp-content\/uploads\/SIROCO.jpg?fit=1200%2C766&ssl=1&resize=525%2C300 1.5x, https:\/\/i0.wp.com\/total-sport.fr\/wp-content\/uploads\/SIROCO.jpg?fit=1200%2C766&ssl=1&resize=700%2C400 2x, https:\/\/i0.wp.com\/total-sport.fr\/wp-content\/uploads\/SIROCO.jpg?fit=1200%2C766&ssl=1&resize=1050%2C600 3x"},"classes":[]},{"id":1221,"url":"https:\/\/total-sport.fr\/index.php\/2019\/07\/05\/foot-mercato-les-premiers-gros-coups-du-mercato-en-guadeloupe\/","url_meta":{"origin":3692,"position":5},"title":"Foot-Mercato : Les premiers gros coups du mercato en  Guadeloupe","author":"Joly JEROME","date":"5 juillet 2019","format":false,"excerpt":"La saison 2018-2019 vient tout juste de boucler, d\u00e9j\u00e0 les clubs Guadeloup\u00e9ens s'activent sur le march\u00e9 des transferts.\u00a0 Comme chaque saison le mercato s'annonce tr\u00e8s agit\u00e9 avec des joueurs qui souhaitent changer d'air et les \u00e9quipes voulant se renforcer pour l'exercice 2019-2020. Faisons le point sur ce d\u00e9but de ce\u2026","rel":"","context":"Dans &quot;Foot MERCATO&quot;","block_context":{"text":"Foot MERCATO","link":"https:\/\/total-sport.fr\/index.php\/category\/foot-mercato\/"},"img":{"alt_text":"","src":"https:\/\/i0.wp.com\/total-sport.fr\/wp-content\/uploads\/2019\/07\/20190705_193431.jpg?fit=798%2C549&ssl=1&resize=350%2C200","width":350,"height":200,"srcset":"https:\/\/i0.wp.com\/total-sport.fr\/wp-content\/uploads\/2019\/07\/20190705_193431.jpg?fit=798%2C549&ssl=1&resize=350%2C200 1x, https:\/\/i0.wp.com\/total-sport.fr\/wp-content\/uploads\/2019\/07\/20190705_193431.jpg?fit=798%2C549&ssl=1&resize=525%2C300 1.5x, https:\/\/i0.wp.com\/total-sport.fr\/wp-content\/uploads\/2019\/07\/20190705_193431.jpg?fit=798%2C549&ssl=1&resize=700%2C400 2x"},"classes":[]}],"jetpack_likes_enabled":true,"_links":{"self":[{"href":"https:\/\/total-sport.fr\/index.php\/wp-json\/wp\/v2\/posts\/3692","targetHints":{"allow":["GET"]}}],"collection":[{"href":"https:\/\/total-sport.fr\/index.php\/wp-json\/wp\/v2\/posts"}],"about":[{"href":"https:\/\/total-sport.fr\/index.php\/wp-json\/wp\/v2\/types\/post"}],"author":[{"embeddable":true,"href":"https:\/\/total-sport.fr\/index.php\/wp-json\/wp\/v2\/users\/2"}],"replies":[{"embeddable":true,"href":"https:\/\/total-sport.fr\/index.php\/wp-json\/wp\/v2\/comments?post=3692"}],"version-history":[{"count":10,"href":"https:\/\/total-sport.fr\/index.php\/wp-json\/wp\/v2\/posts\/3692\/revisions"}],"predecessor-version":[{"id":3705,"href":"https:\/\/total-sport.fr\/index.php\/wp-json\/wp\/v2\/posts\/3692\/revisions\/3705"}],"wp:featuredmedia":[{"embeddable":true,"href":"https:\/\/total-sport.fr\/index.php\/wp-json\/wp\/v2\/media\/3699"}],"wp:attachment":[{"href":"https:\/\/total-sport.fr\/index.php\/wp-json\/wp\/v2\/media?parent=3692"}],"wp:term":[{"taxonomy":"category","embeddable":true,"href":"https:\/\/total-sport.fr\/index.php\/wp-json\/wp\/v2\/categories?post=3692"},{"taxonomy":"post_tag","embeddable":true,"href":"https:\/\/total-sport.fr\/index.php\/wp-json\/wp\/v2\/tags?post=3692"}],"curies":[{"name":"wp","href":"https:\/\/api.w.org\/{rel}","templated":true}]}}