{"id":3672,"date":"2021-06-06T10:18:04","date_gmt":"2021-06-06T14:18:04","guid":{"rendered":"http:\/\/total-sport.fr\/?p=3672"},"modified":"2021-06-06T10:18:06","modified_gmt":"2021-06-06T14:18:06","slug":"foot-mercato-johnny-placide-de-retour-france-au-sporting-club-bastia","status":"publish","type":"post","link":"https:\/\/total-sport.fr\/index.php\/2021\/06\/06\/foot-mercato-johnny-placide-de-retour-france-au-sporting-club-bastia\/","title":{"rendered":"Foot-Mercato : Johnny Placide de retour France, au Sporting Club Bastia"},"content":{"rendered":"\n<p>Par: <strong>Ralph Lourdy P\u00e9ricl\u00e9s<\/strong><\/p>\n\n\n\n<p><strong>Actuellement avec la s\u00e9lection pour disputer les \u00e9liminatoires de la coupe du monde Qatar 2022, l&rsquo;ancien gardien d&rsquo;oldham en Angleterre quitte le Tsarsko Selo Sofia, apr\u00e8s deux saisons pour s&rsquo;engager avec le sporting club Bastia une \u00e9quipe fra\u00eechement promue en Ligue2 BKT .<\/strong><\/p>\n\n\n\n<p>Le capitaine de la s\u00e9lection ha\u00eftienne de football s&rsquo;est engag\u00e9 dans la foul\u00e9e pour deux ans avec le Football club Bastia, c&rsquo;est le club lui m\u00eame qui a officialis\u00e9 le transfert du gardien form\u00e9 au havre qui signe son retour en Ligue2 BKT.<\/p>\n\n\n\n<p>Le montant du transfert n&rsquo;a pas \u00e9t\u00e9 d\u00e9voil\u00e9.<\/p>\n\n\n\n<p>Par ailleurs,  le dernier rempart de la s\u00e9lection ha\u00eftienne de football, est la deuxi\u00e8me recrue de l&rsquo;\u00e9quipe apr\u00e8s Thomas Vincensini.<\/p>\n","protected":false},"excerpt":{"rendered":"<div class=\"mh-excerpt\"><p>Par: Ralph Lourdy P\u00e9ricl\u00e9s Actuellement avec la s\u00e9lection pour disputer les \u00e9liminatoires de la coupe du monde Qatar 2022, l&rsquo;ancien gardien d&rsquo;oldham en Angleterre quitte <a class=\"mh-excerpt-more\" href=\"https:\/\/total-sport.fr\/index.php\/2021\/06\/06\/foot-mercato-johnny-placide-de-retour-france-au-sporting-club-bastia\/\" title=\"Foot-Mercato : Johnny Placide de retour France, au Sporting Club Bastia\">[&#8230;]<\/a><\/p>\n<\/div>","protected":false},"author":2,"featured_media":3676,"comment_status":"open","ping_status":"open","sticky":false,"template":"","format":"standard","meta":{"jetpack_post_was_ever_published":false,"_jetpack_newsletter_access":"","_jetpack_dont_email_post_to_subs":false,"_jetpack_newsletter_tier_id":0,"_jetpack_memberships_contains_paywalled_content":false,"_jetpack_memberships_contains_paid_content":false,"footnotes":"","jetpack_publicize_message":"","jetpack_publicize_feature_enabled":true,"jetpack_social_post_already_shared":true,"jetpack_social_options":{"image_generator_settings":{"template":"highway","default_image_id":0,"font":"","enabled":false},"version":2}},"categories":[19],"tags":[],"class_list":["post-3672","post","type-post","status-publish","format-standard","has-post-thumbnail","hentry","category-foot-mercato"],"yoast_head":"<!-- This site is optimized with the Yoast SEO plugin v24.9 - https:\/\/yoast.com\/wordpress\/plugins\/seo\/ -->\n<title>Foot-Mercato : Johnny Placide de retour France, au Sporting Club Bastia - Total Sports International (TSI)<\/title>\n<meta name=\"robots\" content=\"index, follow, max-snippet:-1, max-image-preview:large, max-video-preview:-1\" \/>\n<link rel=\"canonical\" href=\"https:\/\/total-sport.fr\/index.php\/2021\/06\/06\/foot-mercato-johnny-placide-de-retour-france-au-sporting-club-bastia\/\" \/>\n<meta property=\"og:locale\" content=\"fr_FR\" \/>\n<meta property=\"og:type\" content=\"article\" \/>\n<meta property=\"og:title\" content=\"Foot-Mercato : Johnny Placide de retour France, au Sporting Club Bastia - Total Sports International (TSI)\" \/>\n<meta property=\"og:description\" content=\"Par: Ralph Lourdy P\u00e9ricl\u00e9s Actuellement avec la s\u00e9lection pour disputer les \u00e9liminatoires de la coupe du monde Qatar 2022, l&rsquo;ancien gardien d&rsquo;oldham en Angleterre quitte [...]\" \/>\n<meta property=\"og:url\" content=\"https:\/\/total-sport.fr\/index.php\/2021\/06\/06\/foot-mercato-johnny-placide-de-retour-france-au-sporting-club-bastia\/\" \/>\n<meta property=\"og:site_name\" content=\"Total Sports International (TSI)\" \/>\n<meta property=\"article:author\" content=\"https:\/\/www.facebook.com\/joly.jerometotalsport\" \/>\n<meta property=\"article:published_time\" content=\"2021-06-06T14:18:04+00:00\" \/>\n<meta property=\"article:modified_time\" content=\"2021-06-06T14:18:06+00:00\" \/>\n<meta property=\"og:image\" content=\"https:\/\/i0.wp.com\/total-sport.fr\/wp-content\/uploads\/59979.jpg?fit=400%2C295&ssl=1\" \/>\n\t<meta property=\"og:image:width\" content=\"400\" \/>\n\t<meta property=\"og:image:height\" content=\"295\" \/>\n\t<meta property=\"og:image:type\" content=\"image\/jpeg\" \/>\n<meta name=\"author\" content=\"Joly JEROME\" \/>\n<meta name=\"twitter:card\" content=\"summary_large_image\" \/>\n<meta name=\"twitter:creator\" content=\"@Total Sport TS\" \/>\n<meta name=\"twitter:label1\" content=\"\u00c9crit par\" \/>\n\t<meta name=\"twitter:data1\" content=\"Joly JEROME\" \/>\n\t<meta name=\"twitter:label2\" content=\"Dur\u00e9e de lecture estim\u00e9e\" \/>\n\t<meta name=\"twitter:data2\" content=\"1 minute\" \/>\n<script type=\"application\/ld+json\" class=\"yoast-schema-graph\">{\"@context\":\"https:\/\/schema.org\",\"@graph\":[{\"@type\":\"WebPage\",\"@id\":\"https:\/\/total-sport.fr\/index.php\/2021\/06\/06\/foot-mercato-johnny-placide-de-retour-france-au-sporting-club-bastia\/\",\"url\":\"https:\/\/total-sport.fr\/index.php\/2021\/06\/06\/foot-mercato-johnny-placide-de-retour-france-au-sporting-club-bastia\/\",\"name\":\"Foot-Mercato : Johnny Placide de retour France, au Sporting Club Bastia - Total Sports International (TSI)\",\"isPartOf\":{\"@id\":\"https:\/\/total-sport.fr\/#website\"},\"primaryImageOfPage\":{\"@id\":\"https:\/\/total-sport.fr\/index.php\/2021\/06\/06\/foot-mercato-johnny-placide-de-retour-france-au-sporting-club-bastia\/#primaryimage\"},\"image\":{\"@id\":\"https:\/\/total-sport.fr\/index.php\/2021\/06\/06\/foot-mercato-johnny-placide-de-retour-france-au-sporting-club-bastia\/#primaryimage\"},\"thumbnailUrl\":\"https:\/\/i0.wp.com\/total-sport.fr\/wp-content\/uploads\/59979.jpg?fit=400%2C295&ssl=1\",\"datePublished\":\"2021-06-06T14:18:04+00:00\",\"dateModified\":\"2021-06-06T14:18:06+00:00\",\"author\":{\"@id\":\"https:\/\/total-sport.fr\/#\/schema\/person\/f9f5599f372b747441cd5d912824aba4\"},\"breadcrumb\":{\"@id\":\"https:\/\/total-sport.fr\/index.php\/2021\/06\/06\/foot-mercato-johnny-placide-de-retour-france-au-sporting-club-bastia\/#breadcrumb\"},\"inLanguage\":\"fr-FR\",\"potentialAction\":[{\"@type\":\"ReadAction\",\"target\":[\"https:\/\/total-sport.fr\/index.php\/2021\/06\/06\/foot-mercato-johnny-placide-de-retour-france-au-sporting-club-bastia\/\"]}]},{\"@type\":\"ImageObject\",\"inLanguage\":\"fr-FR\",\"@id\":\"https:\/\/total-sport.fr\/index.php\/2021\/06\/06\/foot-mercato-johnny-placide-de-retour-france-au-sporting-club-bastia\/#primaryimage\",\"url\":\"https:\/\/i0.wp.com\/total-sport.fr\/wp-content\/uploads\/59979.jpg?fit=400%2C295&ssl=1\",\"contentUrl\":\"https:\/\/i0.wp.com\/total-sport.fr\/wp-content\/uploads\/59979.jpg?fit=400%2C295&ssl=1\",\"width\":400,\"height\":295},{\"@type\":\"BreadcrumbList\",\"@id\":\"https:\/\/total-sport.fr\/index.php\/2021\/06\/06\/foot-mercato-johnny-placide-de-retour-france-au-sporting-club-bastia\/#breadcrumb\",\"itemListElement\":[{\"@type\":\"ListItem\",\"position\":1,\"name\":\"Accueil\",\"item\":\"https:\/\/total-sport.fr\/\"},{\"@type\":\"ListItem\",\"position\":2,\"name\":\"Foot-Mercato : Johnny Placide de retour France, au Sporting Club Bastia\"}]},{\"@type\":\"WebSite\",\"@id\":\"https:\/\/total-sport.fr\/#website\",\"url\":\"https:\/\/total-sport.fr\/\",\"name\":\"Total Sports International (TSI)\",\"description\":\"vous informer est notre priorit\u00e9, 7 jours sur 7 avec toujours le m\u00eame professionnalisme\",\"potentialAction\":[{\"@type\":\"SearchAction\",\"target\":{\"@type\":\"EntryPoint\",\"urlTemplate\":\"https:\/\/total-sport.fr\/?s={search_term_string}\"},\"query-input\":{\"@type\":\"PropertyValueSpecification\",\"valueRequired\":true,\"valueName\":\"search_term_string\"}}],\"inLanguage\":\"fr-FR\"},{\"@type\":\"Person\",\"@id\":\"https:\/\/total-sport.fr\/#\/schema\/person\/f9f5599f372b747441cd5d912824aba4\",\"name\":\"Joly JEROME\",\"image\":{\"@type\":\"ImageObject\",\"inLanguage\":\"fr-FR\",\"@id\":\"https:\/\/total-sport.fr\/#\/schema\/person\/image\/\",\"url\":\"https:\/\/secure.gravatar.com\/avatar\/33e98ca4065ab233074302dee778104df3e61a0f91ceba3d746e7e40dbe11f0d?s=96&d=mm&r=g\",\"contentUrl\":\"https:\/\/secure.gravatar.com\/avatar\/33e98ca4065ab233074302dee778104df3e61a0f91ceba3d746e7e40dbe11f0d?s=96&d=mm&r=g\",\"caption\":\"Joly JEROME\"},\"description\":\"Je suis Joly JEROME, passionn\u00e9 de la lecture et du Sport notamment le Football. Je suis Journaliste ind\u00e9pendant fougueux, s\u00e9rieux mettant ma plume \u00e0 votre service pour vous informer avec la v\u00e9rit\u00e9 comme boussole. Jolyjerome989@gmail.com \/0690 93 65 88\",\"sameAs\":[\"https:\/\/total-sport.fr\",\"https:\/\/www.facebook.com\/joly.jerometotalsport\",\"Joly_JJCA\",\"Total Sport ts\",\"https:\/\/x.com\/Total Sport TS\"],\"url\":\"https:\/\/total-sport.fr\/index.php\/author\/jolyjerome\/\"}]}<\/script>\n<!-- \/ Yoast SEO plugin. -->","yoast_head_json":{"title":"Foot-Mercato : Johnny Placide de retour France, au Sporting Club Bastia - Total Sports International (TSI)","robots":{"index":"index","follow":"follow","max-snippet":"max-snippet:-1","max-image-preview":"max-image-preview:large","max-video-preview":"max-video-preview:-1"},"canonical":"https:\/\/total-sport.fr\/index.php\/2021\/06\/06\/foot-mercato-johnny-placide-de-retour-france-au-sporting-club-bastia\/","og_locale":"fr_FR","og_type":"article","og_title":"Foot-Mercato : Johnny Placide de retour France, au Sporting Club Bastia - Total Sports International (TSI)","og_description":"Par: Ralph Lourdy P\u00e9ricl\u00e9s Actuellement avec la s\u00e9lection pour disputer les \u00e9liminatoires de la coupe du monde Qatar 2022, l&rsquo;ancien gardien d&rsquo;oldham en Angleterre quitte [...]","og_url":"https:\/\/total-sport.fr\/index.php\/2021\/06\/06\/foot-mercato-johnny-placide-de-retour-france-au-sporting-club-bastia\/","og_site_name":"Total Sports International (TSI)","article_author":"https:\/\/www.facebook.com\/joly.jerometotalsport","article_published_time":"2021-06-06T14:18:04+00:00","article_modified_time":"2021-06-06T14:18:06+00:00","og_image":[{"width":400,"height":295,"url":"https:\/\/i0.wp.com\/total-sport.fr\/wp-content\/uploads\/59979.jpg?fit=400%2C295&ssl=1","type":"image\/jpeg"}],"author":"Joly JEROME","twitter_card":"summary_large_image","twitter_creator":"@Total Sport TS","twitter_misc":{"\u00c9crit par":"Joly JEROME","Dur\u00e9e de lecture estim\u00e9e":"1 minute"},"schema":{"@context":"https:\/\/schema.org","@graph":[{"@type":"WebPage","@id":"https:\/\/total-sport.fr\/index.php\/2021\/06\/06\/foot-mercato-johnny-placide-de-retour-france-au-sporting-club-bastia\/","url":"https:\/\/total-sport.fr\/index.php\/2021\/06\/06\/foot-mercato-johnny-placide-de-retour-france-au-sporting-club-bastia\/","name":"Foot-Mercato : Johnny Placide de retour France, au Sporting Club Bastia - Total Sports International (TSI)","isPartOf":{"@id":"https:\/\/total-sport.fr\/#website"},"primaryImageOfPage":{"@id":"https:\/\/total-sport.fr\/index.php\/2021\/06\/06\/foot-mercato-johnny-placide-de-retour-france-au-sporting-club-bastia\/#primaryimage"},"image":{"@id":"https:\/\/total-sport.fr\/index.php\/2021\/06\/06\/foot-mercato-johnny-placide-de-retour-france-au-sporting-club-bastia\/#primaryimage"},"thumbnailUrl":"https:\/\/i0.wp.com\/total-sport.fr\/wp-content\/uploads\/59979.jpg?fit=400%2C295&ssl=1","datePublished":"2021-06-06T14:18:04+00:00","dateModified":"2021-06-06T14:18:06+00:00","author":{"@id":"https:\/\/total-sport.fr\/#\/schema\/person\/f9f5599f372b747441cd5d912824aba4"},"breadcrumb":{"@id":"https:\/\/total-sport.fr\/index.php\/2021\/06\/06\/foot-mercato-johnny-placide-de-retour-france-au-sporting-club-bastia\/#breadcrumb"},"inLanguage":"fr-FR","potentialAction":[{"@type":"ReadAction","target":["https:\/\/total-sport.fr\/index.php\/2021\/06\/06\/foot-mercato-johnny-placide-de-retour-france-au-sporting-club-bastia\/"]}]},{"@type":"ImageObject","inLanguage":"fr-FR","@id":"https:\/\/total-sport.fr\/index.php\/2021\/06\/06\/foot-mercato-johnny-placide-de-retour-france-au-sporting-club-bastia\/#primaryimage","url":"https:\/\/i0.wp.com\/total-sport.fr\/wp-content\/uploads\/59979.jpg?fit=400%2C295&ssl=1","contentUrl":"https:\/\/i0.wp.com\/total-sport.fr\/wp-content\/uploads\/59979.jpg?fit=400%2C295&ssl=1","width":400,"height":295},{"@type":"BreadcrumbList","@id":"https:\/\/total-sport.fr\/index.php\/2021\/06\/06\/foot-mercato-johnny-placide-de-retour-france-au-sporting-club-bastia\/#breadcrumb","itemListElement":[{"@type":"ListItem","position":1,"name":"Accueil","item":"https:\/\/total-sport.fr\/"},{"@type":"ListItem","position":2,"name":"Foot-Mercato : Johnny Placide de retour France, au Sporting Club Bastia"}]},{"@type":"WebSite","@id":"https:\/\/total-sport.fr\/#website","url":"https:\/\/total-sport.fr\/","name":"Total Sports International (TSI)","description":"vous informer est notre priorit\u00e9, 7 jours sur 7 avec toujours le m\u00eame professionnalisme","potentialAction":[{"@type":"SearchAction","target":{"@type":"EntryPoint","urlTemplate":"https:\/\/total-sport.fr\/?s={search_term_string}"},"query-input":{"@type":"PropertyValueSpecification","valueRequired":true,"valueName":"search_term_string"}}],"inLanguage":"fr-FR"},{"@type":"Person","@id":"https:\/\/total-sport.fr\/#\/schema\/person\/f9f5599f372b747441cd5d912824aba4","name":"Joly JEROME","image":{"@type":"ImageObject","inLanguage":"fr-FR","@id":"https:\/\/total-sport.fr\/#\/schema\/person\/image\/","url":"https:\/\/secure.gravatar.com\/avatar\/33e98ca4065ab233074302dee778104df3e61a0f91ceba3d746e7e40dbe11f0d?s=96&d=mm&r=g","contentUrl":"https:\/\/secure.gravatar.com\/avatar\/33e98ca4065ab233074302dee778104df3e61a0f91ceba3d746e7e40dbe11f0d?s=96&d=mm&r=g","caption":"Joly JEROME"},"description":"Je suis Joly JEROME, passionn\u00e9 de la lecture et du Sport notamment le Football. Je suis Journaliste ind\u00e9pendant fougueux, s\u00e9rieux mettant ma plume \u00e0 votre service pour vous informer avec la v\u00e9rit\u00e9 comme boussole. Jolyjerome989@gmail.com \/0690 93 65 88","sameAs":["https:\/\/total-sport.fr","https:\/\/www.facebook.com\/joly.jerometotalsport","Joly_JJCA","Total Sport ts","https:\/\/x.com\/Total Sport TS"],"url":"https:\/\/total-sport.fr\/index.php\/author\/jolyjerome\/"}]}},"jetpack_publicize_connections":[],"jetpack_featured_media_url":"https:\/\/i0.wp.com\/total-sport.fr\/wp-content\/uploads\/59979.jpg?fit=400%2C295&ssl=1","jetpack_sharing_enabled":true,"jetpack_shortlink":"https:\/\/wp.me\/paF0J8-Xe","jetpack-related-posts":[{"id":4555,"url":"https:\/\/total-sport.fr\/index.php\/2023\/07\/01\/mercato-matthias-phaeton-sengage-avec-le-cska-sofia\/","url_meta":{"origin":3672,"position":0},"title":"Mercato : Matthias Phaeton s&rsquo;engage avec le CSKA SOFIA !","author":"Joly JEROME","date":"1 juillet 2023","format":false,"excerpt":"Un an apr\u00e8s son arriv\u00e9e \u00e0 Grenoble, l'attaquant Guadeloup\u00e9en, Matthias Phaeton quitte l'\u00e9quipe is\u00e9roise pour s'engager avec le CSKA Sofia en Bulgarie. Avec 9 buts et 2 passes d\u00e9cisives en 37 matches lors de l'exercice 2022-2023 en Ligue 2 BKT, le natif de Colombes, Mattias Phaeton a \u00e9t\u00e9 l'un des\u2026","rel":"","context":"Dans &quot;Foot MERCATO&quot;","block_context":{"text":"Foot MERCATO","link":"https:\/\/total-sport.fr\/index.php\/category\/foot-mercato\/"},"img":{"alt_text":"","src":"https:\/\/i0.wp.com\/total-sport.fr\/wp-content\/uploads\/69892.jpg?fit=700%2C416&ssl=1&resize=350%2C200","width":350,"height":200,"srcset":"https:\/\/i0.wp.com\/total-sport.fr\/wp-content\/uploads\/69892.jpg?fit=700%2C416&ssl=1&resize=350%2C200 1x, https:\/\/i0.wp.com\/total-sport.fr\/wp-content\/uploads\/69892.jpg?fit=700%2C416&ssl=1&resize=525%2C300 1.5x, https:\/\/i0.wp.com\/total-sport.fr\/wp-content\/uploads\/69892.jpg?fit=700%2C416&ssl=1&resize=700%2C400 2x"},"classes":[]},{"id":1287,"url":"https:\/\/total-sport.fr\/index.php\/2019\/07\/15\/foot-mercato-sennoaj-a-lusbm-gamby-rejoint-lamical-club-romain-linon-quitte-le-phare-tout-ce-quil-faut-savoir-sur-les-dernieres-heures-du-mercato-de-la-guadeloupe\/","url_meta":{"origin":3672,"position":1},"title":"Foot-Mercato : SENNOAJ \u00e0 l&rsquo;USBM, GAMBY rejoint L&rsquo;Amical Club, Romain LINON quitte le PHARE, tout ce qu&rsquo;il faut savoir sur les derni\u00e8res heures du Mercato de la Guadeloupe.","author":"Joly JEROME","date":"15 juillet 2019","format":false,"excerpt":"Le March\u00e9 des transferts prendra fin officiellement \u00e0 minuit ce soir (heure de France), plusieurs clubs attendent les derni\u00e8res heures pour s'emparer de nouvelles recrues, d'autres attendent apr\u00e8s ce 15 juillet pour annoncer leurs nouveaux renforts. Dans l'intervalle plusieurs joueurs ont chang\u00e9 d'air, certaines \u00e9quipes ont r\u00e9alis\u00e9 de bons coups,\u2026","rel":"","context":"Dans &quot;Foot MERCATO&quot;","block_context":{"text":"Foot MERCATO","link":"https:\/\/total-sport.fr\/index.php\/category\/foot-mercato\/"},"img":{"alt_text":"","src":"https:\/\/i0.wp.com\/total-sport.fr\/wp-content\/uploads\/2019\/07\/IMG-20190715-WA0028.jpg?fit=1107%2C960&ssl=1&resize=350%2C200","width":350,"height":200,"srcset":"https:\/\/i0.wp.com\/total-sport.fr\/wp-content\/uploads\/2019\/07\/IMG-20190715-WA0028.jpg?fit=1107%2C960&ssl=1&resize=350%2C200 1x, https:\/\/i0.wp.com\/total-sport.fr\/wp-content\/uploads\/2019\/07\/IMG-20190715-WA0028.jpg?fit=1107%2C960&ssl=1&resize=525%2C300 1.5x, https:\/\/i0.wp.com\/total-sport.fr\/wp-content\/uploads\/2019\/07\/IMG-20190715-WA0028.jpg?fit=1107%2C960&ssl=1&resize=700%2C400 2x, https:\/\/i0.wp.com\/total-sport.fr\/wp-content\/uploads\/2019\/07\/IMG-20190715-WA0028.jpg?fit=1107%2C960&ssl=1&resize=1050%2C600 3x"},"classes":[]},{"id":3730,"url":"https:\/\/total-sport.fr\/index.php\/2021\/06\/14\/foot-mondial-2022-quel-plan-de-bataille-pour-haiti-contre-canada\/","url_meta":{"origin":3672,"position":2},"title":"Foot-Mondial 2022: Quel plan de bataille pour Ha\u00efti contre Canada ?","author":"Joly JEROME","date":"14 juin 2021","format":false,"excerpt":"Par : Ralph Lourdy Pericl\u00e9s \u00c0 l'occasion de la deuxi\u00e8me phase des \u00e9liminatoires de la coupe du monde Qatar 2022, la s\u00e9lection Ha\u00eftienne de football s'\u00e9tait inclin\u00e9e 1-0 au stade National Sylvio Cator contre le Canada ce samedi 12 Juin 2021. Les grenadiers avaient perdu leur premi\u00e8re rencontre en encaissant\u2026","rel":"","context":"Dans &quot;International&quot;","block_context":{"text":"International","link":"https:\/\/total-sport.fr\/index.php\/category\/internationalfoot\/"},"img":{"alt_text":"","src":"https:\/\/i0.wp.com\/total-sport.fr\/wp-content\/uploads\/FB_IMG_1623669601217.jpg?fit=720%2C486&ssl=1&resize=350%2C200","width":350,"height":200,"srcset":"https:\/\/i0.wp.com\/total-sport.fr\/wp-content\/uploads\/FB_IMG_1623669601217.jpg?fit=720%2C486&ssl=1&resize=350%2C200 1x, https:\/\/i0.wp.com\/total-sport.fr\/wp-content\/uploads\/FB_IMG_1623669601217.jpg?fit=720%2C486&ssl=1&resize=525%2C300 1.5x, https:\/\/i0.wp.com\/total-sport.fr\/wp-content\/uploads\/FB_IMG_1623669601217.jpg?fit=720%2C486&ssl=1&resize=700%2C400 2x"},"classes":[]},{"id":1221,"url":"https:\/\/total-sport.fr\/index.php\/2019\/07\/05\/foot-mercato-les-premiers-gros-coups-du-mercato-en-guadeloupe\/","url_meta":{"origin":3672,"position":3},"title":"Foot-Mercato : Les premiers gros coups du mercato en  Guadeloupe","author":"Joly JEROME","date":"5 juillet 2019","format":false,"excerpt":"La saison 2018-2019 vient tout juste de boucler, d\u00e9j\u00e0 les clubs Guadeloup\u00e9ens s'activent sur le march\u00e9 des transferts.\u00a0 Comme chaque saison le mercato s'annonce tr\u00e8s agit\u00e9 avec des joueurs qui souhaitent changer d'air et les \u00e9quipes voulant se renforcer pour l'exercice 2019-2020. Faisons le point sur ce d\u00e9but de ce\u2026","rel":"","context":"Dans &quot;Foot MERCATO&quot;","block_context":{"text":"Foot MERCATO","link":"https:\/\/total-sport.fr\/index.php\/category\/foot-mercato\/"},"img":{"alt_text":"","src":"https:\/\/i0.wp.com\/total-sport.fr\/wp-content\/uploads\/2019\/07\/20190705_193431.jpg?fit=798%2C549&ssl=1&resize=350%2C200","width":350,"height":200,"srcset":"https:\/\/i0.wp.com\/total-sport.fr\/wp-content\/uploads\/2019\/07\/20190705_193431.jpg?fit=798%2C549&ssl=1&resize=350%2C200 1x, https:\/\/i0.wp.com\/total-sport.fr\/wp-content\/uploads\/2019\/07\/20190705_193431.jpg?fit=798%2C549&ssl=1&resize=525%2C300 1.5x, https:\/\/i0.wp.com\/total-sport.fr\/wp-content\/uploads\/2019\/07\/20190705_193431.jpg?fit=798%2C549&ssl=1&resize=700%2C400 2x"},"classes":[]},{"id":3100,"url":"https:\/\/total-sport.fr\/index.php\/2020\/07\/03\/foot-mercato-avec-5-nouvelles-recrues-le-sporting-club-fixe-son-objectif-pour-la-nouvelle-saison\/","url_meta":{"origin":3672,"position":4},"title":"Foot-Mercato : Avec 5 nouvelles recrues, le Sporting Club fixe son objectif pour la nouvelle saison.","author":"Joly JEROME","date":"3 juillet 2020","format":false,"excerpt":"Le SPORTING Club de Baie-Mahault a pr\u00e9sent\u00e9 ses nouveaux joueurs ce jeudi 2 juillet 2020. Avec 5 renforts pour 3 d\u00e9parts le club entra\u00een\u00e9 par St\u00e9phane FRANCI fixe comme objectif la mont\u00e9e en R1 \u00e0 la fin de l'exercice 2020-2021. Le Sporting Club de Baie-Mahault veut acc\u00e9der \u00e0 l\u2019\u00e9lite du\u2026","rel":"","context":"Dans &quot;Foot MERCATO&quot;","block_context":{"text":"Foot MERCATO","link":"https:\/\/total-sport.fr\/index.php\/category\/foot-mercato\/"},"img":{"alt_text":"","src":"https:\/\/i0.wp.com\/total-sport.fr\/wp-content\/uploads\/Screenshot_20200703-212452_PicsArt.jpg?fit=1079%2C608&ssl=1&resize=350%2C200","width":350,"height":200,"srcset":"https:\/\/i0.wp.com\/total-sport.fr\/wp-content\/uploads\/Screenshot_20200703-212452_PicsArt.jpg?fit=1079%2C608&ssl=1&resize=350%2C200 1x, https:\/\/i0.wp.com\/total-sport.fr\/wp-content\/uploads\/Screenshot_20200703-212452_PicsArt.jpg?fit=1079%2C608&ssl=1&resize=525%2C300 1.5x, https:\/\/i0.wp.com\/total-sport.fr\/wp-content\/uploads\/Screenshot_20200703-212452_PicsArt.jpg?fit=1079%2C608&ssl=1&resize=700%2C400 2x, https:\/\/i0.wp.com\/total-sport.fr\/wp-content\/uploads\/Screenshot_20200703-212452_PicsArt.jpg?fit=1079%2C608&ssl=1&resize=1050%2C600 3x"},"classes":[]},{"id":3785,"url":"https:\/\/total-sport.fr\/index.php\/2021\/07\/29\/stephane-lambese-rejoint-le-quevilly-rouen-metropole\/","url_meta":{"origin":3672,"position":5},"title":"St\u00e9phane Lamb\u00e9se rejoint le Quevilly Rouen M\u00e9tropole !","author":"Joly JEROME","date":"29 juillet 2021","format":false,"excerpt":"Par : Ralph Lourdy Pericl\u00e9s Quelques heures, apr\u00e8s avoir annonc\u00e9 son d\u00e9part du c\u00f4t\u00e9 de l'US Orl\u00e9ans sur page Facebook ce jeudi matin. Le d\u00e9fenseur international ha\u00eftien rejoint ses compatriotes Duckens Nazon et Renald Metellus au sein de Quevilly Rouen M\u00e9tropole. Apr\u00e8s deux saisons passe\u00e9s du c\u00f4t\u00e9 de l'US Orl\u00e9ans,\u2026","rel":"","context":"Dans &quot;Football Ha\u00eftien&quot;","block_context":{"text":"Football Ha\u00eftien","link":"https:\/\/total-sport.fr\/index.php\/category\/toute-lactualite-du-foot-en-haiti\/"},"img":{"alt_text":"","src":"https:\/\/i0.wp.com\/total-sport.fr\/wp-content\/uploads\/IMG-20210729-WA0021.jpg?fit=1200%2C675&ssl=1&resize=350%2C200","width":350,"height":200,"srcset":"https:\/\/i0.wp.com\/total-sport.fr\/wp-content\/uploads\/IMG-20210729-WA0021.jpg?fit=1200%2C675&ssl=1&resize=350%2C200 1x, https:\/\/i0.wp.com\/total-sport.fr\/wp-content\/uploads\/IMG-20210729-WA0021.jpg?fit=1200%2C675&ssl=1&resize=525%2C300 1.5x, https:\/\/i0.wp.com\/total-sport.fr\/wp-content\/uploads\/IMG-20210729-WA0021.jpg?fit=1200%2C675&ssl=1&resize=700%2C400 2x, https:\/\/i0.wp.com\/total-sport.fr\/wp-content\/uploads\/IMG-20210729-WA0021.jpg?fit=1200%2C675&ssl=1&resize=1050%2C600 3x"},"classes":[]}],"jetpack_likes_enabled":true,"_links":{"self":[{"href":"https:\/\/total-sport.fr\/index.php\/wp-json\/wp\/v2\/posts\/3672","targetHints":{"allow":["GET"]}}],"collection":[{"href":"https:\/\/total-sport.fr\/index.php\/wp-json\/wp\/v2\/posts"}],"about":[{"href":"https:\/\/total-sport.fr\/index.php\/wp-json\/wp\/v2\/types\/post"}],"author":[{"embeddable":true,"href":"https:\/\/total-sport.fr\/index.php\/wp-json\/wp\/v2\/users\/2"}],"replies":[{"embeddable":true,"href":"https:\/\/total-sport.fr\/index.php\/wp-json\/wp\/v2\/comments?post=3672"}],"version-history":[{"count":3,"href":"https:\/\/total-sport.fr\/index.php\/wp-json\/wp\/v2\/posts\/3672\/revisions"}],"predecessor-version":[{"id":3677,"href":"https:\/\/total-sport.fr\/index.php\/wp-json\/wp\/v2\/posts\/3672\/revisions\/3677"}],"wp:featuredmedia":[{"embeddable":true,"href":"https:\/\/total-sport.fr\/index.php\/wp-json\/wp\/v2\/media\/3676"}],"wp:attachment":[{"href":"https:\/\/total-sport.fr\/index.php\/wp-json\/wp\/v2\/media?parent=3672"}],"wp:term":[{"taxonomy":"category","embeddable":true,"href":"https:\/\/total-sport.fr\/index.php\/wp-json\/wp\/v2\/categories?post=3672"},{"taxonomy":"post_tag","embeddable":true,"href":"https:\/\/total-sport.fr\/index.php\/wp-json\/wp\/v2\/tags?post=3672"}],"curies":[{"name":"wp","href":"https:\/\/api.w.org\/{rel}","templated":true}]}}