{"id":366,"date":"2019-02-19T23:01:26","date_gmt":"2019-02-20T03:01:26","guid":{"rendered":"http:\/\/total-sport.fr\/?p=366"},"modified":"2019-02-25T21:24:55","modified_gmt":"2019-02-26T01:24:55","slug":"foot-guadeloupe-interview-erwan-regilus-je-suis-pret-a-me-battre-pour-une-place-en-selection-senior-de-la-guadeloupe","status":"publish","type":"post","link":"https:\/\/total-sport.fr\/index.php\/2019\/02\/19\/foot-guadeloupe-interview-erwan-regilus-je-suis-pret-a-me-battre-pour-une-place-en-selection-senior-de-la-guadeloupe\/","title":{"rendered":"Foot -Guadeloupe -interview -Erwan   REGULUS : je suis pr\u00eat \u00e0 me battre pour une place en s\u00e9lection senior de la Guadeloupe"},"content":{"rendered":"\n<p>Il est l&rsquo;un des jeunes gardiens les plus performants de la R1 (R\u00e9gionale 1). Erwan REGULUS, 18 ans, 1m88 pour 90 kg; est l&rsquo;un des espoirs du football Guadeloup\u00e9en.<\/p>\n\n\n\n<p>Form\u00e9 \u00e0 L&rsquo;AJC au Lamantin, Erwan actuel portier du stade lamentinois et la s\u00e9lection U20 de la Guadeloupe continue d&rsquo;impressionner plus d&rsquo;un.  A 18 ans, il vient d&rsquo;honorer sa premi\u00e8re s\u00e9lection avec les seniors des gwada Boys. Comment ce jeune gardien vit ces moments, son parcours, son objectif avec le stade lamentinois cette saison?  Sa premi\u00e8re convocation avec l&rsquo;\u00e9quipe premi\u00e8re de la Guadeloupe ? il a fait le point pour Total Sport TS.<\/p>\n\n\n\n<figure class=\"wp-block-image\"><img decoding=\"async\" src=\"https:\/\/totalsportts42.files.wordpress.com\/2019\/02\/fb_img_1550530346792221899465-2.jpg\" alt=\"\" class=\"wp-image-2712\"\/><\/figure>\n\n\n\n<h5 class=\"wp-block-heading\"><strong>Erwan REGULUS -Cr\u00e9dit photo :LGF <\/strong><\/h5>\n\n\n\n<p>C&rsquo;est un joueur s\u00fbr de lui, avec beaucoup d&rsquo;envie, tr\u00e8s mature dans ses propos, qui a r\u00e9pondu aux questions de Total Sport. Erwan REGULUS vit un moment sp\u00e9cial dans sa jeune carri\u00e8re, portier num\u00e9ro 1 du stade lamentinois et de la s\u00e9lection U20 de la Guadeloupe, il a fait le point sur son parcours. \u300a <strong>j&rsquo;\u00e9tais en U19 avec le Stade Lamentinois, le coach JACQUES DELOS m&rsquo;a donn\u00e9 la chance avec la R3, je continue comme \u00e7a avec l&rsquo;\u00e9quipe&nbsp;<\/strong>\u300b, a martel\u00e9 celui qui a d\u00e9but\u00e9 sa carri\u00e8re \u00e0 L&rsquo;AJC avant de rejoindre la U13 son club actuel .<\/p>\n\n\n\n<p>Interrog\u00e9 sur son bon niveau en championnat, le jeune gardien n&rsquo;a pas pass\u00e9 par quatre chemins pour r\u00e9pondre : \u300a<strong>Il y a pas de secret, tout se passe \u00e0 l&rsquo;entra\u00eenement, dans le travail. On s&rsquo;entra\u00eene deux \u00e0 trois fois par semaine avec l&rsquo;entra\u00eeneur des gardiens, les entra\u00eenements sont coriaces mais il en faut <\/strong>\u300b, a r\u00e9pliqu\u00e9 le dernier rempart du stade Lamentinois.<\/p>\n\n\n\n<p> Toutefois son objectif est de maintenir son club dans l&rsquo;\u00e9lite du football Guadeloup\u00e9en.<\/p>\n\n\n\n<p>\u300a<strong>Mon objectif principal avec le stade Lamentinois est le maintien  \u00e0 un top niveau, apr\u00e8s on verra si on peut terminer parmi les 4 premi\u00e8res <\/strong>\u300b<\/p>\n\n\n\n<figure class=\"wp-block-image\"><img decoding=\"async\" data-attachment-id=\"2711\" data-permalink=\"https:\/\/total-sport.fr\/index.php\/2020\/04\/06\/foot-interview-le-preparateur-physique-loic-nuiro-nous-livre-les-secrets-pour-rester-en-forme-pendant-le-confinement\/20200406_103559-1\/\" data-orig-file=\"https:\/\/i0.wp.com\/total-sport.fr\/wp-content\/uploads\/20200406_103559-1.jpg?fit=682%2C511&amp;ssl=1\" data-orig-size=\"682,511\" data-comments-opened=\"1\" data-image-meta=\"{&quot;aperture&quot;:&quot;0&quot;,&quot;credit&quot;:&quot;&quot;,&quot;camera&quot;:&quot;&quot;,&quot;caption&quot;:&quot;&quot;,&quot;created_timestamp&quot;:&quot;0&quot;,&quot;copyright&quot;:&quot;&quot;,&quot;focal_length&quot;:&quot;0&quot;,&quot;iso&quot;:&quot;0&quot;,&quot;shutter_speed&quot;:&quot;0&quot;,&quot;title&quot;:&quot;&quot;,&quot;orientation&quot;:&quot;0&quot;}\" data-image-title=\"20200406_103559-1\" data-image-description=\"\" data-image-caption=\"\" data-large-file=\"https:\/\/i0.wp.com\/total-sport.fr\/wp-content\/uploads\/20200406_103559-1.jpg?fit=682%2C511&amp;ssl=1\" src=\"https:\/\/totalsportts42.files.wordpress.com\/2019\/02\/fb_img_15505305041781039780904-2.jpg\" alt=\"\" class=\"wp-image-2711\"\/><\/figure>\n\n\n\n<h6 class=\"wp-block-heading\">Erwan REGULUS avec la s\u00e9lection U20 de la Guadeloupe -photo :LGF<\/h6>\n\n\n\n<p><strong><em>J&rsquo;ai \u00e9t\u00e9 surpris quand le coach de la s\u00e9lection m&rsquo;a appel\u00e9 <\/em><\/strong>: appel\u00e9 au dernier moment par le staff technique de la s\u00e9lection pour remplacer FR\u00c9D\u00c9RIC Tejou bless\u00e9 \u00e0 la cheville, Erwan REGULUS a port\u00e9 pour la premi\u00e8re fois la tunique de la s\u00e9lection senior de la Guadeloupe face \u00e0 la R\u00e9publique Dominicaine samedi 16 f\u00e9vrier 2019.<\/p>\n\n\n\n<p>\u300a <strong>Le coach de la s\u00e9lection monsieur Jocelyn ANGLOMA m&rsquo;a appel\u00e9, j&rsquo;ai \u00e9t\u00e9 surpris , je savais pas que Tejou \u00e9tait bless\u00e9. \u00c7a m&rsquo;a fait plaisir car s&rsquo;il m&rsquo;a appel\u00e9<\/strong> <strong>c&rsquo;est parce qu&rsquo;il m&rsquo;a fait confiance \u300b, <\/strong>a poursuivi Erwan .<\/p>\n\n\n\n<p>R\u00e9duits \u00e0 10 depuis la 22e minute suite \u00e0 l&rsquo;expulsion de Steeve Pasbeau, les gwada Boys ont mordu la poussi\u00e8re (0-1). Nonobstant cette d\u00e9faite, le jeune gardien a \u00e9t\u00e9 f\u00e9licit\u00e9 par son s\u00e9lectionneur et ses co\u00e9quipiers :\u300a <strong>oui tout le staff m&rsquo;a f\u00e9licit\u00e9 y compris mes co\u00e9quipiers, avec l&rsquo;\u00e9quipe on s&rsquo;est bien entendu toute suite car on s&rsquo;est c\u00f4toy\u00e9 en R1, on se conna\u00eet assez, le courant est pass\u00e9 toute suite <\/strong>\u300b, a fait savoir Erwan. Interrog\u00e9 sur son avenir avec cette s\u00e9lection senior, il a d\u00e9clar\u00e9 qu&rsquo;il est pr\u00eat \u00e0 se battre pour une place en senior : \u300a <strong>Je suis pr\u00eat pour une place avec les seniors \u00e7a c&rsquo;est s\u00fbr  , j&rsquo;aurais bien aim\u00e9, j&rsquo;ai des objectifs, j&rsquo;aurais bien voulu gard\u00e9 une place<\/strong> \u300b, a lanc\u00e9 celui qui prend Iker Casillas et BUFFON comme mod\u00e8le.<\/p>\n\n\n\n<p><\/p>\n\n\n\n<figure class=\"wp-block-image\"><img decoding=\"async\" src=\"https:\/\/totalsportts42.files.wordpress.com\/2019\/02\/img-20190218-wa0108221899465.jpg\" alt=\"\" class=\"wp-image-2720\"\/><\/figure>\n\n\n\n<h6 class=\"wp-block-heading\"><strong>Erwan REGULUS avec la s\u00e9lection senior #16-credit photo :LGF <\/strong><\/h6>\n\n\n\n<p>Comme tous footballeurs, le jeune gardien r\u00eave signer un contrat professionnel et surtout porter la couleur de la s\u00e9lection fran\u00e7aise, m\u00eame s&rsquo;il reconna\u00eet qu&rsquo;il doit beaucoup travailler pour y parvenir. \u300a <strong>je continue \u00e0 travailler, j&rsquo;attends. .. Je continue \u00e0 pers\u00e9v\u00e9rer pour y arriver, mon r\u00eave est de signer professionnel et je r\u00eave de jouer pour la nation <\/strong>\u300b, a conclut Le jeune gardien.<\/p>\n\n\n\n<p>Erwan REGULUS, un gardien tr\u00e8s prometteur, avec un bon jeu de pied, un bon r\u00e9flexe comme en t\u00e9moigne plusieurs de ses prestations. Il r\u00eave de signer au plus au niveau, en attendant de le voir peut \u00eatre signer professionnel, il continue de nous \u00e9pater avec ses arr\u00eats de grande classe. <\/p>\n\n\n\n<ul class=\"wp-block-gallery columns-0 is-cropped wp-block-gallery-1 is-layout-flex wp-block-gallery-is-layout-flex\"><\/ul>\n\n\n\n<p><\/p>\n","protected":false},"excerpt":{"rendered":"<div class=\"mh-excerpt\"><p>Il est l&rsquo;un des jeunes gardiens les plus performants de la R1 (R\u00e9gionale 1). Erwan REGULUS, 18 ans, 1m88 pour 90 kg; est l&rsquo;un des <a class=\"mh-excerpt-more\" href=\"https:\/\/total-sport.fr\/index.php\/2019\/02\/19\/foot-guadeloupe-interview-erwan-regilus-je-suis-pret-a-me-battre-pour-une-place-en-selection-senior-de-la-guadeloupe\/\" title=\"Foot -Guadeloupe -interview -Erwan   REGULUS : je suis pr\u00eat \u00e0 me battre pour une place en s\u00e9lection senior de la Guadeloupe\">[&#8230;]<\/a><\/p>\n<\/div>","protected":false},"author":2,"featured_media":0,"comment_status":"open","ping_status":"open","sticky":false,"template":"","format":"standard","meta":{"jetpack_post_was_ever_published":false,"_jetpack_newsletter_access":"","_jetpack_dont_email_post_to_subs":false,"_jetpack_newsletter_tier_id":0,"_jetpack_memberships_contains_paywalled_content":false,"_jetpack_memberships_contains_paid_content":false,"footnotes":"","jetpack_publicize_message":"","jetpack_publicize_feature_enabled":true,"jetpack_social_post_already_shared":true,"jetpack_social_options":{"image_generator_settings":{"template":"highway","default_image_id":0,"font":"","enabled":false},"version":2}},"categories":[15],"tags":[],"class_list":["post-366","post","type-post","status-publish","format-standard","hentry","category-interviews"],"yoast_head":"<!-- This site is optimized with the Yoast SEO plugin v24.9 - https:\/\/yoast.com\/wordpress\/plugins\/seo\/ -->\n<title>Foot -Guadeloupe -interview -Erwan  REGULUS : je suis pr\u00eat \u00e0 me battre pour une place en s\u00e9lection senior de la Guadeloupe - Total Sports International (TSI)<\/title>\n<meta name=\"robots\" content=\"index, follow, max-snippet:-1, max-image-preview:large, max-video-preview:-1\" \/>\n<link rel=\"canonical\" href=\"https:\/\/total-sport.fr\/index.php\/2019\/02\/19\/foot-guadeloupe-interview-erwan-regilus-je-suis-pret-a-me-battre-pour-une-place-en-selection-senior-de-la-guadeloupe\/\" \/>\n<meta property=\"og:locale\" content=\"fr_FR\" \/>\n<meta property=\"og:type\" content=\"article\" \/>\n<meta property=\"og:title\" content=\"Foot -Guadeloupe -interview -Erwan  REGULUS : je suis pr\u00eat \u00e0 me battre pour une place en s\u00e9lection senior de la Guadeloupe - Total Sports International (TSI)\" \/>\n<meta property=\"og:description\" content=\"Il est l&rsquo;un des jeunes gardiens les plus performants de la R1 (R\u00e9gionale 1). Erwan REGULUS, 18 ans, 1m88 pour 90 kg; est l&rsquo;un des [...]\" \/>\n<meta property=\"og:url\" content=\"https:\/\/total-sport.fr\/index.php\/2019\/02\/19\/foot-guadeloupe-interview-erwan-regilus-je-suis-pret-a-me-battre-pour-une-place-en-selection-senior-de-la-guadeloupe\/\" \/>\n<meta property=\"og:site_name\" content=\"Total Sports International (TSI)\" \/>\n<meta property=\"article:author\" content=\"https:\/\/www.facebook.com\/joly.jerometotalsport\" \/>\n<meta property=\"article:published_time\" content=\"2019-02-20T03:01:26+00:00\" \/>\n<meta property=\"article:modified_time\" content=\"2019-02-26T01:24:55+00:00\" \/>\n<meta property=\"og:image\" content=\"https:\/\/totalsportts42.files.wordpress.com\/2019\/02\/fb_img_1550530346792221899465-2.jpg\" \/>\n<meta name=\"author\" content=\"Joly JEROME\" \/>\n<meta name=\"twitter:card\" content=\"summary_large_image\" \/>\n<meta name=\"twitter:creator\" content=\"@Total Sport TS\" \/>\n<meta name=\"twitter:label1\" content=\"\u00c9crit par\" \/>\n\t<meta name=\"twitter:data1\" content=\"Joly JEROME\" \/>\n\t<meta name=\"twitter:label2\" content=\"Dur\u00e9e de lecture estim\u00e9e\" \/>\n\t<meta name=\"twitter:data2\" content=\"4 minutes\" \/>\n<script type=\"application\/ld+json\" class=\"yoast-schema-graph\">{\"@context\":\"https:\/\/schema.org\",\"@graph\":[{\"@type\":\"WebPage\",\"@id\":\"https:\/\/total-sport.fr\/index.php\/2019\/02\/19\/foot-guadeloupe-interview-erwan-regilus-je-suis-pret-a-me-battre-pour-une-place-en-selection-senior-de-la-guadeloupe\/\",\"url\":\"https:\/\/total-sport.fr\/index.php\/2019\/02\/19\/foot-guadeloupe-interview-erwan-regilus-je-suis-pret-a-me-battre-pour-une-place-en-selection-senior-de-la-guadeloupe\/\",\"name\":\"Foot -Guadeloupe -interview -Erwan REGULUS : je suis pr\u00eat \u00e0 me battre pour une place en s\u00e9lection senior de la Guadeloupe - Total Sports International (TSI)\",\"isPartOf\":{\"@id\":\"https:\/\/total-sport.fr\/#website\"},\"primaryImageOfPage\":{\"@id\":\"https:\/\/total-sport.fr\/index.php\/2019\/02\/19\/foot-guadeloupe-interview-erwan-regilus-je-suis-pret-a-me-battre-pour-une-place-en-selection-senior-de-la-guadeloupe\/#primaryimage\"},\"image\":{\"@id\":\"https:\/\/total-sport.fr\/index.php\/2019\/02\/19\/foot-guadeloupe-interview-erwan-regilus-je-suis-pret-a-me-battre-pour-une-place-en-selection-senior-de-la-guadeloupe\/#primaryimage\"},\"thumbnailUrl\":\"https:\/\/totalsportts42.files.wordpress.com\/2019\/02\/fb_img_1550530346792221899465-2.jpg\",\"datePublished\":\"2019-02-20T03:01:26+00:00\",\"dateModified\":\"2019-02-26T01:24:55+00:00\",\"author\":{\"@id\":\"https:\/\/total-sport.fr\/#\/schema\/person\/f9f5599f372b747441cd5d912824aba4\"},\"breadcrumb\":{\"@id\":\"https:\/\/total-sport.fr\/index.php\/2019\/02\/19\/foot-guadeloupe-interview-erwan-regilus-je-suis-pret-a-me-battre-pour-une-place-en-selection-senior-de-la-guadeloupe\/#breadcrumb\"},\"inLanguage\":\"fr-FR\",\"potentialAction\":[{\"@type\":\"ReadAction\",\"target\":[\"https:\/\/total-sport.fr\/index.php\/2019\/02\/19\/foot-guadeloupe-interview-erwan-regilus-je-suis-pret-a-me-battre-pour-une-place-en-selection-senior-de-la-guadeloupe\/\"]}]},{\"@type\":\"ImageObject\",\"inLanguage\":\"fr-FR\",\"@id\":\"https:\/\/total-sport.fr\/index.php\/2019\/02\/19\/foot-guadeloupe-interview-erwan-regilus-je-suis-pret-a-me-battre-pour-une-place-en-selection-senior-de-la-guadeloupe\/#primaryimage\",\"url\":\"https:\/\/totalsportts42.files.wordpress.com\/2019\/02\/fb_img_1550530346792221899465-2.jpg\",\"contentUrl\":\"https:\/\/totalsportts42.files.wordpress.com\/2019\/02\/fb_img_1550530346792221899465-2.jpg\"},{\"@type\":\"BreadcrumbList\",\"@id\":\"https:\/\/total-sport.fr\/index.php\/2019\/02\/19\/foot-guadeloupe-interview-erwan-regilus-je-suis-pret-a-me-battre-pour-une-place-en-selection-senior-de-la-guadeloupe\/#breadcrumb\",\"itemListElement\":[{\"@type\":\"ListItem\",\"position\":1,\"name\":\"Accueil\",\"item\":\"https:\/\/total-sport.fr\/\"},{\"@type\":\"ListItem\",\"position\":2,\"name\":\"Foot -Guadeloupe -interview -Erwan REGULUS : je suis pr\u00eat \u00e0 me battre pour une place en s\u00e9lection senior de la Guadeloupe\"}]},{\"@type\":\"WebSite\",\"@id\":\"https:\/\/total-sport.fr\/#website\",\"url\":\"https:\/\/total-sport.fr\/\",\"name\":\"Total Sports International (TSI)\",\"description\":\"vous informer est notre priorit\u00e9, 7 jours sur 7 avec toujours le m\u00eame professionnalisme\",\"potentialAction\":[{\"@type\":\"SearchAction\",\"target\":{\"@type\":\"EntryPoint\",\"urlTemplate\":\"https:\/\/total-sport.fr\/?s={search_term_string}\"},\"query-input\":{\"@type\":\"PropertyValueSpecification\",\"valueRequired\":true,\"valueName\":\"search_term_string\"}}],\"inLanguage\":\"fr-FR\"},{\"@type\":\"Person\",\"@id\":\"https:\/\/total-sport.fr\/#\/schema\/person\/f9f5599f372b747441cd5d912824aba4\",\"name\":\"Joly JEROME\",\"image\":{\"@type\":\"ImageObject\",\"inLanguage\":\"fr-FR\",\"@id\":\"https:\/\/total-sport.fr\/#\/schema\/person\/image\/\",\"url\":\"https:\/\/secure.gravatar.com\/avatar\/33e98ca4065ab233074302dee778104df3e61a0f91ceba3d746e7e40dbe11f0d?s=96&d=mm&r=g\",\"contentUrl\":\"https:\/\/secure.gravatar.com\/avatar\/33e98ca4065ab233074302dee778104df3e61a0f91ceba3d746e7e40dbe11f0d?s=96&d=mm&r=g\",\"caption\":\"Joly JEROME\"},\"description\":\"Je suis Joly JEROME, passionn\u00e9 de la lecture et du Sport notamment le Football. Je suis Journaliste ind\u00e9pendant fougueux, s\u00e9rieux mettant ma plume \u00e0 votre service pour vous informer avec la v\u00e9rit\u00e9 comme boussole. Jolyjerome989@gmail.com \/0690 93 65 88\",\"sameAs\":[\"https:\/\/total-sport.fr\",\"https:\/\/www.facebook.com\/joly.jerometotalsport\",\"Joly_JJCA\",\"Total Sport ts\",\"https:\/\/x.com\/Total Sport TS\"],\"url\":\"https:\/\/total-sport.fr\/index.php\/author\/jolyjerome\/\"}]}<\/script>\n<!-- \/ Yoast SEO plugin. -->","yoast_head_json":{"title":"Foot -Guadeloupe -interview -Erwan  REGULUS : je suis pr\u00eat \u00e0 me battre pour une place en s\u00e9lection senior de la Guadeloupe - Total Sports International (TSI)","robots":{"index":"index","follow":"follow","max-snippet":"max-snippet:-1","max-image-preview":"max-image-preview:large","max-video-preview":"max-video-preview:-1"},"canonical":"https:\/\/total-sport.fr\/index.php\/2019\/02\/19\/foot-guadeloupe-interview-erwan-regilus-je-suis-pret-a-me-battre-pour-une-place-en-selection-senior-de-la-guadeloupe\/","og_locale":"fr_FR","og_type":"article","og_title":"Foot -Guadeloupe -interview -Erwan  REGULUS : je suis pr\u00eat \u00e0 me battre pour une place en s\u00e9lection senior de la Guadeloupe - Total Sports International (TSI)","og_description":"Il est l&rsquo;un des jeunes gardiens les plus performants de la R1 (R\u00e9gionale 1). Erwan REGULUS, 18 ans, 1m88 pour 90 kg; est l&rsquo;un des [...]","og_url":"https:\/\/total-sport.fr\/index.php\/2019\/02\/19\/foot-guadeloupe-interview-erwan-regilus-je-suis-pret-a-me-battre-pour-une-place-en-selection-senior-de-la-guadeloupe\/","og_site_name":"Total Sports International (TSI)","article_author":"https:\/\/www.facebook.com\/joly.jerometotalsport","article_published_time":"2019-02-20T03:01:26+00:00","article_modified_time":"2019-02-26T01:24:55+00:00","og_image":[{"url":"https:\/\/totalsportts42.files.wordpress.com\/2019\/02\/fb_img_1550530346792221899465-2.jpg","type":"","width":"","height":""}],"author":"Joly JEROME","twitter_card":"summary_large_image","twitter_creator":"@Total Sport TS","twitter_misc":{"\u00c9crit par":"Joly JEROME","Dur\u00e9e de lecture estim\u00e9e":"4 minutes"},"schema":{"@context":"https:\/\/schema.org","@graph":[{"@type":"WebPage","@id":"https:\/\/total-sport.fr\/index.php\/2019\/02\/19\/foot-guadeloupe-interview-erwan-regilus-je-suis-pret-a-me-battre-pour-une-place-en-selection-senior-de-la-guadeloupe\/","url":"https:\/\/total-sport.fr\/index.php\/2019\/02\/19\/foot-guadeloupe-interview-erwan-regilus-je-suis-pret-a-me-battre-pour-une-place-en-selection-senior-de-la-guadeloupe\/","name":"Foot -Guadeloupe -interview -Erwan REGULUS : je suis pr\u00eat \u00e0 me battre pour une place en s\u00e9lection senior de la Guadeloupe - Total Sports International (TSI)","isPartOf":{"@id":"https:\/\/total-sport.fr\/#website"},"primaryImageOfPage":{"@id":"https:\/\/total-sport.fr\/index.php\/2019\/02\/19\/foot-guadeloupe-interview-erwan-regilus-je-suis-pret-a-me-battre-pour-une-place-en-selection-senior-de-la-guadeloupe\/#primaryimage"},"image":{"@id":"https:\/\/total-sport.fr\/index.php\/2019\/02\/19\/foot-guadeloupe-interview-erwan-regilus-je-suis-pret-a-me-battre-pour-une-place-en-selection-senior-de-la-guadeloupe\/#primaryimage"},"thumbnailUrl":"https:\/\/totalsportts42.files.wordpress.com\/2019\/02\/fb_img_1550530346792221899465-2.jpg","datePublished":"2019-02-20T03:01:26+00:00","dateModified":"2019-02-26T01:24:55+00:00","author":{"@id":"https:\/\/total-sport.fr\/#\/schema\/person\/f9f5599f372b747441cd5d912824aba4"},"breadcrumb":{"@id":"https:\/\/total-sport.fr\/index.php\/2019\/02\/19\/foot-guadeloupe-interview-erwan-regilus-je-suis-pret-a-me-battre-pour-une-place-en-selection-senior-de-la-guadeloupe\/#breadcrumb"},"inLanguage":"fr-FR","potentialAction":[{"@type":"ReadAction","target":["https:\/\/total-sport.fr\/index.php\/2019\/02\/19\/foot-guadeloupe-interview-erwan-regilus-je-suis-pret-a-me-battre-pour-une-place-en-selection-senior-de-la-guadeloupe\/"]}]},{"@type":"ImageObject","inLanguage":"fr-FR","@id":"https:\/\/total-sport.fr\/index.php\/2019\/02\/19\/foot-guadeloupe-interview-erwan-regilus-je-suis-pret-a-me-battre-pour-une-place-en-selection-senior-de-la-guadeloupe\/#primaryimage","url":"https:\/\/totalsportts42.files.wordpress.com\/2019\/02\/fb_img_1550530346792221899465-2.jpg","contentUrl":"https:\/\/totalsportts42.files.wordpress.com\/2019\/02\/fb_img_1550530346792221899465-2.jpg"},{"@type":"BreadcrumbList","@id":"https:\/\/total-sport.fr\/index.php\/2019\/02\/19\/foot-guadeloupe-interview-erwan-regilus-je-suis-pret-a-me-battre-pour-une-place-en-selection-senior-de-la-guadeloupe\/#breadcrumb","itemListElement":[{"@type":"ListItem","position":1,"name":"Accueil","item":"https:\/\/total-sport.fr\/"},{"@type":"ListItem","position":2,"name":"Foot -Guadeloupe -interview -Erwan REGULUS : je suis pr\u00eat \u00e0 me battre pour une place en s\u00e9lection senior de la Guadeloupe"}]},{"@type":"WebSite","@id":"https:\/\/total-sport.fr\/#website","url":"https:\/\/total-sport.fr\/","name":"Total Sports International (TSI)","description":"vous informer est notre priorit\u00e9, 7 jours sur 7 avec toujours le m\u00eame professionnalisme","potentialAction":[{"@type":"SearchAction","target":{"@type":"EntryPoint","urlTemplate":"https:\/\/total-sport.fr\/?s={search_term_string}"},"query-input":{"@type":"PropertyValueSpecification","valueRequired":true,"valueName":"search_term_string"}}],"inLanguage":"fr-FR"},{"@type":"Person","@id":"https:\/\/total-sport.fr\/#\/schema\/person\/f9f5599f372b747441cd5d912824aba4","name":"Joly JEROME","image":{"@type":"ImageObject","inLanguage":"fr-FR","@id":"https:\/\/total-sport.fr\/#\/schema\/person\/image\/","url":"https:\/\/secure.gravatar.com\/avatar\/33e98ca4065ab233074302dee778104df3e61a0f91ceba3d746e7e40dbe11f0d?s=96&d=mm&r=g","contentUrl":"https:\/\/secure.gravatar.com\/avatar\/33e98ca4065ab233074302dee778104df3e61a0f91ceba3d746e7e40dbe11f0d?s=96&d=mm&r=g","caption":"Joly JEROME"},"description":"Je suis Joly JEROME, passionn\u00e9 de la lecture et du Sport notamment le Football. Je suis Journaliste ind\u00e9pendant fougueux, s\u00e9rieux mettant ma plume \u00e0 votre service pour vous informer avec la v\u00e9rit\u00e9 comme boussole. Jolyjerome989@gmail.com \/0690 93 65 88","sameAs":["https:\/\/total-sport.fr","https:\/\/www.facebook.com\/joly.jerometotalsport","Joly_JJCA","Total Sport ts","https:\/\/x.com\/Total Sport TS"],"url":"https:\/\/total-sport.fr\/index.php\/author\/jolyjerome\/"}]}},"jetpack_publicize_connections":[],"jetpack_featured_media_url":"","jetpack_sharing_enabled":true,"jetpack_shortlink":"https:\/\/wp.me\/paF0J8-5U","jetpack-related-posts":[{"id":1277,"url":"https:\/\/total-sport.fr\/index.php\/2019\/07\/14\/foot-mercato-erwan-regulus-signe-en-national-2\/","url_meta":{"origin":366,"position":0},"title":"Foot-Mercato : ERWAN REGULUS signe en national 2.","author":"Joly JEROME","date":"14 juillet 2019","format":false,"excerpt":"Ce sera sans son Gardien num\u00e9ro 1, que le STADE LAMENTINOIS va aborder la nouvelle saison 2019-2020. Le Jeune gardien prometteur ERWAN REGULUS a sign\u00e9 un contrat en National 2 avec le club Jeanne D'arc Drancy ( J.A.D). ERWAN REGULUS, nouveau joueur de JA DRANCY, cr\u00e9dit photo : Facebook Apr\u00e8s\u2026","rel":"","context":"Dans &quot;Foot MERCATO&quot;","block_context":{"text":"Foot MERCATO","link":"https:\/\/total-sport.fr\/index.php\/category\/foot-mercato\/"},"img":{"alt_text":"","src":"https:\/\/i0.wp.com\/total-sport.fr\/wp-content\/uploads\/2019\/07\/20190714_212843.jpg?fit=640%2C800&ssl=1&resize=350%2C200","width":350,"height":200,"srcset":"https:\/\/i0.wp.com\/total-sport.fr\/wp-content\/uploads\/2019\/07\/20190714_212843.jpg?fit=640%2C800&ssl=1&resize=350%2C200 1x, https:\/\/i0.wp.com\/total-sport.fr\/wp-content\/uploads\/2019\/07\/20190714_212843.jpg?fit=640%2C800&ssl=1&resize=525%2C300 1.5x"},"classes":[]},{"id":1221,"url":"https:\/\/total-sport.fr\/index.php\/2019\/07\/05\/foot-mercato-les-premiers-gros-coups-du-mercato-en-guadeloupe\/","url_meta":{"origin":366,"position":1},"title":"Foot-Mercato : Les premiers gros coups du mercato en  Guadeloupe","author":"Joly JEROME","date":"5 juillet 2019","format":false,"excerpt":"La saison 2018-2019 vient tout juste de boucler, d\u00e9j\u00e0 les clubs Guadeloup\u00e9ens s'activent sur le march\u00e9 des transferts.\u00a0 Comme chaque saison le mercato s'annonce tr\u00e8s agit\u00e9 avec des joueurs qui souhaitent changer d'air et les \u00e9quipes voulant se renforcer pour l'exercice 2019-2020. Faisons le point sur ce d\u00e9but de ce\u2026","rel":"","context":"Dans &quot;Foot MERCATO&quot;","block_context":{"text":"Foot MERCATO","link":"https:\/\/total-sport.fr\/index.php\/category\/foot-mercato\/"},"img":{"alt_text":"","src":"https:\/\/i0.wp.com\/total-sport.fr\/wp-content\/uploads\/2019\/07\/20190705_193431.jpg?fit=798%2C549&ssl=1&resize=350%2C200","width":350,"height":200,"srcset":"https:\/\/i0.wp.com\/total-sport.fr\/wp-content\/uploads\/2019\/07\/20190705_193431.jpg?fit=798%2C549&ssl=1&resize=350%2C200 1x, https:\/\/i0.wp.com\/total-sport.fr\/wp-content\/uploads\/2019\/07\/20190705_193431.jpg?fit=798%2C549&ssl=1&resize=525%2C300 1.5x, https:\/\/i0.wp.com\/total-sport.fr\/wp-content\/uploads\/2019\/07\/20190705_193431.jpg?fit=798%2C549&ssl=1&resize=700%2C400 2x"},"classes":[]},{"id":521,"url":"https:\/\/total-sport.fr\/index.php\/2019\/03\/10\/foot-guadeloupe-resume-de-la-18-eme-journee-r1-amical-club-detruit-le-stade-lamentinois\/","url_meta":{"origin":366,"position":2},"title":"Foot-Guadeloupe -R\u00e9sume de la 18 \u00e8me journ\u00e9e-R1: Amical Club d\u00e9truit Le Stade Lamentinois","author":"Joly JEROME","date":"10 mars 2019","format":false,"excerpt":"L'Amical club de Marie-Galante a r\u00e9alis\u00e9 une promenade de sant\u00e9 sur le terrain du Stade Lamentinois ce samedi. A l'issue d'un match abouti, ma\u00eetris\u00e9, les poulains de Jean Paul LANGRAI ont inflig\u00e9 une correction 6-2 \u00e0 ceux de Jacques DELOS pour s'emparer de la premi\u00e8re place du championnat. Stade Lamentinois\u2026","rel":"","context":"Dans &quot;R1&quot;","block_context":{"text":"R1","link":"https:\/\/total-sport.fr\/index.php\/category\/r1\/"},"img":{"alt_text":"","src":"https:\/\/i0.wp.com\/total-sport.fr\/wp-content\/uploads\/GUITO.jpg?resize=350%2C200&ssl=1","width":350,"height":200,"srcset":"https:\/\/i0.wp.com\/total-sport.fr\/wp-content\/uploads\/GUITO.jpg?resize=350%2C200&ssl=1 1x, https:\/\/i0.wp.com\/total-sport.fr\/wp-content\/uploads\/GUITO.jpg?resize=525%2C300&ssl=1 1.5x, https:\/\/i0.wp.com\/total-sport.fr\/wp-content\/uploads\/GUITO.jpg?resize=700%2C400&ssl=1 2x"},"classes":[]},{"id":1407,"url":"https:\/\/total-sport.fr\/index.php\/2019\/08\/23\/foot-guadeloupe-r1-j1-programmation-de-la-1ere-journee\/","url_meta":{"origin":366,"position":3},"title":"Foot-Guadeloupe-R1-J1 : programmation de la 1\u00e8re journ\u00e9e","author":"Joly JEROME","date":"23 ao\u00fbt 2019","format":false,"excerpt":"Les vacances sont termin\u00e9es, place \u00e0 la R\u00e9gionale 1 avec une premi\u00e8re journ\u00e9e qui va voir le jour ce samedi 24 et dimanche 25 ao\u00fbt 2019. Nonobstant des gromellements, des m\u00e9contents par la plus part des acteurs du football local sur l'homologation de 5 stades aptes \u00e0 recevoir la R1;\u2026","rel":"","context":"Dans &quot;R1&quot;","block_context":{"text":"R1","link":"https:\/\/total-sport.fr\/index.php\/category\/r1\/"},"img":{"alt_text":"","src":"https:\/\/i0.wp.com\/total-sport.fr\/wp-content\/uploads\/2019\/08\/salt_20190531_123926_794.jpg?fit=1200%2C1200&ssl=1&resize=350%2C200","width":350,"height":200,"srcset":"https:\/\/i0.wp.com\/total-sport.fr\/wp-content\/uploads\/2019\/08\/salt_20190531_123926_794.jpg?fit=1200%2C1200&ssl=1&resize=350%2C200 1x, https:\/\/i0.wp.com\/total-sport.fr\/wp-content\/uploads\/2019\/08\/salt_20190531_123926_794.jpg?fit=1200%2C1200&ssl=1&resize=525%2C300 1.5x, https:\/\/i0.wp.com\/total-sport.fr\/wp-content\/uploads\/2019\/08\/salt_20190531_123926_794.jpg?fit=1200%2C1200&ssl=1&resize=700%2C400 2x, https:\/\/i0.wp.com\/total-sport.fr\/wp-content\/uploads\/2019\/08\/salt_20190531_123926_794.jpg?fit=1200%2C1200&ssl=1&resize=1050%2C600 3x"},"classes":[]},{"id":409,"url":"https:\/\/total-sport.fr\/index.php\/2019\/02\/24\/foot-guadeloupe-r1-17e-journeele-csm-reprend-le-trone-amical-club-punit-la-gauloiseusbm-vaincu-a-petit-canal\/","url_meta":{"origin":366,"position":4},"title":"Foot-Guadeloupe-R1-17e journ\u00e9e: Le CSM reprend le tr\u00f4ne, Amical club punit la Gauloise, USBM vaincu \u00e0 Petit-Canal","author":"Joly JEROME","date":"24 f\u00e9vrier 2019","format":"image","excerpt":"La 17e journ\u00e9e de la r\u00e9gionale 1 Guadeloup\u00e9enne a livr\u00e9 sa sentence ce samedi 23 f\u00e9vrier. La bonne op\u00e9ration cette journ\u00e9e est sign\u00e9e le Club sportif Moulien. En renversant le Stade Lamentinois 2-1, les Mouliens se sont empar\u00e9s du fauteuil de leader au d\u00e9triment de L'USM qui se fait battre\u2026","rel":"","context":"Dans &quot;R1&quot;","block_context":{"text":"R1","link":"https:\/\/total-sport.fr\/index.php\/category\/r1\/"},"img":{"alt_text":"","src":"","width":0,"height":0},"classes":[]},{"id":1174,"url":"https:\/\/total-sport.fr\/index.php\/2019\/06\/22\/foot-guadeloupe-r1-autopsie-de-la-r1-saison-2018-2019-avec-le-sacre-de-lamical-club\/","url_meta":{"origin":366,"position":5},"title":"Foot-Guadeloupe-R1: Autopsie de la R1 saison 2018-2019, avec le sacre de L&rsquo;AMICAL  CLUB","author":"Joly JEROME","date":"22 juin 2019","format":false,"excerpt":"Apr\u00e8s une longue saison, pleine d'\u00e9motions, de suspense, de beaux buts, de parades spectaculaires, la r\u00e9gionale 1 a livr\u00e9 finalement son verdict ce mercredi soir avec le sacre pour L'Amical club de Marie-Galante. Une grande premi\u00e8re dans l'histoire de cette \u00eele qui a vu son unique repr\u00e9sentant dans le plus\u2026","rel":"","context":"Dans &quot;R1&quot;","block_context":{"text":"R1","link":"https:\/\/total-sport.fr\/index.php\/category\/r1\/"},"img":{"alt_text":"","src":"https:\/\/i0.wp.com\/total-sport.fr\/wp-content\/uploads\/2019\/06\/FB_IMG_1561141505517.jpg?fit=1200%2C801&ssl=1&resize=350%2C200","width":350,"height":200,"srcset":"https:\/\/i0.wp.com\/total-sport.fr\/wp-content\/uploads\/2019\/06\/FB_IMG_1561141505517.jpg?fit=1200%2C801&ssl=1&resize=350%2C200 1x, https:\/\/i0.wp.com\/total-sport.fr\/wp-content\/uploads\/2019\/06\/FB_IMG_1561141505517.jpg?fit=1200%2C801&ssl=1&resize=525%2C300 1.5x, https:\/\/i0.wp.com\/total-sport.fr\/wp-content\/uploads\/2019\/06\/FB_IMG_1561141505517.jpg?fit=1200%2C801&ssl=1&resize=700%2C400 2x, https:\/\/i0.wp.com\/total-sport.fr\/wp-content\/uploads\/2019\/06\/FB_IMG_1561141505517.jpg?fit=1200%2C801&ssl=1&resize=1050%2C600 3x"},"classes":[]}],"jetpack_likes_enabled":true,"_links":{"self":[{"href":"https:\/\/total-sport.fr\/index.php\/wp-json\/wp\/v2\/posts\/366","targetHints":{"allow":["GET"]}}],"collection":[{"href":"https:\/\/total-sport.fr\/index.php\/wp-json\/wp\/v2\/posts"}],"about":[{"href":"https:\/\/total-sport.fr\/index.php\/wp-json\/wp\/v2\/types\/post"}],"author":[{"embeddable":true,"href":"https:\/\/total-sport.fr\/index.php\/wp-json\/wp\/v2\/users\/2"}],"replies":[{"embeddable":true,"href":"https:\/\/total-sport.fr\/index.php\/wp-json\/wp\/v2\/comments?post=366"}],"version-history":[{"count":12,"href":"https:\/\/total-sport.fr\/index.php\/wp-json\/wp\/v2\/posts\/366\/revisions"}],"predecessor-version":[{"id":381,"href":"https:\/\/total-sport.fr\/index.php\/wp-json\/wp\/v2\/posts\/366\/revisions\/381"}],"wp:attachment":[{"href":"https:\/\/total-sport.fr\/index.php\/wp-json\/wp\/v2\/media?parent=366"}],"wp:term":[{"taxonomy":"category","embeddable":true,"href":"https:\/\/total-sport.fr\/index.php\/wp-json\/wp\/v2\/categories?post=366"},{"taxonomy":"post_tag","embeddable":true,"href":"https:\/\/total-sport.fr\/index.php\/wp-json\/wp\/v2\/tags?post=366"}],"curies":[{"name":"wp","href":"https:\/\/api.w.org\/{rel}","templated":true}]}}