{"id":3523,"date":"2020-10-23T08:33:08","date_gmt":"2020-10-23T12:33:08","guid":{"rendered":"http:\/\/total-sport.fr\/?p=3523"},"modified":"2020-10-23T08:33:10","modified_gmt":"2020-10-23T12:33:10","slug":"foot-r1-j5-programme-de-la-5eme-journee-avec-deux-chocs-ce-week-end","status":"publish","type":"post","link":"https:\/\/total-sport.fr\/index.php\/2020\/10\/23\/foot-r1-j5-programme-de-la-5eme-journee-avec-deux-chocs-ce-week-end\/","title":{"rendered":"Foot-R1-J5: Programme de la 5\u00e8me journ\u00e9e avec deux chocs ce week-end!"},"content":{"rendered":"\n<p><strong>Comme le weekend \u00e9coul\u00e9, c&rsquo;est la Gauloise de Basse-Terre qui aura le privil\u00e8ge de donner le coup d&rsquo;envoi de la 5\u00e8me journ\u00e9e de la R1 contre L&rsquo;Arsenal Club de Petit-Bourg. CSM croisera la Solidarit\u00e9 Scolaire pour le choc du groupe A, alors que Jeunesse \u00c9volution contre le PHARE sera l&rsquo;affiche vedette de la poule B.<\/strong><\/p>\n\n\n\n<figure class=\"wp-block-gallery columns-1 is-cropped wp-block-gallery-1 is-layout-flex wp-block-gallery-is-layout-flex\"><ul class=\"blocks-gallery-grid\"><li class=\"blocks-gallery-item\"><figure><img data-recalc-dims=\"1\" loading=\"lazy\" decoding=\"async\" width=\"720\" height=\"704\" data-attachment-id=\"3548\" data-permalink=\"https:\/\/total-sport.fr\/index.php\/2020\/10\/23\/foot-r1-j5-programme-de-la-5eme-journee-avec-deux-chocs-ce-week-end\/fb_img_1603421636533\/\" data-orig-file=\"https:\/\/i0.wp.com\/total-sport.fr\/wp-content\/uploads\/FB_IMG_1603421636533.jpg?fit=720%2C704&amp;ssl=1\" data-orig-size=\"720,704\" data-comments-opened=\"1\" data-image-meta=\"{&quot;aperture&quot;:&quot;0&quot;,&quot;credit&quot;:&quot;&quot;,&quot;camera&quot;:&quot;&quot;,&quot;caption&quot;:&quot;&quot;,&quot;created_timestamp&quot;:&quot;0&quot;,&quot;copyright&quot;:&quot;&quot;,&quot;focal_length&quot;:&quot;0&quot;,&quot;iso&quot;:&quot;0&quot;,&quot;shutter_speed&quot;:&quot;0&quot;,&quot;title&quot;:&quot;&quot;,&quot;orientation&quot;:&quot;0&quot;}\" data-image-title=\"FB_IMG_1603421636533\" data-image-description=\"\" data-image-caption=\"\" data-large-file=\"https:\/\/i0.wp.com\/total-sport.fr\/wp-content\/uploads\/FB_IMG_1603421636533.jpg?fit=720%2C704&amp;ssl=1\" src=\"https:\/\/i0.wp.com\/total-sport.fr\/wp-content\/uploads\/FB_IMG_1603421636533.jpg?resize=720%2C704&#038;ssl=1\" alt=\"\" data-id=\"3548\" data-full-url=\"https:\/\/total-sport.fr\/wp-content\/uploads\/FB_IMG_1603421636533.jpg\" data-link=\"https:\/\/total-sport.fr\/?attachment_id=3548\" class=\"wp-image-3548\" srcset=\"https:\/\/i0.wp.com\/total-sport.fr\/wp-content\/uploads\/FB_IMG_1603421636533.jpg?w=720&amp;ssl=1 720w, https:\/\/i0.wp.com\/total-sport.fr\/wp-content\/uploads\/FB_IMG_1603421636533.jpg?resize=300%2C293&amp;ssl=1 300w\" sizes=\"auto, (max-width: 720px) 100vw, 720px\" \/><figcaption class=\"blocks-gallery-item__caption\"><strong>La GAULOISE de Basse-Terre <\/strong><\/figcaption><\/figure><\/li><\/ul><\/figure>\n\n\n\n<p>Sans 4 de ses titulaires,  l&rsquo;entra\u00eeneur Jean-Yves VADIMON doit trouver des solutions pour aller chercher un bon r\u00e9sultat contre une \u00e9quipe solide de L&rsquo;Arsenal. Avec l&rsquo;abscence de Fr\u00e9d\u00e9ric T\u00e9jou, Yanick Bresleau, Livier  Serin et Stevenson Casimir, tous  suspendus pour 6 matchs. La Gauloise de Basse-Terre doit puiser dans ses ressources pour donner du fil \u00e0 retordre \u00e0 cette \u00e9quipe bien organis\u00e9e collectivement. <\/p>\n\n\n\n<p>Jean-Yves VADIMON face \u00e0 son ancien, un beau duel pour d\u00e9marrer la 5\u00e8me journ\u00e9e de la R1, au stade de Vieux Habitants. <\/p>\n\n\n\n<p>L&rsquo;autre duel int\u00e9ressant \u00e0 suivre, est le d\u00e9placement de la Solidarit\u00e9 Scolaire sur la pelouse du CSM. Apr\u00e8s son \u00e9limination en demi-finale de la coupe de France, les partenaires de Yaron ATLAN  ont \u00e0 c\u0153ur de prendre leur revanche contre les Impossibles Mouliens qui restent sur de tr\u00e8s bons r\u00e9sultats toutes comp\u00e9titions confondues. Une belle \u00e9quipe du CSM face \u00e0 une \u00e9quipe joueuse de la Solidarit\u00e9 Scolaire,  \u00e7a promet un bon match sur le synth\u00e9tique du Moule, ce samedi 20h00.<\/p>\n\n\n\n<p>Dans les autres matchs dans ce groupe A, notons le d\u00e9placement de la Juventus \u00e0 Marie-Galante pour jouer contre L&rsquo;Amical Club et L&rsquo;AS Gosier jouera contre le Club Sport.<\/p>\n\n\n\n<p><strong>Le programme de la 5\u00e8me journ\u00e9e poule B<\/strong><\/p>\n\n\n\n<p><em><strong>23\/10  20h30 <\/strong><\/em><\/p>\n\n\n\n<p><strong>LA GAULOISE  Vs ARSENAL <\/strong><\/p>\n\n\n\n<p><em><strong>24\/10   20H00<\/strong><\/em><\/p>\n\n\n\n<p><strong>AS GOSIER Vs CLUB SPORT <\/strong><\/p>\n\n\n\n<p><strong>CSM Vs SOLIDARIT\u00c9 SCOLAIRE <\/strong><\/p>\n\n\n\n<p><strong>AMICAL Vs JUVENTUS ( 15H00)<\/strong><\/p>\n\n\n\n<p><em>Exempt : STADE LAMENTINOIS <\/em><\/p>\n\n\n\n<figure class=\"wp-block-gallery columns-1 is-cropped wp-block-gallery-2 is-layout-flex wp-block-gallery-is-layout-flex\"><ul class=\"blocks-gallery-grid\"><li class=\"blocks-gallery-item\"><figure><img data-recalc-dims=\"1\" loading=\"lazy\" decoding=\"async\" width=\"1024\" height=\"682\" data-attachment-id=\"3545\" data-permalink=\"https:\/\/total-sport.fr\/index.php\/2020\/10\/23\/foot-r1-j5-programme-de-la-5eme-journee-avec-deux-chocs-ce-week-end\/img-20201018-wa0012-2\/\" data-orig-file=\"https:\/\/i0.wp.com\/total-sport.fr\/wp-content\/uploads\/IMG-20201018-WA0012-2.jpg?fit=1024%2C682&amp;ssl=1\" data-orig-size=\"1024,682\" data-comments-opened=\"1\" data-image-meta=\"{&quot;aperture&quot;:&quot;0&quot;,&quot;credit&quot;:&quot;&quot;,&quot;camera&quot;:&quot;&quot;,&quot;caption&quot;:&quot;&quot;,&quot;created_timestamp&quot;:&quot;0&quot;,&quot;copyright&quot;:&quot;&quot;,&quot;focal_length&quot;:&quot;0&quot;,&quot;iso&quot;:&quot;0&quot;,&quot;shutter_speed&quot;:&quot;0&quot;,&quot;title&quot;:&quot;&quot;,&quot;orientation&quot;:&quot;0&quot;}\" data-image-title=\"IMG-20201018-WA0012-2\" data-image-description=\"\" data-image-caption=\"\" data-large-file=\"https:\/\/i0.wp.com\/total-sport.fr\/wp-content\/uploads\/IMG-20201018-WA0012-2.jpg?fit=1024%2C682&amp;ssl=1\" src=\"https:\/\/i0.wp.com\/total-sport.fr\/wp-content\/uploads\/IMG-20201018-WA0012-2.jpg?resize=1024%2C682&#038;ssl=1\" alt=\"\" data-id=\"3545\" data-full-url=\"https:\/\/total-sport.fr\/wp-content\/uploads\/IMG-20201018-WA0012-2.jpg\" data-link=\"https:\/\/total-sport.fr\/?attachment_id=3545\" class=\"wp-image-3545\" srcset=\"https:\/\/i0.wp.com\/total-sport.fr\/wp-content\/uploads\/IMG-20201018-WA0012-2.jpg?w=1024&amp;ssl=1 1024w, https:\/\/i0.wp.com\/total-sport.fr\/wp-content\/uploads\/IMG-20201018-WA0012-2.jpg?resize=300%2C200&amp;ssl=1 300w, https:\/\/i0.wp.com\/total-sport.fr\/wp-content\/uploads\/IMG-20201018-WA0012-2.jpg?resize=768%2C512&amp;ssl=1 768w\" sizes=\"auto, (max-width: 1000px) 100vw, 1000px\" \/><figcaption class=\"blocks-gallery-item__caption\"><strong>\ud83d\udcf7CHIVAS <\/strong><\/figcaption><\/figure><\/li><\/ul><\/figure>\n\n\n\n<p>Dans la poule B, la rencontre entre Jeunesse \u00c9volution et le PHARE de Petit-Canal sera l&rsquo;affiche vedette de cette poule. Les Canaliens qui restent sur deux succ\u00e8s de rang vont d\u00e9fier les Abymiens qui ont ma\u00eetris\u00e9 la REDSTAR lors de la 4\u00e8me journ\u00e9e. <\/p>\n\n\n\n<p>Tenus en \u00e9chec par une \u00e9quipe du CERFA FC mal embarqu\u00e9e dans le championnat, les Mouliens de DYNAMO vont essayer de renouer avec la victoire contre la REDSTAR de Mondy PRUNIER. <\/p>\n\n\n\n<p>Notons aussi, le d\u00e9placement de USBM \u00e0 Vieux Habitants pour jouer contre JSVH . Les Baie-Mahaultiens qui connaissent un d\u00e9but de saison mi-ange mi-d\u00e9mon vont croiser le fer la JSVH qui n&rsquo;a toujours pas go\u00fbt\u00e9 \u00e0 la victoire en championnat. <\/p>\n\n\n\n<p><strong>Voici le programme de cette 5\u00e8me journ\u00e9e de la poule B <\/strong><\/p>\n\n\n\n<p><strong><em>23\/20 20h30 <\/em><\/strong><\/p>\n\n\n\n<p><strong>DYNAMO Vs REDSTAR <\/strong><\/p>\n\n\n\n<p><em><strong>24\/10 20H<\/strong> <\/em> <\/p>\n\n\n\n<p><strong>JSVH vs USBM <\/strong><\/p>\n\n\n\n<p><strong>JEFC vs PHARE <\/strong><\/p>\n\n\n\n<p><strong><em>14\/11 <\/em><\/strong><\/p>\n\n\n\n<p><strong><em>CERFA FC Vs RACING <\/em><\/strong><\/p>\n\n\n\n<p><em>Exempt : USR<\/em><\/p>\n\n\n\n<figure class=\"wp-block-gallery columns-1 is-cropped wp-block-gallery-3 is-layout-flex wp-block-gallery-is-layout-flex\"><ul class=\"blocks-gallery-grid\"><li class=\"blocks-gallery-item\"><figure><img data-recalc-dims=\"1\" loading=\"lazy\" decoding=\"async\" width=\"1024\" height=\"633\" data-attachment-id=\"3535\" data-permalink=\"https:\/\/total-sport.fr\/index.php\/2020\/10\/23\/foot-r1-j5-programme-de-la-5eme-journee-avec-deux-chocs-ce-week-end\/img-20201022-wa0055\/\" data-orig-file=\"https:\/\/i0.wp.com\/total-sport.fr\/wp-content\/uploads\/IMG-20201022-WA0055.jpg?fit=1200%2C742&amp;ssl=1\" data-orig-size=\"1200,742\" data-comments-opened=\"1\" data-image-meta=\"{&quot;aperture&quot;:&quot;0&quot;,&quot;credit&quot;:&quot;&quot;,&quot;camera&quot;:&quot;&quot;,&quot;caption&quot;:&quot;&quot;,&quot;created_timestamp&quot;:&quot;0&quot;,&quot;copyright&quot;:&quot;&quot;,&quot;focal_length&quot;:&quot;0&quot;,&quot;iso&quot;:&quot;0&quot;,&quot;shutter_speed&quot;:&quot;0&quot;,&quot;title&quot;:&quot;&quot;,&quot;orientation&quot;:&quot;0&quot;}\" data-image-title=\"IMG-20201022-WA0055\" data-image-description=\"\" data-image-caption=\"\" data-large-file=\"https:\/\/i0.wp.com\/total-sport.fr\/wp-content\/uploads\/IMG-20201022-WA0055.jpg?fit=1024%2C633&amp;ssl=1\" src=\"https:\/\/i0.wp.com\/total-sport.fr\/wp-content\/uploads\/IMG-20201022-WA0055.jpg?resize=1024%2C633&#038;ssl=1\" alt=\"\" data-id=\"3535\" data-full-url=\"https:\/\/total-sport.fr\/wp-content\/uploads\/IMG-20201022-WA0055.jpg\" data-link=\"https:\/\/total-sport.fr\/?attachment_id=3535\" class=\"wp-image-3535\" srcset=\"https:\/\/i0.wp.com\/total-sport.fr\/wp-content\/uploads\/IMG-20201022-WA0055.jpg?resize=1024%2C633&amp;ssl=1 1024w, https:\/\/i0.wp.com\/total-sport.fr\/wp-content\/uploads\/IMG-20201022-WA0055.jpg?resize=300%2C186&amp;ssl=1 300w, https:\/\/i0.wp.com\/total-sport.fr\/wp-content\/uploads\/IMG-20201022-WA0055.jpg?resize=768%2C475&amp;ssl=1 768w, https:\/\/i0.wp.com\/total-sport.fr\/wp-content\/uploads\/IMG-20201022-WA0055.jpg?w=1200&amp;ssl=1 1200w\" sizes=\"auto, (max-width: 1000px) 100vw, 1000px\" \/><\/figure><\/li><\/ul><\/figure>\n","protected":false},"excerpt":{"rendered":"<div class=\"mh-excerpt\"><p>Comme le weekend \u00e9coul\u00e9, c&rsquo;est la Gauloise de Basse-Terre qui aura le privil\u00e8ge de donner le coup d&rsquo;envoi de la 5\u00e8me journ\u00e9e de la R1 <a class=\"mh-excerpt-more\" href=\"https:\/\/total-sport.fr\/index.php\/2020\/10\/23\/foot-r1-j5-programme-de-la-5eme-journee-avec-deux-chocs-ce-week-end\/\" title=\"Foot-R1-J5: Programme de la 5\u00e8me journ\u00e9e avec deux chocs ce week-end!\">[&#8230;]<\/a><\/p>\n<\/div>","protected":false},"author":2,"featured_media":3537,"comment_status":"open","ping_status":"open","sticky":false,"template":"","format":"standard","meta":{"jetpack_post_was_ever_published":false,"_jetpack_newsletter_access":"","_jetpack_dont_email_post_to_subs":false,"_jetpack_newsletter_tier_id":0,"_jetpack_memberships_contains_paywalled_content":false,"_jetpack_memberships_contains_paid_content":false,"footnotes":"","jetpack_publicize_message":"","jetpack_publicize_feature_enabled":true,"jetpack_social_post_already_shared":true,"jetpack_social_options":{"image_generator_settings":{"template":"highway","default_image_id":0,"font":"","enabled":false},"version":2}},"categories":[6],"tags":[],"class_list":["post-3523","post","type-post","status-publish","format-standard","has-post-thumbnail","hentry","category-r1"],"yoast_head":"<!-- This site is optimized with the Yoast SEO plugin v24.9 - https:\/\/yoast.com\/wordpress\/plugins\/seo\/ -->\n<title>Foot-R1-J5: Programme de la 5\u00e8me journ\u00e9e avec deux chocs ce week-end! - Total Sports International (TSI)<\/title>\n<meta name=\"robots\" content=\"index, follow, max-snippet:-1, max-image-preview:large, max-video-preview:-1\" \/>\n<link rel=\"canonical\" href=\"https:\/\/total-sport.fr\/index.php\/2020\/10\/23\/foot-r1-j5-programme-de-la-5eme-journee-avec-deux-chocs-ce-week-end\/\" \/>\n<meta property=\"og:locale\" content=\"fr_FR\" \/>\n<meta property=\"og:type\" content=\"article\" \/>\n<meta property=\"og:title\" content=\"Foot-R1-J5: Programme de la 5\u00e8me journ\u00e9e avec deux chocs ce week-end! - Total Sports International (TSI)\" \/>\n<meta property=\"og:description\" content=\"Comme le weekend \u00e9coul\u00e9, c&rsquo;est la Gauloise de Basse-Terre qui aura le privil\u00e8ge de donner le coup d&rsquo;envoi de la 5\u00e8me journ\u00e9e de la R1 [...]\" \/>\n<meta property=\"og:url\" content=\"https:\/\/total-sport.fr\/index.php\/2020\/10\/23\/foot-r1-j5-programme-de-la-5eme-journee-avec-deux-chocs-ce-week-end\/\" \/>\n<meta property=\"og:site_name\" content=\"Total Sports International (TSI)\" \/>\n<meta property=\"article:author\" content=\"https:\/\/www.facebook.com\/joly.jerometotalsport\" \/>\n<meta property=\"article:published_time\" content=\"2020-10-23T12:33:08+00:00\" \/>\n<meta property=\"article:modified_time\" content=\"2020-10-23T12:33:10+00:00\" \/>\n<meta property=\"og:image\" content=\"https:\/\/i0.wp.com\/total-sport.fr\/wp-content\/uploads\/IMG-20201017-WA0106-1.jpg?fit=1024%2C682&ssl=1\" \/>\n\t<meta property=\"og:image:width\" content=\"1024\" \/>\n\t<meta property=\"og:image:height\" content=\"682\" \/>\n\t<meta property=\"og:image:type\" content=\"image\/jpeg\" \/>\n<meta name=\"author\" content=\"Joly JEROME\" \/>\n<meta name=\"twitter:card\" content=\"summary_large_image\" \/>\n<meta name=\"twitter:creator\" content=\"@Total Sport TS\" \/>\n<meta name=\"twitter:label1\" content=\"\u00c9crit par\" \/>\n\t<meta name=\"twitter:data1\" content=\"Joly JEROME\" \/>\n\t<meta name=\"twitter:label2\" content=\"Dur\u00e9e de lecture estim\u00e9e\" \/>\n\t<meta name=\"twitter:data2\" content=\"2 minutes\" \/>\n<script type=\"application\/ld+json\" class=\"yoast-schema-graph\">{\"@context\":\"https:\/\/schema.org\",\"@graph\":[{\"@type\":\"WebPage\",\"@id\":\"https:\/\/total-sport.fr\/index.php\/2020\/10\/23\/foot-r1-j5-programme-de-la-5eme-journee-avec-deux-chocs-ce-week-end\/\",\"url\":\"https:\/\/total-sport.fr\/index.php\/2020\/10\/23\/foot-r1-j5-programme-de-la-5eme-journee-avec-deux-chocs-ce-week-end\/\",\"name\":\"Foot-R1-J5: Programme de la 5\u00e8me journ\u00e9e avec deux chocs ce week-end! - Total Sports International (TSI)\",\"isPartOf\":{\"@id\":\"https:\/\/total-sport.fr\/#website\"},\"primaryImageOfPage\":{\"@id\":\"https:\/\/total-sport.fr\/index.php\/2020\/10\/23\/foot-r1-j5-programme-de-la-5eme-journee-avec-deux-chocs-ce-week-end\/#primaryimage\"},\"image\":{\"@id\":\"https:\/\/total-sport.fr\/index.php\/2020\/10\/23\/foot-r1-j5-programme-de-la-5eme-journee-avec-deux-chocs-ce-week-end\/#primaryimage\"},\"thumbnailUrl\":\"https:\/\/i0.wp.com\/total-sport.fr\/wp-content\/uploads\/IMG-20201017-WA0106-1.jpg?fit=1024%2C682&ssl=1\",\"datePublished\":\"2020-10-23T12:33:08+00:00\",\"dateModified\":\"2020-10-23T12:33:10+00:00\",\"author\":{\"@id\":\"https:\/\/total-sport.fr\/#\/schema\/person\/f9f5599f372b747441cd5d912824aba4\"},\"breadcrumb\":{\"@id\":\"https:\/\/total-sport.fr\/index.php\/2020\/10\/23\/foot-r1-j5-programme-de-la-5eme-journee-avec-deux-chocs-ce-week-end\/#breadcrumb\"},\"inLanguage\":\"fr-FR\",\"potentialAction\":[{\"@type\":\"ReadAction\",\"target\":[\"https:\/\/total-sport.fr\/index.php\/2020\/10\/23\/foot-r1-j5-programme-de-la-5eme-journee-avec-deux-chocs-ce-week-end\/\"]}]},{\"@type\":\"ImageObject\",\"inLanguage\":\"fr-FR\",\"@id\":\"https:\/\/total-sport.fr\/index.php\/2020\/10\/23\/foot-r1-j5-programme-de-la-5eme-journee-avec-deux-chocs-ce-week-end\/#primaryimage\",\"url\":\"https:\/\/i0.wp.com\/total-sport.fr\/wp-content\/uploads\/IMG-20201017-WA0106-1.jpg?fit=1024%2C682&ssl=1\",\"contentUrl\":\"https:\/\/i0.wp.com\/total-sport.fr\/wp-content\/uploads\/IMG-20201017-WA0106-1.jpg?fit=1024%2C682&ssl=1\",\"width\":1024,\"height\":682},{\"@type\":\"BreadcrumbList\",\"@id\":\"https:\/\/total-sport.fr\/index.php\/2020\/10\/23\/foot-r1-j5-programme-de-la-5eme-journee-avec-deux-chocs-ce-week-end\/#breadcrumb\",\"itemListElement\":[{\"@type\":\"ListItem\",\"position\":1,\"name\":\"Accueil\",\"item\":\"https:\/\/total-sport.fr\/\"},{\"@type\":\"ListItem\",\"position\":2,\"name\":\"Foot-R1-J5: Programme de la 5\u00e8me journ\u00e9e avec deux chocs ce week-end!\"}]},{\"@type\":\"WebSite\",\"@id\":\"https:\/\/total-sport.fr\/#website\",\"url\":\"https:\/\/total-sport.fr\/\",\"name\":\"Total Sports International (TSI)\",\"description\":\"vous informer est notre priorit\u00e9, 7 jours sur 7 avec toujours le m\u00eame professionnalisme\",\"potentialAction\":[{\"@type\":\"SearchAction\",\"target\":{\"@type\":\"EntryPoint\",\"urlTemplate\":\"https:\/\/total-sport.fr\/?s={search_term_string}\"},\"query-input\":{\"@type\":\"PropertyValueSpecification\",\"valueRequired\":true,\"valueName\":\"search_term_string\"}}],\"inLanguage\":\"fr-FR\"},{\"@type\":\"Person\",\"@id\":\"https:\/\/total-sport.fr\/#\/schema\/person\/f9f5599f372b747441cd5d912824aba4\",\"name\":\"Joly JEROME\",\"image\":{\"@type\":\"ImageObject\",\"inLanguage\":\"fr-FR\",\"@id\":\"https:\/\/total-sport.fr\/#\/schema\/person\/image\/\",\"url\":\"https:\/\/secure.gravatar.com\/avatar\/33e98ca4065ab233074302dee778104df3e61a0f91ceba3d746e7e40dbe11f0d?s=96&d=mm&r=g\",\"contentUrl\":\"https:\/\/secure.gravatar.com\/avatar\/33e98ca4065ab233074302dee778104df3e61a0f91ceba3d746e7e40dbe11f0d?s=96&d=mm&r=g\",\"caption\":\"Joly JEROME\"},\"description\":\"Je suis Joly JEROME, passionn\u00e9 de la lecture et du Sport notamment le Football. Je suis Journaliste ind\u00e9pendant fougueux, s\u00e9rieux mettant ma plume \u00e0 votre service pour vous informer avec la v\u00e9rit\u00e9 comme boussole. Jolyjerome989@gmail.com \/0690 93 65 88\",\"sameAs\":[\"https:\/\/total-sport.fr\",\"https:\/\/www.facebook.com\/joly.jerometotalsport\",\"Joly_JJCA\",\"Total Sport ts\",\"https:\/\/x.com\/Total Sport TS\"],\"url\":\"https:\/\/total-sport.fr\/index.php\/author\/jolyjerome\/\"}]}<\/script>\n<!-- \/ Yoast SEO plugin. -->","yoast_head_json":{"title":"Foot-R1-J5: Programme de la 5\u00e8me journ\u00e9e avec deux chocs ce week-end! - Total Sports International (TSI)","robots":{"index":"index","follow":"follow","max-snippet":"max-snippet:-1","max-image-preview":"max-image-preview:large","max-video-preview":"max-video-preview:-1"},"canonical":"https:\/\/total-sport.fr\/index.php\/2020\/10\/23\/foot-r1-j5-programme-de-la-5eme-journee-avec-deux-chocs-ce-week-end\/","og_locale":"fr_FR","og_type":"article","og_title":"Foot-R1-J5: Programme de la 5\u00e8me journ\u00e9e avec deux chocs ce week-end! - Total Sports International (TSI)","og_description":"Comme le weekend \u00e9coul\u00e9, c&rsquo;est la Gauloise de Basse-Terre qui aura le privil\u00e8ge de donner le coup d&rsquo;envoi de la 5\u00e8me journ\u00e9e de la R1 [...]","og_url":"https:\/\/total-sport.fr\/index.php\/2020\/10\/23\/foot-r1-j5-programme-de-la-5eme-journee-avec-deux-chocs-ce-week-end\/","og_site_name":"Total Sports International (TSI)","article_author":"https:\/\/www.facebook.com\/joly.jerometotalsport","article_published_time":"2020-10-23T12:33:08+00:00","article_modified_time":"2020-10-23T12:33:10+00:00","og_image":[{"width":1024,"height":682,"url":"https:\/\/i0.wp.com\/total-sport.fr\/wp-content\/uploads\/IMG-20201017-WA0106-1.jpg?fit=1024%2C682&ssl=1","type":"image\/jpeg"}],"author":"Joly JEROME","twitter_card":"summary_large_image","twitter_creator":"@Total Sport TS","twitter_misc":{"\u00c9crit par":"Joly JEROME","Dur\u00e9e de lecture estim\u00e9e":"2 minutes"},"schema":{"@context":"https:\/\/schema.org","@graph":[{"@type":"WebPage","@id":"https:\/\/total-sport.fr\/index.php\/2020\/10\/23\/foot-r1-j5-programme-de-la-5eme-journee-avec-deux-chocs-ce-week-end\/","url":"https:\/\/total-sport.fr\/index.php\/2020\/10\/23\/foot-r1-j5-programme-de-la-5eme-journee-avec-deux-chocs-ce-week-end\/","name":"Foot-R1-J5: Programme de la 5\u00e8me journ\u00e9e avec deux chocs ce week-end! - Total Sports International (TSI)","isPartOf":{"@id":"https:\/\/total-sport.fr\/#website"},"primaryImageOfPage":{"@id":"https:\/\/total-sport.fr\/index.php\/2020\/10\/23\/foot-r1-j5-programme-de-la-5eme-journee-avec-deux-chocs-ce-week-end\/#primaryimage"},"image":{"@id":"https:\/\/total-sport.fr\/index.php\/2020\/10\/23\/foot-r1-j5-programme-de-la-5eme-journee-avec-deux-chocs-ce-week-end\/#primaryimage"},"thumbnailUrl":"https:\/\/i0.wp.com\/total-sport.fr\/wp-content\/uploads\/IMG-20201017-WA0106-1.jpg?fit=1024%2C682&ssl=1","datePublished":"2020-10-23T12:33:08+00:00","dateModified":"2020-10-23T12:33:10+00:00","author":{"@id":"https:\/\/total-sport.fr\/#\/schema\/person\/f9f5599f372b747441cd5d912824aba4"},"breadcrumb":{"@id":"https:\/\/total-sport.fr\/index.php\/2020\/10\/23\/foot-r1-j5-programme-de-la-5eme-journee-avec-deux-chocs-ce-week-end\/#breadcrumb"},"inLanguage":"fr-FR","potentialAction":[{"@type":"ReadAction","target":["https:\/\/total-sport.fr\/index.php\/2020\/10\/23\/foot-r1-j5-programme-de-la-5eme-journee-avec-deux-chocs-ce-week-end\/"]}]},{"@type":"ImageObject","inLanguage":"fr-FR","@id":"https:\/\/total-sport.fr\/index.php\/2020\/10\/23\/foot-r1-j5-programme-de-la-5eme-journee-avec-deux-chocs-ce-week-end\/#primaryimage","url":"https:\/\/i0.wp.com\/total-sport.fr\/wp-content\/uploads\/IMG-20201017-WA0106-1.jpg?fit=1024%2C682&ssl=1","contentUrl":"https:\/\/i0.wp.com\/total-sport.fr\/wp-content\/uploads\/IMG-20201017-WA0106-1.jpg?fit=1024%2C682&ssl=1","width":1024,"height":682},{"@type":"BreadcrumbList","@id":"https:\/\/total-sport.fr\/index.php\/2020\/10\/23\/foot-r1-j5-programme-de-la-5eme-journee-avec-deux-chocs-ce-week-end\/#breadcrumb","itemListElement":[{"@type":"ListItem","position":1,"name":"Accueil","item":"https:\/\/total-sport.fr\/"},{"@type":"ListItem","position":2,"name":"Foot-R1-J5: Programme de la 5\u00e8me journ\u00e9e avec deux chocs ce week-end!"}]},{"@type":"WebSite","@id":"https:\/\/total-sport.fr\/#website","url":"https:\/\/total-sport.fr\/","name":"Total Sports International (TSI)","description":"vous informer est notre priorit\u00e9, 7 jours sur 7 avec toujours le m\u00eame professionnalisme","potentialAction":[{"@type":"SearchAction","target":{"@type":"EntryPoint","urlTemplate":"https:\/\/total-sport.fr\/?s={search_term_string}"},"query-input":{"@type":"PropertyValueSpecification","valueRequired":true,"valueName":"search_term_string"}}],"inLanguage":"fr-FR"},{"@type":"Person","@id":"https:\/\/total-sport.fr\/#\/schema\/person\/f9f5599f372b747441cd5d912824aba4","name":"Joly JEROME","image":{"@type":"ImageObject","inLanguage":"fr-FR","@id":"https:\/\/total-sport.fr\/#\/schema\/person\/image\/","url":"https:\/\/secure.gravatar.com\/avatar\/33e98ca4065ab233074302dee778104df3e61a0f91ceba3d746e7e40dbe11f0d?s=96&d=mm&r=g","contentUrl":"https:\/\/secure.gravatar.com\/avatar\/33e98ca4065ab233074302dee778104df3e61a0f91ceba3d746e7e40dbe11f0d?s=96&d=mm&r=g","caption":"Joly JEROME"},"description":"Je suis Joly JEROME, passionn\u00e9 de la lecture et du Sport notamment le Football. Je suis Journaliste ind\u00e9pendant fougueux, s\u00e9rieux mettant ma plume \u00e0 votre service pour vous informer avec la v\u00e9rit\u00e9 comme boussole. Jolyjerome989@gmail.com \/0690 93 65 88","sameAs":["https:\/\/total-sport.fr","https:\/\/www.facebook.com\/joly.jerometotalsport","Joly_JJCA","Total Sport ts","https:\/\/x.com\/Total Sport TS"],"url":"https:\/\/total-sport.fr\/index.php\/author\/jolyjerome\/"}]}},"jetpack_publicize_connections":[],"jetpack_featured_media_url":"https:\/\/i0.wp.com\/total-sport.fr\/wp-content\/uploads\/IMG-20201017-WA0106-1.jpg?fit=1024%2C682&ssl=1","jetpack_sharing_enabled":true,"jetpack_shortlink":"https:\/\/wp.me\/paF0J8-UP","jetpack-related-posts":[{"id":4313,"url":"https:\/\/total-sport.fr\/index.php\/2022\/10\/20\/foot-r1-j6-la-gauloise-csm-ss-phare-les-chocs-de-la-journee\/","url_meta":{"origin":3523,"position":0},"title":"Foot-R1-J6: La GAULOISE\/CSM, SS\/PHARE, les chocs de la journ\u00e9e !","author":"Joly JEROME","date":"20 octobre 2022","format":false,"excerpt":"Willys Francillonne, la maestro du CSM. Photo LFG","rel":"","context":"Dans &quot;R1&quot;","block_context":{"text":"R1","link":"https:\/\/total-sport.fr\/index.php\/category\/r1\/"},"img":{"alt_text":"","src":"https:\/\/i0.wp.com\/total-sport.fr\/wp-content\/uploads\/FB_IMG_1666223995649.jpg?fit=1080%2C720&ssl=1&resize=350%2C200","width":350,"height":200,"srcset":"https:\/\/i0.wp.com\/total-sport.fr\/wp-content\/uploads\/FB_IMG_1666223995649.jpg?fit=1080%2C720&ssl=1&resize=350%2C200 1x, https:\/\/i0.wp.com\/total-sport.fr\/wp-content\/uploads\/FB_IMG_1666223995649.jpg?fit=1080%2C720&ssl=1&resize=525%2C300 1.5x, https:\/\/i0.wp.com\/total-sport.fr\/wp-content\/uploads\/FB_IMG_1666223995649.jpg?fit=1080%2C720&ssl=1&resize=700%2C400 2x, https:\/\/i0.wp.com\/total-sport.fr\/wp-content\/uploads\/FB_IMG_1666223995649.jpg?fit=1080%2C720&ssl=1&resize=1050%2C600 3x"},"classes":[]},{"id":3467,"url":"https:\/\/total-sport.fr\/index.php\/2020\/10\/15\/foot-r1-j4-la-solidarite-scolaire-vs-la-gauloise-un-choc-pour-demarrer-la-4eme-journee\/","url_meta":{"origin":3523,"position":1},"title":"Foot-R1-J4 : La SOLIDARIT\u00c9 SCOLAIRE vs LA GAULOISE, un choc pour d\u00e9marrer la 4\u00e8me Journ\u00e9e.","author":"Joly JEROME","date":"15 octobre 2020","format":false,"excerpt":"Apr\u00e8s le 5\u00e8me tour de la Coupe de France, place \u00e0 la 4\u00e8me journ\u00e9e de la R1. D\u00e8s vendredi soir on assistera \u00e0 un choc dans poule A entre la Solidarit\u00e9 Scolaire et la Gauloise de Basse-Terre. Les autres rencontres sont programm\u00e9es pour samedi avec le derby CLUB SPORT-CSM sans\u2026","rel":"","context":"Dans &quot;Non class\u00e9&quot;","block_context":{"text":"Non class\u00e9","link":"https:\/\/total-sport.fr\/index.php\/category\/non-classe\/"},"img":{"alt_text":"","src":"https:\/\/i0.wp.com\/total-sport.fr\/wp-content\/uploads\/7D19982D-DCE6-4D61-A3CA-1AD3B91B0EAB.jpeg?fit=1032%2C688&ssl=1&resize=350%2C200","width":350,"height":200,"srcset":"https:\/\/i0.wp.com\/total-sport.fr\/wp-content\/uploads\/7D19982D-DCE6-4D61-A3CA-1AD3B91B0EAB.jpeg?fit=1032%2C688&ssl=1&resize=350%2C200 1x, https:\/\/i0.wp.com\/total-sport.fr\/wp-content\/uploads\/7D19982D-DCE6-4D61-A3CA-1AD3B91B0EAB.jpeg?fit=1032%2C688&ssl=1&resize=525%2C300 1.5x, https:\/\/i0.wp.com\/total-sport.fr\/wp-content\/uploads\/7D19982D-DCE6-4D61-A3CA-1AD3B91B0EAB.jpeg?fit=1032%2C688&ssl=1&resize=700%2C400 2x"},"classes":[]},{"id":4069,"url":"https:\/\/total-sport.fr\/index.php\/2022\/02\/07\/foot-r1-les-faits-marquants-de-5eme-journee-r1-vito\/","url_meta":{"origin":3523,"position":2},"title":"Foot-R1: Les faits marquants de 5\u00e8me journ\u00e9e R1 Vito","author":"Joly JEROME","date":"7 f\u00e9vrier 2022","format":false,"excerpt":"La 5\u00e9me journ\u00e9e de la R1 Vito a pris fin ce weekend avec une pluie de buts notamment dans la poule B. Les filets ont trembl\u00e9, les attaquants ont r\u00e9pondu pr\u00e9sents dans la quasi totalit\u00e9 des rencontres,\u00a0Total Sport TS vous propose de revenir sur les faits marquants de cette 5\u00e9me\u2026","rel":"","context":"Dans &quot;R1&quot;","block_context":{"text":"R1","link":"https:\/\/total-sport.fr\/index.php\/category\/r1\/"},"img":{"alt_text":"","src":"https:\/\/i0.wp.com\/total-sport.fr\/wp-content\/uploads\/RICARDO-ET.jpg?fit=940%2C788&ssl=1&resize=350%2C200","width":350,"height":200,"srcset":"https:\/\/i0.wp.com\/total-sport.fr\/wp-content\/uploads\/RICARDO-ET.jpg?fit=940%2C788&ssl=1&resize=350%2C200 1x, https:\/\/i0.wp.com\/total-sport.fr\/wp-content\/uploads\/RICARDO-ET.jpg?fit=940%2C788&ssl=1&resize=525%2C300 1.5x, https:\/\/i0.wp.com\/total-sport.fr\/wp-content\/uploads\/RICARDO-ET.jpg?fit=940%2C788&ssl=1&resize=700%2C400 2x"},"classes":[]},{"id":103,"url":"https:\/\/total-sport.fr\/index.php\/2019\/01\/25\/foot-guadeloupe-14eme-journee-r1-deplacement-perilleux-de-lamical-sur-le-terrain-du-phare-lusbm-vs-la-ss-pour-le-premier-derby-de-2019qui-pour-stopper-gauloise\/","url_meta":{"origin":3523,"position":3},"title":"Foot-Guadeloupe -14eme journ\u00e9e R1: d\u00e9placement p\u00e9rilleux de l&rsquo;Amical sur le terrain du Phare ,L&rsquo;USBM vs La SS pour le premier derby de 2019,Qui pour stopper  Gauloise ?","author":"Joly JEROME","date":"25 janvier 2019","format":false,"excerpt":"Apr\u00e8s une tr\u00eave bien m\u00e9rit\u00e9e pour les f\u00eates de fin d'ann\u00e9e, le football Guadeloup\u00e9en reprend ses droits d\u00e8s ce vendredi avec une affiche entre deux mal class\u00e9es la Redstar vs UNAR en match avanc\u00e9 au stade fiesque Duchesne, et les autres rencontres sont programm\u00e9es pour samedi avec un derby USBM\u2026","rel":"","context":"Dans &quot;R1&quot;","block_context":{"text":"R1","link":"https:\/\/total-sport.fr\/index.php\/category\/r1\/"},"img":{"alt_text":"","src":"https:\/\/totalsportts42.files.wordpress.com\/2019\/01\/fb_img_1546458039985-11607445552.jpg?w=350&h=200&crop=1","width":350,"height":200,"srcset":"https:\/\/totalsportts42.files.wordpress.com\/2019\/01\/fb_img_1546458039985-11607445552.jpg?w=350&h=200&crop=1 1x, https:\/\/totalsportts42.files.wordpress.com\/2019\/01\/fb_img_1546458039985-11607445552.jpg?w=525&h=300&crop=1 1.5x"},"classes":[]},{"id":2826,"url":"https:\/\/total-sport.fr\/index.php\/2020\/05\/10\/foot-r1-les-scores-fleuves-qui-ont-marque-la-saison-2019-2020-en-r1\/","url_meta":{"origin":3523,"position":4},"title":"Foot-R1: Les scores fleuves qui ont marqu\u00e9 la saison 2019-2020 en R1.","author":"Joly JEROME","date":"10 mai 2020","format":false,"excerpt":"L'AS Gosier a succ\u00e9d\u00e9 \u00e0 L'Amical club de Marie-Galante au palmar\u00e8s de la r\u00e9gionale 1 guadeloup\u00e9enne. A l'issue d'une saison marqu\u00e9e, dans un premier temps par l'homologation de seulement 5 stades, puis arr\u00eat\u00e9e d\u00e9finitivement \u00e0 cause du COVID-19; les requins ont survol\u00e9 la comp\u00e9tition reine du pays avec 13 victoires,\u2026","rel":"","context":"Dans &quot;R1&quot;","block_context":{"text":"R1","link":"https:\/\/total-sport.fr\/index.php\/category\/r1\/"},"img":{"alt_text":"","src":"https:\/\/i0.wp.com\/total-sport.fr\/wp-content\/uploads\/BOL.jpg?fit=800%2C534&ssl=1&resize=350%2C200","width":350,"height":200,"srcset":"https:\/\/i0.wp.com\/total-sport.fr\/wp-content\/uploads\/BOL.jpg?fit=800%2C534&ssl=1&resize=350%2C200 1x, https:\/\/i0.wp.com\/total-sport.fr\/wp-content\/uploads\/BOL.jpg?fit=800%2C534&ssl=1&resize=525%2C300 1.5x, https:\/\/i0.wp.com\/total-sport.fr\/wp-content\/uploads\/BOL.jpg?fit=800%2C534&ssl=1&resize=700%2C400 2x"},"classes":[]},{"id":3971,"url":"https:\/\/total-sport.fr\/index.php\/2022\/01\/08\/foot-r1-la-restar-bat-la-gauloise-grace-a-un-but-de-loic-phoulchand\/","url_meta":{"origin":3523,"position":5},"title":"Foot-R1 : La REDSTAR bat la GAULOISE gr\u00e2ce \u00e0 un but de Lo\u00efc Phoulchand.","author":"Joly JEROME","date":"8 janvier 2022","format":false,"excerpt":"La Redstar bat la Gauloise en ouverture de la premi\u00e8re journ\u00e9e R1 Vito. Photo Schivas","rel":"","context":"Dans &quot;R1&quot;","block_context":{"text":"R1","link":"https:\/\/total-sport.fr\/index.php\/category\/r1\/"},"img":{"alt_text":"","src":"https:\/\/i0.wp.com\/total-sport.fr\/wp-content\/uploads\/FB_IMG_1641614891351.jpg?fit=828%2C528&ssl=1&resize=350%2C200","width":350,"height":200,"srcset":"https:\/\/i0.wp.com\/total-sport.fr\/wp-content\/uploads\/FB_IMG_1641614891351.jpg?fit=828%2C528&ssl=1&resize=350%2C200 1x, https:\/\/i0.wp.com\/total-sport.fr\/wp-content\/uploads\/FB_IMG_1641614891351.jpg?fit=828%2C528&ssl=1&resize=525%2C300 1.5x, https:\/\/i0.wp.com\/total-sport.fr\/wp-content\/uploads\/FB_IMG_1641614891351.jpg?fit=828%2C528&ssl=1&resize=700%2C400 2x"},"classes":[]}],"jetpack_likes_enabled":true,"_links":{"self":[{"href":"https:\/\/total-sport.fr\/index.php\/wp-json\/wp\/v2\/posts\/3523","targetHints":{"allow":["GET"]}}],"collection":[{"href":"https:\/\/total-sport.fr\/index.php\/wp-json\/wp\/v2\/posts"}],"about":[{"href":"https:\/\/total-sport.fr\/index.php\/wp-json\/wp\/v2\/types\/post"}],"author":[{"embeddable":true,"href":"https:\/\/total-sport.fr\/index.php\/wp-json\/wp\/v2\/users\/2"}],"replies":[{"embeddable":true,"href":"https:\/\/total-sport.fr\/index.php\/wp-json\/wp\/v2\/comments?post=3523"}],"version-history":[{"count":8,"href":"https:\/\/total-sport.fr\/index.php\/wp-json\/wp\/v2\/posts\/3523\/revisions"}],"predecessor-version":[{"id":3551,"href":"https:\/\/total-sport.fr\/index.php\/wp-json\/wp\/v2\/posts\/3523\/revisions\/3551"}],"wp:featuredmedia":[{"embeddable":true,"href":"https:\/\/total-sport.fr\/index.php\/wp-json\/wp\/v2\/media\/3537"}],"wp:attachment":[{"href":"https:\/\/total-sport.fr\/index.php\/wp-json\/wp\/v2\/media?parent=3523"}],"wp:term":[{"taxonomy":"category","embeddable":true,"href":"https:\/\/total-sport.fr\/index.php\/wp-json\/wp\/v2\/categories?post=3523"},{"taxonomy":"post_tag","embeddable":true,"href":"https:\/\/total-sport.fr\/index.php\/wp-json\/wp\/v2\/tags?post=3523"}],"curies":[{"name":"wp","href":"https:\/\/api.w.org\/{rel}","templated":true}]}}