{"id":3215,"date":"2020-08-20T00:48:32","date_gmt":"2020-08-20T04:48:32","guid":{"rendered":"http:\/\/total-sport.fr\/?p=3215"},"modified":"2020-08-20T01:06:47","modified_gmt":"2020-08-20T05:06:47","slug":"foot-crg-le-phare-et-dynamo-rejoignent-le-csm-et-la-redstar-dans-le-carre-final","status":"publish","type":"post","link":"https:\/\/total-sport.fr\/index.php\/2020\/08\/20\/foot-crg-le-phare-et-dynamo-rejoignent-le-csm-et-la-redstar-dans-le-carre-final\/","title":{"rendered":"Foot-CRG: Le PHARE et DYNAMO rejoignent le CSM et la REDSTAR dans le carr\u00e9 final."},"content":{"rendered":"\n<p><strong>On conna\u00eet d\u00e9sormais l&rsquo;identit\u00e9 des quatre \u00e9quipes qui vont se battre dans le carr\u00e9 final de la coupe r\u00e9gion Guadeloupe. Le DYNAMO du Moule a mis l&rsquo;AS GOSIER \u00e0 la porte sur le strict minimum (1-0), alors que le PHARE de Petit-Canal s&rsquo;est d\u00e9barrass\u00e9 de L&rsquo;USBM (2-1)<\/strong>.<\/p>\n\n\n\n<p>Apr\u00e8s le CSM et la REDSTAR, c&rsquo;est le tour du PHARE et DYNAMO de se qualifier pour les demi-finales de la CRG. Au stade Jacques Ponr\u00e9my du Moule, les locaux ont puni les gosieriens sur la plus petite des marges 1-0.<\/p>\n\n\n\n<p>Malgr\u00e9 la domination et plusieurs occasions rat\u00e9es du c\u00f4t\u00e9 des requins,  le DYNAMO a fait preuve d&rsquo;efficacit\u00e9 pour arracher la qualification sur un but contre son camp du capitaine Mike Sixe Pasteur. Les Mouliens ont fait mordre la poussi\u00e8re les champions en titre de la Guadeloupe pour affronter le PHARE de Petit-Canal en demi-finale de cette comp\u00e9tition. <\/p>\n\n\n\n<p><a href=\"https:\/\/total-sport.fr\/index.php\/2020\/08\/19\/foot-crg-le-csm-et-la-redstar-sont-en-demi-finales\/\">Le CSM et la REDSTAR sont en demi-finale <\/a> \u2b05\ufe0fcliquez <\/p>\n\n\n\n<p>Le <strong>PHARE<\/strong> de Petit-Canal n&rsquo;a laiss\u00e9 aucune chance \u00e0 <strong>L&rsquo;USBM<\/strong>.  En d\u00e9placement \u00e0 Baie-Mahault, les poulains de G\u00e9rard Andy ont fait l&rsquo;essentiel en premi\u00e8re p\u00e9riode. Gr\u00e2ce \u00e0 des buts sign\u00e9s Atirson Charleston sur penalty 21&prime; et SARAZ \u00e0 la 45&prime; , les mangles ont pris la longue de son homologue USBM 2-1.<\/p>\n\n\n\n<p>Mal inspir\u00e9s en d\u00e9fense, les poulains de Thierry Antonin ont d\u00e9marr\u00e9 en comp\u00e9tition officiel sur la pointe des pieds, tel un spectateur retardataire au cin\u00e9ma qui avance en crabe pour gagner son si\u00e8ge dans la p\u00e9nombre. Nonobstant deux occasions en d\u00e9but de match, les partenaires de Skeeven Romage se sont faits punir \u00e0 deux reprises en premi\u00e8re p\u00e9riode.  La r\u00e9duction du score de Dimitri BOLIVAR sur un coup franc magistral \u00e0 l&rsquo;entr\u00e9e de la surface de r\u00e9paration,  \u00e9tait venue trop tard dans un monde trop vieux. <\/p>\n\n\n\n<p>Score final 2-1 pour le PHARE qui a valid\u00e9 son billet pour le tour suivant.  Notons que, la REDSTAR croisera le CSM et Le DYNAMO jouera contre le PHARE en demi-finale de la coupe R\u00e9gion Guadeloupe. <\/p>\n\n\n\n<figure class=\"wp-block-image size-large\"><img data-recalc-dims=\"1\" loading=\"lazy\" decoding=\"async\" width=\"1024\" height=\"537\" data-attachment-id=\"3219\" data-permalink=\"https:\/\/total-sport.fr\/index.php\/2020\/08\/20\/foot-crg-le-phare-et-dynamo-rejoignent-le-csm-et-la-redstar-dans-le-carre-final\/fb_img_1597897060817\/\" data-orig-file=\"https:\/\/i0.wp.com\/total-sport.fr\/wp-content\/uploads\/FB_IMG_1597897060817.jpg?fit=1080%2C566&amp;ssl=1\" data-orig-size=\"1080,566\" data-comments-opened=\"1\" data-image-meta=\"{&quot;aperture&quot;:&quot;0&quot;,&quot;credit&quot;:&quot;&quot;,&quot;camera&quot;:&quot;&quot;,&quot;caption&quot;:&quot;&quot;,&quot;created_timestamp&quot;:&quot;0&quot;,&quot;copyright&quot;:&quot;&quot;,&quot;focal_length&quot;:&quot;0&quot;,&quot;iso&quot;:&quot;0&quot;,&quot;shutter_speed&quot;:&quot;0&quot;,&quot;title&quot;:&quot;&quot;,&quot;orientation&quot;:&quot;0&quot;}\" data-image-title=\"FB_IMG_1597897060817\" data-image-description=\"\" data-image-caption=\"\" data-large-file=\"https:\/\/i0.wp.com\/total-sport.fr\/wp-content\/uploads\/FB_IMG_1597897060817.jpg?fit=1024%2C537&amp;ssl=1\" src=\"https:\/\/i0.wp.com\/total-sport.fr\/wp-content\/uploads\/FB_IMG_1597897060817.jpg?resize=1024%2C537&#038;ssl=1\" alt=\"\" class=\"wp-image-3219\" srcset=\"https:\/\/i0.wp.com\/total-sport.fr\/wp-content\/uploads\/FB_IMG_1597897060817.jpg?resize=1024%2C537&amp;ssl=1 1024w, https:\/\/i0.wp.com\/total-sport.fr\/wp-content\/uploads\/FB_IMG_1597897060817.jpg?resize=300%2C157&amp;ssl=1 300w, https:\/\/i0.wp.com\/total-sport.fr\/wp-content\/uploads\/FB_IMG_1597897060817.jpg?resize=768%2C402&amp;ssl=1 768w, https:\/\/i0.wp.com\/total-sport.fr\/wp-content\/uploads\/FB_IMG_1597897060817.jpg?w=1080&amp;ssl=1 1080w\" sizes=\"auto, (max-width: 1000px) 100vw, 1000px\" \/><figcaption>Cr\u00e9dit photo: <strong>LGF<\/strong> <\/figcaption><\/figure>\n","protected":false},"excerpt":{"rendered":"<div class=\"mh-excerpt\"><p>On conna\u00eet d\u00e9sormais l&rsquo;identit\u00e9 des quatre \u00e9quipes qui vont se battre dans le carr\u00e9 final de la coupe r\u00e9gion Guadeloupe. Le DYNAMO du Moule a <a class=\"mh-excerpt-more\" href=\"https:\/\/total-sport.fr\/index.php\/2020\/08\/20\/foot-crg-le-phare-et-dynamo-rejoignent-le-csm-et-la-redstar-dans-le-carre-final\/\" title=\"Foot-CRG: Le PHARE et DYNAMO rejoignent le CSM et la REDSTAR dans le carr\u00e9 final.\">[&#8230;]<\/a><\/p>\n<\/div>","protected":false},"author":2,"featured_media":3217,"comment_status":"open","ping_status":"open","sticky":false,"template":"","format":"standard","meta":{"jetpack_post_was_ever_published":false,"_jetpack_newsletter_access":"","_jetpack_dont_email_post_to_subs":false,"_jetpack_newsletter_tier_id":0,"_jetpack_memberships_contains_paywalled_content":false,"_jetpack_memberships_contains_paid_content":false,"footnotes":"","jetpack_publicize_message":"","jetpack_publicize_feature_enabled":true,"jetpack_social_post_already_shared":true,"jetpack_social_options":{"image_generator_settings":{"template":"highway","default_image_id":0,"font":"","enabled":false},"version":2}},"categories":[18],"tags":[],"class_list":["post-3215","post","type-post","status-publish","format-standard","has-post-thumbnail","hentry","category-coupe-region-guadeloupe"],"yoast_head":"<!-- This site is optimized with the Yoast SEO plugin v24.9 - https:\/\/yoast.com\/wordpress\/plugins\/seo\/ -->\n<title>Foot-CRG: Le PHARE et DYNAMO rejoignent le CSM et la REDSTAR dans le carr\u00e9 final. - Total Sports International (TSI)<\/title>\n<meta name=\"robots\" content=\"index, follow, max-snippet:-1, max-image-preview:large, max-video-preview:-1\" \/>\n<link rel=\"canonical\" href=\"https:\/\/total-sport.fr\/index.php\/2020\/08\/20\/foot-crg-le-phare-et-dynamo-rejoignent-le-csm-et-la-redstar-dans-le-carre-final\/\" \/>\n<meta property=\"og:locale\" content=\"fr_FR\" \/>\n<meta property=\"og:type\" content=\"article\" \/>\n<meta property=\"og:title\" content=\"Foot-CRG: Le PHARE et DYNAMO rejoignent le CSM et la REDSTAR dans le carr\u00e9 final. - Total Sports International (TSI)\" \/>\n<meta property=\"og:description\" content=\"On conna\u00eet d\u00e9sormais l&rsquo;identit\u00e9 des quatre \u00e9quipes qui vont se battre dans le carr\u00e9 final de la coupe r\u00e9gion Guadeloupe. Le DYNAMO du Moule a [...]\" \/>\n<meta property=\"og:url\" content=\"https:\/\/total-sport.fr\/index.php\/2020\/08\/20\/foot-crg-le-phare-et-dynamo-rejoignent-le-csm-et-la-redstar-dans-le-carre-final\/\" \/>\n<meta property=\"og:site_name\" content=\"Total Sports International (TSI)\" \/>\n<meta property=\"article:author\" content=\"https:\/\/www.facebook.com\/joly.jerometotalsport\" \/>\n<meta property=\"article:published_time\" content=\"2020-08-20T04:48:32+00:00\" \/>\n<meta property=\"article:modified_time\" content=\"2020-08-20T05:06:47+00:00\" \/>\n<meta property=\"og:image\" content=\"https:\/\/i0.wp.com\/total-sport.fr\/wp-content\/uploads\/20200820_002155.jpg?fit=579%2C346&ssl=1\" \/>\n\t<meta property=\"og:image:width\" content=\"579\" \/>\n\t<meta property=\"og:image:height\" content=\"346\" \/>\n\t<meta property=\"og:image:type\" content=\"image\/jpeg\" \/>\n<meta name=\"author\" content=\"Joly JEROME\" \/>\n<meta name=\"twitter:card\" content=\"summary_large_image\" \/>\n<meta name=\"twitter:creator\" content=\"@Total Sport TS\" \/>\n<meta name=\"twitter:label1\" content=\"\u00c9crit par\" \/>\n\t<meta name=\"twitter:data1\" content=\"Joly JEROME\" \/>\n\t<meta name=\"twitter:label2\" content=\"Dur\u00e9e de lecture estim\u00e9e\" \/>\n\t<meta name=\"twitter:data2\" content=\"2 minutes\" \/>\n<script type=\"application\/ld+json\" class=\"yoast-schema-graph\">{\"@context\":\"https:\/\/schema.org\",\"@graph\":[{\"@type\":\"WebPage\",\"@id\":\"https:\/\/total-sport.fr\/index.php\/2020\/08\/20\/foot-crg-le-phare-et-dynamo-rejoignent-le-csm-et-la-redstar-dans-le-carre-final\/\",\"url\":\"https:\/\/total-sport.fr\/index.php\/2020\/08\/20\/foot-crg-le-phare-et-dynamo-rejoignent-le-csm-et-la-redstar-dans-le-carre-final\/\",\"name\":\"Foot-CRG: Le PHARE et DYNAMO rejoignent le CSM et la REDSTAR dans le carr\u00e9 final. - Total Sports International (TSI)\",\"isPartOf\":{\"@id\":\"https:\/\/total-sport.fr\/#website\"},\"primaryImageOfPage\":{\"@id\":\"https:\/\/total-sport.fr\/index.php\/2020\/08\/20\/foot-crg-le-phare-et-dynamo-rejoignent-le-csm-et-la-redstar-dans-le-carre-final\/#primaryimage\"},\"image\":{\"@id\":\"https:\/\/total-sport.fr\/index.php\/2020\/08\/20\/foot-crg-le-phare-et-dynamo-rejoignent-le-csm-et-la-redstar-dans-le-carre-final\/#primaryimage\"},\"thumbnailUrl\":\"https:\/\/i0.wp.com\/total-sport.fr\/wp-content\/uploads\/20200820_002155.jpg?fit=579%2C346&ssl=1\",\"datePublished\":\"2020-08-20T04:48:32+00:00\",\"dateModified\":\"2020-08-20T05:06:47+00:00\",\"author\":{\"@id\":\"https:\/\/total-sport.fr\/#\/schema\/person\/f9f5599f372b747441cd5d912824aba4\"},\"breadcrumb\":{\"@id\":\"https:\/\/total-sport.fr\/index.php\/2020\/08\/20\/foot-crg-le-phare-et-dynamo-rejoignent-le-csm-et-la-redstar-dans-le-carre-final\/#breadcrumb\"},\"inLanguage\":\"fr-FR\",\"potentialAction\":[{\"@type\":\"ReadAction\",\"target\":[\"https:\/\/total-sport.fr\/index.php\/2020\/08\/20\/foot-crg-le-phare-et-dynamo-rejoignent-le-csm-et-la-redstar-dans-le-carre-final\/\"]}]},{\"@type\":\"ImageObject\",\"inLanguage\":\"fr-FR\",\"@id\":\"https:\/\/total-sport.fr\/index.php\/2020\/08\/20\/foot-crg-le-phare-et-dynamo-rejoignent-le-csm-et-la-redstar-dans-le-carre-final\/#primaryimage\",\"url\":\"https:\/\/i0.wp.com\/total-sport.fr\/wp-content\/uploads\/20200820_002155.jpg?fit=579%2C346&ssl=1\",\"contentUrl\":\"https:\/\/i0.wp.com\/total-sport.fr\/wp-content\/uploads\/20200820_002155.jpg?fit=579%2C346&ssl=1\",\"width\":579,\"height\":346},{\"@type\":\"BreadcrumbList\",\"@id\":\"https:\/\/total-sport.fr\/index.php\/2020\/08\/20\/foot-crg-le-phare-et-dynamo-rejoignent-le-csm-et-la-redstar-dans-le-carre-final\/#breadcrumb\",\"itemListElement\":[{\"@type\":\"ListItem\",\"position\":1,\"name\":\"Accueil\",\"item\":\"https:\/\/total-sport.fr\/\"},{\"@type\":\"ListItem\",\"position\":2,\"name\":\"Foot-CRG: Le PHARE et DYNAMO rejoignent le CSM et la REDSTAR dans le carr\u00e9 final.\"}]},{\"@type\":\"WebSite\",\"@id\":\"https:\/\/total-sport.fr\/#website\",\"url\":\"https:\/\/total-sport.fr\/\",\"name\":\"Total Sports International (TSI)\",\"description\":\"vous informer est notre priorit\u00e9, 7 jours sur 7 avec toujours le m\u00eame professionnalisme\",\"potentialAction\":[{\"@type\":\"SearchAction\",\"target\":{\"@type\":\"EntryPoint\",\"urlTemplate\":\"https:\/\/total-sport.fr\/?s={search_term_string}\"},\"query-input\":{\"@type\":\"PropertyValueSpecification\",\"valueRequired\":true,\"valueName\":\"search_term_string\"}}],\"inLanguage\":\"fr-FR\"},{\"@type\":\"Person\",\"@id\":\"https:\/\/total-sport.fr\/#\/schema\/person\/f9f5599f372b747441cd5d912824aba4\",\"name\":\"Joly JEROME\",\"image\":{\"@type\":\"ImageObject\",\"inLanguage\":\"fr-FR\",\"@id\":\"https:\/\/total-sport.fr\/#\/schema\/person\/image\/\",\"url\":\"https:\/\/secure.gravatar.com\/avatar\/33e98ca4065ab233074302dee778104df3e61a0f91ceba3d746e7e40dbe11f0d?s=96&d=mm&r=g\",\"contentUrl\":\"https:\/\/secure.gravatar.com\/avatar\/33e98ca4065ab233074302dee778104df3e61a0f91ceba3d746e7e40dbe11f0d?s=96&d=mm&r=g\",\"caption\":\"Joly JEROME\"},\"description\":\"Je suis Joly JEROME, passionn\u00e9 de la lecture et du Sport notamment le Football. Je suis Journaliste ind\u00e9pendant fougueux, s\u00e9rieux mettant ma plume \u00e0 votre service pour vous informer avec la v\u00e9rit\u00e9 comme boussole. Jolyjerome989@gmail.com \/0690 93 65 88\",\"sameAs\":[\"https:\/\/total-sport.fr\",\"https:\/\/www.facebook.com\/joly.jerometotalsport\",\"Joly_JJCA\",\"Total Sport ts\",\"https:\/\/x.com\/Total Sport TS\"],\"url\":\"https:\/\/total-sport.fr\/index.php\/author\/jolyjerome\/\"}]}<\/script>\n<!-- \/ Yoast SEO plugin. -->","yoast_head_json":{"title":"Foot-CRG: Le PHARE et DYNAMO rejoignent le CSM et la REDSTAR dans le carr\u00e9 final. - Total Sports International (TSI)","robots":{"index":"index","follow":"follow","max-snippet":"max-snippet:-1","max-image-preview":"max-image-preview:large","max-video-preview":"max-video-preview:-1"},"canonical":"https:\/\/total-sport.fr\/index.php\/2020\/08\/20\/foot-crg-le-phare-et-dynamo-rejoignent-le-csm-et-la-redstar-dans-le-carre-final\/","og_locale":"fr_FR","og_type":"article","og_title":"Foot-CRG: Le PHARE et DYNAMO rejoignent le CSM et la REDSTAR dans le carr\u00e9 final. - Total Sports International (TSI)","og_description":"On conna\u00eet d\u00e9sormais l&rsquo;identit\u00e9 des quatre \u00e9quipes qui vont se battre dans le carr\u00e9 final de la coupe r\u00e9gion Guadeloupe. Le DYNAMO du Moule a [...]","og_url":"https:\/\/total-sport.fr\/index.php\/2020\/08\/20\/foot-crg-le-phare-et-dynamo-rejoignent-le-csm-et-la-redstar-dans-le-carre-final\/","og_site_name":"Total Sports International (TSI)","article_author":"https:\/\/www.facebook.com\/joly.jerometotalsport","article_published_time":"2020-08-20T04:48:32+00:00","article_modified_time":"2020-08-20T05:06:47+00:00","og_image":[{"width":579,"height":346,"url":"https:\/\/i0.wp.com\/total-sport.fr\/wp-content\/uploads\/20200820_002155.jpg?fit=579%2C346&ssl=1","type":"image\/jpeg"}],"author":"Joly JEROME","twitter_card":"summary_large_image","twitter_creator":"@Total Sport TS","twitter_misc":{"\u00c9crit par":"Joly JEROME","Dur\u00e9e de lecture estim\u00e9e":"2 minutes"},"schema":{"@context":"https:\/\/schema.org","@graph":[{"@type":"WebPage","@id":"https:\/\/total-sport.fr\/index.php\/2020\/08\/20\/foot-crg-le-phare-et-dynamo-rejoignent-le-csm-et-la-redstar-dans-le-carre-final\/","url":"https:\/\/total-sport.fr\/index.php\/2020\/08\/20\/foot-crg-le-phare-et-dynamo-rejoignent-le-csm-et-la-redstar-dans-le-carre-final\/","name":"Foot-CRG: Le PHARE et DYNAMO rejoignent le CSM et la REDSTAR dans le carr\u00e9 final. - Total Sports International (TSI)","isPartOf":{"@id":"https:\/\/total-sport.fr\/#website"},"primaryImageOfPage":{"@id":"https:\/\/total-sport.fr\/index.php\/2020\/08\/20\/foot-crg-le-phare-et-dynamo-rejoignent-le-csm-et-la-redstar-dans-le-carre-final\/#primaryimage"},"image":{"@id":"https:\/\/total-sport.fr\/index.php\/2020\/08\/20\/foot-crg-le-phare-et-dynamo-rejoignent-le-csm-et-la-redstar-dans-le-carre-final\/#primaryimage"},"thumbnailUrl":"https:\/\/i0.wp.com\/total-sport.fr\/wp-content\/uploads\/20200820_002155.jpg?fit=579%2C346&ssl=1","datePublished":"2020-08-20T04:48:32+00:00","dateModified":"2020-08-20T05:06:47+00:00","author":{"@id":"https:\/\/total-sport.fr\/#\/schema\/person\/f9f5599f372b747441cd5d912824aba4"},"breadcrumb":{"@id":"https:\/\/total-sport.fr\/index.php\/2020\/08\/20\/foot-crg-le-phare-et-dynamo-rejoignent-le-csm-et-la-redstar-dans-le-carre-final\/#breadcrumb"},"inLanguage":"fr-FR","potentialAction":[{"@type":"ReadAction","target":["https:\/\/total-sport.fr\/index.php\/2020\/08\/20\/foot-crg-le-phare-et-dynamo-rejoignent-le-csm-et-la-redstar-dans-le-carre-final\/"]}]},{"@type":"ImageObject","inLanguage":"fr-FR","@id":"https:\/\/total-sport.fr\/index.php\/2020\/08\/20\/foot-crg-le-phare-et-dynamo-rejoignent-le-csm-et-la-redstar-dans-le-carre-final\/#primaryimage","url":"https:\/\/i0.wp.com\/total-sport.fr\/wp-content\/uploads\/20200820_002155.jpg?fit=579%2C346&ssl=1","contentUrl":"https:\/\/i0.wp.com\/total-sport.fr\/wp-content\/uploads\/20200820_002155.jpg?fit=579%2C346&ssl=1","width":579,"height":346},{"@type":"BreadcrumbList","@id":"https:\/\/total-sport.fr\/index.php\/2020\/08\/20\/foot-crg-le-phare-et-dynamo-rejoignent-le-csm-et-la-redstar-dans-le-carre-final\/#breadcrumb","itemListElement":[{"@type":"ListItem","position":1,"name":"Accueil","item":"https:\/\/total-sport.fr\/"},{"@type":"ListItem","position":2,"name":"Foot-CRG: Le PHARE et DYNAMO rejoignent le CSM et la REDSTAR dans le carr\u00e9 final."}]},{"@type":"WebSite","@id":"https:\/\/total-sport.fr\/#website","url":"https:\/\/total-sport.fr\/","name":"Total Sports International (TSI)","description":"vous informer est notre priorit\u00e9, 7 jours sur 7 avec toujours le m\u00eame professionnalisme","potentialAction":[{"@type":"SearchAction","target":{"@type":"EntryPoint","urlTemplate":"https:\/\/total-sport.fr\/?s={search_term_string}"},"query-input":{"@type":"PropertyValueSpecification","valueRequired":true,"valueName":"search_term_string"}}],"inLanguage":"fr-FR"},{"@type":"Person","@id":"https:\/\/total-sport.fr\/#\/schema\/person\/f9f5599f372b747441cd5d912824aba4","name":"Joly JEROME","image":{"@type":"ImageObject","inLanguage":"fr-FR","@id":"https:\/\/total-sport.fr\/#\/schema\/person\/image\/","url":"https:\/\/secure.gravatar.com\/avatar\/33e98ca4065ab233074302dee778104df3e61a0f91ceba3d746e7e40dbe11f0d?s=96&d=mm&r=g","contentUrl":"https:\/\/secure.gravatar.com\/avatar\/33e98ca4065ab233074302dee778104df3e61a0f91ceba3d746e7e40dbe11f0d?s=96&d=mm&r=g","caption":"Joly JEROME"},"description":"Je suis Joly JEROME, passionn\u00e9 de la lecture et du Sport notamment le Football. Je suis Journaliste ind\u00e9pendant fougueux, s\u00e9rieux mettant ma plume \u00e0 votre service pour vous informer avec la v\u00e9rit\u00e9 comme boussole. Jolyjerome989@gmail.com \/0690 93 65 88","sameAs":["https:\/\/total-sport.fr","https:\/\/www.facebook.com\/joly.jerometotalsport","Joly_JJCA","Total Sport ts","https:\/\/x.com\/Total Sport TS"],"url":"https:\/\/total-sport.fr\/index.php\/author\/jolyjerome\/"}]}},"jetpack_publicize_connections":[],"jetpack_featured_media_url":"https:\/\/i0.wp.com\/total-sport.fr\/wp-content\/uploads\/20200820_002155.jpg?fit=579%2C346&ssl=1","jetpack_sharing_enabled":true,"jetpack_shortlink":"https:\/\/wp.me\/paF0J8-PR","jetpack-related-posts":[{"id":3238,"url":"https:\/\/total-sport.fr\/index.php\/2020\/08\/26\/foot-crg-un-bon-elbert-anatol-hisse-le-csm-en-finale-contre-le-phare\/","url_meta":{"origin":3215,"position":0},"title":"Foot-CRG : Un bon Elbert ANATOL hisse le CSM en finale contre le PHARE","author":"Joly JEROME","date":"26 ao\u00fbt 2020","format":false,"excerpt":"Le Club Sportif Moulien et le PHARE de Petit-Canal se donnent rendez-vous en finale de la coupe r\u00e9gion Guadeloupe. Victorieux 3-0 et 2-1 respectivement contre la REDSTAR et le DYNAMO, le CSM et le PHARE vont croiser le fer samedi aux Abymes avec l'objectif de remporter le Graal et empocher\u2026","rel":"","context":"Dans &quot;coupe R\u00e9gion Guadeloupe&quot;","block_context":{"text":"coupe R\u00e9gion Guadeloupe","link":"https:\/\/total-sport.fr\/index.php\/category\/coupes\/coupe-region-guadeloupe\/"},"img":{"alt_text":"","src":"https:\/\/i0.wp.com\/total-sport.fr\/wp-content\/uploads\/20200826_002024.jpg?fit=931%2C607&ssl=1&resize=350%2C200","width":350,"height":200,"srcset":"https:\/\/i0.wp.com\/total-sport.fr\/wp-content\/uploads\/20200826_002024.jpg?fit=931%2C607&ssl=1&resize=350%2C200 1x, https:\/\/i0.wp.com\/total-sport.fr\/wp-content\/uploads\/20200826_002024.jpg?fit=931%2C607&ssl=1&resize=525%2C300 1.5x, https:\/\/i0.wp.com\/total-sport.fr\/wp-content\/uploads\/20200826_002024.jpg?fit=931%2C607&ssl=1&resize=700%2C400 2x"},"classes":[]},{"id":3189,"url":"https:\/\/total-sport.fr\/index.php\/2020\/08\/13\/foot-crg-5-mois-apres-le-foot-reprend-ses-droits-avec-les-1-4-de-finales-de-la-crg\/","url_meta":{"origin":3215,"position":1},"title":"Foot-CRG: 5 mois apr\u00e8s, le foot reprend ses droits avec les 1\/4 de finales de la CRG","author":"Joly JEROME","date":"13 ao\u00fbt 2020","format":false,"excerpt":"Le football reprend ses droits officiellement en Guadeloupe, apr\u00e8s plusieurs mois d'arr\u00eat d\u00fb au COVID-19. Le c\u0153ur des mordus du ballon rond va battre au rythme de la coupe r\u00e9gion Guadeloupe avec plusieurs matchs. D\u00e8s vendredi, Olympique SC va tra\u00eener ses bottes sur la pelouse du Dynamo FC. Alors que\u2026","rel":"","context":"Dans &quot;coupe R\u00e9gion Guadeloupe&quot;","block_context":{"text":"coupe R\u00e9gion Guadeloupe","link":"https:\/\/total-sport.fr\/index.php\/category\/coupes\/coupe-region-guadeloupe\/"},"img":{"alt_text":"","src":"https:\/\/i0.wp.com\/total-sport.fr\/wp-content\/uploads\/HVP_6625.jpeg?fit=800%2C534&ssl=1&resize=350%2C200","width":350,"height":200,"srcset":"https:\/\/i0.wp.com\/total-sport.fr\/wp-content\/uploads\/HVP_6625.jpeg?fit=800%2C534&ssl=1&resize=350%2C200 1x, https:\/\/i0.wp.com\/total-sport.fr\/wp-content\/uploads\/HVP_6625.jpeg?fit=800%2C534&ssl=1&resize=525%2C300 1.5x, https:\/\/i0.wp.com\/total-sport.fr\/wp-content\/uploads\/HVP_6625.jpeg?fit=800%2C534&ssl=1&resize=700%2C400 2x"},"classes":[]},{"id":3251,"url":"https:\/\/total-sport.fr\/index.php\/2020\/08\/28\/foot-crg-lultime-choc-pour-remporter-le-graal-et-les-3000-euros\/","url_meta":{"origin":3215,"position":2},"title":"Foot-CRG : L&rsquo;Ultime choc pour remporter le Graal et les 2000 Euros.","author":"Joly JEROME","date":"28 ao\u00fbt 2020","format":false,"excerpt":"Le Club Sportif Moulien et le PHARE de Petit-Canal s'affrontent ce samedi 20h dans un dernier duel pour le titre de la coupe R\u00e9gion Guadeloupe. Apr\u00e8s avoir ma\u00eetris\u00e9 la REDSTAR 3-0 en demi-finale, les Mouliens vont d\u00e9fier le PHARE tombeur de AS DYNAMO 2-1. Des joueurs du PHARE Le stade\u2026","rel":"","context":"Dans &quot;coupe R\u00e9gion Guadeloupe&quot;","block_context":{"text":"coupe R\u00e9gion Guadeloupe","link":"https:\/\/total-sport.fr\/index.php\/category\/coupes\/coupe-region-guadeloupe\/"},"img":{"alt_text":"","src":"https:\/\/i0.wp.com\/total-sport.fr\/wp-content\/uploads\/FB_IMG_1598664170404-1.jpg?fit=1079%2C720&ssl=1&resize=350%2C200","width":350,"height":200,"srcset":"https:\/\/i0.wp.com\/total-sport.fr\/wp-content\/uploads\/FB_IMG_1598664170404-1.jpg?fit=1079%2C720&ssl=1&resize=350%2C200 1x, https:\/\/i0.wp.com\/total-sport.fr\/wp-content\/uploads\/FB_IMG_1598664170404-1.jpg?fit=1079%2C720&ssl=1&resize=525%2C300 1.5x, https:\/\/i0.wp.com\/total-sport.fr\/wp-content\/uploads\/FB_IMG_1598664170404-1.jpg?fit=1079%2C720&ssl=1&resize=700%2C400 2x, https:\/\/i0.wp.com\/total-sport.fr\/wp-content\/uploads\/FB_IMG_1598664170404-1.jpg?fit=1079%2C720&ssl=1&resize=1050%2C600 3x"},"classes":[]},{"id":2160,"url":"https:\/\/total-sport.fr\/index.php\/2020\/01\/16\/foot-crg-16es-de-finale-phare-jefc-ss-arsenal-deux-parmi-les-affiches-vedettes-de-la-crg\/","url_meta":{"origin":3215,"position":3},"title":"Foot-CRG-16es de finale: Phare-JEFC, SS -Arsenal deux parmi les affiches vedettes de la CRG.","author":"Joly JEROME","date":"16 janvier 2020","format":false,"excerpt":"Hormis un (1) match de la R1 ( Amical vs Racing 19\/01), ce weekend tout le monde est au rythme des 16\u00e8mes de finale de la coupe R\u00e9gion Guadeloupe avec plus qu'une dizaine de rencontres \u00e0 l'affiche. Le PHARE de Petit-Canal sera dans son temple sacr\u00e9 pour livrer une bataille\u2026","rel":"","context":"Dans &quot;coupe R\u00e9gion Guadeloupe&quot;","block_context":{"text":"coupe R\u00e9gion Guadeloupe","link":"https:\/\/total-sport.fr\/index.php\/category\/coupes\/coupe-region-guadeloupe\/"},"img":{"alt_text":"","src":"https:\/\/i0.wp.com\/total-sport.fr\/wp-content\/uploads\/20200115_082814-2.jpg?fit=1080%2C705&ssl=1&resize=350%2C200","width":350,"height":200,"srcset":"https:\/\/i0.wp.com\/total-sport.fr\/wp-content\/uploads\/20200115_082814-2.jpg?fit=1080%2C705&ssl=1&resize=350%2C200 1x, https:\/\/i0.wp.com\/total-sport.fr\/wp-content\/uploads\/20200115_082814-2.jpg?fit=1080%2C705&ssl=1&resize=525%2C300 1.5x, https:\/\/i0.wp.com\/total-sport.fr\/wp-content\/uploads\/20200115_082814-2.jpg?fit=1080%2C705&ssl=1&resize=700%2C400 2x, https:\/\/i0.wp.com\/total-sport.fr\/wp-content\/uploads\/20200115_082814-2.jpg?fit=1080%2C705&ssl=1&resize=1050%2C600 3x"},"classes":[]},{"id":3272,"url":"https:\/\/total-sport.fr\/index.php\/2020\/08\/30\/foot-crg-a-10-contre-11-le-csm-soffre-la-decima-contre-le-phare\/","url_meta":{"origin":3215,"position":4},"title":"Foot-CRG: \u00c0 10 contre 11, Le CSM s&rsquo;offre la DECIMA contre le PHARE.","author":"Joly JEROME","date":"30 ao\u00fbt 2020","format":false,"excerpt":"R\u00e9duit \u00e0 contre 11 depuis la 5\u00e8me minute de jeu, suite \u00e0 l'expulsion de Elbert ANATOL; le Club Sportif Moulien a remport\u00e9 son 10\u00e8me titre de la coupe R\u00e9gion Guadeloupe en battant le PHARE 2-1 aux Abymes. Le Club Sportif Moulien reste le seul ma\u00eetre de cette coupe r\u00e9gion Guadeloupe.\u2026","rel":"","context":"Dans &quot;coupe R\u00e9gion Guadeloupe&quot;","block_context":{"text":"coupe R\u00e9gion Guadeloupe","link":"https:\/\/total-sport.fr\/index.php\/category\/coupes\/coupe-region-guadeloupe\/"},"img":{"alt_text":"","src":"https:\/\/i0.wp.com\/total-sport.fr\/wp-content\/uploads\/Screenshot_20200829-234030_WhatsApp.jpg?fit=1079%2C758&ssl=1&resize=350%2C200","width":350,"height":200,"srcset":"https:\/\/i0.wp.com\/total-sport.fr\/wp-content\/uploads\/Screenshot_20200829-234030_WhatsApp.jpg?fit=1079%2C758&ssl=1&resize=350%2C200 1x, https:\/\/i0.wp.com\/total-sport.fr\/wp-content\/uploads\/Screenshot_20200829-234030_WhatsApp.jpg?fit=1079%2C758&ssl=1&resize=525%2C300 1.5x, https:\/\/i0.wp.com\/total-sport.fr\/wp-content\/uploads\/Screenshot_20200829-234030_WhatsApp.jpg?fit=1079%2C758&ssl=1&resize=700%2C400 2x, https:\/\/i0.wp.com\/total-sport.fr\/wp-content\/uploads\/Screenshot_20200829-234030_WhatsApp.jpg?fit=1079%2C758&ssl=1&resize=1050%2C600 3x"},"classes":[]},{"id":3203,"url":"https:\/\/total-sport.fr\/index.php\/2020\/08\/19\/foot-crg-le-csm-et-la-redstar-sont-en-demi-finales\/","url_meta":{"origin":3215,"position":5},"title":"Foot-CRG: Le CSM et la REDSTAR sont en demi-finales","author":"Joly JEROME","date":"19 ao\u00fbt 2020","format":false,"excerpt":"Le Club Sportif Moulien et La REDSTAR se sont les deux premiers qualifi\u00e9s pour les demi-finales de la coupe R\u00e9gion Guadeloupe. En gagnant respectivement 3-0 contre JSVH et 4-2 contre La Solidarit\u00e9 Scolaire, les impossibles Moulien et la REDSTAR ont valid\u00e9 leur billet pour les demi-finales de la coupe R\u00e9gion\u2026","rel":"","context":"Dans &quot;coupe R\u00e9gion Guadeloupe&quot;","block_context":{"text":"coupe R\u00e9gion Guadeloupe","link":"https:\/\/total-sport.fr\/index.php\/category\/coupes\/coupe-region-guadeloupe\/"},"img":{"alt_text":"","src":"https:\/\/i0.wp.com\/total-sport.fr\/wp-content\/uploads\/20200819_002856.jpg?fit=1134%2C699&ssl=1&resize=350%2C200","width":350,"height":200,"srcset":"https:\/\/i0.wp.com\/total-sport.fr\/wp-content\/uploads\/20200819_002856.jpg?fit=1134%2C699&ssl=1&resize=350%2C200 1x, https:\/\/i0.wp.com\/total-sport.fr\/wp-content\/uploads\/20200819_002856.jpg?fit=1134%2C699&ssl=1&resize=525%2C300 1.5x, https:\/\/i0.wp.com\/total-sport.fr\/wp-content\/uploads\/20200819_002856.jpg?fit=1134%2C699&ssl=1&resize=700%2C400 2x, https:\/\/i0.wp.com\/total-sport.fr\/wp-content\/uploads\/20200819_002856.jpg?fit=1134%2C699&ssl=1&resize=1050%2C600 3x"},"classes":[]}],"jetpack_likes_enabled":true,"_links":{"self":[{"href":"https:\/\/total-sport.fr\/index.php\/wp-json\/wp\/v2\/posts\/3215","targetHints":{"allow":["GET"]}}],"collection":[{"href":"https:\/\/total-sport.fr\/index.php\/wp-json\/wp\/v2\/posts"}],"about":[{"href":"https:\/\/total-sport.fr\/index.php\/wp-json\/wp\/v2\/types\/post"}],"author":[{"embeddable":true,"href":"https:\/\/total-sport.fr\/index.php\/wp-json\/wp\/v2\/users\/2"}],"replies":[{"embeddable":true,"href":"https:\/\/total-sport.fr\/index.php\/wp-json\/wp\/v2\/comments?post=3215"}],"version-history":[{"count":6,"href":"https:\/\/total-sport.fr\/index.php\/wp-json\/wp\/v2\/posts\/3215\/revisions"}],"predecessor-version":[{"id":3223,"href":"https:\/\/total-sport.fr\/index.php\/wp-json\/wp\/v2\/posts\/3215\/revisions\/3223"}],"wp:featuredmedia":[{"embeddable":true,"href":"https:\/\/total-sport.fr\/index.php\/wp-json\/wp\/v2\/media\/3217"}],"wp:attachment":[{"href":"https:\/\/total-sport.fr\/index.php\/wp-json\/wp\/v2\/media?parent=3215"}],"wp:term":[{"taxonomy":"category","embeddable":true,"href":"https:\/\/total-sport.fr\/index.php\/wp-json\/wp\/v2\/categories?post=3215"},{"taxonomy":"post_tag","embeddable":true,"href":"https:\/\/total-sport.fr\/index.php\/wp-json\/wp\/v2\/tags?post=3215"}],"curies":[{"name":"wp","href":"https:\/\/api.w.org\/{rel}","templated":true}]}}