{"id":3130,"date":"2020-08-02T16:59:42","date_gmt":"2020-08-02T20:59:42","guid":{"rendered":"http:\/\/total-sport.fr\/?p=3130"},"modified":"2020-08-02T16:59:44","modified_gmt":"2020-08-02T20:59:44","slug":"foo-mercato-le-recapitulatif-du-marche-des-transferts-en-r1","status":"publish","type":"post","link":"https:\/\/total-sport.fr\/index.php\/2020\/08\/02\/foo-mercato-le-recapitulatif-du-marche-des-transferts-en-r1\/","title":{"rendered":"Foo-Mercato: Le r\u00e9capitulatif du march\u00e9 des transferts en R1."},"content":{"rendered":"\n<p><strong>La p\u00e9riode normale des mutations a pris fin le 15 juillet dernier. Un Mercato tr\u00e8s mouvement\u00e9 o\u00f9 tous les clubs se sont renforc\u00e9s pour l&rsquo;exercice 2020-2021, qui s&rsquo;annonce d&rsquo;ores et d\u00e9j\u00e0 tr\u00e8s compliqu\u00e9e. Apr\u00e8s avoir rendu public la composition des poules pour la nouvelle saison, \u00e0 l&rsquo;issue de l&rsquo;assembl\u00e9e g\u00e9n\u00e9rale de  LGF organis\u00e9e ce dimanche matin. T<em>otal Sport<\/em> vous pr\u00e9sente un tableau quasi exhaustif du Mercato de la R\u00e9gionale 1 de la Guadeloupe.<\/strong><\/p>\n\n\n\n\n<table id=\"tablepress-12\" class=\"tablepress tablepress-id-12\">\n<thead>\n<tr class=\"row-1 odd\">\n\t<th class=\"column-1\">Clubs <br \/>\n<br \/>\n  <br \/>\nUSBM<br \/>\n<br \/>\n   Thierry Antonin<br \/>\n ( Entra\u00eeneur)<br \/>\n<\/th><th class=\"column-2\">D\u00e9parts<br \/>\n<br \/>\n<br \/>\nRaphael Mirval (SS)<br \/>\nPanou Emrick (Stade lam)<br \/>\nJudikael Douglas (Stade Lam)<br \/>\nMendy Chandru (Stade Lam)<br \/>\nAyann Citadelle (Arsenal)<br \/>\nLohan Coquet (Racing)<br \/>\nJean bitho Gerome (USCB)<\/th><th class=\"column-3\">Arriv\u00e9es<br \/>\n<br \/>\n<br \/>\nYouri Bonchamp (Al\u00e9s Olympique, N3)<br \/>\nDaniel Gaboton (UNAR)<br \/>\nMirtil Guillaume (GAULOISE)<br \/>\nNeils Rouyard (Eclair)<br \/>\nSapor Brice ( JTR)<br \/>\nBapaume Sylvain (Emmulation)<br \/>\n Loza Nathanael (CSM)<\/th>\n<\/tr>\n<\/thead>\n<tbody class=\"row-hover\">\n<tr class=\"row-2 even\">\n\t<td class=\"column-1\">PHARE<br \/>\n<br \/>\nSt\u00e9phane Xavir (Entra\u00eeneur)<\/td><td class=\"column-2\">Glenson Prince <br \/>\nSam\u00e9 Nicolas (Juventus)<\/td><td class=\"column-3\">Lucas Antoinette (UNAR)<br \/>\nRomuald Chipan (UNAR)<br \/>\nVidian  Valerius (Gauloise)<br \/>\nLeguier Willy (Racing club France)<br \/>\nRoussas Kevin (CSM)<br \/>\nMilon Malik (Olympique)<\/td>\n<\/tr>\n<tr class=\"row-3 odd\">\n\t<td class=\"column-1\">CLUB SPORT<br \/>\n<br \/>\nErick Platon (Entraineur)<\/td><td class=\"column-2\">Ruscasde Willem (Dynamo)<br \/>\nRosele Yannis<br \/>\nGailan GAETAN<\/td><td class=\"column-3\">Romain Jordan (FCSF)<br \/>\nSolignac Stephane (FCSF)<br \/>\nManicord Pierre Damien ( FCSF)<br \/>\nMastakan Bryan (CSM)<\/td>\n<\/tr>\n<tr class=\"row-4 even\">\n\t<td class=\"column-1\">JSVH<br \/>\n<br \/>\nDominick Mocka<br \/>\n(Entraineur)<\/td><td class=\"column-2\">Labylle Likendy (Racing)<\/td><td class=\"column-3\">Deher Lorys ( JTR)<br \/>\nJustand M\u00e9d\u00e9rick (JTR)<br \/>\nNeil Roche (GAULOISE)<br \/>\nFr\u00e9d\u00e9rick Trieste (CSB)<br \/>\nGiovanni Lacroix (France)<\/td>\n<\/tr>\n<tr class=\"row-5 odd\">\n\t<td class=\"column-1\">AMICAL<br \/>\n<br \/>\nJean Paul Langrai<br \/>\n( Entra\u00eeneur) <\/td><td class=\"column-2\">Thomas Nancy (USR)<\/td><td class=\"column-3\">Rayann Azede (JSA)<br \/>\nWiner Belfort (JEFC)<br \/>\nJ-Hugues Bonny (USGB)<br \/>\nFrantz Cadrot (USGB)<br \/>\nJosua Davigny (Savigny le Temple FC)<br \/>\nMathias Edvard (SLAC)<br \/>\nJonathan Honor\u00e9 (USGB)<br \/>\nS\u00e9bastien Manujean (JSA)<br \/>\nYannick Navis (SLAC)<br \/>\nSt\u00e9vy Valentin (UNAR)<\/td>\n<\/tr>\n<tr class=\"row-6 even\">\n\t<td class=\"column-1\">AS GOSIER<br \/>\n<br \/>\nPascal Silvestre (Entraineur)<\/td><td class=\"column-2\">Yaron Atlan (SS)<br \/>\nMeddy Merion (CSM)<br \/>\nChristopher Kancel (SS)<br \/>\n<\/td><td class=\"column-3\">Ricardo Philibert (USR)<br \/>\nJosu\u00e9 Alexis ( USR)<br \/>\nJean Renaud Jean Fran\u00e7ois ( USR)<br \/>\nLudovic Z\u00e9lateur (Villamarxt Vallence D4 Espagne)<br \/>\nDimitri Edouard (Arsenal)<br \/>\n<\/td>\n<\/tr>\n<tr class=\"row-7 odd\">\n\t<td class=\"column-1\">STADE LAMENTINOIS<br \/>\n<br \/>\nThierry Mocka ( Entra\u00eeneur)<\/td><td class=\"column-2\">C\u00e9saire Adrien (SS)<\/td><td class=\"column-3\">Ritchy Delar (UNAR)<br \/>\nRoberto Berald (USR)<br \/>\nLouis Briffault (USG)<br \/>\nDaryl Navis (Arsenal)<br \/>\nJudikael Douglas (USBM)<br \/>\nMendy Chadru (USBM)<br \/>\nPanou Emrick (USBM)<br \/>\nDerrick Digan (Cactus)<br \/>\nJoel Virat (ARSENAL)<br \/>\n<\/td>\n<\/tr>\n<tr class=\"row-8 even\">\n\t<td class=\"column-1\">RACING CLUB<br \/>\n<br \/>\nDambury Xavier (Entra\u00eeneur)<br \/>\n<\/td><td class=\"column-2\">Olivary Diego<\/td><td class=\"column-3\">Labylle Likendy (JSVH)<br \/>\nSol\u00e9 Kendrick (SCFC)<br \/>\nMagnus Clairy (CSB)<br \/>\nCabarrus Jean-Christophe ( CSB)<br \/>\nLohan Coquet (USBM)<br \/>\nDylan Vespasien (UNAR)<br \/>\nCajazzo Josh (Libre)<\/td>\n<\/tr>\n<tr class=\"row-9 odd\">\n\t<td class=\"column-1\">JEFC<br \/>\n<br \/>\nMichael Germain Entraineur)<\/td><td class=\"column-2\">Winer Belfort (Amical)<br \/>\nCoco L\u00e9vy<\/td><td class=\"column-3\">k\u00e9vin Moeson (SS)<br \/>\nGerbier Rimsky (UNAR)<br \/>\nGiovanni Ferjule (Juventus)<br \/>\nAllan Cyril (JSA)<br \/>\nC\u00e9saire Cyril (SS)<br \/>\nMayoute Ronel (Libre)<\/td>\n<\/tr>\n<tr class=\"row-10 even\">\n\t<td class=\"column-1\">GAULOISE<br \/>\n<br \/>\nJean Yves Vadimon (Entra\u00eeneur)<\/td><td class=\"column-2\">Vidian Val\u00e9rius (PHARE)<br \/>\nNeil Roche (JSVH)<br \/>\nMirtil Guillaume (USBM)<\/td><td class=\"column-3\">Angely Dimitri (Libre)<br \/>\n Kenny Fortun\u00e9 (USG)<br \/>\nMerie Julie Tevin (Libre)<\/td>\n<\/tr>\n<tr class=\"row-11 odd\">\n\t<td class=\"column-1\">USR<br \/>\n<br \/>\nnon communiqu\u00e9 (Entra\u00eeneur)<\/td><td class=\"column-2\">Dimitri Fautrai (CSM)<br \/>\nRoberto Berald (Stade Lam)<br \/>\nRicardo Philibert (AS Gosier)<br \/>\nJosu\u00e9 Alexis (AS Gosier)<br \/>\nJean Renaud Jean Fran\u00e7ois (AS Gosier)<\/td><td class=\"column-3\">Thomas Nancy (AMICAL)<br \/>\nLionel Coq (SPORTING)<br \/>\nDylan Brevot (Libre)<br \/>\nClaudi Lami (UNAR)<br \/>\nFabien Sommeil (UNAR)<br \/>\nSandinho Saint Jean (ASM,D1 HAITI)<br \/>\nJunior Bertrand Vilgrain (ASC,D1 HAITI)<br \/>\nMakentoche F\u00e9d\u00e9 (ASM,D1 HAITI)<\/td>\n<\/tr>\n<tr class=\"row-12 even\">\n\t<td class=\"column-1\">ARSENAL<br \/>\n<br \/>\nRudy Chalcou (Entraineur)<\/td><td class=\"column-2\">Daryl Navis ( Stade Lam)<br \/>\nJ\u00e9r\u00e9my Dyverande ( USCB)<br \/>\nAlexis Quinol (Eclair)<br \/>\nDimitri Edouard (AS Gosier)<br \/>\nLouise Karel (Juventus)<br \/>\n<\/td><td class=\"column-3\">Segor Laury ( JSA)<br \/>\nAyann Citadelle (USBM)<br \/>\nYoan Copol (UNAR)<br \/>\nJohn Wodney Paris (Eclair)<\/td>\n<\/tr>\n<tr class=\"row-13 odd\">\n\t<td class=\"column-1\">SOLIDARITE SCOLAIRE<br \/>\n<br \/>\nJacques Delos (Entra\u00eeneur)<\/td><td class=\"column-2\">Kevin Moeson (JEFC)<br \/>\nC\u00e9saire Cyril (JEFC)<\/td><td class=\"column-3\">Raphael Mirval (USBM)<br \/>\nYaron Atlan (AS Gosier)<br \/>\nChristopher Kancel ( AS Gosier)<br \/>\nJean Bichara (RedStar 93)<br \/>\nPhilippe Sylvain (Libre)<br \/>\nTh\u00e9o Nestor (Colonial Braves)<br \/>\nMarvin R\u00e9gulier (CAM)<br \/>\nAdrien C\u00e9saire (Stade Lam)<br \/>\nYann Aubatin (Ol Saint-Claudien)<\/td>\n<\/tr>\n<tr class=\"row-14 even\">\n\t<td class=\"column-1\">REDSTAR<br \/>\n<br \/>\nEddy Raboteur (Entraineur)<\/td><td class=\"column-2\">Alex B\u00e9de<br \/>\nYoan Bezeri<\/td><td class=\"column-3\">Ulrich Luberon<br \/>\nDavid Minuci<br \/>\nAdrien Ribac<\/td>\n<\/tr>\n<tr class=\"row-15 odd\">\n\t<td class=\"column-1\">JUVENTUS<br \/>\n<br \/>\nWilly Saha (Entra\u00eeneur)<\/td><td class=\"column-2\">Didon Lorenzo (Cerfa FC)<br \/>\nGiovanni Ferjule (JEFC)<\/td><td class=\"column-3\">Baltus Armand ( Madiana)<br \/>\nBausivoir Gael (Madiana)<br \/>\nLouise Karel (Arsenal)<br \/>\nGob Josu\u00e9 ( Cactus)<br \/>\nZingil\u00e9 Kevin (Cactus)<br \/>\nSam\u00e9 Nicolas (PHARE)<br \/>\nRolnin Yoan (Cactus)<br \/>\nAlexander David (AOG)<br \/>\nMazzaniello Eric (NENUPHAR)<br \/>\nSaint Germain Ludovic (ASM)<br \/>\nGermain Steve ( ASM, Haiti)<br \/>\nDimitchev Didinho ( ASM, Haiti)<br \/>\nSerac Gerald (FCSF)<br \/>\n<\/td>\n<\/tr>\n<tr class=\"row-16 even\">\n\t<td class=\"column-1\">CSM <br \/>\n<br \/>\nRichard Albert<br \/>\n(Entra\u00eeneur) <\/td><td class=\"column-2\">Kevin Roussas (PHARE)<br \/>\nValverde Yannick (BANN'ZAN)<br \/>\nMagen Yohann (AS MOULE)<br \/>\nBrault Arthur (AM,LAIQUE DEVILLE MAROMME)<br \/>\nMastakan Bryan ( CLUB SPORT)<br \/>\nGuicheron Jeremy (AS LE MOULE)<\/td><td class=\"column-3\">Dimitri Fautrai (USR)<br \/>\nLuce Nicolas (0LYMPIC CLUB)<br \/>\nDenisse Christophe (UNAR)<br \/>\nLuissint Yannis (US LORMONT)<br \/>\nMeddy Merion (AS Gosier) <\/td>\n<\/tr>\n<tr class=\"row-17 odd\">\n\t<td class=\"column-1\">DYNAMO <br \/>\n<br \/>\n<br \/>\nnon communiqu\u00e9 (Entraineur)<\/td><td class=\"column-2\">non communiqu\u00e9<\/td><td class=\"column-3\">non communiqu\u00e9<\/td>\n<\/tr>\n<\/tbody>\n<\/table>\n<!-- #tablepress-12 from cache -->\n","protected":false},"excerpt":{"rendered":"<div class=\"mh-excerpt\"><p>La p\u00e9riode normale des mutations a pris fin le 15 juillet dernier. Un Mercato tr\u00e8s mouvement\u00e9 o\u00f9 tous les clubs se sont renforc\u00e9s pour l&rsquo;exercice <a class=\"mh-excerpt-more\" href=\"https:\/\/total-sport.fr\/index.php\/2020\/08\/02\/foo-mercato-le-recapitulatif-du-marche-des-transferts-en-r1\/\" title=\"Foo-Mercato: Le r\u00e9capitulatif du march\u00e9 des transferts en R1.\">[&#8230;]<\/a><\/p>\n<\/div>","protected":false},"author":2,"featured_media":3149,"comment_status":"open","ping_status":"open","sticky":false,"template":"","format":"standard","meta":{"jetpack_post_was_ever_published":false,"_jetpack_newsletter_access":"","_jetpack_dont_email_post_to_subs":false,"_jetpack_newsletter_tier_id":0,"_jetpack_memberships_contains_paywalled_content":false,"_jetpack_memberships_contains_paid_content":false,"footnotes":"","jetpack_publicize_message":"","jetpack_publicize_feature_enabled":true,"jetpack_social_post_already_shared":true,"jetpack_social_options":{"image_generator_settings":{"template":"highway","default_image_id":0,"font":"","enabled":false},"version":2}},"categories":[19,6],"tags":[],"class_list":["post-3130","post","type-post","status-publish","format-standard","has-post-thumbnail","hentry","category-foot-mercato","category-r1"],"yoast_head":"<!-- This site is optimized with the Yoast SEO plugin v24.9 - https:\/\/yoast.com\/wordpress\/plugins\/seo\/ -->\n<title>Foo-Mercato: Le r\u00e9capitulatif du march\u00e9 des transferts en R1. - Total Sports International (TSI)<\/title>\n<meta name=\"robots\" content=\"index, follow, max-snippet:-1, max-image-preview:large, max-video-preview:-1\" \/>\n<link rel=\"canonical\" href=\"https:\/\/total-sport.fr\/index.php\/2020\/08\/02\/foo-mercato-le-recapitulatif-du-marche-des-transferts-en-r1\/\" \/>\n<meta property=\"og:locale\" content=\"fr_FR\" \/>\n<meta property=\"og:type\" content=\"article\" \/>\n<meta property=\"og:title\" content=\"Foo-Mercato: Le r\u00e9capitulatif du march\u00e9 des transferts en R1. - Total Sports International (TSI)\" \/>\n<meta property=\"og:description\" content=\"La p\u00e9riode normale des mutations a pris fin le 15 juillet dernier. Un Mercato tr\u00e8s mouvement\u00e9 o\u00f9 tous les clubs se sont renforc\u00e9s pour l&rsquo;exercice [...]\" \/>\n<meta property=\"og:url\" content=\"https:\/\/total-sport.fr\/index.php\/2020\/08\/02\/foo-mercato-le-recapitulatif-du-marche-des-transferts-en-r1\/\" \/>\n<meta property=\"og:site_name\" content=\"Total Sports International (TSI)\" \/>\n<meta property=\"article:author\" content=\"https:\/\/www.facebook.com\/joly.jerometotalsport\" \/>\n<meta property=\"article:published_time\" content=\"2020-08-02T20:59:42+00:00\" \/>\n<meta property=\"article:modified_time\" content=\"2020-08-02T20:59:44+00:00\" \/>\n<meta property=\"og:image\" content=\"https:\/\/i0.wp.com\/total-sport.fr\/wp-content\/uploads\/CSM.jpg?fit=800%2C533&ssl=1\" \/>\n\t<meta property=\"og:image:width\" content=\"800\" \/>\n\t<meta property=\"og:image:height\" content=\"533\" \/>\n\t<meta property=\"og:image:type\" content=\"image\/jpeg\" \/>\n<meta name=\"author\" content=\"Joly JEROME\" \/>\n<meta name=\"twitter:card\" content=\"summary_large_image\" \/>\n<meta name=\"twitter:creator\" content=\"@Total Sport TS\" \/>\n<meta name=\"twitter:label1\" content=\"\u00c9crit par\" \/>\n\t<meta name=\"twitter:data1\" content=\"Joly JEROME\" \/>\n<script type=\"application\/ld+json\" class=\"yoast-schema-graph\">{\"@context\":\"https:\/\/schema.org\",\"@graph\":[{\"@type\":\"WebPage\",\"@id\":\"https:\/\/total-sport.fr\/index.php\/2020\/08\/02\/foo-mercato-le-recapitulatif-du-marche-des-transferts-en-r1\/\",\"url\":\"https:\/\/total-sport.fr\/index.php\/2020\/08\/02\/foo-mercato-le-recapitulatif-du-marche-des-transferts-en-r1\/\",\"name\":\"Foo-Mercato: Le r\u00e9capitulatif du march\u00e9 des transferts en R1. - Total Sports International (TSI)\",\"isPartOf\":{\"@id\":\"https:\/\/total-sport.fr\/#website\"},\"primaryImageOfPage\":{\"@id\":\"https:\/\/total-sport.fr\/index.php\/2020\/08\/02\/foo-mercato-le-recapitulatif-du-marche-des-transferts-en-r1\/#primaryimage\"},\"image\":{\"@id\":\"https:\/\/total-sport.fr\/index.php\/2020\/08\/02\/foo-mercato-le-recapitulatif-du-marche-des-transferts-en-r1\/#primaryimage\"},\"thumbnailUrl\":\"https:\/\/i0.wp.com\/total-sport.fr\/wp-content\/uploads\/CSM.jpg?fit=800%2C533&ssl=1\",\"datePublished\":\"2020-08-02T20:59:42+00:00\",\"dateModified\":\"2020-08-02T20:59:44+00:00\",\"author\":{\"@id\":\"https:\/\/total-sport.fr\/#\/schema\/person\/f9f5599f372b747441cd5d912824aba4\"},\"breadcrumb\":{\"@id\":\"https:\/\/total-sport.fr\/index.php\/2020\/08\/02\/foo-mercato-le-recapitulatif-du-marche-des-transferts-en-r1\/#breadcrumb\"},\"inLanguage\":\"fr-FR\",\"potentialAction\":[{\"@type\":\"ReadAction\",\"target\":[\"https:\/\/total-sport.fr\/index.php\/2020\/08\/02\/foo-mercato-le-recapitulatif-du-marche-des-transferts-en-r1\/\"]}]},{\"@type\":\"ImageObject\",\"inLanguage\":\"fr-FR\",\"@id\":\"https:\/\/total-sport.fr\/index.php\/2020\/08\/02\/foo-mercato-le-recapitulatif-du-marche-des-transferts-en-r1\/#primaryimage\",\"url\":\"https:\/\/i0.wp.com\/total-sport.fr\/wp-content\/uploads\/CSM.jpg?fit=800%2C533&ssl=1\",\"contentUrl\":\"https:\/\/i0.wp.com\/total-sport.fr\/wp-content\/uploads\/CSM.jpg?fit=800%2C533&ssl=1\",\"width\":800,\"height\":533},{\"@type\":\"BreadcrumbList\",\"@id\":\"https:\/\/total-sport.fr\/index.php\/2020\/08\/02\/foo-mercato-le-recapitulatif-du-marche-des-transferts-en-r1\/#breadcrumb\",\"itemListElement\":[{\"@type\":\"ListItem\",\"position\":1,\"name\":\"Accueil\",\"item\":\"https:\/\/total-sport.fr\/\"},{\"@type\":\"ListItem\",\"position\":2,\"name\":\"Foo-Mercato: Le r\u00e9capitulatif du march\u00e9 des transferts en R1.\"}]},{\"@type\":\"WebSite\",\"@id\":\"https:\/\/total-sport.fr\/#website\",\"url\":\"https:\/\/total-sport.fr\/\",\"name\":\"Total Sports International (TSI)\",\"description\":\"vous informer est notre priorit\u00e9, 7 jours sur 7 avec toujours le m\u00eame professionnalisme\",\"potentialAction\":[{\"@type\":\"SearchAction\",\"target\":{\"@type\":\"EntryPoint\",\"urlTemplate\":\"https:\/\/total-sport.fr\/?s={search_term_string}\"},\"query-input\":{\"@type\":\"PropertyValueSpecification\",\"valueRequired\":true,\"valueName\":\"search_term_string\"}}],\"inLanguage\":\"fr-FR\"},{\"@type\":\"Person\",\"@id\":\"https:\/\/total-sport.fr\/#\/schema\/person\/f9f5599f372b747441cd5d912824aba4\",\"name\":\"Joly JEROME\",\"image\":{\"@type\":\"ImageObject\",\"inLanguage\":\"fr-FR\",\"@id\":\"https:\/\/total-sport.fr\/#\/schema\/person\/image\/\",\"url\":\"https:\/\/secure.gravatar.com\/avatar\/33e98ca4065ab233074302dee778104df3e61a0f91ceba3d746e7e40dbe11f0d?s=96&d=mm&r=g\",\"contentUrl\":\"https:\/\/secure.gravatar.com\/avatar\/33e98ca4065ab233074302dee778104df3e61a0f91ceba3d746e7e40dbe11f0d?s=96&d=mm&r=g\",\"caption\":\"Joly JEROME\"},\"description\":\"Je suis Joly JEROME, passionn\u00e9 de la lecture et du Sport notamment le Football. Je suis Journaliste ind\u00e9pendant fougueux, s\u00e9rieux mettant ma plume \u00e0 votre service pour vous informer avec la v\u00e9rit\u00e9 comme boussole. Jolyjerome989@gmail.com \/0690 93 65 88\",\"sameAs\":[\"https:\/\/total-sport.fr\",\"https:\/\/www.facebook.com\/joly.jerometotalsport\",\"Joly_JJCA\",\"Total Sport ts\",\"https:\/\/x.com\/Total Sport TS\"],\"url\":\"https:\/\/total-sport.fr\/index.php\/author\/jolyjerome\/\"}]}<\/script>\n<!-- \/ Yoast SEO plugin. -->","yoast_head_json":{"title":"Foo-Mercato: Le r\u00e9capitulatif du march\u00e9 des transferts en R1. - Total Sports International (TSI)","robots":{"index":"index","follow":"follow","max-snippet":"max-snippet:-1","max-image-preview":"max-image-preview:large","max-video-preview":"max-video-preview:-1"},"canonical":"https:\/\/total-sport.fr\/index.php\/2020\/08\/02\/foo-mercato-le-recapitulatif-du-marche-des-transferts-en-r1\/","og_locale":"fr_FR","og_type":"article","og_title":"Foo-Mercato: Le r\u00e9capitulatif du march\u00e9 des transferts en R1. - Total Sports International (TSI)","og_description":"La p\u00e9riode normale des mutations a pris fin le 15 juillet dernier. Un Mercato tr\u00e8s mouvement\u00e9 o\u00f9 tous les clubs se sont renforc\u00e9s pour l&rsquo;exercice [...]","og_url":"https:\/\/total-sport.fr\/index.php\/2020\/08\/02\/foo-mercato-le-recapitulatif-du-marche-des-transferts-en-r1\/","og_site_name":"Total Sports International (TSI)","article_author":"https:\/\/www.facebook.com\/joly.jerometotalsport","article_published_time":"2020-08-02T20:59:42+00:00","article_modified_time":"2020-08-02T20:59:44+00:00","og_image":[{"width":800,"height":533,"url":"https:\/\/i0.wp.com\/total-sport.fr\/wp-content\/uploads\/CSM.jpg?fit=800%2C533&ssl=1","type":"image\/jpeg"}],"author":"Joly JEROME","twitter_card":"summary_large_image","twitter_creator":"@Total Sport TS","twitter_misc":{"\u00c9crit par":"Joly JEROME"},"schema":{"@context":"https:\/\/schema.org","@graph":[{"@type":"WebPage","@id":"https:\/\/total-sport.fr\/index.php\/2020\/08\/02\/foo-mercato-le-recapitulatif-du-marche-des-transferts-en-r1\/","url":"https:\/\/total-sport.fr\/index.php\/2020\/08\/02\/foo-mercato-le-recapitulatif-du-marche-des-transferts-en-r1\/","name":"Foo-Mercato: Le r\u00e9capitulatif du march\u00e9 des transferts en R1. - Total Sports International (TSI)","isPartOf":{"@id":"https:\/\/total-sport.fr\/#website"},"primaryImageOfPage":{"@id":"https:\/\/total-sport.fr\/index.php\/2020\/08\/02\/foo-mercato-le-recapitulatif-du-marche-des-transferts-en-r1\/#primaryimage"},"image":{"@id":"https:\/\/total-sport.fr\/index.php\/2020\/08\/02\/foo-mercato-le-recapitulatif-du-marche-des-transferts-en-r1\/#primaryimage"},"thumbnailUrl":"https:\/\/i0.wp.com\/total-sport.fr\/wp-content\/uploads\/CSM.jpg?fit=800%2C533&ssl=1","datePublished":"2020-08-02T20:59:42+00:00","dateModified":"2020-08-02T20:59:44+00:00","author":{"@id":"https:\/\/total-sport.fr\/#\/schema\/person\/f9f5599f372b747441cd5d912824aba4"},"breadcrumb":{"@id":"https:\/\/total-sport.fr\/index.php\/2020\/08\/02\/foo-mercato-le-recapitulatif-du-marche-des-transferts-en-r1\/#breadcrumb"},"inLanguage":"fr-FR","potentialAction":[{"@type":"ReadAction","target":["https:\/\/total-sport.fr\/index.php\/2020\/08\/02\/foo-mercato-le-recapitulatif-du-marche-des-transferts-en-r1\/"]}]},{"@type":"ImageObject","inLanguage":"fr-FR","@id":"https:\/\/total-sport.fr\/index.php\/2020\/08\/02\/foo-mercato-le-recapitulatif-du-marche-des-transferts-en-r1\/#primaryimage","url":"https:\/\/i0.wp.com\/total-sport.fr\/wp-content\/uploads\/CSM.jpg?fit=800%2C533&ssl=1","contentUrl":"https:\/\/i0.wp.com\/total-sport.fr\/wp-content\/uploads\/CSM.jpg?fit=800%2C533&ssl=1","width":800,"height":533},{"@type":"BreadcrumbList","@id":"https:\/\/total-sport.fr\/index.php\/2020\/08\/02\/foo-mercato-le-recapitulatif-du-marche-des-transferts-en-r1\/#breadcrumb","itemListElement":[{"@type":"ListItem","position":1,"name":"Accueil","item":"https:\/\/total-sport.fr\/"},{"@type":"ListItem","position":2,"name":"Foo-Mercato: Le r\u00e9capitulatif du march\u00e9 des transferts en R1."}]},{"@type":"WebSite","@id":"https:\/\/total-sport.fr\/#website","url":"https:\/\/total-sport.fr\/","name":"Total Sports International (TSI)","description":"vous informer est notre priorit\u00e9, 7 jours sur 7 avec toujours le m\u00eame professionnalisme","potentialAction":[{"@type":"SearchAction","target":{"@type":"EntryPoint","urlTemplate":"https:\/\/total-sport.fr\/?s={search_term_string}"},"query-input":{"@type":"PropertyValueSpecification","valueRequired":true,"valueName":"search_term_string"}}],"inLanguage":"fr-FR"},{"@type":"Person","@id":"https:\/\/total-sport.fr\/#\/schema\/person\/f9f5599f372b747441cd5d912824aba4","name":"Joly JEROME","image":{"@type":"ImageObject","inLanguage":"fr-FR","@id":"https:\/\/total-sport.fr\/#\/schema\/person\/image\/","url":"https:\/\/secure.gravatar.com\/avatar\/33e98ca4065ab233074302dee778104df3e61a0f91ceba3d746e7e40dbe11f0d?s=96&d=mm&r=g","contentUrl":"https:\/\/secure.gravatar.com\/avatar\/33e98ca4065ab233074302dee778104df3e61a0f91ceba3d746e7e40dbe11f0d?s=96&d=mm&r=g","caption":"Joly JEROME"},"description":"Je suis Joly JEROME, passionn\u00e9 de la lecture et du Sport notamment le Football. Je suis Journaliste ind\u00e9pendant fougueux, s\u00e9rieux mettant ma plume \u00e0 votre service pour vous informer avec la v\u00e9rit\u00e9 comme boussole. Jolyjerome989@gmail.com \/0690 93 65 88","sameAs":["https:\/\/total-sport.fr","https:\/\/www.facebook.com\/joly.jerometotalsport","Joly_JJCA","Total Sport ts","https:\/\/x.com\/Total Sport TS"],"url":"https:\/\/total-sport.fr\/index.php\/author\/jolyjerome\/"}]}},"jetpack_publicize_connections":[],"jetpack_featured_media_url":"https:\/\/i0.wp.com\/total-sport.fr\/wp-content\/uploads\/CSM.jpg?fit=800%2C533&ssl=1","jetpack_sharing_enabled":true,"jetpack_shortlink":"https:\/\/wp.me\/paF0J8-Ou","jetpack-related-posts":[{"id":3005,"url":"https:\/\/total-sport.fr\/index.php\/2020\/06\/18\/foot-mercato-la-solidarite-scolaire-allume-la-premiere-meche-du-mercato-en-guadeloupe\/","url_meta":{"origin":3130,"position":0},"title":"Foot-Mercato: La Solidarit\u00e9 Scolaire allume la premi\u00e8re m\u00e8che du mercato en Guadeloupe.","author":"Joly JEROME","date":"18 juin 2020","format":false,"excerpt":"C'est un Mercato qui s'annonce tr\u00e8s mouvement\u00e9 en Guadeloupe. Les clubs de la R1 et R2 sont tr\u00e8s actifs en ce d\u00e9but du march\u00e9 des transferts, dans l'objectif de se renforcer pour la nouvelle exercice. La Solidarit\u00e9 Scolaire qui a termin\u00e9 \u00e0 la 8\u00e8me place du championnat (R1) la saison\u2026","rel":"","context":"Dans &quot;Foot MERCATO&quot;","block_context":{"text":"Foot MERCATO","link":"https:\/\/total-sport.fr\/index.php\/category\/foot-mercato\/"},"img":{"alt_text":"","src":"https:\/\/i0.wp.com\/total-sport.fr\/wp-content\/uploads\/MIRVAL2.jpg?fit=800%2C534&ssl=1&resize=350%2C200","width":350,"height":200,"srcset":"https:\/\/i0.wp.com\/total-sport.fr\/wp-content\/uploads\/MIRVAL2.jpg?fit=800%2C534&ssl=1&resize=350%2C200 1x, https:\/\/i0.wp.com\/total-sport.fr\/wp-content\/uploads\/MIRVAL2.jpg?fit=800%2C534&ssl=1&resize=525%2C300 1.5x, https:\/\/i0.wp.com\/total-sport.fr\/wp-content\/uploads\/MIRVAL2.jpg?fit=800%2C534&ssl=1&resize=700%2C400 2x"},"classes":[]},{"id":1221,"url":"https:\/\/total-sport.fr\/index.php\/2019\/07\/05\/foot-mercato-les-premiers-gros-coups-du-mercato-en-guadeloupe\/","url_meta":{"origin":3130,"position":1},"title":"Foot-Mercato : Les premiers gros coups du mercato en  Guadeloupe","author":"Joly JEROME","date":"5 juillet 2019","format":false,"excerpt":"La saison 2018-2019 vient tout juste de boucler, d\u00e9j\u00e0 les clubs Guadeloup\u00e9ens s'activent sur le march\u00e9 des transferts.\u00a0 Comme chaque saison le mercato s'annonce tr\u00e8s agit\u00e9 avec des joueurs qui souhaitent changer d'air et les \u00e9quipes voulant se renforcer pour l'exercice 2019-2020. Faisons le point sur ce d\u00e9but de ce\u2026","rel":"","context":"Dans &quot;Foot MERCATO&quot;","block_context":{"text":"Foot MERCATO","link":"https:\/\/total-sport.fr\/index.php\/category\/foot-mercato\/"},"img":{"alt_text":"","src":"https:\/\/i0.wp.com\/total-sport.fr\/wp-content\/uploads\/2019\/07\/20190705_193431.jpg?fit=798%2C549&ssl=1&resize=350%2C200","width":350,"height":200,"srcset":"https:\/\/i0.wp.com\/total-sport.fr\/wp-content\/uploads\/2019\/07\/20190705_193431.jpg?fit=798%2C549&ssl=1&resize=350%2C200 1x, https:\/\/i0.wp.com\/total-sport.fr\/wp-content\/uploads\/2019\/07\/20190705_193431.jpg?fit=798%2C549&ssl=1&resize=525%2C300 1.5x, https:\/\/i0.wp.com\/total-sport.fr\/wp-content\/uploads\/2019\/07\/20190705_193431.jpg?fit=798%2C549&ssl=1&resize=700%2C400 2x"},"classes":[]},{"id":2788,"url":"https:\/\/total-sport.fr\/index.php\/2020\/05\/01\/foot-mercato-raphael-mirval-en-route-vers-golden-lion\/","url_meta":{"origin":3130,"position":2},"title":"Foot-Mercato: Rapha\u00ebl MIRVAL en route vers Golden Lion ?","author":"Joly JEROME","date":"1 mai 2020","format":false,"excerpt":"En pleine r\u00e9flexion pour trouver la meilleure formule pour d\u00e9marrer la saison 2020-2021, certains clubs commencent \u00e0 penser s\u00e9rieusement pour le prochain Mercato . Golden Lion qui a boucl\u00e9 l'exercice 2019-2020 avec 33 points pour la 7\u00e8me place du classement de la r\u00e9gionale 1 Martiniquaise, serait tr\u00e8s int\u00e9ress\u00e9 par le\u2026","rel":"","context":"Dans &quot;Foot MERCATO&quot;","block_context":{"text":"Foot MERCATO","link":"https:\/\/total-sport.fr\/index.php\/category\/foot-mercato\/"},"img":{"alt_text":"","src":"https:\/\/i0.wp.com\/total-sport.fr\/wp-content\/uploads\/mirval.jpg?fit=800%2C534&ssl=1&resize=350%2C200","width":350,"height":200,"srcset":"https:\/\/i0.wp.com\/total-sport.fr\/wp-content\/uploads\/mirval.jpg?fit=800%2C534&ssl=1&resize=350%2C200 1x, https:\/\/i0.wp.com\/total-sport.fr\/wp-content\/uploads\/mirval.jpg?fit=800%2C534&ssl=1&resize=525%2C300 1.5x, https:\/\/i0.wp.com\/total-sport.fr\/wp-content\/uploads\/mirval.jpg?fit=800%2C534&ssl=1&resize=700%2C400 2x"},"classes":[]},{"id":4151,"url":"https:\/\/total-sport.fr\/index.php\/2022\/06\/16\/foot-mercato-limoge-par-la-jsvh-jean-yves-vadimon-na-pas-cache-sa-frustration\/","url_meta":{"origin":3130,"position":3},"title":"Foot-Mercato: Limog\u00e9 par la JSVH, Jean-Yves VADIMON n\u2019a pas cach\u00e9 sa frustration!!","author":"Joly JEROME","date":"16 juin 2022","format":false,"excerpt":"Arriv\u00e9 la saison derni\u00e8re \u00e0 la JSVH en provenance de la Gauloise de Basse-terre, coach Jean-Yves VADIMON aura fait qu\u2019une saison comme entra\u00eeneur de cette \u00e9quipe habissoise . En effet, les dirigeants du club de Vieux-Habitants ont d\u00e9cid\u00e9 de se s\u00e9parer du coach. Une d\u00e9cision surprise qui a provoqu\u00e9 de\u2026","rel":"","context":"Dans &quot;Foot MERCATO&quot;","block_context":{"text":"Foot MERCATO","link":"https:\/\/total-sport.fr\/index.php\/category\/foot-mercato\/"},"img":{"alt_text":"","src":"https:\/\/i0.wp.com\/total-sport.fr\/wp-content\/uploads\/Screenshot_20220615-072052_Facebook.jpg?fit=1080%2C602&ssl=1&resize=350%2C200","width":350,"height":200,"srcset":"https:\/\/i0.wp.com\/total-sport.fr\/wp-content\/uploads\/Screenshot_20220615-072052_Facebook.jpg?fit=1080%2C602&ssl=1&resize=350%2C200 1x, https:\/\/i0.wp.com\/total-sport.fr\/wp-content\/uploads\/Screenshot_20220615-072052_Facebook.jpg?fit=1080%2C602&ssl=1&resize=525%2C300 1.5x, https:\/\/i0.wp.com\/total-sport.fr\/wp-content\/uploads\/Screenshot_20220615-072052_Facebook.jpg?fit=1080%2C602&ssl=1&resize=700%2C400 2x, https:\/\/i0.wp.com\/total-sport.fr\/wp-content\/uploads\/Screenshot_20220615-072052_Facebook.jpg?fit=1080%2C602&ssl=1&resize=1050%2C600 3x"},"classes":[]},{"id":1230,"url":"https:\/\/total-sport.fr\/index.php\/2019\/07\/06\/foot-mercato-raymond-cavare-est-le-nouvel-entraineur-de-letoile-de-morne-a-leau\/","url_meta":{"origin":3130,"position":4},"title":"Foot-Mercato : Raymond CAVARE est le nouvel entra\u00eeneur de L&rsquo;\u00c9TOILE de Morne \u00e0 l&rsquo;eau","author":"Joly JEROME","date":"6 juillet 2019","format":false,"excerpt":"Les dirigeants de L'\u00c9TOILE de Morne \u00e0 l'eau ont annonc\u00e9 de fa\u00e7on officielle, la signature de Raymond CAVARE, l'ancien entra\u00eeneur de la Juventus de Saint-Anne va remplacer ST\u00c9PHANE FRANCI limog\u00e9 pour insuffisance de r\u00e9sultat. St\u00e9phane FRANCI, ex entra\u00eeneur de L'\u00c9TOILE de Morne \u00e0 l'eau Rel\u00e9gu\u00e9 en R\u00e9gionale 2 cette saison,\u2026","rel":"","context":"Dans &quot;Foot MERCATO&quot;","block_context":{"text":"Foot MERCATO","link":"https:\/\/total-sport.fr\/index.php\/category\/foot-mercato\/"},"img":{"alt_text":"","src":"https:\/\/i0.wp.com\/total-sport.fr\/wp-content\/uploads\/2019\/07\/20190706_122854.jpg?fit=1080%2C602&ssl=1&resize=350%2C200","width":350,"height":200,"srcset":"https:\/\/i0.wp.com\/total-sport.fr\/wp-content\/uploads\/2019\/07\/20190706_122854.jpg?fit=1080%2C602&ssl=1&resize=350%2C200 1x, https:\/\/i0.wp.com\/total-sport.fr\/wp-content\/uploads\/2019\/07\/20190706_122854.jpg?fit=1080%2C602&ssl=1&resize=525%2C300 1.5x, https:\/\/i0.wp.com\/total-sport.fr\/wp-content\/uploads\/2019\/07\/20190706_122854.jpg?fit=1080%2C602&ssl=1&resize=700%2C400 2x, https:\/\/i0.wp.com\/total-sport.fr\/wp-content\/uploads\/2019\/07\/20190706_122854.jpg?fit=1080%2C602&ssl=1&resize=1050%2C600 3x"},"classes":[]},{"id":1250,"url":"https:\/\/total-sport.fr\/index.php\/2019\/07\/12\/foot-mercato-nelson-walson-un-nouveau-renfort-pour-anje-fc\/","url_meta":{"origin":3130,"position":5},"title":"Foot-Mercato : Nelson WALSON un nouveau renfort pour ANJE FC","author":"Joly JEROME","date":"12 juillet 2019","format":false,"excerpt":"Le march\u00e9 des transferts commence \u00e0 battre son plein, plusieurs clubs mettent les bouch\u00e9es doubles pour se renforcer pour la nouvelle saison. Pour bien pr\u00e9parer son retour dans l'\u00e9lite du football Guadeloup\u00e9en, ANJE FC se montre pr\u00e9sente sur ce mercato estival. Le club Abymien fra\u00eechement mont\u00e9 en R1, s'offre une\u2026","rel":"","context":"Dans &quot;Foot MERCATO&quot;","block_context":{"text":"Foot MERCATO","link":"https:\/\/total-sport.fr\/index.php\/category\/foot-mercato\/"},"img":{"alt_text":"","src":"https:\/\/i0.wp.com\/total-sport.fr\/wp-content\/uploads\/2019\/07\/HVP_8679.jpeg?fit=800%2C583&ssl=1&resize=350%2C200","width":350,"height":200,"srcset":"https:\/\/i0.wp.com\/total-sport.fr\/wp-content\/uploads\/2019\/07\/HVP_8679.jpeg?fit=800%2C583&ssl=1&resize=350%2C200 1x, https:\/\/i0.wp.com\/total-sport.fr\/wp-content\/uploads\/2019\/07\/HVP_8679.jpeg?fit=800%2C583&ssl=1&resize=525%2C300 1.5x, https:\/\/i0.wp.com\/total-sport.fr\/wp-content\/uploads\/2019\/07\/HVP_8679.jpeg?fit=800%2C583&ssl=1&resize=700%2C400 2x"},"classes":[]}],"jetpack_likes_enabled":true,"_links":{"self":[{"href":"https:\/\/total-sport.fr\/index.php\/wp-json\/wp\/v2\/posts\/3130","targetHints":{"allow":["GET"]}}],"collection":[{"href":"https:\/\/total-sport.fr\/index.php\/wp-json\/wp\/v2\/posts"}],"about":[{"href":"https:\/\/total-sport.fr\/index.php\/wp-json\/wp\/v2\/types\/post"}],"author":[{"embeddable":true,"href":"https:\/\/total-sport.fr\/index.php\/wp-json\/wp\/v2\/users\/2"}],"replies":[{"embeddable":true,"href":"https:\/\/total-sport.fr\/index.php\/wp-json\/wp\/v2\/comments?post=3130"}],"version-history":[{"count":12,"href":"https:\/\/total-sport.fr\/index.php\/wp-json\/wp\/v2\/posts\/3130\/revisions"}],"predecessor-version":[{"id":3159,"href":"https:\/\/total-sport.fr\/index.php\/wp-json\/wp\/v2\/posts\/3130\/revisions\/3159"}],"wp:featuredmedia":[{"embeddable":true,"href":"https:\/\/total-sport.fr\/index.php\/wp-json\/wp\/v2\/media\/3149"}],"wp:attachment":[{"href":"https:\/\/total-sport.fr\/index.php\/wp-json\/wp\/v2\/media?parent=3130"}],"wp:term":[{"taxonomy":"category","embeddable":true,"href":"https:\/\/total-sport.fr\/index.php\/wp-json\/wp\/v2\/categories?post=3130"},{"taxonomy":"post_tag","embeddable":true,"href":"https:\/\/total-sport.fr\/index.php\/wp-json\/wp\/v2\/tags?post=3130"}],"curies":[{"name":"wp","href":"https:\/\/api.w.org\/{rel}","templated":true}]}}