{"id":3100,"date":"2020-07-03T21:31:59","date_gmt":"2020-07-04T01:31:59","guid":{"rendered":"http:\/\/total-sport.fr\/?p=3100"},"modified":"2020-07-12T12:33:27","modified_gmt":"2020-07-12T16:33:27","slug":"foot-mercato-avec-5-nouvelles-recrues-le-sporting-club-fixe-son-objectif-pour-la-nouvelle-saison","status":"publish","type":"post","link":"https:\/\/total-sport.fr\/index.php\/2020\/07\/03\/foot-mercato-avec-5-nouvelles-recrues-le-sporting-club-fixe-son-objectif-pour-la-nouvelle-saison\/","title":{"rendered":"Foot-Mercato : Avec 5 nouvelles recrues, le Sporting Club fixe son objectif pour la nouvelle saison."},"content":{"rendered":"\n<p><strong>Le SPORTING Club de Baie-Mahault a pr\u00e9sent\u00e9 ses nouveaux joueurs ce jeudi 2 juillet 2020. Avec 5 renforts pour 3 d\u00e9parts le club entra\u00een\u00e9 par St\u00e9phane FRANCI fixe comme objectif la mont\u00e9e en R1 \u00e0 la fin de l&rsquo;exercice 2020-2021.<\/strong><\/p>\n\n\n\n<p>Le Sporting Club de Baie-Mahault veut acc\u00e9der \u00e0 l\u2019\u00e9lite du football guadeloup\u00e9en, pour que cela soit possible le club de Calvaire a  fait signer 5 renforts . D\u2019abord, <em><strong>Godard ULRICK<\/strong><\/em>, le gardien de la s\u00e9lection futsal de la Guadeloupe qui est arriv\u00e9 libre, <strong><em>K\u00e9vin MAURANYAPIN<\/em> <\/strong>et <em><strong>Komla Shouka<\/strong><\/em> <em><strong>JEREMY<\/strong><\/em> en provenance du Siroco . Les Baie-Mahaultiens ont enregistr\u00e9 \u00e9galement la signature de <em><strong>Lucas GOVINDIN<\/strong><\/em> qui a quitt\u00e9 Juvenis de Sainterose et <em><strong>Marvin QUINOL<\/strong><\/em> du c\u00f4t\u00e9 de L\u2019UNAR.<\/p>\n\n\n\n<figure class=\"wp-block-image size-large\"><img loading=\"lazy\" decoding=\"async\" width=\"2560\" height=\"1464\" data-attachment-id=\"3109\" data-permalink=\"https:\/\/total-sport.fr\/index.php\/2020\/07\/03\/foot-mercato-avec-5-nouvelles-recrues-le-sporting-club-fixe-son-objectif-pour-la-nouvelle-saison\/20200703_151550\/\" data-orig-file=\"https:\/\/i0.wp.com\/total-sport.fr\/wp-content\/uploads\/20200703_151550-scaled.jpg?fit=2560%2C1464&amp;ssl=1\" data-orig-size=\"2560,1464\" data-comments-opened=\"1\" data-image-meta=\"{&quot;aperture&quot;:&quot;1.7&quot;,&quot;credit&quot;:&quot;&quot;,&quot;camera&quot;:&quot;SM-A505FN&quot;,&quot;caption&quot;:&quot;&quot;,&quot;created_timestamp&quot;:&quot;1593723171&quot;,&quot;copyright&quot;:&quot;&quot;,&quot;focal_length&quot;:&quot;3.93&quot;,&quot;iso&quot;:&quot;64&quot;,&quot;shutter_speed&quot;:&quot;0.02&quot;,&quot;title&quot;:&quot;&quot;,&quot;orientation&quot;:&quot;0&quot;}\" data-image-title=\"20200703_151550\" data-image-description=\"\" data-image-caption=\"\" data-large-file=\"https:\/\/i0.wp.com\/total-sport.fr\/wp-content\/uploads\/20200703_151550-scaled.jpg?fit=1024%2C585&amp;ssl=1\" src=\"https:\/\/i0.wp.com\/total-sport.fr\/wp-content\/uploads\/20200703_151550-scaled.jpg?fit=1024%2C585&amp;ssl=1\" alt=\"\" class=\"wp-image-3109\" srcset=\"https:\/\/i0.wp.com\/total-sport.fr\/wp-content\/uploads\/20200703_151550-scaled.jpg?w=2560&amp;ssl=1 2560w, https:\/\/i0.wp.com\/total-sport.fr\/wp-content\/uploads\/20200703_151550-scaled.jpg?resize=300%2C172&amp;ssl=1 300w, https:\/\/i0.wp.com\/total-sport.fr\/wp-content\/uploads\/20200703_151550-scaled.jpg?resize=1024%2C585&amp;ssl=1 1024w, https:\/\/i0.wp.com\/total-sport.fr\/wp-content\/uploads\/20200703_151550-scaled.jpg?resize=768%2C439&amp;ssl=1 768w, https:\/\/i0.wp.com\/total-sport.fr\/wp-content\/uploads\/20200703_151550-scaled.jpg?resize=1536%2C878&amp;ssl=1 1536w, https:\/\/i0.wp.com\/total-sport.fr\/wp-content\/uploads\/20200703_151550-scaled.jpg?resize=2048%2C1171&amp;ssl=1 2048w\" sizes=\"auto, (max-width: 1000px) 100vw, 1000px\" \/><\/figure>\n\n\n\n<p>En revanche, l\u2019\u00e9quipe entra\u00een\u00e9e par St\u00e9phane FRANCI n\u2019a pas pu garder <em><strong>Bioche Cedrick<\/strong><\/em> et <em><strong>Williams Yoan<\/strong><\/em> qui sont partis pour L\u2019\u00c9clair de Petit-bourg, sans oublier <em><strong>\u00c9douard JEROME<\/strong><\/em> au CSC. Mais quel est l\u2019objectif du Sporting Club, a t-il les armes n\u00e9cessaires pour y arriver ? Le coach St\u00e9phane FRANCI a r\u00e9pondu.<\/p>\n\n\n\n<p>\u300a <em>Je suis revenu au Sporting avec un objectif ambitieux pour le club, c\u2019est \u00e0 dire acc\u00e9der \u00e0 la R1. \u00c7a fait d\u00e9j\u00e0 quelques saisons que le sporting court derri\u00e8re cet objectif , malheureusement deux fois de suite c\u2019est un objectif qu\u2019on aurait pu atteindre <\/em>Sur les derni\u00e8res journ\u00e9es, esp\u00e9rons que cette fois-ci sera la bonne \u300b.<\/p>\n\n\n\n<p>\u300a <em>On a travaill\u00e9 en parall\u00e8le pour recruter des joueurs qui sont les plus valus pour l\u2019\u00e9quipe et surtout pas perdre les joueurs importants du groupe, donc en gardant les hommes forts et en faisant venir les plus valus; je pense qu\u2019on pourrait \u00eatre une \u00e9quipe qui pourrait se positionner en haut de tableau \u00e0 la fin de la saison<\/em> \u300b.<\/p>\n\n\n\n<p>Pour la nouvelle recrue  Marvin QUINOL, 24 ans, 1m96 pour 74 kg , l\u2019objectif n\u2019est autre que la mont\u00e9e avec le Sporting. Celui qui a marqu\u00e9 2 buts cette saison promet d\u2019apporter de la motivation aux vestiaires du Sporting.<\/p>\n\n\n\n<p>\u300a <em>Le projet principal du club avant tout c\u2019est la mont\u00e9e , ils l\u2019ont jamais abandonn\u00e9. Ce que je pourrais apporter avant tout c\u2019est beauvoup de motivation pour r\u00e9aliser cet objectif qui est la mont\u00e9e en R1 \u300b<\/em><\/p>\n\n\n\n<p>Retrouvez l&rsquo;interview compl\u00e8te de Marvin QUINOL et St\u00e9phane FRANCI avec des explications sur son exp\u00e9rience \u00e0 L&rsquo;\u00c9TOILE de Morne \u00e0 l&rsquo;eau .\ud83d\udc49https:\/\/youtu.be\/vF2yn3WwDM8<\/p>\n","protected":false},"excerpt":{"rendered":"<div class=\"mh-excerpt\"><p>Le SPORTING Club de Baie-Mahault a pr\u00e9sent\u00e9 ses nouveaux joueurs ce jeudi 2 juillet 2020. Avec 5 renforts pour 3 d\u00e9parts le club entra\u00een\u00e9 par <a class=\"mh-excerpt-more\" href=\"https:\/\/total-sport.fr\/index.php\/2020\/07\/03\/foot-mercato-avec-5-nouvelles-recrues-le-sporting-club-fixe-son-objectif-pour-la-nouvelle-saison\/\" title=\"Foot-Mercato : Avec 5 nouvelles recrues, le Sporting Club fixe son objectif pour la nouvelle saison.\">[&#8230;]<\/a><\/p>\n<\/div>","protected":false},"author":2,"featured_media":3114,"comment_status":"open","ping_status":"open","sticky":false,"template":"","format":"standard","meta":{"jetpack_post_was_ever_published":false,"_jetpack_newsletter_access":"","_jetpack_dont_email_post_to_subs":false,"_jetpack_newsletter_tier_id":0,"_jetpack_memberships_contains_paywalled_content":false,"_jetpack_memberships_contains_paid_content":false,"footnotes":"","jetpack_publicize_message":"","jetpack_publicize_feature_enabled":true,"jetpack_social_post_already_shared":true,"jetpack_social_options":{"image_generator_settings":{"template":"highway","default_image_id":0,"font":"","enabled":false},"version":2}},"categories":[19],"tags":[],"class_list":["post-3100","post","type-post","status-publish","format-standard","has-post-thumbnail","hentry","category-foot-mercato"],"yoast_head":"<!-- This site is optimized with the Yoast SEO plugin v24.9 - https:\/\/yoast.com\/wordpress\/plugins\/seo\/ -->\n<title>Foot-Mercato : Avec 5 nouvelles recrues, le Sporting Club fixe son objectif pour la nouvelle saison. - Total Sports International (TSI)<\/title>\n<meta name=\"robots\" content=\"index, follow, max-snippet:-1, max-image-preview:large, max-video-preview:-1\" \/>\n<link rel=\"canonical\" href=\"https:\/\/total-sport.fr\/index.php\/2020\/07\/03\/foot-mercato-avec-5-nouvelles-recrues-le-sporting-club-fixe-son-objectif-pour-la-nouvelle-saison\/\" \/>\n<meta property=\"og:locale\" content=\"fr_FR\" \/>\n<meta property=\"og:type\" content=\"article\" \/>\n<meta property=\"og:title\" content=\"Foot-Mercato : Avec 5 nouvelles recrues, le Sporting Club fixe son objectif pour la nouvelle saison. - Total Sports International (TSI)\" \/>\n<meta property=\"og:description\" content=\"Le SPORTING Club de Baie-Mahault a pr\u00e9sent\u00e9 ses nouveaux joueurs ce jeudi 2 juillet 2020. Avec 5 renforts pour 3 d\u00e9parts le club entra\u00een\u00e9 par [...]\" \/>\n<meta property=\"og:url\" content=\"https:\/\/total-sport.fr\/index.php\/2020\/07\/03\/foot-mercato-avec-5-nouvelles-recrues-le-sporting-club-fixe-son-objectif-pour-la-nouvelle-saison\/\" \/>\n<meta property=\"og:site_name\" content=\"Total Sports International (TSI)\" \/>\n<meta property=\"article:author\" content=\"https:\/\/www.facebook.com\/joly.jerometotalsport\" \/>\n<meta property=\"article:published_time\" content=\"2020-07-04T01:31:59+00:00\" \/>\n<meta property=\"article:modified_time\" content=\"2020-07-12T16:33:27+00:00\" \/>\n<meta property=\"og:image\" content=\"https:\/\/i0.wp.com\/total-sport.fr\/wp-content\/uploads\/Screenshot_20200703-212452_PicsArt.jpg?fit=1079%2C608&ssl=1\" \/>\n\t<meta property=\"og:image:width\" content=\"1079\" \/>\n\t<meta property=\"og:image:height\" content=\"608\" \/>\n\t<meta property=\"og:image:type\" content=\"image\/jpeg\" \/>\n<meta name=\"author\" content=\"Joly JEROME\" \/>\n<meta name=\"twitter:card\" content=\"summary_large_image\" \/>\n<meta name=\"twitter:creator\" content=\"@Total Sport TS\" \/>\n<meta name=\"twitter:label1\" content=\"\u00c9crit par\" \/>\n\t<meta name=\"twitter:data1\" content=\"Joly JEROME\" \/>\n\t<meta name=\"twitter:label2\" content=\"Dur\u00e9e de lecture estim\u00e9e\" \/>\n\t<meta name=\"twitter:data2\" content=\"2 minutes\" \/>\n<script type=\"application\/ld+json\" class=\"yoast-schema-graph\">{\"@context\":\"https:\/\/schema.org\",\"@graph\":[{\"@type\":\"WebPage\",\"@id\":\"https:\/\/total-sport.fr\/index.php\/2020\/07\/03\/foot-mercato-avec-5-nouvelles-recrues-le-sporting-club-fixe-son-objectif-pour-la-nouvelle-saison\/\",\"url\":\"https:\/\/total-sport.fr\/index.php\/2020\/07\/03\/foot-mercato-avec-5-nouvelles-recrues-le-sporting-club-fixe-son-objectif-pour-la-nouvelle-saison\/\",\"name\":\"Foot-Mercato : Avec 5 nouvelles recrues, le Sporting Club fixe son objectif pour la nouvelle saison. - Total Sports International (TSI)\",\"isPartOf\":{\"@id\":\"https:\/\/total-sport.fr\/#website\"},\"primaryImageOfPage\":{\"@id\":\"https:\/\/total-sport.fr\/index.php\/2020\/07\/03\/foot-mercato-avec-5-nouvelles-recrues-le-sporting-club-fixe-son-objectif-pour-la-nouvelle-saison\/#primaryimage\"},\"image\":{\"@id\":\"https:\/\/total-sport.fr\/index.php\/2020\/07\/03\/foot-mercato-avec-5-nouvelles-recrues-le-sporting-club-fixe-son-objectif-pour-la-nouvelle-saison\/#primaryimage\"},\"thumbnailUrl\":\"https:\/\/i0.wp.com\/total-sport.fr\/wp-content\/uploads\/Screenshot_20200703-212452_PicsArt.jpg?fit=1079%2C608&ssl=1\",\"datePublished\":\"2020-07-04T01:31:59+00:00\",\"dateModified\":\"2020-07-12T16:33:27+00:00\",\"author\":{\"@id\":\"https:\/\/total-sport.fr\/#\/schema\/person\/f9f5599f372b747441cd5d912824aba4\"},\"breadcrumb\":{\"@id\":\"https:\/\/total-sport.fr\/index.php\/2020\/07\/03\/foot-mercato-avec-5-nouvelles-recrues-le-sporting-club-fixe-son-objectif-pour-la-nouvelle-saison\/#breadcrumb\"},\"inLanguage\":\"fr-FR\",\"potentialAction\":[{\"@type\":\"ReadAction\",\"target\":[\"https:\/\/total-sport.fr\/index.php\/2020\/07\/03\/foot-mercato-avec-5-nouvelles-recrues-le-sporting-club-fixe-son-objectif-pour-la-nouvelle-saison\/\"]}]},{\"@type\":\"ImageObject\",\"inLanguage\":\"fr-FR\",\"@id\":\"https:\/\/total-sport.fr\/index.php\/2020\/07\/03\/foot-mercato-avec-5-nouvelles-recrues-le-sporting-club-fixe-son-objectif-pour-la-nouvelle-saison\/#primaryimage\",\"url\":\"https:\/\/i0.wp.com\/total-sport.fr\/wp-content\/uploads\/Screenshot_20200703-212452_PicsArt.jpg?fit=1079%2C608&ssl=1\",\"contentUrl\":\"https:\/\/i0.wp.com\/total-sport.fr\/wp-content\/uploads\/Screenshot_20200703-212452_PicsArt.jpg?fit=1079%2C608&ssl=1\",\"width\":1079,\"height\":608},{\"@type\":\"BreadcrumbList\",\"@id\":\"https:\/\/total-sport.fr\/index.php\/2020\/07\/03\/foot-mercato-avec-5-nouvelles-recrues-le-sporting-club-fixe-son-objectif-pour-la-nouvelle-saison\/#breadcrumb\",\"itemListElement\":[{\"@type\":\"ListItem\",\"position\":1,\"name\":\"Accueil\",\"item\":\"https:\/\/total-sport.fr\/\"},{\"@type\":\"ListItem\",\"position\":2,\"name\":\"Foot-Mercato : Avec 5 nouvelles recrues, le Sporting Club fixe son objectif pour la nouvelle saison.\"}]},{\"@type\":\"WebSite\",\"@id\":\"https:\/\/total-sport.fr\/#website\",\"url\":\"https:\/\/total-sport.fr\/\",\"name\":\"Total Sports International (TSI)\",\"description\":\"vous informer est notre priorit\u00e9, 7 jours sur 7 avec toujours le m\u00eame professionnalisme\",\"potentialAction\":[{\"@type\":\"SearchAction\",\"target\":{\"@type\":\"EntryPoint\",\"urlTemplate\":\"https:\/\/total-sport.fr\/?s={search_term_string}\"},\"query-input\":{\"@type\":\"PropertyValueSpecification\",\"valueRequired\":true,\"valueName\":\"search_term_string\"}}],\"inLanguage\":\"fr-FR\"},{\"@type\":\"Person\",\"@id\":\"https:\/\/total-sport.fr\/#\/schema\/person\/f9f5599f372b747441cd5d912824aba4\",\"name\":\"Joly JEROME\",\"image\":{\"@type\":\"ImageObject\",\"inLanguage\":\"fr-FR\",\"@id\":\"https:\/\/total-sport.fr\/#\/schema\/person\/image\/\",\"url\":\"https:\/\/secure.gravatar.com\/avatar\/33e98ca4065ab233074302dee778104df3e61a0f91ceba3d746e7e40dbe11f0d?s=96&d=mm&r=g\",\"contentUrl\":\"https:\/\/secure.gravatar.com\/avatar\/33e98ca4065ab233074302dee778104df3e61a0f91ceba3d746e7e40dbe11f0d?s=96&d=mm&r=g\",\"caption\":\"Joly JEROME\"},\"description\":\"Je suis Joly JEROME, passionn\u00e9 de la lecture et du Sport notamment le Football. Je suis Journaliste ind\u00e9pendant fougueux, s\u00e9rieux mettant ma plume \u00e0 votre service pour vous informer avec la v\u00e9rit\u00e9 comme boussole. Jolyjerome989@gmail.com \/0690 93 65 88\",\"sameAs\":[\"https:\/\/total-sport.fr\",\"https:\/\/www.facebook.com\/joly.jerometotalsport\",\"Joly_JJCA\",\"Total Sport ts\",\"https:\/\/x.com\/Total Sport TS\"],\"url\":\"https:\/\/total-sport.fr\/index.php\/author\/jolyjerome\/\"}]}<\/script>\n<!-- \/ Yoast SEO plugin. -->","yoast_head_json":{"title":"Foot-Mercato : Avec 5 nouvelles recrues, le Sporting Club fixe son objectif pour la nouvelle saison. - Total Sports International (TSI)","robots":{"index":"index","follow":"follow","max-snippet":"max-snippet:-1","max-image-preview":"max-image-preview:large","max-video-preview":"max-video-preview:-1"},"canonical":"https:\/\/total-sport.fr\/index.php\/2020\/07\/03\/foot-mercato-avec-5-nouvelles-recrues-le-sporting-club-fixe-son-objectif-pour-la-nouvelle-saison\/","og_locale":"fr_FR","og_type":"article","og_title":"Foot-Mercato : Avec 5 nouvelles recrues, le Sporting Club fixe son objectif pour la nouvelle saison. - Total Sports International (TSI)","og_description":"Le SPORTING Club de Baie-Mahault a pr\u00e9sent\u00e9 ses nouveaux joueurs ce jeudi 2 juillet 2020. Avec 5 renforts pour 3 d\u00e9parts le club entra\u00een\u00e9 par [...]","og_url":"https:\/\/total-sport.fr\/index.php\/2020\/07\/03\/foot-mercato-avec-5-nouvelles-recrues-le-sporting-club-fixe-son-objectif-pour-la-nouvelle-saison\/","og_site_name":"Total Sports International (TSI)","article_author":"https:\/\/www.facebook.com\/joly.jerometotalsport","article_published_time":"2020-07-04T01:31:59+00:00","article_modified_time":"2020-07-12T16:33:27+00:00","og_image":[{"width":1079,"height":608,"url":"https:\/\/i0.wp.com\/total-sport.fr\/wp-content\/uploads\/Screenshot_20200703-212452_PicsArt.jpg?fit=1079%2C608&ssl=1","type":"image\/jpeg"}],"author":"Joly JEROME","twitter_card":"summary_large_image","twitter_creator":"@Total Sport TS","twitter_misc":{"\u00c9crit par":"Joly JEROME","Dur\u00e9e de lecture estim\u00e9e":"2 minutes"},"schema":{"@context":"https:\/\/schema.org","@graph":[{"@type":"WebPage","@id":"https:\/\/total-sport.fr\/index.php\/2020\/07\/03\/foot-mercato-avec-5-nouvelles-recrues-le-sporting-club-fixe-son-objectif-pour-la-nouvelle-saison\/","url":"https:\/\/total-sport.fr\/index.php\/2020\/07\/03\/foot-mercato-avec-5-nouvelles-recrues-le-sporting-club-fixe-son-objectif-pour-la-nouvelle-saison\/","name":"Foot-Mercato : Avec 5 nouvelles recrues, le Sporting Club fixe son objectif pour la nouvelle saison. - Total Sports International (TSI)","isPartOf":{"@id":"https:\/\/total-sport.fr\/#website"},"primaryImageOfPage":{"@id":"https:\/\/total-sport.fr\/index.php\/2020\/07\/03\/foot-mercato-avec-5-nouvelles-recrues-le-sporting-club-fixe-son-objectif-pour-la-nouvelle-saison\/#primaryimage"},"image":{"@id":"https:\/\/total-sport.fr\/index.php\/2020\/07\/03\/foot-mercato-avec-5-nouvelles-recrues-le-sporting-club-fixe-son-objectif-pour-la-nouvelle-saison\/#primaryimage"},"thumbnailUrl":"https:\/\/i0.wp.com\/total-sport.fr\/wp-content\/uploads\/Screenshot_20200703-212452_PicsArt.jpg?fit=1079%2C608&ssl=1","datePublished":"2020-07-04T01:31:59+00:00","dateModified":"2020-07-12T16:33:27+00:00","author":{"@id":"https:\/\/total-sport.fr\/#\/schema\/person\/f9f5599f372b747441cd5d912824aba4"},"breadcrumb":{"@id":"https:\/\/total-sport.fr\/index.php\/2020\/07\/03\/foot-mercato-avec-5-nouvelles-recrues-le-sporting-club-fixe-son-objectif-pour-la-nouvelle-saison\/#breadcrumb"},"inLanguage":"fr-FR","potentialAction":[{"@type":"ReadAction","target":["https:\/\/total-sport.fr\/index.php\/2020\/07\/03\/foot-mercato-avec-5-nouvelles-recrues-le-sporting-club-fixe-son-objectif-pour-la-nouvelle-saison\/"]}]},{"@type":"ImageObject","inLanguage":"fr-FR","@id":"https:\/\/total-sport.fr\/index.php\/2020\/07\/03\/foot-mercato-avec-5-nouvelles-recrues-le-sporting-club-fixe-son-objectif-pour-la-nouvelle-saison\/#primaryimage","url":"https:\/\/i0.wp.com\/total-sport.fr\/wp-content\/uploads\/Screenshot_20200703-212452_PicsArt.jpg?fit=1079%2C608&ssl=1","contentUrl":"https:\/\/i0.wp.com\/total-sport.fr\/wp-content\/uploads\/Screenshot_20200703-212452_PicsArt.jpg?fit=1079%2C608&ssl=1","width":1079,"height":608},{"@type":"BreadcrumbList","@id":"https:\/\/total-sport.fr\/index.php\/2020\/07\/03\/foot-mercato-avec-5-nouvelles-recrues-le-sporting-club-fixe-son-objectif-pour-la-nouvelle-saison\/#breadcrumb","itemListElement":[{"@type":"ListItem","position":1,"name":"Accueil","item":"https:\/\/total-sport.fr\/"},{"@type":"ListItem","position":2,"name":"Foot-Mercato : Avec 5 nouvelles recrues, le Sporting Club fixe son objectif pour la nouvelle saison."}]},{"@type":"WebSite","@id":"https:\/\/total-sport.fr\/#website","url":"https:\/\/total-sport.fr\/","name":"Total Sports International (TSI)","description":"vous informer est notre priorit\u00e9, 7 jours sur 7 avec toujours le m\u00eame professionnalisme","potentialAction":[{"@type":"SearchAction","target":{"@type":"EntryPoint","urlTemplate":"https:\/\/total-sport.fr\/?s={search_term_string}"},"query-input":{"@type":"PropertyValueSpecification","valueRequired":true,"valueName":"search_term_string"}}],"inLanguage":"fr-FR"},{"@type":"Person","@id":"https:\/\/total-sport.fr\/#\/schema\/person\/f9f5599f372b747441cd5d912824aba4","name":"Joly JEROME","image":{"@type":"ImageObject","inLanguage":"fr-FR","@id":"https:\/\/total-sport.fr\/#\/schema\/person\/image\/","url":"https:\/\/secure.gravatar.com\/avatar\/33e98ca4065ab233074302dee778104df3e61a0f91ceba3d746e7e40dbe11f0d?s=96&d=mm&r=g","contentUrl":"https:\/\/secure.gravatar.com\/avatar\/33e98ca4065ab233074302dee778104df3e61a0f91ceba3d746e7e40dbe11f0d?s=96&d=mm&r=g","caption":"Joly JEROME"},"description":"Je suis Joly JEROME, passionn\u00e9 de la lecture et du Sport notamment le Football. Je suis Journaliste ind\u00e9pendant fougueux, s\u00e9rieux mettant ma plume \u00e0 votre service pour vous informer avec la v\u00e9rit\u00e9 comme boussole. Jolyjerome989@gmail.com \/0690 93 65 88","sameAs":["https:\/\/total-sport.fr","https:\/\/www.facebook.com\/joly.jerometotalsport","Joly_JJCA","Total Sport ts","https:\/\/x.com\/Total Sport TS"],"url":"https:\/\/total-sport.fr\/index.php\/author\/jolyjerome\/"}]}},"jetpack_publicize_connections":[],"jetpack_featured_media_url":"https:\/\/i0.wp.com\/total-sport.fr\/wp-content\/uploads\/Screenshot_20200703-212452_PicsArt.jpg?fit=1079%2C608&ssl=1","jetpack_sharing_enabled":true,"jetpack_shortlink":"https:\/\/wp.me\/paF0J8-O0","jetpack-related-posts":[{"id":4229,"url":"https:\/\/total-sport.fr\/index.php\/2022\/09\/12\/foot-r1-sporting-et-etoile-leaders-as-gosier-devastee-par-la-gauloise\/","url_meta":{"origin":3100,"position":0},"title":"Foot-R1: SPORTING et \u00c9TOILE leaders, AS Gosier d\u00e9vast\u00e9e par la GAULOISE !","author":"Joly JEROME","date":"12 septembre 2022","format":false,"excerpt":"Les filets ont trembl\u00e9 pour le compte de la 2\u00e8me journ\u00e9e de la R1 Vito. Le Sporting Club de Baie-Mahault et L'\u00c9toile de Morne \u00e0 l'eau sont au commande de leur groupe respectif, alors que l'AS GOSIER \u00e9tait inpuissante face au gaulois en d\u00e9monstration 1-7. Voici le compte rendu de\u2026","rel":"","context":"Dans &quot;R1&quot;","block_context":{"text":"R1","link":"https:\/\/total-sport.fr\/index.php\/category\/r1\/"},"img":{"alt_text":"","src":"https:\/\/i0.wp.com\/total-sport.fr\/wp-content\/uploads\/FB_IMG_1662995484452.jpg?fit=1080%2C603&ssl=1&resize=350%2C200","width":350,"height":200,"srcset":"https:\/\/i0.wp.com\/total-sport.fr\/wp-content\/uploads\/FB_IMG_1662995484452.jpg?fit=1080%2C603&ssl=1&resize=350%2C200 1x, https:\/\/i0.wp.com\/total-sport.fr\/wp-content\/uploads\/FB_IMG_1662995484452.jpg?fit=1080%2C603&ssl=1&resize=525%2C300 1.5x, https:\/\/i0.wp.com\/total-sport.fr\/wp-content\/uploads\/FB_IMG_1662995484452.jpg?fit=1080%2C603&ssl=1&resize=700%2C400 2x, https:\/\/i0.wp.com\/total-sport.fr\/wp-content\/uploads\/FB_IMG_1662995484452.jpg?fit=1080%2C603&ssl=1&resize=1050%2C600 3x"},"classes":[]},{"id":1230,"url":"https:\/\/total-sport.fr\/index.php\/2019\/07\/06\/foot-mercato-raymond-cavare-est-le-nouvel-entraineur-de-letoile-de-morne-a-leau\/","url_meta":{"origin":3100,"position":1},"title":"Foot-Mercato : Raymond CAVARE est le nouvel entra\u00eeneur de L&rsquo;\u00c9TOILE de Morne \u00e0 l&rsquo;eau","author":"Joly JEROME","date":"6 juillet 2019","format":false,"excerpt":"Les dirigeants de L'\u00c9TOILE de Morne \u00e0 l'eau ont annonc\u00e9 de fa\u00e7on officielle, la signature de Raymond CAVARE, l'ancien entra\u00eeneur de la Juventus de Saint-Anne va remplacer ST\u00c9PHANE FRANCI limog\u00e9 pour insuffisance de r\u00e9sultat. St\u00e9phane FRANCI, ex entra\u00eeneur de L'\u00c9TOILE de Morne \u00e0 l'eau Rel\u00e9gu\u00e9 en R\u00e9gionale 2 cette saison,\u2026","rel":"","context":"Dans &quot;Foot MERCATO&quot;","block_context":{"text":"Foot MERCATO","link":"https:\/\/total-sport.fr\/index.php\/category\/foot-mercato\/"},"img":{"alt_text":"","src":"https:\/\/i0.wp.com\/total-sport.fr\/wp-content\/uploads\/2019\/07\/20190706_122854.jpg?fit=1080%2C602&ssl=1&resize=350%2C200","width":350,"height":200,"srcset":"https:\/\/i0.wp.com\/total-sport.fr\/wp-content\/uploads\/2019\/07\/20190706_122854.jpg?fit=1080%2C602&ssl=1&resize=350%2C200 1x, https:\/\/i0.wp.com\/total-sport.fr\/wp-content\/uploads\/2019\/07\/20190706_122854.jpg?fit=1080%2C602&ssl=1&resize=525%2C300 1.5x, https:\/\/i0.wp.com\/total-sport.fr\/wp-content\/uploads\/2019\/07\/20190706_122854.jpg?fit=1080%2C602&ssl=1&resize=700%2C400 2x, https:\/\/i0.wp.com\/total-sport.fr\/wp-content\/uploads\/2019\/07\/20190706_122854.jpg?fit=1080%2C602&ssl=1&resize=1050%2C600 3x"},"classes":[]},{"id":3022,"url":"https:\/\/total-sport.fr\/index.php\/2020\/06\/20\/foot-mercato-usbm-tient-sa-premiere-recrue-deux-renforts-au-stade-lamentinois-le-phare-signe-vidian-valerius-usr-perd-un-premier-soldat\/","url_meta":{"origin":3100,"position":2},"title":"Foot-Mercato: USBM tient sa premi\u00e8re recrue, deux renforts au Stade Lamentinois, le PHARE signe Vidian VALERIUS, USR perd un premier soldat","author":"Joly JEROME","date":"20 juin 2020","format":false,"excerpt":"\u00c7a y est, on est dans le vif du mercato. Les clubs ont compris la n\u00e9cessit\u00e9 de se renforcer pour l'exercice 2020-2021, qui s'annonce difficile et compliqu\u00e9e. L'USBM qui a perdu deux joueurs \u00e0 vocation offensive n'a pas mis du temps pour trouver sa premi\u00e8re recrue. Le Stade Lamentinois pour\u2026","rel":"","context":"Dans &quot;Foot MERCATO&quot;","block_context":{"text":"Foot MERCATO","link":"https:\/\/total-sport.fr\/index.php\/category\/foot-mercato\/"},"img":{"alt_text":"","src":"https:\/\/i0.wp.com\/total-sport.fr\/wp-content\/uploads\/4176165-1.jpeg?fit=555%2C370&ssl=1&resize=350%2C200","width":350,"height":200,"srcset":"https:\/\/i0.wp.com\/total-sport.fr\/wp-content\/uploads\/4176165-1.jpeg?fit=555%2C370&ssl=1&resize=350%2C200 1x, https:\/\/i0.wp.com\/total-sport.fr\/wp-content\/uploads\/4176165-1.jpeg?fit=555%2C370&ssl=1&resize=525%2C300 1.5x"},"classes":[]},{"id":3678,"url":"https:\/\/total-sport.fr\/index.php\/2021\/06\/06\/foot-mercato-la-redstar-soffre-5-recrues-as-gosier-perd-2-pions-offen\/","url_meta":{"origin":3100,"position":3},"title":"Foot-Mercato: La REDSTAR s&rsquo;offre 5 recrues, AS GOSIER perd 2 pions offensifs","author":"Joly JEROME","date":"6 juin 2021","format":false,"excerpt":"Le SPORTING Club et la REDSTAR ont d\u00e9clench\u00e9 les hostilit\u00e9s sur le march\u00e9 des transferts pour la saison 2021-2022 en Guadeloupe. Le club de calvaire a enregistr\u00e9 le retour de Jean-Mary VOLMAR dit Kabrini, alors que la REDSTAR s'offre une manita de recrue, de quoi bien lancer le Mercato. FABIEN\u2026","rel":"","context":"Dans &quot;Foot MERCATO&quot;","block_context":{"text":"Foot MERCATO","link":"https:\/\/total-sport.fr\/index.php\/category\/foot-mercato\/"},"img":{"alt_text":"","src":"https:\/\/i0.wp.com\/total-sport.fr\/wp-content\/uploads\/PicsArt_06-06-11.36.02.jpg?fit=984%2C720&ssl=1&resize=350%2C200","width":350,"height":200,"srcset":"https:\/\/i0.wp.com\/total-sport.fr\/wp-content\/uploads\/PicsArt_06-06-11.36.02.jpg?fit=984%2C720&ssl=1&resize=350%2C200 1x, https:\/\/i0.wp.com\/total-sport.fr\/wp-content\/uploads\/PicsArt_06-06-11.36.02.jpg?fit=984%2C720&ssl=1&resize=525%2C300 1.5x, https:\/\/i0.wp.com\/total-sport.fr\/wp-content\/uploads\/PicsArt_06-06-11.36.02.jpg?fit=984%2C720&ssl=1&resize=700%2C400 2x"},"classes":[]},{"id":4497,"url":"https:\/\/total-sport.fr\/index.php\/2023\/06\/23\/foot-le-sporting-club-domine-la-coupe-sem-patrimoniale\/","url_meta":{"origin":3100,"position":4},"title":"Foot: Le SPORTING CLUB domine la coupe SEM PATRIMONIALE !!","author":"Joly JEROME","date":"23 juin 2023","format":false,"excerpt":"Le SPORTING CLUB de Baie-Mahault r\u00e9alise sa meilleure saison depuis son existence. Avec un doubl\u00e9 en coupe SEM PATRIMONIALE r\u00e9gion Guadeloupe, un septi\u00e8me tour de la coupe de France et maintien en R1 Vito, l'\u00e9quipe pr\u00e9sid\u00e9e par Maximin Lefebvre r\u00e9alise une saison exceptionnelle. Apr\u00e8s avoir \u00e9t\u00e9 battu aux tirs aux\u2026","rel":"","context":"Dans &quot;coupe R\u00e9gion Guadeloupe&quot;","block_context":{"text":"coupe R\u00e9gion Guadeloupe","link":"https:\/\/total-sport.fr\/index.php\/category\/coupes\/coupe-region-guadeloupe\/"},"img":{"alt_text":"","src":"https:\/\/i0.wp.com\/total-sport.fr\/wp-content\/uploads\/FB_IMG_1687460514620.jpg?fit=994%2C526&ssl=1&resize=350%2C200","width":350,"height":200,"srcset":"https:\/\/i0.wp.com\/total-sport.fr\/wp-content\/uploads\/FB_IMG_1687460514620.jpg?fit=994%2C526&ssl=1&resize=350%2C200 1x, https:\/\/i0.wp.com\/total-sport.fr\/wp-content\/uploads\/FB_IMG_1687460514620.jpg?fit=994%2C526&ssl=1&resize=525%2C300 1.5x, https:\/\/i0.wp.com\/total-sport.fr\/wp-content\/uploads\/FB_IMG_1687460514620.jpg?fit=994%2C526&ssl=1&resize=700%2C400 2x"},"classes":[]},{"id":4708,"url":"https:\/\/total-sport.fr\/index.php\/2024\/03\/14\/foot-r1-guadeloupe-sporting-csm-un-duel-decisif-pour-le-titre\/","url_meta":{"origin":3100,"position":5},"title":"Foot-R1-Guadeloupe: SPORTING-CSM, un duel d\u00e9cisif pour le titre ?","author":"Joly JEROME","date":"14 mars 2024","format":false,"excerpt":"Le Sporting Club leader de la R\u00e9gionale 1 avec un match de plus que son futur adversaire, affronte le troisi\u00e8me, le Club Sportif Moulien, ce samedi \u00e0 15h30 au stade Fiesque Duchesne \u00e0 Baie-mahault dans le cadre de la 22\u00e8me journ\u00e9e de la R\u00e9gionale 1 Vito. Un match d\u00e9cisif dans\u2026","rel":"","context":"Dans &quot;R1&quot;","block_context":{"text":"R1","link":"https:\/\/total-sport.fr\/index.php\/category\/r1\/"},"img":{"alt_text":"","src":"https:\/\/i0.wp.com\/total-sport.fr\/wp-content\/uploads\/Screenshot_20240314_072343_Facebook.jpg?fit=1080%2C533&ssl=1&resize=350%2C200","width":350,"height":200,"srcset":"https:\/\/i0.wp.com\/total-sport.fr\/wp-content\/uploads\/Screenshot_20240314_072343_Facebook.jpg?fit=1080%2C533&ssl=1&resize=350%2C200 1x, https:\/\/i0.wp.com\/total-sport.fr\/wp-content\/uploads\/Screenshot_20240314_072343_Facebook.jpg?fit=1080%2C533&ssl=1&resize=525%2C300 1.5x, https:\/\/i0.wp.com\/total-sport.fr\/wp-content\/uploads\/Screenshot_20240314_072343_Facebook.jpg?fit=1080%2C533&ssl=1&resize=700%2C400 2x, https:\/\/i0.wp.com\/total-sport.fr\/wp-content\/uploads\/Screenshot_20240314_072343_Facebook.jpg?fit=1080%2C533&ssl=1&resize=1050%2C600 3x"},"classes":[]}],"jetpack_likes_enabled":true,"_links":{"self":[{"href":"https:\/\/total-sport.fr\/index.php\/wp-json\/wp\/v2\/posts\/3100","targetHints":{"allow":["GET"]}}],"collection":[{"href":"https:\/\/total-sport.fr\/index.php\/wp-json\/wp\/v2\/posts"}],"about":[{"href":"https:\/\/total-sport.fr\/index.php\/wp-json\/wp\/v2\/types\/post"}],"author":[{"embeddable":true,"href":"https:\/\/total-sport.fr\/index.php\/wp-json\/wp\/v2\/users\/2"}],"replies":[{"embeddable":true,"href":"https:\/\/total-sport.fr\/index.php\/wp-json\/wp\/v2\/comments?post=3100"}],"version-history":[{"count":11,"href":"https:\/\/total-sport.fr\/index.php\/wp-json\/wp\/v2\/posts\/3100\/revisions"}],"predecessor-version":[{"id":3115,"href":"https:\/\/total-sport.fr\/index.php\/wp-json\/wp\/v2\/posts\/3100\/revisions\/3115"}],"wp:featuredmedia":[{"embeddable":true,"href":"https:\/\/total-sport.fr\/index.php\/wp-json\/wp\/v2\/media\/3114"}],"wp:attachment":[{"href":"https:\/\/total-sport.fr\/index.php\/wp-json\/wp\/v2\/media?parent=3100"}],"wp:term":[{"taxonomy":"category","embeddable":true,"href":"https:\/\/total-sport.fr\/index.php\/wp-json\/wp\/v2\/categories?post=3100"},{"taxonomy":"post_tag","embeddable":true,"href":"https:\/\/total-sport.fr\/index.php\/wp-json\/wp\/v2\/tags?post=3100"}],"curies":[{"name":"wp","href":"https:\/\/api.w.org\/{rel}","templated":true}]}}