{"id":3005,"date":"2020-06-18T18:33:45","date_gmt":"2020-06-18T22:33:45","guid":{"rendered":"http:\/\/total-sport.fr\/?p=3005"},"modified":"2020-07-26T11:33:40","modified_gmt":"2020-07-26T15:33:40","slug":"foot-mercato-la-solidarite-scolaire-allume-la-premiere-meche-du-mercato-en-guadeloupe","status":"publish","type":"post","link":"https:\/\/total-sport.fr\/index.php\/2020\/06\/18\/foot-mercato-la-solidarite-scolaire-allume-la-premiere-meche-du-mercato-en-guadeloupe\/","title":{"rendered":"Foot-Mercato: La Solidarit\u00e9 Scolaire allume la premi\u00e8re m\u00e8che du mercato en Guadeloupe."},"content":{"rendered":"\n<p><strong>C&rsquo;est un Mercato qui s&rsquo;annonce tr\u00e8s mouvement\u00e9 en Guadeloupe. Les clubs de la R1 et R2 sont tr\u00e8s actifs en ce d\u00e9but du march\u00e9 des transferts, dans l&rsquo;objectif de se renforcer pour la nouvelle exercice. La Solidarit\u00e9 Scolaire qui a termin\u00e9 \u00e0 la 8\u00e8me place du championnat (R1) la saison derni\u00e8re, a frapp\u00e9 fort, en signant le meilleur buteur du championnat Rapha\u00ebl MIRVAL et deux autres joueurs. <\/strong><\/p>\n\n\n\n<p>La Solidarit\u00e9 Scolaire a lanc\u00e9 la meilleure des fa\u00e7ons son mercato, en faisant signer le double meilleur buteur de r\u00e9gionale 1 de la Guadeloupe. C&rsquo;est une page qui est tourn\u00e9e, le divorce est consomm\u00e9 entre Rapha\u00ebl MIRVAL et Union Sportive Baie-Mahaultienne. Convoit\u00e9 par de nombreux clubs, contre toute attente c&rsquo;est \u00e0 la Solidarit\u00e9 Scolaire que le RAPH4 est all\u00e9 d\u00e9poser ses valises pour l&rsquo;exercice 2020-2021. <\/p>\n\n\n\n<figure class=\"wp-block-image size-large\"><img loading=\"lazy\" decoding=\"async\" width=\"1200\" height=\"1600\" data-attachment-id=\"3013\" data-permalink=\"https:\/\/total-sport.fr\/index.php\/2020\/06\/18\/foot-mercato-la-solidarite-scolaire-allume-la-premiere-meche-du-mercato-en-guadeloupe\/img-20200618-wa0060\/\" data-orig-file=\"https:\/\/i0.wp.com\/total-sport.fr\/wp-content\/uploads\/IMG-20200618-WA0060.jpg?fit=1200%2C1600&amp;ssl=1\" data-orig-size=\"1200,1600\" data-comments-opened=\"1\" data-image-meta=\"{&quot;aperture&quot;:&quot;0&quot;,&quot;credit&quot;:&quot;&quot;,&quot;camera&quot;:&quot;&quot;,&quot;caption&quot;:&quot;&quot;,&quot;created_timestamp&quot;:&quot;0&quot;,&quot;copyright&quot;:&quot;&quot;,&quot;focal_length&quot;:&quot;0&quot;,&quot;iso&quot;:&quot;0&quot;,&quot;shutter_speed&quot;:&quot;0&quot;,&quot;title&quot;:&quot;&quot;,&quot;orientation&quot;:&quot;0&quot;}\" data-image-title=\"IMG-20200618-WA0060\" data-image-description=\"\" data-image-caption=\"\" data-large-file=\"https:\/\/i0.wp.com\/total-sport.fr\/wp-content\/uploads\/IMG-20200618-WA0060.jpg?fit=768%2C1024&amp;ssl=1\" src=\"https:\/\/i1.wp.com\/total-sport.fr\/wp-content\/uploads\/IMG-20200618-WA0060.jpg?fit=768%2C1024&amp;ssl=1\" alt=\"\" class=\"wp-image-3013\" srcset=\"https:\/\/i0.wp.com\/total-sport.fr\/wp-content\/uploads\/IMG-20200618-WA0060.jpg?w=1200&amp;ssl=1 1200w, https:\/\/i0.wp.com\/total-sport.fr\/wp-content\/uploads\/IMG-20200618-WA0060.jpg?resize=225%2C300&amp;ssl=1 225w, https:\/\/i0.wp.com\/total-sport.fr\/wp-content\/uploads\/IMG-20200618-WA0060.jpg?resize=768%2C1024&amp;ssl=1 768w, https:\/\/i0.wp.com\/total-sport.fr\/wp-content\/uploads\/IMG-20200618-WA0060.jpg?resize=1152%2C1536&amp;ssl=1 1152w\" sizes=\"auto, (max-width: 1000px) 100vw, 1000px\" \/><figcaption><strong>Rapha\u00ebl MIRVAL et les deux autres recrues de la SS<\/strong> <\/figcaption><\/figure>\n\n\n\n<p>Double meilleur buteur de la R1 avec l&rsquo;USBM, Rapha\u00ebl MIRVAL 24 ans, 1m85 pour 77 kg jouera bien sous les couleurs de la <strong>SS <\/strong>la saison prochaine.  Form\u00e9 \u00e0 l&rsquo;USBM, l&rsquo;attaquant des Gwadaboys est sign\u00e9 avec les Pointois ce mercredi soir. Selon nos informations, un homme d&rsquo;affaire serait \u00e0 l&rsquo;origine de cette signature. <\/p>\n\n\n\n<p>Il faut dire aussi, MIRVAL n&rsquo;est pas le seul \u00e0 signer avec la Solidarit\u00e9 Scolaire, Yaron ATLAN ancien joueur de L&rsquo;AS GOSIER et le gardien de but Jean Bichara ont \u00e9galement paraph\u00e9 avec le club pointois. <\/p>\n\n\n\n<p><strong>Raphael MIRVAL, pourquoi vous quittez USBM, une \u00e9quipe qui joue le titre ces derni\u00e8res saisons, et quel est votre objectif avec la Solidarit\u00e9 Scolaire <\/strong>?<\/p>\n\n\n\n<p>\u300a <em>Je signe \u00e0 la Solidarit\u00e9 Scolaire pour les aider \u00e0 jouer le maintien. Avant que L&rsquo;USBM jouait le titre, elle aussi \u00e9tait une \u00e9quipe qui jouait le maintien<\/em> \u300b.<\/p>\n\n\n\n<p>Photo couverture : LGF <\/p>\n","protected":false},"excerpt":{"rendered":"<div class=\"mh-excerpt\"><p>C&rsquo;est un Mercato qui s&rsquo;annonce tr\u00e8s mouvement\u00e9 en Guadeloupe. Les clubs de la R1 et R2 sont tr\u00e8s actifs en ce d\u00e9but du march\u00e9 des <a class=\"mh-excerpt-more\" href=\"https:\/\/total-sport.fr\/index.php\/2020\/06\/18\/foot-mercato-la-solidarite-scolaire-allume-la-premiere-meche-du-mercato-en-guadeloupe\/\" title=\"Foot-Mercato: La Solidarit\u00e9 Scolaire allume la premi\u00e8re m\u00e8che du mercato en Guadeloupe.\">[&#8230;]<\/a><\/p>\n<\/div>","protected":false},"author":2,"featured_media":3010,"comment_status":"open","ping_status":"open","sticky":false,"template":"","format":"standard","meta":{"jetpack_post_was_ever_published":false,"_jetpack_newsletter_access":"","_jetpack_dont_email_post_to_subs":false,"_jetpack_newsletter_tier_id":0,"_jetpack_memberships_contains_paywalled_content":false,"_jetpack_memberships_contains_paid_content":false,"footnotes":"","jetpack_publicize_message":"","jetpack_publicize_feature_enabled":true,"jetpack_social_post_already_shared":true,"jetpack_social_options":{"image_generator_settings":{"template":"highway","default_image_id":0,"font":"","enabled":false},"version":2}},"categories":[19],"tags":[],"class_list":["post-3005","post","type-post","status-publish","format-standard","has-post-thumbnail","hentry","category-foot-mercato"],"yoast_head":"<!-- This site is optimized with the Yoast SEO plugin v24.9 - https:\/\/yoast.com\/wordpress\/plugins\/seo\/ -->\n<title>Foot-Mercato: La Solidarit\u00e9 Scolaire allume la premi\u00e8re m\u00e8che du mercato en Guadeloupe. - Total Sports International (TSI)<\/title>\n<meta name=\"robots\" content=\"index, follow, max-snippet:-1, max-image-preview:large, max-video-preview:-1\" \/>\n<link rel=\"canonical\" href=\"https:\/\/total-sport.fr\/index.php\/2020\/06\/18\/foot-mercato-la-solidarite-scolaire-allume-la-premiere-meche-du-mercato-en-guadeloupe\/\" \/>\n<meta property=\"og:locale\" content=\"fr_FR\" \/>\n<meta property=\"og:type\" content=\"article\" \/>\n<meta property=\"og:title\" content=\"Foot-Mercato: La Solidarit\u00e9 Scolaire allume la premi\u00e8re m\u00e8che du mercato en Guadeloupe. - Total Sports International (TSI)\" \/>\n<meta property=\"og:description\" content=\"C&rsquo;est un Mercato qui s&rsquo;annonce tr\u00e8s mouvement\u00e9 en Guadeloupe. Les clubs de la R1 et R2 sont tr\u00e8s actifs en ce d\u00e9but du march\u00e9 des [...]\" \/>\n<meta property=\"og:url\" content=\"https:\/\/total-sport.fr\/index.php\/2020\/06\/18\/foot-mercato-la-solidarite-scolaire-allume-la-premiere-meche-du-mercato-en-guadeloupe\/\" \/>\n<meta property=\"og:site_name\" content=\"Total Sports International (TSI)\" \/>\n<meta property=\"article:author\" content=\"https:\/\/www.facebook.com\/joly.jerometotalsport\" \/>\n<meta property=\"article:published_time\" content=\"2020-06-18T22:33:45+00:00\" \/>\n<meta property=\"article:modified_time\" content=\"2020-07-26T15:33:40+00:00\" \/>\n<meta property=\"og:image\" content=\"https:\/\/i0.wp.com\/total-sport.fr\/wp-content\/uploads\/MIRVAL2.jpg?fit=800%2C534&ssl=1\" \/>\n\t<meta property=\"og:image:width\" content=\"800\" \/>\n\t<meta property=\"og:image:height\" content=\"534\" \/>\n\t<meta property=\"og:image:type\" content=\"image\/jpeg\" \/>\n<meta name=\"author\" content=\"Joly JEROME\" \/>\n<meta name=\"twitter:card\" content=\"summary_large_image\" \/>\n<meta name=\"twitter:creator\" content=\"@Total Sport TS\" \/>\n<meta name=\"twitter:label1\" content=\"\u00c9crit par\" \/>\n\t<meta name=\"twitter:data1\" content=\"Joly JEROME\" \/>\n\t<meta name=\"twitter:label2\" content=\"Dur\u00e9e de lecture estim\u00e9e\" \/>\n\t<meta name=\"twitter:data2\" content=\"1 minute\" \/>\n<script type=\"application\/ld+json\" class=\"yoast-schema-graph\">{\"@context\":\"https:\/\/schema.org\",\"@graph\":[{\"@type\":\"WebPage\",\"@id\":\"https:\/\/total-sport.fr\/index.php\/2020\/06\/18\/foot-mercato-la-solidarite-scolaire-allume-la-premiere-meche-du-mercato-en-guadeloupe\/\",\"url\":\"https:\/\/total-sport.fr\/index.php\/2020\/06\/18\/foot-mercato-la-solidarite-scolaire-allume-la-premiere-meche-du-mercato-en-guadeloupe\/\",\"name\":\"Foot-Mercato: La Solidarit\u00e9 Scolaire allume la premi\u00e8re m\u00e8che du mercato en Guadeloupe. - Total Sports International (TSI)\",\"isPartOf\":{\"@id\":\"https:\/\/total-sport.fr\/#website\"},\"primaryImageOfPage\":{\"@id\":\"https:\/\/total-sport.fr\/index.php\/2020\/06\/18\/foot-mercato-la-solidarite-scolaire-allume-la-premiere-meche-du-mercato-en-guadeloupe\/#primaryimage\"},\"image\":{\"@id\":\"https:\/\/total-sport.fr\/index.php\/2020\/06\/18\/foot-mercato-la-solidarite-scolaire-allume-la-premiere-meche-du-mercato-en-guadeloupe\/#primaryimage\"},\"thumbnailUrl\":\"https:\/\/i0.wp.com\/total-sport.fr\/wp-content\/uploads\/MIRVAL2.jpg?fit=800%2C534&ssl=1\",\"datePublished\":\"2020-06-18T22:33:45+00:00\",\"dateModified\":\"2020-07-26T15:33:40+00:00\",\"author\":{\"@id\":\"https:\/\/total-sport.fr\/#\/schema\/person\/f9f5599f372b747441cd5d912824aba4\"},\"breadcrumb\":{\"@id\":\"https:\/\/total-sport.fr\/index.php\/2020\/06\/18\/foot-mercato-la-solidarite-scolaire-allume-la-premiere-meche-du-mercato-en-guadeloupe\/#breadcrumb\"},\"inLanguage\":\"fr-FR\",\"potentialAction\":[{\"@type\":\"ReadAction\",\"target\":[\"https:\/\/total-sport.fr\/index.php\/2020\/06\/18\/foot-mercato-la-solidarite-scolaire-allume-la-premiere-meche-du-mercato-en-guadeloupe\/\"]}]},{\"@type\":\"ImageObject\",\"inLanguage\":\"fr-FR\",\"@id\":\"https:\/\/total-sport.fr\/index.php\/2020\/06\/18\/foot-mercato-la-solidarite-scolaire-allume-la-premiere-meche-du-mercato-en-guadeloupe\/#primaryimage\",\"url\":\"https:\/\/i0.wp.com\/total-sport.fr\/wp-content\/uploads\/MIRVAL2.jpg?fit=800%2C534&ssl=1\",\"contentUrl\":\"https:\/\/i0.wp.com\/total-sport.fr\/wp-content\/uploads\/MIRVAL2.jpg?fit=800%2C534&ssl=1\",\"width\":800,\"height\":534},{\"@type\":\"BreadcrumbList\",\"@id\":\"https:\/\/total-sport.fr\/index.php\/2020\/06\/18\/foot-mercato-la-solidarite-scolaire-allume-la-premiere-meche-du-mercato-en-guadeloupe\/#breadcrumb\",\"itemListElement\":[{\"@type\":\"ListItem\",\"position\":1,\"name\":\"Accueil\",\"item\":\"https:\/\/total-sport.fr\/\"},{\"@type\":\"ListItem\",\"position\":2,\"name\":\"Foot-Mercato: La Solidarit\u00e9 Scolaire allume la premi\u00e8re m\u00e8che du mercato en Guadeloupe.\"}]},{\"@type\":\"WebSite\",\"@id\":\"https:\/\/total-sport.fr\/#website\",\"url\":\"https:\/\/total-sport.fr\/\",\"name\":\"Total Sports International (TSI)\",\"description\":\"vous informer est notre priorit\u00e9, 7 jours sur 7 avec toujours le m\u00eame professionnalisme\",\"potentialAction\":[{\"@type\":\"SearchAction\",\"target\":{\"@type\":\"EntryPoint\",\"urlTemplate\":\"https:\/\/total-sport.fr\/?s={search_term_string}\"},\"query-input\":{\"@type\":\"PropertyValueSpecification\",\"valueRequired\":true,\"valueName\":\"search_term_string\"}}],\"inLanguage\":\"fr-FR\"},{\"@type\":\"Person\",\"@id\":\"https:\/\/total-sport.fr\/#\/schema\/person\/f9f5599f372b747441cd5d912824aba4\",\"name\":\"Joly JEROME\",\"image\":{\"@type\":\"ImageObject\",\"inLanguage\":\"fr-FR\",\"@id\":\"https:\/\/total-sport.fr\/#\/schema\/person\/image\/\",\"url\":\"https:\/\/secure.gravatar.com\/avatar\/33e98ca4065ab233074302dee778104df3e61a0f91ceba3d746e7e40dbe11f0d?s=96&d=mm&r=g\",\"contentUrl\":\"https:\/\/secure.gravatar.com\/avatar\/33e98ca4065ab233074302dee778104df3e61a0f91ceba3d746e7e40dbe11f0d?s=96&d=mm&r=g\",\"caption\":\"Joly JEROME\"},\"description\":\"Je suis Joly JEROME, passionn\u00e9 de la lecture et du Sport notamment le Football. Je suis Journaliste ind\u00e9pendant fougueux, s\u00e9rieux mettant ma plume \u00e0 votre service pour vous informer avec la v\u00e9rit\u00e9 comme boussole. Jolyjerome989@gmail.com \/0690 93 65 88\",\"sameAs\":[\"https:\/\/total-sport.fr\",\"https:\/\/www.facebook.com\/joly.jerometotalsport\",\"Joly_JJCA\",\"Total Sport ts\",\"https:\/\/x.com\/Total Sport TS\"],\"url\":\"https:\/\/total-sport.fr\/index.php\/author\/jolyjerome\/\"}]}<\/script>\n<!-- \/ Yoast SEO plugin. -->","yoast_head_json":{"title":"Foot-Mercato: La Solidarit\u00e9 Scolaire allume la premi\u00e8re m\u00e8che du mercato en Guadeloupe. - Total Sports International (TSI)","robots":{"index":"index","follow":"follow","max-snippet":"max-snippet:-1","max-image-preview":"max-image-preview:large","max-video-preview":"max-video-preview:-1"},"canonical":"https:\/\/total-sport.fr\/index.php\/2020\/06\/18\/foot-mercato-la-solidarite-scolaire-allume-la-premiere-meche-du-mercato-en-guadeloupe\/","og_locale":"fr_FR","og_type":"article","og_title":"Foot-Mercato: La Solidarit\u00e9 Scolaire allume la premi\u00e8re m\u00e8che du mercato en Guadeloupe. - Total Sports International (TSI)","og_description":"C&rsquo;est un Mercato qui s&rsquo;annonce tr\u00e8s mouvement\u00e9 en Guadeloupe. Les clubs de la R1 et R2 sont tr\u00e8s actifs en ce d\u00e9but du march\u00e9 des [...]","og_url":"https:\/\/total-sport.fr\/index.php\/2020\/06\/18\/foot-mercato-la-solidarite-scolaire-allume-la-premiere-meche-du-mercato-en-guadeloupe\/","og_site_name":"Total Sports International (TSI)","article_author":"https:\/\/www.facebook.com\/joly.jerometotalsport","article_published_time":"2020-06-18T22:33:45+00:00","article_modified_time":"2020-07-26T15:33:40+00:00","og_image":[{"width":800,"height":534,"url":"https:\/\/i0.wp.com\/total-sport.fr\/wp-content\/uploads\/MIRVAL2.jpg?fit=800%2C534&ssl=1","type":"image\/jpeg"}],"author":"Joly JEROME","twitter_card":"summary_large_image","twitter_creator":"@Total Sport TS","twitter_misc":{"\u00c9crit par":"Joly JEROME","Dur\u00e9e de lecture estim\u00e9e":"1 minute"},"schema":{"@context":"https:\/\/schema.org","@graph":[{"@type":"WebPage","@id":"https:\/\/total-sport.fr\/index.php\/2020\/06\/18\/foot-mercato-la-solidarite-scolaire-allume-la-premiere-meche-du-mercato-en-guadeloupe\/","url":"https:\/\/total-sport.fr\/index.php\/2020\/06\/18\/foot-mercato-la-solidarite-scolaire-allume-la-premiere-meche-du-mercato-en-guadeloupe\/","name":"Foot-Mercato: La Solidarit\u00e9 Scolaire allume la premi\u00e8re m\u00e8che du mercato en Guadeloupe. - Total Sports International (TSI)","isPartOf":{"@id":"https:\/\/total-sport.fr\/#website"},"primaryImageOfPage":{"@id":"https:\/\/total-sport.fr\/index.php\/2020\/06\/18\/foot-mercato-la-solidarite-scolaire-allume-la-premiere-meche-du-mercato-en-guadeloupe\/#primaryimage"},"image":{"@id":"https:\/\/total-sport.fr\/index.php\/2020\/06\/18\/foot-mercato-la-solidarite-scolaire-allume-la-premiere-meche-du-mercato-en-guadeloupe\/#primaryimage"},"thumbnailUrl":"https:\/\/i0.wp.com\/total-sport.fr\/wp-content\/uploads\/MIRVAL2.jpg?fit=800%2C534&ssl=1","datePublished":"2020-06-18T22:33:45+00:00","dateModified":"2020-07-26T15:33:40+00:00","author":{"@id":"https:\/\/total-sport.fr\/#\/schema\/person\/f9f5599f372b747441cd5d912824aba4"},"breadcrumb":{"@id":"https:\/\/total-sport.fr\/index.php\/2020\/06\/18\/foot-mercato-la-solidarite-scolaire-allume-la-premiere-meche-du-mercato-en-guadeloupe\/#breadcrumb"},"inLanguage":"fr-FR","potentialAction":[{"@type":"ReadAction","target":["https:\/\/total-sport.fr\/index.php\/2020\/06\/18\/foot-mercato-la-solidarite-scolaire-allume-la-premiere-meche-du-mercato-en-guadeloupe\/"]}]},{"@type":"ImageObject","inLanguage":"fr-FR","@id":"https:\/\/total-sport.fr\/index.php\/2020\/06\/18\/foot-mercato-la-solidarite-scolaire-allume-la-premiere-meche-du-mercato-en-guadeloupe\/#primaryimage","url":"https:\/\/i0.wp.com\/total-sport.fr\/wp-content\/uploads\/MIRVAL2.jpg?fit=800%2C534&ssl=1","contentUrl":"https:\/\/i0.wp.com\/total-sport.fr\/wp-content\/uploads\/MIRVAL2.jpg?fit=800%2C534&ssl=1","width":800,"height":534},{"@type":"BreadcrumbList","@id":"https:\/\/total-sport.fr\/index.php\/2020\/06\/18\/foot-mercato-la-solidarite-scolaire-allume-la-premiere-meche-du-mercato-en-guadeloupe\/#breadcrumb","itemListElement":[{"@type":"ListItem","position":1,"name":"Accueil","item":"https:\/\/total-sport.fr\/"},{"@type":"ListItem","position":2,"name":"Foot-Mercato: La Solidarit\u00e9 Scolaire allume la premi\u00e8re m\u00e8che du mercato en Guadeloupe."}]},{"@type":"WebSite","@id":"https:\/\/total-sport.fr\/#website","url":"https:\/\/total-sport.fr\/","name":"Total Sports International (TSI)","description":"vous informer est notre priorit\u00e9, 7 jours sur 7 avec toujours le m\u00eame professionnalisme","potentialAction":[{"@type":"SearchAction","target":{"@type":"EntryPoint","urlTemplate":"https:\/\/total-sport.fr\/?s={search_term_string}"},"query-input":{"@type":"PropertyValueSpecification","valueRequired":true,"valueName":"search_term_string"}}],"inLanguage":"fr-FR"},{"@type":"Person","@id":"https:\/\/total-sport.fr\/#\/schema\/person\/f9f5599f372b747441cd5d912824aba4","name":"Joly JEROME","image":{"@type":"ImageObject","inLanguage":"fr-FR","@id":"https:\/\/total-sport.fr\/#\/schema\/person\/image\/","url":"https:\/\/secure.gravatar.com\/avatar\/33e98ca4065ab233074302dee778104df3e61a0f91ceba3d746e7e40dbe11f0d?s=96&d=mm&r=g","contentUrl":"https:\/\/secure.gravatar.com\/avatar\/33e98ca4065ab233074302dee778104df3e61a0f91ceba3d746e7e40dbe11f0d?s=96&d=mm&r=g","caption":"Joly JEROME"},"description":"Je suis Joly JEROME, passionn\u00e9 de la lecture et du Sport notamment le Football. Je suis Journaliste ind\u00e9pendant fougueux, s\u00e9rieux mettant ma plume \u00e0 votre service pour vous informer avec la v\u00e9rit\u00e9 comme boussole. Jolyjerome989@gmail.com \/0690 93 65 88","sameAs":["https:\/\/total-sport.fr","https:\/\/www.facebook.com\/joly.jerometotalsport","Joly_JJCA","Total Sport ts","https:\/\/x.com\/Total Sport TS"],"url":"https:\/\/total-sport.fr\/index.php\/author\/jolyjerome\/"}]}},"jetpack_publicize_connections":[],"jetpack_featured_media_url":"https:\/\/i0.wp.com\/total-sport.fr\/wp-content\/uploads\/MIRVAL2.jpg?fit=800%2C534&ssl=1","jetpack_sharing_enabled":true,"jetpack_shortlink":"https:\/\/wp.me\/paF0J8-Mt","jetpack-related-posts":[{"id":3663,"url":"https:\/\/total-sport.fr\/index.php\/2021\/06\/02\/foot-mercato-le-goleador-raphael-mirval-signe-a-aubagne-fc\/","url_meta":{"origin":3005,"position":0},"title":"Foot-Mercato: Le Goleador Rapha\u00ebl MIRVAL signe \u00e0 Aubagne FC","author":"Joly JEROME","date":"2 juin 2021","format":false,"excerpt":"L'attaquant international guadeloup\u00e9en, quitte la Solidarit\u00e9 Scolaire pour signer au Football Club Aubagne, une \u00e9quipe de nationale. C'est le club qui a officialis\u00e9 ce mercredi 2 juin 2021 l'arriv\u00e9e du RALPH4 en provenance de la Solidarit\u00e9 Scolaire. Courtis\u00e9 par plusieurs clubs, l'attaquant de 25 ans a finalement choisi de s'engager\u2026","rel":"","context":"Dans &quot;Foot MERCATO&quot;","block_context":{"text":"Foot MERCATO","link":"https:\/\/total-sport.fr\/index.php\/category\/foot-mercato\/"},"img":{"alt_text":"","src":"https:\/\/i0.wp.com\/total-sport.fr\/wp-content\/uploads\/Screenshot_20210206-214333_WhatsAppBusiness.jpg?fit=711%2C513&ssl=1&resize=350%2C200","width":350,"height":200,"srcset":"https:\/\/i0.wp.com\/total-sport.fr\/wp-content\/uploads\/Screenshot_20210206-214333_WhatsAppBusiness.jpg?fit=711%2C513&ssl=1&resize=350%2C200 1x, https:\/\/i0.wp.com\/total-sport.fr\/wp-content\/uploads\/Screenshot_20210206-214333_WhatsAppBusiness.jpg?fit=711%2C513&ssl=1&resize=525%2C300 1.5x, https:\/\/i0.wp.com\/total-sport.fr\/wp-content\/uploads\/Screenshot_20210206-214333_WhatsAppBusiness.jpg?fit=711%2C513&ssl=1&resize=700%2C400 2x"},"classes":[]},{"id":81,"url":"https:\/\/total-sport.fr\/index.php\/2019\/01\/25\/foot-guadeloupe-2eme-journee-match-en-retard-usbm-vs-csm-un-duel-pour-champion-dautomne\/","url_meta":{"origin":3005,"position":1},"title":"Foot-Guadeloupe-2eme journ\u00e9e match en retard :USBM vs CSM un duel pour champion d&rsquo;automne","author":"Dor Donel","date":"25 janvier 2019","format":false,"excerpt":"CSM :cr\u00e9dit photo -Facebook Pour le compte de 2eme journ\u00e9e match en retard de r\u00e9gionale 1 Guadeloup\u00e9enne s\u00e9rie aller, union sportive baie malhautienne re\u00e7oit dans son temple sacr\u00e9 (stade fresque duchesne ) club sportif moulien,pour terminer avec la s\u00e9rie aller de la R1 en Guadeloupe. Ce samedi 22 d\u00e9cembre,Le stade\u2026","rel":"","context":"Dans &quot;R1&quot;","block_context":{"text":"R1","link":"https:\/\/total-sport.fr\/index.php\/category\/r1\/"},"img":{"alt_text":"","src":"https:\/\/totalsportts42.files.wordpress.com\/2018\/12\/2018_12_24_13-1409354759.jpg?w=350&h=200&crop=1","width":350,"height":200,"srcset":"https:\/\/totalsportts42.files.wordpress.com\/2018\/12\/2018_12_24_13-1409354759.jpg?w=350&h=200&crop=1 1x, https:\/\/totalsportts42.files.wordpress.com\/2018\/12\/2018_12_24_13-1409354759.jpg?w=525&h=300&crop=1 1.5x"},"classes":[]},{"id":1287,"url":"https:\/\/total-sport.fr\/index.php\/2019\/07\/15\/foot-mercato-sennoaj-a-lusbm-gamby-rejoint-lamical-club-romain-linon-quitte-le-phare-tout-ce-quil-faut-savoir-sur-les-dernieres-heures-du-mercato-de-la-guadeloupe\/","url_meta":{"origin":3005,"position":2},"title":"Foot-Mercato : SENNOAJ \u00e0 l&rsquo;USBM, GAMBY rejoint L&rsquo;Amical Club, Romain LINON quitte le PHARE, tout ce qu&rsquo;il faut savoir sur les derni\u00e8res heures du Mercato de la Guadeloupe.","author":"Joly JEROME","date":"15 juillet 2019","format":false,"excerpt":"Le March\u00e9 des transferts prendra fin officiellement \u00e0 minuit ce soir (heure de France), plusieurs clubs attendent les derni\u00e8res heures pour s'emparer de nouvelles recrues, d'autres attendent apr\u00e8s ce 15 juillet pour annoncer leurs nouveaux renforts. Dans l'intervalle plusieurs joueurs ont chang\u00e9 d'air, certaines \u00e9quipes ont r\u00e9alis\u00e9 de bons coups,\u2026","rel":"","context":"Dans &quot;Foot MERCATO&quot;","block_context":{"text":"Foot MERCATO","link":"https:\/\/total-sport.fr\/index.php\/category\/foot-mercato\/"},"img":{"alt_text":"","src":"https:\/\/i0.wp.com\/total-sport.fr\/wp-content\/uploads\/2019\/07\/IMG-20190715-WA0028.jpg?fit=1107%2C960&ssl=1&resize=350%2C200","width":350,"height":200,"srcset":"https:\/\/i0.wp.com\/total-sport.fr\/wp-content\/uploads\/2019\/07\/IMG-20190715-WA0028.jpg?fit=1107%2C960&ssl=1&resize=350%2C200 1x, https:\/\/i0.wp.com\/total-sport.fr\/wp-content\/uploads\/2019\/07\/IMG-20190715-WA0028.jpg?fit=1107%2C960&ssl=1&resize=525%2C300 1.5x, https:\/\/i0.wp.com\/total-sport.fr\/wp-content\/uploads\/2019\/07\/IMG-20190715-WA0028.jpg?fit=1107%2C960&ssl=1&resize=700%2C400 2x, https:\/\/i0.wp.com\/total-sport.fr\/wp-content\/uploads\/2019\/07\/IMG-20190715-WA0028.jpg?fit=1107%2C960&ssl=1&resize=1050%2C600 3x"},"classes":[]},{"id":3810,"url":"https:\/\/total-sport.fr\/index.php\/2021\/09\/14\/foot-transfert-raphael-mirval-et-aubagne-fc-cest-deja-fini\/","url_meta":{"origin":3005,"position":3},"title":"Foot-Transfert: Raphael MIRVAL et Aubagne FC, c&rsquo;est d\u00e9j\u00e0 fini","author":"Joly JEROME","date":"14 septembre 2021","format":false,"excerpt":"Bonjour et au revoir, ainsi qu'on pourrait r\u00e9sumer l'aventure entre Aubagne FC et l'attaquant guadeloup\u00e9en Raphael MIRVAL. Arriv\u00e9 chez le pensionnaire de la N2 apr\u00e8s une bonne Gold Cup avec les Gwadaboys, le goleador n'aura pas fait long feu \u00e0 Aubagne FC avant de r\u00e9silier son contrat. Mais que s'est-il\u2026","rel":"","context":"Dans &quot;Foot MERCATO&quot;","block_context":{"text":"Foot MERCATO","link":"https:\/\/total-sport.fr\/index.php\/category\/foot-mercato\/"},"img":{"alt_text":"","src":"https:\/\/i0.wp.com\/total-sport.fr\/wp-content\/uploads\/Bazaart_20210914_075847-scaled.jpeg?fit=1200%2C900&ssl=1&resize=350%2C200","width":350,"height":200,"srcset":"https:\/\/i0.wp.com\/total-sport.fr\/wp-content\/uploads\/Bazaart_20210914_075847-scaled.jpeg?fit=1200%2C900&ssl=1&resize=350%2C200 1x, https:\/\/i0.wp.com\/total-sport.fr\/wp-content\/uploads\/Bazaart_20210914_075847-scaled.jpeg?fit=1200%2C900&ssl=1&resize=525%2C300 1.5x, https:\/\/i0.wp.com\/total-sport.fr\/wp-content\/uploads\/Bazaart_20210914_075847-scaled.jpeg?fit=1200%2C900&ssl=1&resize=700%2C400 2x, https:\/\/i0.wp.com\/total-sport.fr\/wp-content\/uploads\/Bazaart_20210914_075847-scaled.jpeg?fit=1200%2C900&ssl=1&resize=1050%2C600 3x"},"classes":[]},{"id":3061,"url":"https:\/\/total-sport.fr\/index.php\/2020\/06\/28\/foot-mercato-stade-lamentinois-et-la-solidarite-scolaire-intensifient-leurs-activites-sur-le-mercato-gosier-signe-ricardo-philibert\/","url_meta":{"origin":3005,"position":4},"title":"Foot-Mercato: Stade Lamentinois et la Solidarit\u00e9 Scolaire intensifient leurs activit\u00e9s sur le Mercato, Gosier signe Ricardo PHILIBERT.","author":"Joly JEROME","date":"28 juin 2020","format":false,"excerpt":"Le mercato poursuit son petit bonhomme de chemin en Guadeloupe. Avec 6 rel\u00e9gu\u00e9es en R1, l'exercice 2020-2021 s'annonce complexe et les clubs veulent se pr\u00e9parer en cons\u00e9quence. Une saison exceptionnelle pour un mercato exceptionnel, car les rumeurs, n\u00e9gociations et officialisations vont de bon train. Le Stade Lamentinois et la Solidarit\u00e9\u2026","rel":"","context":"Dans &quot;Foot MERCATO&quot;","block_context":{"text":"Foot MERCATO","link":"https:\/\/total-sport.fr\/index.php\/category\/foot-mercato\/"},"img":{"alt_text":"","src":"https:\/\/i0.wp.com\/total-sport.fr\/wp-content\/uploads\/HVP_6884.jpeg?fit=800%2C534&ssl=1&resize=350%2C200","width":350,"height":200,"srcset":"https:\/\/i0.wp.com\/total-sport.fr\/wp-content\/uploads\/HVP_6884.jpeg?fit=800%2C534&ssl=1&resize=350%2C200 1x, https:\/\/i0.wp.com\/total-sport.fr\/wp-content\/uploads\/HVP_6884.jpeg?fit=800%2C534&ssl=1&resize=525%2C300 1.5x, https:\/\/i0.wp.com\/total-sport.fr\/wp-content\/uploads\/HVP_6884.jpeg?fit=800%2C534&ssl=1&resize=700%2C400 2x"},"classes":[]},{"id":3512,"url":"https:\/\/total-sport.fr\/index.php\/2020\/10\/19\/foot-r1-top-buteur-5-attaquants-sinstallent-en-tete-du-classement\/","url_meta":{"origin":3005,"position":5},"title":"Foot-R1-Top buteurs: 5 attaquants  s&rsquo;installent en t\u00eate du classement!","author":"Joly JEROME","date":"19 octobre 2020","format":false,"excerpt":"Apr\u00e8s 4 journ\u00e9es de championnat en R\u00e9gionale 1 Guadeloup\u00e9enne, 5 attaquants se sont install\u00e9s comme meilleurs artificiers. Termin\u00e9 comme meilleur buteur sur les deux derni\u00e8res saisons en R1, Rapha\u00ebl MIRVAL dit RALPH4 tient son rang parmi les meilleurs buteurs du championnat et ne l\u00e2che rien. Apr\u00e8s seulement 4 journ\u00e9es en\u2026","rel":"","context":"Dans &quot;R1&quot;","block_context":{"text":"R1","link":"https:\/\/total-sport.fr\/index.php\/category\/r1\/"},"img":{"alt_text":"","src":"https:\/\/i0.wp.com\/total-sport.fr\/wp-content\/uploads\/Screenshot_20201019-140552_PicsArt.jpg?fit=692%2C324&ssl=1&resize=350%2C200","width":350,"height":200,"srcset":"https:\/\/i0.wp.com\/total-sport.fr\/wp-content\/uploads\/Screenshot_20201019-140552_PicsArt.jpg?fit=692%2C324&ssl=1&resize=350%2C200 1x, https:\/\/i0.wp.com\/total-sport.fr\/wp-content\/uploads\/Screenshot_20201019-140552_PicsArt.jpg?fit=692%2C324&ssl=1&resize=525%2C300 1.5x"},"classes":[]}],"jetpack_likes_enabled":true,"_links":{"self":[{"href":"https:\/\/total-sport.fr\/index.php\/wp-json\/wp\/v2\/posts\/3005","targetHints":{"allow":["GET"]}}],"collection":[{"href":"https:\/\/total-sport.fr\/index.php\/wp-json\/wp\/v2\/posts"}],"about":[{"href":"https:\/\/total-sport.fr\/index.php\/wp-json\/wp\/v2\/types\/post"}],"author":[{"embeddable":true,"href":"https:\/\/total-sport.fr\/index.php\/wp-json\/wp\/v2\/users\/2"}],"replies":[{"embeddable":true,"href":"https:\/\/total-sport.fr\/index.php\/wp-json\/wp\/v2\/comments?post=3005"}],"version-history":[{"count":14,"href":"https:\/\/total-sport.fr\/index.php\/wp-json\/wp\/v2\/posts\/3005\/revisions"}],"predecessor-version":[{"id":3129,"href":"https:\/\/total-sport.fr\/index.php\/wp-json\/wp\/v2\/posts\/3005\/revisions\/3129"}],"wp:featuredmedia":[{"embeddable":true,"href":"https:\/\/total-sport.fr\/index.php\/wp-json\/wp\/v2\/media\/3010"}],"wp:attachment":[{"href":"https:\/\/total-sport.fr\/index.php\/wp-json\/wp\/v2\/media?parent=3005"}],"wp:term":[{"taxonomy":"category","embeddable":true,"href":"https:\/\/total-sport.fr\/index.php\/wp-json\/wp\/v2\/categories?post=3005"},{"taxonomy":"post_tag","embeddable":true,"href":"https:\/\/total-sport.fr\/index.php\/wp-json\/wp\/v2\/tags?post=3005"}],"curies":[{"name":"wp","href":"https:\/\/api.w.org\/{rel}","templated":true}]}}