{"id":2788,"date":"2020-05-01T15:16:51","date_gmt":"2020-05-01T19:16:51","guid":{"rendered":"http:\/\/total-sport.fr\/?p=2788"},"modified":"2020-05-01T16:58:07","modified_gmt":"2020-05-01T20:58:07","slug":"foot-mercato-raphael-mirval-en-route-vers-golden-lion","status":"publish","type":"post","link":"https:\/\/total-sport.fr\/index.php\/2020\/05\/01\/foot-mercato-raphael-mirval-en-route-vers-golden-lion\/","title":{"rendered":"Foot-Mercato: Rapha\u00ebl MIRVAL en route vers Golden Lion ?"},"content":{"rendered":"\n<p><strong>En pleine r\u00e9flexion pour trouver la meilleure formule pour d\u00e9marrer la saison 2020-2021, certains clubs commencent \u00e0 penser s\u00e9rieusement pour le prochain Mercato . Golden Lion qui a boucl\u00e9 l&rsquo;exercice 2019-2020  avec 33 points pour la 7\u00e8me place du classement de la r\u00e9gionale 1 Martiniquaise, serait tr\u00e8s int\u00e9ress\u00e9 par le profil de l&rsquo;attaquant de l&rsquo;USBM (R1 Guadeloupe) Rapha\u00ebl MIRVAL. <\/strong><\/p>\n\n\n\n<p>Auteur d&rsquo;une saison remarquable avec 16 buts inscrits en R1 Guadeloup\u00e9enne, l&rsquo;attaquant de l&rsquo;USBM et de la s\u00e9lection de la Guadeloupe Rapha\u00ebl MIRVAL dit Fafo ne cesse d&rsquo;attirer les convoitises des plus grosses figures du football Antillo-Guyanais. <\/p>\n\n\n\n<p>Suivant une source proche du joueur, le RAPH4 de L&rsquo;USBM est sur les tablettes de Golden Lion et attendu en Martinique pour l&rsquo;exercice 2020-2021. Le double meilleur buteur de r\u00e9gionale 1 qui exprime toujours son amour pour son club formateur (USBM) serait pr\u00eat \u00e0 relever un nouveau challenge au c\u00f4t\u00e9 de K\u00e9vin PARSEMAIN. <\/p>\n\n\n\n<p>D&rsquo;ailleurs, selon cette m\u00eame source, c&rsquo;est le chouchou martiniquais ayant une amiti\u00e9 tr\u00e8s forte avec l&rsquo;attaquant guadeloup\u00e9en qui serait \u00e0 la base des n\u00e9gociations. <\/p>\n\n\n\n<p>Ce matin Rapha\u00ebl MIRVAL a post\u00e9 sur son statut whatsapp une photo du goleador martiniquais  Kevin PARSEMAIN en disant \u00a0\u00bb <strong><em>stay connect <\/em><\/strong>\u00a0\u00bb qui veut dire en fran\u00e7ais \u00a0\u00bb <strong><em>restez connect\u00e9<\/em><\/strong> \u00a0\u00bb de quoi amplifier les rumeurs sur son d\u00e9part \u00e0 L&rsquo;Union Sportive Baie-Mahaultienne.  Un dossier \u00e0 suivre <\/p>\n\n\n\n<p>Cr\u00e9dit photo : LGF <\/p>\n\n\n\n<p><\/p>\n","protected":false},"excerpt":{"rendered":"<div class=\"mh-excerpt\"><p>En pleine r\u00e9flexion pour trouver la meilleure formule pour d\u00e9marrer la saison 2020-2021, certains clubs commencent \u00e0 penser s\u00e9rieusement pour le prochain Mercato . Golden <a class=\"mh-excerpt-more\" href=\"https:\/\/total-sport.fr\/index.php\/2020\/05\/01\/foot-mercato-raphael-mirval-en-route-vers-golden-lion\/\" title=\"Foot-Mercato: Rapha\u00ebl MIRVAL en route vers Golden Lion ?\">[&#8230;]<\/a><\/p>\n<\/div>","protected":false},"author":2,"featured_media":2793,"comment_status":"open","ping_status":"open","sticky":false,"template":"","format":"standard","meta":{"jetpack_post_was_ever_published":false,"_jetpack_newsletter_access":"","_jetpack_dont_email_post_to_subs":false,"_jetpack_newsletter_tier_id":0,"_jetpack_memberships_contains_paywalled_content":false,"_jetpack_memberships_contains_paid_content":false,"footnotes":"","jetpack_publicize_message":"","jetpack_publicize_feature_enabled":true,"jetpack_social_post_already_shared":true,"jetpack_social_options":{"image_generator_settings":{"template":"highway","default_image_id":0,"font":"","enabled":false},"version":2}},"categories":[19],"tags":[],"class_list":["post-2788","post","type-post","status-publish","format-standard","has-post-thumbnail","hentry","category-foot-mercato"],"yoast_head":"<!-- This site is optimized with the Yoast SEO plugin v24.9 - https:\/\/yoast.com\/wordpress\/plugins\/seo\/ -->\n<title>Foot-Mercato: Rapha\u00ebl MIRVAL en route vers Golden Lion ? - Total Sports International (TSI)<\/title>\n<meta name=\"robots\" content=\"index, follow, max-snippet:-1, max-image-preview:large, max-video-preview:-1\" \/>\n<link rel=\"canonical\" href=\"https:\/\/total-sport.fr\/index.php\/2020\/05\/01\/foot-mercato-raphael-mirval-en-route-vers-golden-lion\/\" \/>\n<meta property=\"og:locale\" content=\"fr_FR\" \/>\n<meta property=\"og:type\" content=\"article\" \/>\n<meta property=\"og:title\" content=\"Foot-Mercato: Rapha\u00ebl MIRVAL en route vers Golden Lion ? - Total Sports International (TSI)\" \/>\n<meta property=\"og:description\" content=\"En pleine r\u00e9flexion pour trouver la meilleure formule pour d\u00e9marrer la saison 2020-2021, certains clubs commencent \u00e0 penser s\u00e9rieusement pour le prochain Mercato . Golden [...]\" \/>\n<meta property=\"og:url\" content=\"https:\/\/total-sport.fr\/index.php\/2020\/05\/01\/foot-mercato-raphael-mirval-en-route-vers-golden-lion\/\" \/>\n<meta property=\"og:site_name\" content=\"Total Sports International (TSI)\" \/>\n<meta property=\"article:author\" content=\"https:\/\/www.facebook.com\/joly.jerometotalsport\" \/>\n<meta property=\"article:published_time\" content=\"2020-05-01T19:16:51+00:00\" \/>\n<meta property=\"article:modified_time\" content=\"2020-05-01T20:58:07+00:00\" \/>\n<meta property=\"og:image\" content=\"https:\/\/i0.wp.com\/total-sport.fr\/wp-content\/uploads\/mirval.jpg?fit=800%2C534&ssl=1\" \/>\n\t<meta property=\"og:image:width\" content=\"800\" \/>\n\t<meta property=\"og:image:height\" content=\"534\" \/>\n\t<meta property=\"og:image:type\" content=\"image\/jpeg\" \/>\n<meta name=\"author\" content=\"Joly JEROME\" \/>\n<meta name=\"twitter:card\" content=\"summary_large_image\" \/>\n<meta name=\"twitter:creator\" content=\"@Total Sport TS\" \/>\n<meta name=\"twitter:label1\" content=\"\u00c9crit par\" \/>\n\t<meta name=\"twitter:data1\" content=\"Joly JEROME\" \/>\n\t<meta name=\"twitter:label2\" content=\"Dur\u00e9e de lecture estim\u00e9e\" \/>\n\t<meta name=\"twitter:data2\" content=\"1 minute\" \/>\n<script type=\"application\/ld+json\" class=\"yoast-schema-graph\">{\"@context\":\"https:\/\/schema.org\",\"@graph\":[{\"@type\":\"WebPage\",\"@id\":\"https:\/\/total-sport.fr\/index.php\/2020\/05\/01\/foot-mercato-raphael-mirval-en-route-vers-golden-lion\/\",\"url\":\"https:\/\/total-sport.fr\/index.php\/2020\/05\/01\/foot-mercato-raphael-mirval-en-route-vers-golden-lion\/\",\"name\":\"Foot-Mercato: Rapha\u00ebl MIRVAL en route vers Golden Lion ? - Total Sports International (TSI)\",\"isPartOf\":{\"@id\":\"https:\/\/total-sport.fr\/#website\"},\"primaryImageOfPage\":{\"@id\":\"https:\/\/total-sport.fr\/index.php\/2020\/05\/01\/foot-mercato-raphael-mirval-en-route-vers-golden-lion\/#primaryimage\"},\"image\":{\"@id\":\"https:\/\/total-sport.fr\/index.php\/2020\/05\/01\/foot-mercato-raphael-mirval-en-route-vers-golden-lion\/#primaryimage\"},\"thumbnailUrl\":\"https:\/\/i0.wp.com\/total-sport.fr\/wp-content\/uploads\/mirval.jpg?fit=800%2C534&ssl=1\",\"datePublished\":\"2020-05-01T19:16:51+00:00\",\"dateModified\":\"2020-05-01T20:58:07+00:00\",\"author\":{\"@id\":\"https:\/\/total-sport.fr\/#\/schema\/person\/f9f5599f372b747441cd5d912824aba4\"},\"breadcrumb\":{\"@id\":\"https:\/\/total-sport.fr\/index.php\/2020\/05\/01\/foot-mercato-raphael-mirval-en-route-vers-golden-lion\/#breadcrumb\"},\"inLanguage\":\"fr-FR\",\"potentialAction\":[{\"@type\":\"ReadAction\",\"target\":[\"https:\/\/total-sport.fr\/index.php\/2020\/05\/01\/foot-mercato-raphael-mirval-en-route-vers-golden-lion\/\"]}]},{\"@type\":\"ImageObject\",\"inLanguage\":\"fr-FR\",\"@id\":\"https:\/\/total-sport.fr\/index.php\/2020\/05\/01\/foot-mercato-raphael-mirval-en-route-vers-golden-lion\/#primaryimage\",\"url\":\"https:\/\/i0.wp.com\/total-sport.fr\/wp-content\/uploads\/mirval.jpg?fit=800%2C534&ssl=1\",\"contentUrl\":\"https:\/\/i0.wp.com\/total-sport.fr\/wp-content\/uploads\/mirval.jpg?fit=800%2C534&ssl=1\",\"width\":800,\"height\":534},{\"@type\":\"BreadcrumbList\",\"@id\":\"https:\/\/total-sport.fr\/index.php\/2020\/05\/01\/foot-mercato-raphael-mirval-en-route-vers-golden-lion\/#breadcrumb\",\"itemListElement\":[{\"@type\":\"ListItem\",\"position\":1,\"name\":\"Accueil\",\"item\":\"https:\/\/total-sport.fr\/\"},{\"@type\":\"ListItem\",\"position\":2,\"name\":\"Foot-Mercato: Rapha\u00ebl MIRVAL en route vers Golden Lion ?\"}]},{\"@type\":\"WebSite\",\"@id\":\"https:\/\/total-sport.fr\/#website\",\"url\":\"https:\/\/total-sport.fr\/\",\"name\":\"Total Sports International (TSI)\",\"description\":\"vous informer est notre priorit\u00e9, 7 jours sur 7 avec toujours le m\u00eame professionnalisme\",\"potentialAction\":[{\"@type\":\"SearchAction\",\"target\":{\"@type\":\"EntryPoint\",\"urlTemplate\":\"https:\/\/total-sport.fr\/?s={search_term_string}\"},\"query-input\":{\"@type\":\"PropertyValueSpecification\",\"valueRequired\":true,\"valueName\":\"search_term_string\"}}],\"inLanguage\":\"fr-FR\"},{\"@type\":\"Person\",\"@id\":\"https:\/\/total-sport.fr\/#\/schema\/person\/f9f5599f372b747441cd5d912824aba4\",\"name\":\"Joly JEROME\",\"image\":{\"@type\":\"ImageObject\",\"inLanguage\":\"fr-FR\",\"@id\":\"https:\/\/total-sport.fr\/#\/schema\/person\/image\/\",\"url\":\"https:\/\/secure.gravatar.com\/avatar\/33e98ca4065ab233074302dee778104df3e61a0f91ceba3d746e7e40dbe11f0d?s=96&d=mm&r=g\",\"contentUrl\":\"https:\/\/secure.gravatar.com\/avatar\/33e98ca4065ab233074302dee778104df3e61a0f91ceba3d746e7e40dbe11f0d?s=96&d=mm&r=g\",\"caption\":\"Joly JEROME\"},\"description\":\"Je suis Joly JEROME, passionn\u00e9 de la lecture et du Sport notamment le Football. Je suis Journaliste ind\u00e9pendant fougueux, s\u00e9rieux mettant ma plume \u00e0 votre service pour vous informer avec la v\u00e9rit\u00e9 comme boussole. Jolyjerome989@gmail.com \/0690 93 65 88\",\"sameAs\":[\"https:\/\/total-sport.fr\",\"https:\/\/www.facebook.com\/joly.jerometotalsport\",\"Joly_JJCA\",\"Total Sport ts\",\"https:\/\/x.com\/Total Sport TS\"],\"url\":\"https:\/\/total-sport.fr\/index.php\/author\/jolyjerome\/\"}]}<\/script>\n<!-- \/ Yoast SEO plugin. -->","yoast_head_json":{"title":"Foot-Mercato: Rapha\u00ebl MIRVAL en route vers Golden Lion ? - Total Sports International (TSI)","robots":{"index":"index","follow":"follow","max-snippet":"max-snippet:-1","max-image-preview":"max-image-preview:large","max-video-preview":"max-video-preview:-1"},"canonical":"https:\/\/total-sport.fr\/index.php\/2020\/05\/01\/foot-mercato-raphael-mirval-en-route-vers-golden-lion\/","og_locale":"fr_FR","og_type":"article","og_title":"Foot-Mercato: Rapha\u00ebl MIRVAL en route vers Golden Lion ? - Total Sports International (TSI)","og_description":"En pleine r\u00e9flexion pour trouver la meilleure formule pour d\u00e9marrer la saison 2020-2021, certains clubs commencent \u00e0 penser s\u00e9rieusement pour le prochain Mercato . Golden [...]","og_url":"https:\/\/total-sport.fr\/index.php\/2020\/05\/01\/foot-mercato-raphael-mirval-en-route-vers-golden-lion\/","og_site_name":"Total Sports International (TSI)","article_author":"https:\/\/www.facebook.com\/joly.jerometotalsport","article_published_time":"2020-05-01T19:16:51+00:00","article_modified_time":"2020-05-01T20:58:07+00:00","og_image":[{"width":800,"height":534,"url":"https:\/\/i0.wp.com\/total-sport.fr\/wp-content\/uploads\/mirval.jpg?fit=800%2C534&ssl=1","type":"image\/jpeg"}],"author":"Joly JEROME","twitter_card":"summary_large_image","twitter_creator":"@Total Sport TS","twitter_misc":{"\u00c9crit par":"Joly JEROME","Dur\u00e9e de lecture estim\u00e9e":"1 minute"},"schema":{"@context":"https:\/\/schema.org","@graph":[{"@type":"WebPage","@id":"https:\/\/total-sport.fr\/index.php\/2020\/05\/01\/foot-mercato-raphael-mirval-en-route-vers-golden-lion\/","url":"https:\/\/total-sport.fr\/index.php\/2020\/05\/01\/foot-mercato-raphael-mirval-en-route-vers-golden-lion\/","name":"Foot-Mercato: Rapha\u00ebl MIRVAL en route vers Golden Lion ? - Total Sports International (TSI)","isPartOf":{"@id":"https:\/\/total-sport.fr\/#website"},"primaryImageOfPage":{"@id":"https:\/\/total-sport.fr\/index.php\/2020\/05\/01\/foot-mercato-raphael-mirval-en-route-vers-golden-lion\/#primaryimage"},"image":{"@id":"https:\/\/total-sport.fr\/index.php\/2020\/05\/01\/foot-mercato-raphael-mirval-en-route-vers-golden-lion\/#primaryimage"},"thumbnailUrl":"https:\/\/i0.wp.com\/total-sport.fr\/wp-content\/uploads\/mirval.jpg?fit=800%2C534&ssl=1","datePublished":"2020-05-01T19:16:51+00:00","dateModified":"2020-05-01T20:58:07+00:00","author":{"@id":"https:\/\/total-sport.fr\/#\/schema\/person\/f9f5599f372b747441cd5d912824aba4"},"breadcrumb":{"@id":"https:\/\/total-sport.fr\/index.php\/2020\/05\/01\/foot-mercato-raphael-mirval-en-route-vers-golden-lion\/#breadcrumb"},"inLanguage":"fr-FR","potentialAction":[{"@type":"ReadAction","target":["https:\/\/total-sport.fr\/index.php\/2020\/05\/01\/foot-mercato-raphael-mirval-en-route-vers-golden-lion\/"]}]},{"@type":"ImageObject","inLanguage":"fr-FR","@id":"https:\/\/total-sport.fr\/index.php\/2020\/05\/01\/foot-mercato-raphael-mirval-en-route-vers-golden-lion\/#primaryimage","url":"https:\/\/i0.wp.com\/total-sport.fr\/wp-content\/uploads\/mirval.jpg?fit=800%2C534&ssl=1","contentUrl":"https:\/\/i0.wp.com\/total-sport.fr\/wp-content\/uploads\/mirval.jpg?fit=800%2C534&ssl=1","width":800,"height":534},{"@type":"BreadcrumbList","@id":"https:\/\/total-sport.fr\/index.php\/2020\/05\/01\/foot-mercato-raphael-mirval-en-route-vers-golden-lion\/#breadcrumb","itemListElement":[{"@type":"ListItem","position":1,"name":"Accueil","item":"https:\/\/total-sport.fr\/"},{"@type":"ListItem","position":2,"name":"Foot-Mercato: Rapha\u00ebl MIRVAL en route vers Golden Lion ?"}]},{"@type":"WebSite","@id":"https:\/\/total-sport.fr\/#website","url":"https:\/\/total-sport.fr\/","name":"Total Sports International (TSI)","description":"vous informer est notre priorit\u00e9, 7 jours sur 7 avec toujours le m\u00eame professionnalisme","potentialAction":[{"@type":"SearchAction","target":{"@type":"EntryPoint","urlTemplate":"https:\/\/total-sport.fr\/?s={search_term_string}"},"query-input":{"@type":"PropertyValueSpecification","valueRequired":true,"valueName":"search_term_string"}}],"inLanguage":"fr-FR"},{"@type":"Person","@id":"https:\/\/total-sport.fr\/#\/schema\/person\/f9f5599f372b747441cd5d912824aba4","name":"Joly JEROME","image":{"@type":"ImageObject","inLanguage":"fr-FR","@id":"https:\/\/total-sport.fr\/#\/schema\/person\/image\/","url":"https:\/\/secure.gravatar.com\/avatar\/33e98ca4065ab233074302dee778104df3e61a0f91ceba3d746e7e40dbe11f0d?s=96&d=mm&r=g","contentUrl":"https:\/\/secure.gravatar.com\/avatar\/33e98ca4065ab233074302dee778104df3e61a0f91ceba3d746e7e40dbe11f0d?s=96&d=mm&r=g","caption":"Joly JEROME"},"description":"Je suis Joly JEROME, passionn\u00e9 de la lecture et du Sport notamment le Football. Je suis Journaliste ind\u00e9pendant fougueux, s\u00e9rieux mettant ma plume \u00e0 votre service pour vous informer avec la v\u00e9rit\u00e9 comme boussole. Jolyjerome989@gmail.com \/0690 93 65 88","sameAs":["https:\/\/total-sport.fr","https:\/\/www.facebook.com\/joly.jerometotalsport","Joly_JJCA","Total Sport ts","https:\/\/x.com\/Total Sport TS"],"url":"https:\/\/total-sport.fr\/index.php\/author\/jolyjerome\/"}]}},"jetpack_publicize_connections":[],"jetpack_featured_media_url":"https:\/\/i0.wp.com\/total-sport.fr\/wp-content\/uploads\/mirval.jpg?fit=800%2C534&ssl=1","jetpack_sharing_enabled":true,"jetpack_shortlink":"https:\/\/wp.me\/paF0J8-IY","jetpack-related-posts":[{"id":3005,"url":"https:\/\/total-sport.fr\/index.php\/2020\/06\/18\/foot-mercato-la-solidarite-scolaire-allume-la-premiere-meche-du-mercato-en-guadeloupe\/","url_meta":{"origin":2788,"position":0},"title":"Foot-Mercato: La Solidarit\u00e9 Scolaire allume la premi\u00e8re m\u00e8che du mercato en Guadeloupe.","author":"Joly JEROME","date":"18 juin 2020","format":false,"excerpt":"C'est un Mercato qui s'annonce tr\u00e8s mouvement\u00e9 en Guadeloupe. Les clubs de la R1 et R2 sont tr\u00e8s actifs en ce d\u00e9but du march\u00e9 des transferts, dans l'objectif de se renforcer pour la nouvelle exercice. La Solidarit\u00e9 Scolaire qui a termin\u00e9 \u00e0 la 8\u00e8me place du championnat (R1) la saison\u2026","rel":"","context":"Dans &quot;Foot MERCATO&quot;","block_context":{"text":"Foot MERCATO","link":"https:\/\/total-sport.fr\/index.php\/category\/foot-mercato\/"},"img":{"alt_text":"","src":"https:\/\/i0.wp.com\/total-sport.fr\/wp-content\/uploads\/MIRVAL2.jpg?fit=800%2C534&ssl=1&resize=350%2C200","width":350,"height":200,"srcset":"https:\/\/i0.wp.com\/total-sport.fr\/wp-content\/uploads\/MIRVAL2.jpg?fit=800%2C534&ssl=1&resize=350%2C200 1x, https:\/\/i0.wp.com\/total-sport.fr\/wp-content\/uploads\/MIRVAL2.jpg?fit=800%2C534&ssl=1&resize=525%2C300 1.5x, https:\/\/i0.wp.com\/total-sport.fr\/wp-content\/uploads\/MIRVAL2.jpg?fit=800%2C534&ssl=1&resize=700%2C400 2x"},"classes":[]},{"id":3663,"url":"https:\/\/total-sport.fr\/index.php\/2021\/06\/02\/foot-mercato-le-goleador-raphael-mirval-signe-a-aubagne-fc\/","url_meta":{"origin":2788,"position":1},"title":"Foot-Mercato: Le Goleador Rapha\u00ebl MIRVAL signe \u00e0 Aubagne FC","author":"Joly JEROME","date":"2 juin 2021","format":false,"excerpt":"L'attaquant international guadeloup\u00e9en, quitte la Solidarit\u00e9 Scolaire pour signer au Football Club Aubagne, une \u00e9quipe de nationale. C'est le club qui a officialis\u00e9 ce mercredi 2 juin 2021 l'arriv\u00e9e du RALPH4 en provenance de la Solidarit\u00e9 Scolaire. Courtis\u00e9 par plusieurs clubs, l'attaquant de 25 ans a finalement choisi de s'engager\u2026","rel":"","context":"Dans &quot;Foot MERCATO&quot;","block_context":{"text":"Foot MERCATO","link":"https:\/\/total-sport.fr\/index.php\/category\/foot-mercato\/"},"img":{"alt_text":"","src":"https:\/\/i0.wp.com\/total-sport.fr\/wp-content\/uploads\/Screenshot_20210206-214333_WhatsAppBusiness.jpg?fit=711%2C513&ssl=1&resize=350%2C200","width":350,"height":200,"srcset":"https:\/\/i0.wp.com\/total-sport.fr\/wp-content\/uploads\/Screenshot_20210206-214333_WhatsAppBusiness.jpg?fit=711%2C513&ssl=1&resize=350%2C200 1x, https:\/\/i0.wp.com\/total-sport.fr\/wp-content\/uploads\/Screenshot_20210206-214333_WhatsAppBusiness.jpg?fit=711%2C513&ssl=1&resize=525%2C300 1.5x, https:\/\/i0.wp.com\/total-sport.fr\/wp-content\/uploads\/Screenshot_20210206-214333_WhatsAppBusiness.jpg?fit=711%2C513&ssl=1&resize=700%2C400 2x"},"classes":[]},{"id":1180,"url":"https:\/\/total-sport.fr\/index.php\/2019\/06\/23\/foot-guadeloupe-trophee-total-sport-glenson-prince-meilleur-gardien-et-raphael-mirval-meilleur-buteur-de-la-r1\/","url_meta":{"origin":2788,"position":2},"title":"Foot-Guadeloupe-troph\u00e9e Total Sport : Glenson PRINCE meilleur  gardien et Rapha\u00ebl MIRVAL meilleur buteur de la R1","author":"Joly JEROME","date":"23 juin 2019","format":false,"excerpt":"Pour sa premi\u00e8re ann\u00e9e de couverture dans le football Guadeloup\u00e9en, le Site Total Sport a d\u00e9cid\u00e9 de mettre en valeur le travail des gardiens de buts et celui des Attaquants \u00e9voluant dans la R\u00e9gionale 1 de la Guadeloupe. Si Rapha\u00ebl MIRVAL a \u00e9cras\u00e9 la concurrence comme pichichi avec 22 buts\u2026","rel":"","context":"Dans &quot;R1&quot;","block_context":{"text":"R1","link":"https:\/\/total-sport.fr\/index.php\/category\/r1\/"},"img":{"alt_text":"","src":"https:\/\/i0.wp.com\/total-sport.fr\/wp-content\/uploads\/2019\/06\/20190623_122018.jpg?fit=1200%2C800&ssl=1&resize=350%2C200","width":350,"height":200,"srcset":"https:\/\/i0.wp.com\/total-sport.fr\/wp-content\/uploads\/2019\/06\/20190623_122018.jpg?fit=1200%2C800&ssl=1&resize=350%2C200 1x, https:\/\/i0.wp.com\/total-sport.fr\/wp-content\/uploads\/2019\/06\/20190623_122018.jpg?fit=1200%2C800&ssl=1&resize=525%2C300 1.5x, https:\/\/i0.wp.com\/total-sport.fr\/wp-content\/uploads\/2019\/06\/20190623_122018.jpg?fit=1200%2C800&ssl=1&resize=700%2C400 2x, https:\/\/i0.wp.com\/total-sport.fr\/wp-content\/uploads\/2019\/06\/20190623_122018.jpg?fit=1200%2C800&ssl=1&resize=1050%2C600 3x"},"classes":[]},{"id":4473,"url":"https:\/\/total-sport.fr\/index.php\/2023\/06\/14\/foot-mercato-raphael-mirval-le-projet-du-club-colonial-ma-seduit\/","url_meta":{"origin":2788,"position":3},"title":"Foot Mercato: Rapha\u00ebl  MIRVAL, le projet du CLUB COLONIAL  m&rsquo;a s\u00e9duit !","author":"Joly JEROME","date":"14 juin 2023","format":false,"excerpt":"Apr\u00e8s une pige en s\u00e9rie D italienne \u00e0 Aglianese Calcio 1923, Raphael MIRVAL signe son retour en territoire Fran\u00e7ais. Courtis\u00e9 par plusieurs clubs en R1 guadeloup\u00e9en, c'est en Martinique que l'attaquant form\u00e9 \u00e0 L'USBM est all\u00e9 d\u00e9poser ses valises, au CLUB COLONIAL de la Martinique. Le retour du RAPH4 \u00e0\u2026","rel":"","context":"Dans &quot;Foot MERCATO&quot;","block_context":{"text":"Foot MERCATO","link":"https:\/\/total-sport.fr\/index.php\/category\/foot-mercato\/"},"img":{"alt_text":"","src":"https:\/\/i0.wp.com\/total-sport.fr\/wp-content\/uploads\/Screenshot_20230613_224623_Instagram.jpg?fit=1080%2C587&ssl=1&resize=350%2C200","width":350,"height":200,"srcset":"https:\/\/i0.wp.com\/total-sport.fr\/wp-content\/uploads\/Screenshot_20230613_224623_Instagram.jpg?fit=1080%2C587&ssl=1&resize=350%2C200 1x, https:\/\/i0.wp.com\/total-sport.fr\/wp-content\/uploads\/Screenshot_20230613_224623_Instagram.jpg?fit=1080%2C587&ssl=1&resize=525%2C300 1.5x, https:\/\/i0.wp.com\/total-sport.fr\/wp-content\/uploads\/Screenshot_20230613_224623_Instagram.jpg?fit=1080%2C587&ssl=1&resize=700%2C400 2x, https:\/\/i0.wp.com\/total-sport.fr\/wp-content\/uploads\/Screenshot_20230613_224623_Instagram.jpg?fit=1080%2C587&ssl=1&resize=1050%2C600 3x"},"classes":[]},{"id":3022,"url":"https:\/\/total-sport.fr\/index.php\/2020\/06\/20\/foot-mercato-usbm-tient-sa-premiere-recrue-deux-renforts-au-stade-lamentinois-le-phare-signe-vidian-valerius-usr-perd-un-premier-soldat\/","url_meta":{"origin":2788,"position":4},"title":"Foot-Mercato: USBM tient sa premi\u00e8re recrue, deux renforts au Stade Lamentinois, le PHARE signe Vidian VALERIUS, USR perd un premier soldat","author":"Joly JEROME","date":"20 juin 2020","format":false,"excerpt":"\u00c7a y est, on est dans le vif du mercato. Les clubs ont compris la n\u00e9cessit\u00e9 de se renforcer pour l'exercice 2020-2021, qui s'annonce difficile et compliqu\u00e9e. L'USBM qui a perdu deux joueurs \u00e0 vocation offensive n'a pas mis du temps pour trouver sa premi\u00e8re recrue. Le Stade Lamentinois pour\u2026","rel":"","context":"Dans &quot;Foot MERCATO&quot;","block_context":{"text":"Foot MERCATO","link":"https:\/\/total-sport.fr\/index.php\/category\/foot-mercato\/"},"img":{"alt_text":"","src":"https:\/\/i0.wp.com\/total-sport.fr\/wp-content\/uploads\/4176165-1.jpeg?fit=555%2C370&ssl=1&resize=350%2C200","width":350,"height":200,"srcset":"https:\/\/i0.wp.com\/total-sport.fr\/wp-content\/uploads\/4176165-1.jpeg?fit=555%2C370&ssl=1&resize=350%2C200 1x, https:\/\/i0.wp.com\/total-sport.fr\/wp-content\/uploads\/4176165-1.jpeg?fit=555%2C370&ssl=1&resize=525%2C300 1.5x"},"classes":[]},{"id":1955,"url":"https:\/\/total-sport.fr\/index.php\/2019\/12\/14\/foot-r1-12e-j-usbm-et-son-raph4-crucifient-as-gosier\/","url_meta":{"origin":2788,"position":5},"title":"Foot-R1-12E J: USBM et son RAPH4 crucifient AS Gosier","author":"Joly JEROME","date":"14 d\u00e9cembre 2019","format":false,"excerpt":"Les requins Goseriens sont rest\u00e9s bloquer dans la nasse Baie-Mahaultienne. L'AS Gosier n'est plus invincible dans la R\u00e9gionale 1 Guadeloup\u00e9enne, corrig\u00e9s pas les Bombardiers de l'USBM 3-5, les prot\u00e9g\u00e9s de Pascal SILVESTRE n'ont pas pu stopper la puissance offensive de Rapha\u00ebl MIRVAL qui a marqu\u00e9 4 buts et une passe\u2026","rel":"","context":"Dans &quot;R1&quot;","block_context":{"text":"R1","link":"https:\/\/total-sport.fr\/index.php\/category\/r1\/"},"img":{"alt_text":"","src":"https:\/\/i0.wp.com\/total-sport.fr\/wp-content\/uploads\/20191214_152907-01-scaled.jpeg?fit=1200%2C675&ssl=1&resize=350%2C200","width":350,"height":200,"srcset":"https:\/\/i0.wp.com\/total-sport.fr\/wp-content\/uploads\/20191214_152907-01-scaled.jpeg?fit=1200%2C675&ssl=1&resize=350%2C200 1x, https:\/\/i0.wp.com\/total-sport.fr\/wp-content\/uploads\/20191214_152907-01-scaled.jpeg?fit=1200%2C675&ssl=1&resize=525%2C300 1.5x, https:\/\/i0.wp.com\/total-sport.fr\/wp-content\/uploads\/20191214_152907-01-scaled.jpeg?fit=1200%2C675&ssl=1&resize=700%2C400 2x, https:\/\/i0.wp.com\/total-sport.fr\/wp-content\/uploads\/20191214_152907-01-scaled.jpeg?fit=1200%2C675&ssl=1&resize=1050%2C600 3x"},"classes":[]}],"jetpack_likes_enabled":true,"_links":{"self":[{"href":"https:\/\/total-sport.fr\/index.php\/wp-json\/wp\/v2\/posts\/2788","targetHints":{"allow":["GET"]}}],"collection":[{"href":"https:\/\/total-sport.fr\/index.php\/wp-json\/wp\/v2\/posts"}],"about":[{"href":"https:\/\/total-sport.fr\/index.php\/wp-json\/wp\/v2\/types\/post"}],"author":[{"embeddable":true,"href":"https:\/\/total-sport.fr\/index.php\/wp-json\/wp\/v2\/users\/2"}],"replies":[{"embeddable":true,"href":"https:\/\/total-sport.fr\/index.php\/wp-json\/wp\/v2\/comments?post=2788"}],"version-history":[{"count":10,"href":"https:\/\/total-sport.fr\/index.php\/wp-json\/wp\/v2\/posts\/2788\/revisions"}],"predecessor-version":[{"id":2799,"href":"https:\/\/total-sport.fr\/index.php\/wp-json\/wp\/v2\/posts\/2788\/revisions\/2799"}],"wp:featuredmedia":[{"embeddable":true,"href":"https:\/\/total-sport.fr\/index.php\/wp-json\/wp\/v2\/media\/2793"}],"wp:attachment":[{"href":"https:\/\/total-sport.fr\/index.php\/wp-json\/wp\/v2\/media?parent=2788"}],"wp:term":[{"taxonomy":"category","embeddable":true,"href":"https:\/\/total-sport.fr\/index.php\/wp-json\/wp\/v2\/categories?post=2788"},{"taxonomy":"post_tag","embeddable":true,"href":"https:\/\/total-sport.fr\/index.php\/wp-json\/wp\/v2\/tags?post=2788"}],"curies":[{"name":"wp","href":"https:\/\/api.w.org\/{rel}","templated":true}]}}