{"id":2773,"date":"2020-04-16T12:21:51","date_gmt":"2020-04-16T16:21:51","guid":{"rendered":"http:\/\/total-sport.fr\/?p=2773"},"modified":"2020-04-16T12:21:53","modified_gmt":"2020-04-16T16:21:53","slug":"foot-covid-19qui-sont-les-promus-et-relegues-en-r1-r2-et-r3-en-guadeloupe","status":"publish","type":"post","link":"https:\/\/total-sport.fr\/index.php\/2020\/04\/16\/foot-covid-19qui-sont-les-promus-et-relegues-en-r1-r2-et-r3-en-guadeloupe\/","title":{"rendered":"Foot-COVID-19:Qui sont les promus et rel\u00e9gu\u00e9s en R1, R2 et R3 en Guadeloupe?"},"content":{"rendered":"\n<p><strong>Le verdict est tomb\u00e9, pas de reprise dans les championnats amateurs. A l&rsquo;issue d&rsquo;une r\u00e9union ce jeudi, le comit\u00e9 ex\u00e9cutif de la FFF a pris la d\u00e9cision de boucler la boucle \u00e0 l&rsquo;ensemble des comp\u00e9titions de ligues, de districts, l&rsquo;ensemble des championnats nationaux du national 3, du national 2 etc &#8230;. La grande question qu&rsquo;on se pose maintenant, quelles sont les \u00e9quipes qui vont \u00eatre  rel\u00e9gu\u00e9es, promues en R1, R2 et R3 Guadeloup\u00e9enne et comment?<\/strong><\/p>\n\n\n\n<p> Dans un article apparu sur le site de la F\u00e9d\u00e9ration Fran\u00e7aise de Football , des d\u00e9tails  ont \u00e9t\u00e9  fournis sur les modalit\u00e9s d\u2019arr\u00eat des comp\u00e9titions amateurs.<\/p>\n\n\n\n<p>&nbsp;Un arr\u00eat des comp\u00e9titions \u00e0 la date du 13 mars (date de suspension des comp\u00e9titions) quel que soit le nombre de matchs jou\u00e9s.<\/p>\n\n\n\n<p>&#8211; La fixation des classements selon le quotient nombre de points obtenus \/ nombre de matchs jou\u00e9s afin de neutraliser l\u2019effet des matchs report\u00e9s.<\/p>\n\n\n\n<p>&#8211; Le d\u00e9partage des clubs \u00e0 \u00e9galit\u00e9 de points en fonction du r\u00e8glement de la comp\u00e9tition concern\u00e9e. Si le r\u00e8glement de la comp\u00e9tition est inop\u00e9rant ou ne permet pas le d\u00e9partage, des crit\u00e8res fix\u00e9s par la F\u00e9d\u00e9ration seront appliqu\u00e9s.<\/p>\n\n\n\n<p>&#8211; La limitation du nombre de descentes \u00e0 une par poule, en coh\u00e9rence avec le r\u00e8glement qui pr\u00e9voit l\u2019impossibilit\u00e9 de rep\u00eachage du dernier quelles que soient les circonstances.<\/p>\n\n\n\n<p>Selon nos confr\u00e8res de \u00a0\u00bb actufoot\u00a0\u00bb un calcul avec un coefficient devrait mettre en place pour permettre \u00e0 toutes les \u00e9quipes d\u2019avoir le m\u00eame nombre de matchs \u00ab disput\u00e9s \u00bb. Cela permet de d\u00e9terminer les \u00e9quipes promues et rel\u00e9gu\u00e9es.<\/p>\n\n\n\n<h3 class=\"wp-block-heading\">Coefficient<\/h3>\n\n\n\n<p><a href=\"http:\/\/www.actufoot.com\/06\/pourquoi-le-coefficient-est-il-indispensable\/\">Le coefficient (c)<\/a>&nbsp;est calcul\u00e9 sur la moyenne de points obtenus par match disput\u00e9 cette saison. Il ne s\u2019applique que pour les \u00e9quipes ayant des matchs en retard.<\/p>\n\n\n\n<p><strong>c = nombre de points \u00e0 la date d\u2019arr\u00eat du classement divis\u00e9 par le nombre de matchs jou\u00e9s<\/strong><\/p>\n\n\n\n<p>Ce chiffre est multipli\u00e9 par le nombre de matchs en moins sur l\u2019\u00e9quipe en ayant disput\u00e9 le plus. Exemple : si une \u00e9quipe a deux matchs de retard, on ajoutera deux fois ce coefficient (c) \u00e0 son nombre de points au classement.<\/p>\n\n\n\n<p>A noter c&rsquo;est AS Gosier qui est actuel leader du championnat de la r\u00e9gionale 1 avec 57 points pour 16 matchs disput\u00e9s, des \u00e9quipes comme Jeunesse Evolution, USBM et le CSM sont respectivement 2\u00e9me, 3\u00e9me et 4\u00e9me .<\/p>\n\n\n\n<p>En r\u00e9gionale 2, le Club Sport est leader dans la poule A avec un point d&rsquo;avance sur Dynamo , soit 53 longueurs pour 15 matchs jou\u00e9s. Dans le groupe B, c&rsquo;est la RED STAR qui est devant avec 51 points pour 14 matchs disput\u00e9s, le CSB est deuxi\u00e8me avec 46 unit\u00e9s pour 17 rencontres disput\u00e9es.<\/p>\n\n\n\n<p>Cr\u00e9dit photo :LGF <\/p>\n","protected":false},"excerpt":{"rendered":"<div class=\"mh-excerpt\"><p>Le verdict est tomb\u00e9, pas de reprise dans les championnats amateurs. A l&rsquo;issue d&rsquo;une r\u00e9union ce jeudi, le comit\u00e9 ex\u00e9cutif de la FFF a pris <a class=\"mh-excerpt-more\" href=\"https:\/\/total-sport.fr\/index.php\/2020\/04\/16\/foot-covid-19qui-sont-les-promus-et-relegues-en-r1-r2-et-r3-en-guadeloupe\/\" title=\"Foot-COVID-19:Qui sont les promus et rel\u00e9gu\u00e9s en R1, R2 et R3 en Guadeloupe?\">[&#8230;]<\/a><\/p>\n<\/div>","protected":false},"author":2,"featured_media":2775,"comment_status":"open","ping_status":"open","sticky":false,"template":"","format":"standard","meta":{"jetpack_post_was_ever_published":false,"_jetpack_newsletter_access":"","_jetpack_dont_email_post_to_subs":false,"_jetpack_newsletter_tier_id":0,"_jetpack_memberships_contains_paywalled_content":false,"_jetpack_memberships_contains_paid_content":false,"footnotes":"","jetpack_publicize_message":"","jetpack_publicize_feature_enabled":true,"jetpack_social_post_already_shared":true,"jetpack_social_options":{"image_generator_settings":{"template":"highway","default_image_id":0,"font":"","enabled":false},"version":2}},"categories":[6,7,8],"tags":[],"class_list":["post-2773","post","type-post","status-publish","format-standard","has-post-thumbnail","hentry","category-r1","category-r2","category-r3"],"yoast_head":"<!-- This site is optimized with the Yoast SEO plugin v24.9 - https:\/\/yoast.com\/wordpress\/plugins\/seo\/ -->\n<title>Foot-COVID-19:Qui sont les promus et rel\u00e9gu\u00e9s en R1, R2 et R3 en Guadeloupe? - Total Sports International (TSI)<\/title>\n<meta name=\"robots\" content=\"index, follow, max-snippet:-1, max-image-preview:large, max-video-preview:-1\" \/>\n<link rel=\"canonical\" href=\"https:\/\/total-sport.fr\/index.php\/2020\/04\/16\/foot-covid-19qui-sont-les-promus-et-relegues-en-r1-r2-et-r3-en-guadeloupe\/\" \/>\n<meta property=\"og:locale\" content=\"fr_FR\" \/>\n<meta property=\"og:type\" content=\"article\" \/>\n<meta property=\"og:title\" content=\"Foot-COVID-19:Qui sont les promus et rel\u00e9gu\u00e9s en R1, R2 et R3 en Guadeloupe? - Total Sports International (TSI)\" \/>\n<meta property=\"og:description\" content=\"Le verdict est tomb\u00e9, pas de reprise dans les championnats amateurs. A l&rsquo;issue d&rsquo;une r\u00e9union ce jeudi, le comit\u00e9 ex\u00e9cutif de la FFF a pris [...]\" \/>\n<meta property=\"og:url\" content=\"https:\/\/total-sport.fr\/index.php\/2020\/04\/16\/foot-covid-19qui-sont-les-promus-et-relegues-en-r1-r2-et-r3-en-guadeloupe\/\" \/>\n<meta property=\"og:site_name\" content=\"Total Sports International (TSI)\" \/>\n<meta property=\"article:author\" content=\"https:\/\/www.facebook.com\/joly.jerometotalsport\" \/>\n<meta property=\"article:published_time\" content=\"2020-04-16T16:21:51+00:00\" \/>\n<meta property=\"article:modified_time\" content=\"2020-04-16T16:21:53+00:00\" \/>\n<meta property=\"og:image\" content=\"https:\/\/i0.wp.com\/total-sport.fr\/wp-content\/uploads\/gosier.jpg?fit=800%2C561&ssl=1\" \/>\n\t<meta property=\"og:image:width\" content=\"800\" \/>\n\t<meta property=\"og:image:height\" content=\"561\" \/>\n\t<meta property=\"og:image:type\" content=\"image\/jpeg\" \/>\n<meta name=\"author\" content=\"Joly JEROME\" \/>\n<meta name=\"twitter:card\" content=\"summary_large_image\" \/>\n<meta name=\"twitter:creator\" content=\"@Total Sport TS\" \/>\n<meta name=\"twitter:label1\" content=\"\u00c9crit par\" \/>\n\t<meta name=\"twitter:data1\" content=\"Joly JEROME\" \/>\n\t<meta name=\"twitter:label2\" content=\"Dur\u00e9e de lecture estim\u00e9e\" \/>\n\t<meta name=\"twitter:data2\" content=\"2 minutes\" \/>\n<script type=\"application\/ld+json\" class=\"yoast-schema-graph\">{\"@context\":\"https:\/\/schema.org\",\"@graph\":[{\"@type\":\"WebPage\",\"@id\":\"https:\/\/total-sport.fr\/index.php\/2020\/04\/16\/foot-covid-19qui-sont-les-promus-et-relegues-en-r1-r2-et-r3-en-guadeloupe\/\",\"url\":\"https:\/\/total-sport.fr\/index.php\/2020\/04\/16\/foot-covid-19qui-sont-les-promus-et-relegues-en-r1-r2-et-r3-en-guadeloupe\/\",\"name\":\"Foot-COVID-19:Qui sont les promus et rel\u00e9gu\u00e9s en R1, R2 et R3 en Guadeloupe? - Total Sports International (TSI)\",\"isPartOf\":{\"@id\":\"https:\/\/total-sport.fr\/#website\"},\"primaryImageOfPage\":{\"@id\":\"https:\/\/total-sport.fr\/index.php\/2020\/04\/16\/foot-covid-19qui-sont-les-promus-et-relegues-en-r1-r2-et-r3-en-guadeloupe\/#primaryimage\"},\"image\":{\"@id\":\"https:\/\/total-sport.fr\/index.php\/2020\/04\/16\/foot-covid-19qui-sont-les-promus-et-relegues-en-r1-r2-et-r3-en-guadeloupe\/#primaryimage\"},\"thumbnailUrl\":\"https:\/\/i0.wp.com\/total-sport.fr\/wp-content\/uploads\/gosier.jpg?fit=800%2C561&ssl=1\",\"datePublished\":\"2020-04-16T16:21:51+00:00\",\"dateModified\":\"2020-04-16T16:21:53+00:00\",\"author\":{\"@id\":\"https:\/\/total-sport.fr\/#\/schema\/person\/f9f5599f372b747441cd5d912824aba4\"},\"breadcrumb\":{\"@id\":\"https:\/\/total-sport.fr\/index.php\/2020\/04\/16\/foot-covid-19qui-sont-les-promus-et-relegues-en-r1-r2-et-r3-en-guadeloupe\/#breadcrumb\"},\"inLanguage\":\"fr-FR\",\"potentialAction\":[{\"@type\":\"ReadAction\",\"target\":[\"https:\/\/total-sport.fr\/index.php\/2020\/04\/16\/foot-covid-19qui-sont-les-promus-et-relegues-en-r1-r2-et-r3-en-guadeloupe\/\"]}]},{\"@type\":\"ImageObject\",\"inLanguage\":\"fr-FR\",\"@id\":\"https:\/\/total-sport.fr\/index.php\/2020\/04\/16\/foot-covid-19qui-sont-les-promus-et-relegues-en-r1-r2-et-r3-en-guadeloupe\/#primaryimage\",\"url\":\"https:\/\/i0.wp.com\/total-sport.fr\/wp-content\/uploads\/gosier.jpg?fit=800%2C561&ssl=1\",\"contentUrl\":\"https:\/\/i0.wp.com\/total-sport.fr\/wp-content\/uploads\/gosier.jpg?fit=800%2C561&ssl=1\",\"width\":800,\"height\":561},{\"@type\":\"BreadcrumbList\",\"@id\":\"https:\/\/total-sport.fr\/index.php\/2020\/04\/16\/foot-covid-19qui-sont-les-promus-et-relegues-en-r1-r2-et-r3-en-guadeloupe\/#breadcrumb\",\"itemListElement\":[{\"@type\":\"ListItem\",\"position\":1,\"name\":\"Accueil\",\"item\":\"https:\/\/total-sport.fr\/\"},{\"@type\":\"ListItem\",\"position\":2,\"name\":\"Foot-COVID-19:Qui sont les promus et rel\u00e9gu\u00e9s en R1, R2 et R3 en Guadeloupe?\"}]},{\"@type\":\"WebSite\",\"@id\":\"https:\/\/total-sport.fr\/#website\",\"url\":\"https:\/\/total-sport.fr\/\",\"name\":\"Total Sports International (TSI)\",\"description\":\"vous informer est notre priorit\u00e9, 7 jours sur 7 avec toujours le m\u00eame professionnalisme\",\"potentialAction\":[{\"@type\":\"SearchAction\",\"target\":{\"@type\":\"EntryPoint\",\"urlTemplate\":\"https:\/\/total-sport.fr\/?s={search_term_string}\"},\"query-input\":{\"@type\":\"PropertyValueSpecification\",\"valueRequired\":true,\"valueName\":\"search_term_string\"}}],\"inLanguage\":\"fr-FR\"},{\"@type\":\"Person\",\"@id\":\"https:\/\/total-sport.fr\/#\/schema\/person\/f9f5599f372b747441cd5d912824aba4\",\"name\":\"Joly JEROME\",\"image\":{\"@type\":\"ImageObject\",\"inLanguage\":\"fr-FR\",\"@id\":\"https:\/\/total-sport.fr\/#\/schema\/person\/image\/\",\"url\":\"https:\/\/secure.gravatar.com\/avatar\/33e98ca4065ab233074302dee778104df3e61a0f91ceba3d746e7e40dbe11f0d?s=96&d=mm&r=g\",\"contentUrl\":\"https:\/\/secure.gravatar.com\/avatar\/33e98ca4065ab233074302dee778104df3e61a0f91ceba3d746e7e40dbe11f0d?s=96&d=mm&r=g\",\"caption\":\"Joly JEROME\"},\"description\":\"Je suis Joly JEROME, passionn\u00e9 de la lecture et du Sport notamment le Football. Je suis Journaliste ind\u00e9pendant fougueux, s\u00e9rieux mettant ma plume \u00e0 votre service pour vous informer avec la v\u00e9rit\u00e9 comme boussole. Jolyjerome989@gmail.com \/0690 93 65 88\",\"sameAs\":[\"https:\/\/total-sport.fr\",\"https:\/\/www.facebook.com\/joly.jerometotalsport\",\"Joly_JJCA\",\"Total Sport ts\",\"https:\/\/x.com\/Total Sport TS\"],\"url\":\"https:\/\/total-sport.fr\/index.php\/author\/jolyjerome\/\"}]}<\/script>\n<!-- \/ Yoast SEO plugin. -->","yoast_head_json":{"title":"Foot-COVID-19:Qui sont les promus et rel\u00e9gu\u00e9s en R1, R2 et R3 en Guadeloupe? - Total Sports International (TSI)","robots":{"index":"index","follow":"follow","max-snippet":"max-snippet:-1","max-image-preview":"max-image-preview:large","max-video-preview":"max-video-preview:-1"},"canonical":"https:\/\/total-sport.fr\/index.php\/2020\/04\/16\/foot-covid-19qui-sont-les-promus-et-relegues-en-r1-r2-et-r3-en-guadeloupe\/","og_locale":"fr_FR","og_type":"article","og_title":"Foot-COVID-19:Qui sont les promus et rel\u00e9gu\u00e9s en R1, R2 et R3 en Guadeloupe? - Total Sports International (TSI)","og_description":"Le verdict est tomb\u00e9, pas de reprise dans les championnats amateurs. A l&rsquo;issue d&rsquo;une r\u00e9union ce jeudi, le comit\u00e9 ex\u00e9cutif de la FFF a pris [...]","og_url":"https:\/\/total-sport.fr\/index.php\/2020\/04\/16\/foot-covid-19qui-sont-les-promus-et-relegues-en-r1-r2-et-r3-en-guadeloupe\/","og_site_name":"Total Sports International (TSI)","article_author":"https:\/\/www.facebook.com\/joly.jerometotalsport","article_published_time":"2020-04-16T16:21:51+00:00","article_modified_time":"2020-04-16T16:21:53+00:00","og_image":[{"width":800,"height":561,"url":"https:\/\/i0.wp.com\/total-sport.fr\/wp-content\/uploads\/gosier.jpg?fit=800%2C561&ssl=1","type":"image\/jpeg"}],"author":"Joly JEROME","twitter_card":"summary_large_image","twitter_creator":"@Total Sport TS","twitter_misc":{"\u00c9crit par":"Joly JEROME","Dur\u00e9e de lecture estim\u00e9e":"2 minutes"},"schema":{"@context":"https:\/\/schema.org","@graph":[{"@type":"WebPage","@id":"https:\/\/total-sport.fr\/index.php\/2020\/04\/16\/foot-covid-19qui-sont-les-promus-et-relegues-en-r1-r2-et-r3-en-guadeloupe\/","url":"https:\/\/total-sport.fr\/index.php\/2020\/04\/16\/foot-covid-19qui-sont-les-promus-et-relegues-en-r1-r2-et-r3-en-guadeloupe\/","name":"Foot-COVID-19:Qui sont les promus et rel\u00e9gu\u00e9s en R1, R2 et R3 en Guadeloupe? - Total Sports International (TSI)","isPartOf":{"@id":"https:\/\/total-sport.fr\/#website"},"primaryImageOfPage":{"@id":"https:\/\/total-sport.fr\/index.php\/2020\/04\/16\/foot-covid-19qui-sont-les-promus-et-relegues-en-r1-r2-et-r3-en-guadeloupe\/#primaryimage"},"image":{"@id":"https:\/\/total-sport.fr\/index.php\/2020\/04\/16\/foot-covid-19qui-sont-les-promus-et-relegues-en-r1-r2-et-r3-en-guadeloupe\/#primaryimage"},"thumbnailUrl":"https:\/\/i0.wp.com\/total-sport.fr\/wp-content\/uploads\/gosier.jpg?fit=800%2C561&ssl=1","datePublished":"2020-04-16T16:21:51+00:00","dateModified":"2020-04-16T16:21:53+00:00","author":{"@id":"https:\/\/total-sport.fr\/#\/schema\/person\/f9f5599f372b747441cd5d912824aba4"},"breadcrumb":{"@id":"https:\/\/total-sport.fr\/index.php\/2020\/04\/16\/foot-covid-19qui-sont-les-promus-et-relegues-en-r1-r2-et-r3-en-guadeloupe\/#breadcrumb"},"inLanguage":"fr-FR","potentialAction":[{"@type":"ReadAction","target":["https:\/\/total-sport.fr\/index.php\/2020\/04\/16\/foot-covid-19qui-sont-les-promus-et-relegues-en-r1-r2-et-r3-en-guadeloupe\/"]}]},{"@type":"ImageObject","inLanguage":"fr-FR","@id":"https:\/\/total-sport.fr\/index.php\/2020\/04\/16\/foot-covid-19qui-sont-les-promus-et-relegues-en-r1-r2-et-r3-en-guadeloupe\/#primaryimage","url":"https:\/\/i0.wp.com\/total-sport.fr\/wp-content\/uploads\/gosier.jpg?fit=800%2C561&ssl=1","contentUrl":"https:\/\/i0.wp.com\/total-sport.fr\/wp-content\/uploads\/gosier.jpg?fit=800%2C561&ssl=1","width":800,"height":561},{"@type":"BreadcrumbList","@id":"https:\/\/total-sport.fr\/index.php\/2020\/04\/16\/foot-covid-19qui-sont-les-promus-et-relegues-en-r1-r2-et-r3-en-guadeloupe\/#breadcrumb","itemListElement":[{"@type":"ListItem","position":1,"name":"Accueil","item":"https:\/\/total-sport.fr\/"},{"@type":"ListItem","position":2,"name":"Foot-COVID-19:Qui sont les promus et rel\u00e9gu\u00e9s en R1, R2 et R3 en Guadeloupe?"}]},{"@type":"WebSite","@id":"https:\/\/total-sport.fr\/#website","url":"https:\/\/total-sport.fr\/","name":"Total Sports International (TSI)","description":"vous informer est notre priorit\u00e9, 7 jours sur 7 avec toujours le m\u00eame professionnalisme","potentialAction":[{"@type":"SearchAction","target":{"@type":"EntryPoint","urlTemplate":"https:\/\/total-sport.fr\/?s={search_term_string}"},"query-input":{"@type":"PropertyValueSpecification","valueRequired":true,"valueName":"search_term_string"}}],"inLanguage":"fr-FR"},{"@type":"Person","@id":"https:\/\/total-sport.fr\/#\/schema\/person\/f9f5599f372b747441cd5d912824aba4","name":"Joly JEROME","image":{"@type":"ImageObject","inLanguage":"fr-FR","@id":"https:\/\/total-sport.fr\/#\/schema\/person\/image\/","url":"https:\/\/secure.gravatar.com\/avatar\/33e98ca4065ab233074302dee778104df3e61a0f91ceba3d746e7e40dbe11f0d?s=96&d=mm&r=g","contentUrl":"https:\/\/secure.gravatar.com\/avatar\/33e98ca4065ab233074302dee778104df3e61a0f91ceba3d746e7e40dbe11f0d?s=96&d=mm&r=g","caption":"Joly JEROME"},"description":"Je suis Joly JEROME, passionn\u00e9 de la lecture et du Sport notamment le Football. Je suis Journaliste ind\u00e9pendant fougueux, s\u00e9rieux mettant ma plume \u00e0 votre service pour vous informer avec la v\u00e9rit\u00e9 comme boussole. Jolyjerome989@gmail.com \/0690 93 65 88","sameAs":["https:\/\/total-sport.fr","https:\/\/www.facebook.com\/joly.jerometotalsport","Joly_JJCA","Total Sport ts","https:\/\/x.com\/Total Sport TS"],"url":"https:\/\/total-sport.fr\/index.php\/author\/jolyjerome\/"}]}},"jetpack_publicize_connections":[],"jetpack_featured_media_url":"https:\/\/i0.wp.com\/total-sport.fr\/wp-content\/uploads\/gosier.jpg?fit=800%2C561&ssl=1","jetpack_sharing_enabled":true,"jetpack_shortlink":"https:\/\/wp.me\/paF0J8-IJ","jetpack-related-posts":[{"id":2884,"url":"https:\/\/total-sport.fr\/index.php\/2020\/05\/13\/foot-guadeloupe-le-classement-final-des-differents-championnats-de-la-guadeloupe\/","url_meta":{"origin":2773,"position":0},"title":"Foot-Guadeloupe : Le classement final des diff\u00e9rents championnats de la Guadeloupe","author":"Joly JEROME","date":"13 mai 2020","format":false,"excerpt":"Fin de saison, Total Sport vous pr\u00e9sente en image le classement des diff\u00e9rents championnats en Guadeloupe. 1- Classement de la R1, avec le titre pour AS GOSIER Et UNAR est rel\u00e9gu\u00e9 2- R\u00e9gionale 2 poule A, Club Sport et le Dynamo sont en R1; FC St-Fran\u00e7ois est rel\u00e9gu\u00e9 en R3\u2026","rel":"","context":"Dans &quot;R1&quot;","block_context":{"text":"R1","link":"https:\/\/total-sport.fr\/index.php\/category\/r1\/"},"img":{"alt_text":"","src":"https:\/\/i0.wp.com\/total-sport.fr\/wp-content\/uploads\/PicsArt_05-13-01.34.04.jpg?fit=1200%2C666&ssl=1&resize=350%2C200","width":350,"height":200,"srcset":"https:\/\/i0.wp.com\/total-sport.fr\/wp-content\/uploads\/PicsArt_05-13-01.34.04.jpg?fit=1200%2C666&ssl=1&resize=350%2C200 1x, https:\/\/i0.wp.com\/total-sport.fr\/wp-content\/uploads\/PicsArt_05-13-01.34.04.jpg?fit=1200%2C666&ssl=1&resize=525%2C300 1.5x, https:\/\/i0.wp.com\/total-sport.fr\/wp-content\/uploads\/PicsArt_05-13-01.34.04.jpg?fit=1200%2C666&ssl=1&resize=700%2C400 2x, https:\/\/i0.wp.com\/total-sport.fr\/wp-content\/uploads\/PicsArt_05-13-01.34.04.jpg?fit=1200%2C666&ssl=1&resize=1050%2C600 3x"},"classes":[]},{"id":2661,"url":"https:\/\/total-sport.fr\/index.php\/2020\/03\/18\/foot-coronavirus-as-gosier-sera-t-elle-sacree-championne-de-la-guadeloupe-si-la-saison-ne-se-termine-pas\/","url_meta":{"origin":2773,"position":1},"title":"Foot-Coronavirus: AS GOSIER sera t-elle sacr\u00e9e championne de la Guadeloupe, si la saison ne se termine pas ?","author":"Joly JEROME","date":"18 mars 2020","format":false,"excerpt":"Ce n'est plus un secret pour personne que le COVID-19 est entrain de ravager le monde. Comme la plupart des f\u00e9d\u00e9rations, celle de la France a suspendu l'ensemble des activit\u00e9s et comp\u00e9titions g\u00e9r\u00e9es par la F\u00e9d\u00e9ration Fran\u00e7aise de Football (FFF). Ainsi tous les championnats amateurs, sont interrompus y compris ceux\u2026","rel":"","context":"Dans &quot;Non class\u00e9&quot;","block_context":{"text":"Non class\u00e9","link":"https:\/\/total-sport.fr\/index.php\/category\/non-classe\/"},"img":{"alt_text":"","src":"https:\/\/i0.wp.com\/total-sport.fr\/wp-content\/uploads\/IMG-20200314-WA0000.jpg?fit=750%2C664&ssl=1&resize=350%2C200","width":350,"height":200,"srcset":"https:\/\/i0.wp.com\/total-sport.fr\/wp-content\/uploads\/IMG-20200314-WA0000.jpg?fit=750%2C664&ssl=1&resize=350%2C200 1x, https:\/\/i0.wp.com\/total-sport.fr\/wp-content\/uploads\/IMG-20200314-WA0000.jpg?fit=750%2C664&ssl=1&resize=525%2C300 1.5x, https:\/\/i0.wp.com\/total-sport.fr\/wp-content\/uploads\/IMG-20200314-WA0000.jpg?fit=750%2C664&ssl=1&resize=700%2C400 2x"},"classes":[]},{"id":2804,"url":"https:\/\/total-sport.fr\/index.php\/2020\/05\/06\/foot-guadeloupe-la-lgf-fait-le-point-as-gosier-sacree-championne-de-la-r1\/","url_meta":{"origin":2773,"position":2},"title":"Foot-Guadeloupe: La LGF fait le point, AS GOSIER sacr\u00e9e championne de la R1.","author":"Joly JEROME","date":"6 mai 2020","format":false,"excerpt":"Dans une conf\u00e9rence de presse par Visio-conf\u00e9rence donn\u00e9e ce mercredi matin, la Ligue Guadeloup\u00e9enne de Football a fait le point sur divers dossiers apr\u00e8s l\u2019arr\u00eat d\u00e9finitif de la saison 2019-2020. Plusieurs points ont \u00e9t\u00e9 soulev\u00e9s par le staff de la LGF, notamment la fin de saison, les classements, les titres,\u2026","rel":"","context":"Dans &quot;R1&quot;","block_context":{"text":"R1","link":"https:\/\/total-sport.fr\/index.php\/category\/r1\/"},"img":{"alt_text":"","src":"https:\/\/i0.wp.com\/total-sport.fr\/wp-content\/uploads\/GOSIER-CHAM.jpg?fit=1200%2C801&ssl=1&resize=350%2C200","width":350,"height":200,"srcset":"https:\/\/i0.wp.com\/total-sport.fr\/wp-content\/uploads\/GOSIER-CHAM.jpg?fit=1200%2C801&ssl=1&resize=350%2C200 1x, https:\/\/i0.wp.com\/total-sport.fr\/wp-content\/uploads\/GOSIER-CHAM.jpg?fit=1200%2C801&ssl=1&resize=525%2C300 1.5x, https:\/\/i0.wp.com\/total-sport.fr\/wp-content\/uploads\/GOSIER-CHAM.jpg?fit=1200%2C801&ssl=1&resize=700%2C400 2x, https:\/\/i0.wp.com\/total-sport.fr\/wp-content\/uploads\/GOSIER-CHAM.jpg?fit=1200%2C801&ssl=1&resize=1050%2C600 3x"},"classes":[]},{"id":1332,"url":"https:\/\/total-sport.fr\/index.php\/2019\/08\/13\/foot-guadeloupe-r1-le-calendrier-de-la-r1-devoile-des-entraineurs-pessimistes\/","url_meta":{"origin":2773,"position":3},"title":"Foot-Guadeloupe- R1 : Le calendrier de la R1 d\u00e9voil\u00e9, des entra\u00eeneurs pessimistes.","author":"Joly JEROME","date":"13 ao\u00fbt 2019","format":false,"excerpt":"\u00c0 moins de 15 jours de la reprise du championnat Guadeloup\u00e9en de football, plusieurs clubs sont d\u00e9j\u00e0 \u00e0 pied d'oeuvre afin de paufiner leur pr\u00e9paration pour l'exercice 2019-2020. Ce mardi l'instance supr\u00eame du football Guadeloup\u00e9en a rendu public le calendrier de la R\u00e9gionale 1 pour ce samedi 24 ao\u00fbt 2019.\u2026","rel":"","context":"Dans &quot;R1&quot;","block_context":{"text":"R1","link":"https:\/\/total-sport.fr\/index.php\/category\/r1\/"},"img":{"alt_text":"","src":"https:\/\/i0.wp.com\/total-sport.fr\/wp-content\/uploads\/2019\/08\/20190813_162442-1.jpg?fit=1200%2C585&ssl=1&resize=350%2C200","width":350,"height":200,"srcset":"https:\/\/i0.wp.com\/total-sport.fr\/wp-content\/uploads\/2019\/08\/20190813_162442-1.jpg?fit=1200%2C585&ssl=1&resize=350%2C200 1x, https:\/\/i0.wp.com\/total-sport.fr\/wp-content\/uploads\/2019\/08\/20190813_162442-1.jpg?fit=1200%2C585&ssl=1&resize=525%2C300 1.5x, https:\/\/i0.wp.com\/total-sport.fr\/wp-content\/uploads\/2019\/08\/20190813_162442-1.jpg?fit=1200%2C585&ssl=1&resize=700%2C400 2x, https:\/\/i0.wp.com\/total-sport.fr\/wp-content\/uploads\/2019\/08\/20190813_162442-1.jpg?fit=1200%2C585&ssl=1&resize=1050%2C600 3x"},"classes":[]},{"id":2850,"url":"https:\/\/total-sport.fr\/index.php\/2020\/05\/12\/foot-guadeloupe-lequipe-type-des-haitiens-evoluant-en-guadeloupe-saison-2019-2020\/","url_meta":{"origin":2773,"position":4},"title":"Foot-Guadeloupe: L&rsquo;\u00e9quipe type des ha\u00eftiens \u00e9voluant en Guadeloupe saison 2019-2020.","author":"Joly JEROME","date":"12 mai 2020","format":false,"excerpt":"Depuis quelques ann\u00e9es le football de la Guadeloupe compte dans ses rangs pas mal d'\u00e9trangers, dont des Ha\u00eftiens qui font de ce championnat l'une des destinations tr\u00e8s pris\u00e9es. Ils sont plusieurs dizaines \u00e0 \u00e9voluer dans les championnats R1, R2 et R3 de la Guadeloupe cette saison. Pour cette exercice 2019-2020,\u2026","rel":"","context":"Dans &quot;R1&quot;","block_context":{"text":"R1","link":"https:\/\/total-sport.fr\/index.php\/category\/r1\/"},"img":{"alt_text":"","src":"https:\/\/i0.wp.com\/total-sport.fr\/wp-content\/uploads\/IMG-20200512-WA0198.jpg?fit=1024%2C614&ssl=1&resize=350%2C200","width":350,"height":200,"srcset":"https:\/\/i0.wp.com\/total-sport.fr\/wp-content\/uploads\/IMG-20200512-WA0198.jpg?fit=1024%2C614&ssl=1&resize=350%2C200 1x, https:\/\/i0.wp.com\/total-sport.fr\/wp-content\/uploads\/IMG-20200512-WA0198.jpg?fit=1024%2C614&ssl=1&resize=525%2C300 1.5x, https:\/\/i0.wp.com\/total-sport.fr\/wp-content\/uploads\/IMG-20200512-WA0198.jpg?fit=1024%2C614&ssl=1&resize=700%2C400 2x"},"classes":[]},{"id":4608,"url":"https:\/\/total-sport.fr\/index.php\/2023\/08\/22\/martinique-le-trophee-yvon-lubert-pour-lancer-la-saison-2023-24\/","url_meta":{"origin":2773,"position":5},"title":"Martinique : Le troph\u00e9e Yvon Lubert pour lancer la saison 2023-24!!","author":"Joly JEROME","date":"22 ao\u00fbt 2023","format":false,"excerpt":"Apr\u00e8s quelques mois de vacances, la ligue football Martinique annonce la nouvelle saison 2023-2024. C'est bien le troph\u00e9e Yvon Lubert qui lancera l'\u00e9dition 2023-2024 avec les diff\u00e9rents clubs vainqueurs des championnats de r\u00e9gionale 1,2,3 ainsi que le vainqueur de la coupe de la Martinique. Les quatre \u00e9quipes s'affronteront sous forme\u2026","rel":"","context":"Dans &quot;R1&quot;","block_context":{"text":"R1","link":"https:\/\/total-sport.fr\/index.php\/category\/r1\/"},"img":{"alt_text":"","src":"https:\/\/i0.wp.com\/total-sport.fr\/wp-content\/uploads\/FB_IMG_1692675728241.jpg?fit=1080%2C585&ssl=1&resize=350%2C200","width":350,"height":200,"srcset":"https:\/\/i0.wp.com\/total-sport.fr\/wp-content\/uploads\/FB_IMG_1692675728241.jpg?fit=1080%2C585&ssl=1&resize=350%2C200 1x, https:\/\/i0.wp.com\/total-sport.fr\/wp-content\/uploads\/FB_IMG_1692675728241.jpg?fit=1080%2C585&ssl=1&resize=525%2C300 1.5x, https:\/\/i0.wp.com\/total-sport.fr\/wp-content\/uploads\/FB_IMG_1692675728241.jpg?fit=1080%2C585&ssl=1&resize=700%2C400 2x, https:\/\/i0.wp.com\/total-sport.fr\/wp-content\/uploads\/FB_IMG_1692675728241.jpg?fit=1080%2C585&ssl=1&resize=1050%2C600 3x"},"classes":[]}],"jetpack_likes_enabled":true,"_links":{"self":[{"href":"https:\/\/total-sport.fr\/index.php\/wp-json\/wp\/v2\/posts\/2773","targetHints":{"allow":["GET"]}}],"collection":[{"href":"https:\/\/total-sport.fr\/index.php\/wp-json\/wp\/v2\/posts"}],"about":[{"href":"https:\/\/total-sport.fr\/index.php\/wp-json\/wp\/v2\/types\/post"}],"author":[{"embeddable":true,"href":"https:\/\/total-sport.fr\/index.php\/wp-json\/wp\/v2\/users\/2"}],"replies":[{"embeddable":true,"href":"https:\/\/total-sport.fr\/index.php\/wp-json\/wp\/v2\/comments?post=2773"}],"version-history":[{"count":3,"href":"https:\/\/total-sport.fr\/index.php\/wp-json\/wp\/v2\/posts\/2773\/revisions"}],"predecessor-version":[{"id":2777,"href":"https:\/\/total-sport.fr\/index.php\/wp-json\/wp\/v2\/posts\/2773\/revisions\/2777"}],"wp:featuredmedia":[{"embeddable":true,"href":"https:\/\/total-sport.fr\/index.php\/wp-json\/wp\/v2\/media\/2775"}],"wp:attachment":[{"href":"https:\/\/total-sport.fr\/index.php\/wp-json\/wp\/v2\/media?parent=2773"}],"wp:term":[{"taxonomy":"category","embeddable":true,"href":"https:\/\/total-sport.fr\/index.php\/wp-json\/wp\/v2\/categories?post=2773"},{"taxonomy":"post_tag","embeddable":true,"href":"https:\/\/total-sport.fr\/index.php\/wp-json\/wp\/v2\/tags?post=2773"}],"curies":[{"name":"wp","href":"https:\/\/api.w.org\/{rel}","templated":true}]}}