{"id":2479,"date":"2020-02-17T20:24:20","date_gmt":"2020-02-18T00:24:20","guid":{"rendered":"http:\/\/total-sport.fr\/?p=2479"},"modified":"2020-02-18T06:20:17","modified_gmt":"2020-02-18T10:20:17","slug":"foot-coupe-vyv-demi-finales-aller-amical-vs-phare-usbm-contre-csm-les-acteurs-se-disent-prets","status":"publish","type":"post","link":"https:\/\/total-sport.fr\/index.php\/2020\/02\/17\/foot-coupe-vyv-demi-finales-aller-amical-vs-phare-usbm-contre-csm-les-acteurs-se-disent-prets\/","title":{"rendered":"Foot-Coupe VYV-demi-finales aller: Amical vs PHARE, USBM contre CSM, les acteurs se disent pr\u00eats"},"content":{"rendered":"\n<p><strong>Apr\u00e8s un weekend passionnant en championnat, place \u00e0 la coupe groupe VYV autre fois appel\u00e9e Coupe Mutuelle Mare-Gaillard. Mardi et mercredi on va jouer les demi-finales aller avec un choc entre les champions en titre de L&rsquo;Amical club face au Canaliens du PHARE. Le destin l&rsquo;a voulu et les mordus du ballon rond vont assister \u00e0 un nouveau classique mercredi entre le CSM et l&rsquo;USBM en espace de 4 jours. <\/strong><\/p>\n\n\n\n<p>Le stade Ren\u00e9 Serge NABAJOTH et celui de Capesterre Belle-Eau seront les th\u00e9\u00e2tres des demi-finales aller de la coupe groupe VYV . En conf\u00e9rence de presse le samedi 15 f\u00e9vrier au si\u00e8ge de la MMG au Gosier, les maillots des 4 represents ont \u00e9t\u00e9 d\u00e9voil\u00e9s et la grande nouvelle c&rsquo;est le nom de cette comp\u00e9tition qui a \u00e9t\u00e9 chang\u00e9e de Coupe MMG \u00e0 la coupe Groupe VYV.  Ainsi d\u00e8s demain, la premi\u00e8re affiche mettra au prise l&rsquo;\u00e9quipe championne de la R1 la saison derni\u00e8re, Amical club contre le PHARE de Petit-Canal 4\u00e8me pour l&rsquo;exercice 2018-2019. Le Club Sportif Moulien qui a boucl\u00e9 la saison pr\u00e9c\u00e9dente \u00e0 la 2\u00e8me place va croiser le fer L&rsquo;Union  Sportive Baie-Mahaultienne qui a termin\u00e9 \u00e0 la 3\u00e8me place. Comment les \u00e9quipes se pr\u00e9parent pour ce rendez-vous, sont-elles pr\u00eates ? Total Sport a interrog\u00e9 quelques acteurs.<\/p>\n\n\n\n<figure class=\"wp-block-gallery columns-1 is-cropped wp-block-gallery-1 is-layout-flex wp-block-gallery-is-layout-flex\"><ul class=\"blocks-gallery-grid\"><li class=\"blocks-gallery-item\"><figure><img loading=\"lazy\" decoding=\"async\" width=\"2560\" height=\"1440\" data-attachment-id=\"2486\" data-permalink=\"https:\/\/total-sport.fr\/index.php\/2020\/02\/17\/foot-coupe-vyv-demi-finales-aller-amical-vs-phare-usbm-contre-csm-les-acteurs-se-disent-prets\/picsart_02-17-06-06-47\/\" data-orig-file=\"https:\/\/i0.wp.com\/total-sport.fr\/wp-content\/uploads\/PicsArt_02-17-06.06.47-scaled.jpg?fit=2560%2C1440&amp;ssl=1\" data-orig-size=\"2560,1440\" data-comments-opened=\"1\" data-image-meta=\"{&quot;aperture&quot;:&quot;1.7&quot;,&quot;credit&quot;:&quot;314918488055101&quot;,&quot;camera&quot;:&quot;SM-A505FN&quot;,&quot;caption&quot;:&quot;&quot;,&quot;created_timestamp&quot;:&quot;0&quot;,&quot;copyright&quot;:&quot;&quot;,&quot;focal_length&quot;:&quot;3.93&quot;,&quot;iso&quot;:&quot;200&quot;,&quot;shutter_speed&quot;:&quot;0.04&quot;,&quot;title&quot;:&quot;&quot;,&quot;orientation&quot;:&quot;1&quot;}\" data-image-title=\"PicsArt_02-17-06.06.47\" data-image-description=\"\" data-image-caption=\"\" data-large-file=\"https:\/\/i0.wp.com\/total-sport.fr\/wp-content\/uploads\/PicsArt_02-17-06.06.47-scaled.jpg?fit=1024%2C576&amp;ssl=1\" src=\"https:\/\/i1.wp.com\/total-sport.fr\/wp-content\/uploads\/PicsArt_02-17-06.06.47-scaled.jpg?fit=1024%2C576&amp;ssl=1\" alt=\"\" data-id=\"2486\" data-full-url=\"https:\/\/i1.wp.com\/total-sport.fr\/wp-content\/uploads\/PicsArt_02-17-06.06.47-scaled.jpg?fit=2560%2C1440&amp;ssl=1\" data-link=\"https:\/\/total-sport.fr\/?attachment_id=2486\" class=\"wp-image-2486\" srcset=\"https:\/\/i0.wp.com\/total-sport.fr\/wp-content\/uploads\/PicsArt_02-17-06.06.47-scaled.jpg?w=2560&amp;ssl=1 2560w, https:\/\/i0.wp.com\/total-sport.fr\/wp-content\/uploads\/PicsArt_02-17-06.06.47-scaled.jpg?resize=300%2C169&amp;ssl=1 300w, https:\/\/i0.wp.com\/total-sport.fr\/wp-content\/uploads\/PicsArt_02-17-06.06.47-scaled.jpg?resize=1024%2C576&amp;ssl=1 1024w, https:\/\/i0.wp.com\/total-sport.fr\/wp-content\/uploads\/PicsArt_02-17-06.06.47-scaled.jpg?resize=768%2C432&amp;ssl=1 768w, https:\/\/i0.wp.com\/total-sport.fr\/wp-content\/uploads\/PicsArt_02-17-06.06.47-scaled.jpg?resize=1536%2C864&amp;ssl=1 1536w, https:\/\/i0.wp.com\/total-sport.fr\/wp-content\/uploads\/PicsArt_02-17-06.06.47-scaled.jpg?resize=2048%2C1152&amp;ssl=1 2048w, https:\/\/i0.wp.com\/total-sport.fr\/wp-content\/uploads\/PicsArt_02-17-06.06.47-scaled.jpg?resize=678%2C381&amp;ssl=1 678w\" sizes=\"auto, (max-width: 1000px) 100vw, 1000px\" \/><\/figure><\/li><\/ul><\/figure>\n\n\n\n<p>Amical club de Marie-Galante contre le PHARE de Petit-Canal sera la premi\u00e8re demi-finale aller. Ce mardi les deux \u00e9quipes s&rsquo;affrontent avec l&rsquo;objectif de placer un premier pion decisif leur permettant de jouer le deuxi\u00e8me round avec beaucoup plus de s\u00e9r\u00e9nit\u00e9. Si L&rsquo;Amical club  reste sur 3 d\u00e9faites cons\u00e9cutives en championnat, ce mardi ce sera une toute autre comp\u00e9tition et Djulio RAMOTHE, le chef de la d\u00e9fense Marie-Galentaise se dit pr\u00eat pour le choc.<\/p>\n\n\n\n<p>\u00a0\u00bb <em>L\u2019Amical aujourd\u2019hui se porte mieux sur le papier en retrouvant tout d\u2019abord notre trio de DIMITRI , c\u2019est vrai qu\u2019on \u00e9tait dans une spirale n\u00e9gative vis-\u00e0-vis des r\u00e9sultats pr\u00e9c\u00e9dents, mais nos performances sur le terrain restent un atout positif pour franchir ce palier<\/em> \u00a0\u00bb , a r\u00e9pondu Djulio <\/p>\n\n\n\n<p>\u00a0\u00bb <em>C\u2019est un match de coupe on va s\u2019en servir au mieux pour rebondir apr\u00e8s l\u2019orage de carton rouge et de bless\u00e9 que nous ayons subis depuis le d\u00e9but de l\u2019ann\u00e9e, retrouv\u00e9 l\u2019ensemble de nos joueurs aujourd\u2019hui nous redonne l\u2019envi qu\u2019on avait l\u2019an dernier<\/em> \u00ab\u00a0,  conclu le petit fr\u00e8re de Dimitri RAMOTHE. <\/p>\n\n\n\n<p>Auteur d&rsquo;une tr\u00e8s belle saison avec le PHARE de Petit-Canal avec 8 buts en championnat, le jeune Jordinael EGLELA se dit pr\u00eat pour affronter les champions en titre m\u00eame s&rsquo;il pense que la rencontre de mardi sera un tout autre match par rapport au dernier contre Amical qu&rsquo;ils ont gagn\u00e9 (3-0). <\/p>\n\n\n\n<p>\u00a0\u00bb  <em>Oui nous sommes pr\u00eats car cette coupe est un de nos objectifs et nous comptons aborder ce match comme un match normal sans se mettre trop de pression. Reproduire la m\u00eame performance ce sera compliqu\u00e9 parce que c\u2019est un autre match mais nous allons tout donner<\/em> \u00a0\u00bb a fait savoir le num\u00e9ro 10 du PHARE. <\/p>\n\n\n\n<figure class=\"wp-block-gallery columns-1 is-cropped wp-block-gallery-2 is-layout-flex wp-block-gallery-is-layout-flex\"><ul class=\"blocks-gallery-grid\"><li class=\"blocks-gallery-item\"><figure><img loading=\"lazy\" decoding=\"async\" width=\"2560\" height=\"1331\" data-attachment-id=\"2487\" data-permalink=\"https:\/\/total-sport.fr\/index.php\/2020\/02\/17\/foot-coupe-vyv-demi-finales-aller-amical-vs-phare-usbm-contre-csm-les-acteurs-se-disent-prets\/20200217_181534\/\" data-orig-file=\"https:\/\/i0.wp.com\/total-sport.fr\/wp-content\/uploads\/20200217_181534-scaled.jpg?fit=2560%2C1331&amp;ssl=1\" data-orig-size=\"2560,1331\" data-comments-opened=\"1\" data-image-meta=\"{&quot;aperture&quot;:&quot;1.7&quot;,&quot;credit&quot;:&quot;314918488055101&quot;,&quot;camera&quot;:&quot;SM-A505FN&quot;,&quot;caption&quot;:&quot;&quot;,&quot;created_timestamp&quot;:&quot;0&quot;,&quot;copyright&quot;:&quot;&quot;,&quot;focal_length&quot;:&quot;3.93&quot;,&quot;iso&quot;:&quot;200&quot;,&quot;shutter_speed&quot;:&quot;0.04&quot;,&quot;title&quot;:&quot;&quot;,&quot;orientation&quot;:&quot;0&quot;}\" data-image-title=\"20200217_181534\" data-image-description=\"\" data-image-caption=\"\" data-large-file=\"https:\/\/i0.wp.com\/total-sport.fr\/wp-content\/uploads\/20200217_181534-scaled.jpg?fit=1024%2C532&amp;ssl=1\" src=\"https:\/\/i1.wp.com\/total-sport.fr\/wp-content\/uploads\/20200217_181534-scaled.jpg?fit=1024%2C532&amp;ssl=1\" alt=\"\" data-id=\"2487\" data-full-url=\"https:\/\/i1.wp.com\/total-sport.fr\/wp-content\/uploads\/20200217_181534-scaled.jpg?fit=2560%2C1331&amp;ssl=1\" data-link=\"https:\/\/total-sport.fr\/?attachment_id=2487\" class=\"wp-image-2487\" srcset=\"https:\/\/i0.wp.com\/total-sport.fr\/wp-content\/uploads\/20200217_181534-scaled.jpg?w=2560&amp;ssl=1 2560w, https:\/\/i0.wp.com\/total-sport.fr\/wp-content\/uploads\/20200217_181534-scaled.jpg?resize=300%2C156&amp;ssl=1 300w, https:\/\/i0.wp.com\/total-sport.fr\/wp-content\/uploads\/20200217_181534-scaled.jpg?resize=1024%2C532&amp;ssl=1 1024w, https:\/\/i0.wp.com\/total-sport.fr\/wp-content\/uploads\/20200217_181534-scaled.jpg?resize=768%2C399&amp;ssl=1 768w, https:\/\/i0.wp.com\/total-sport.fr\/wp-content\/uploads\/20200217_181534-scaled.jpg?resize=1536%2C799&amp;ssl=1 1536w, https:\/\/i0.wp.com\/total-sport.fr\/wp-content\/uploads\/20200217_181534-scaled.jpg?resize=2048%2C1065&amp;ssl=1 2048w\" sizes=\"auto, (max-width: 1000px) 100vw, 1000px\" \/><\/figure><\/li><\/ul><\/figure>\n\n\n\n<p>L&rsquo;autre duel des demi-finales aller mettra au prise L&rsquo;USBM contre le CSM mercredi au stade de Capesterre Belle-Eau, un autre classique apr\u00e8s celui de samedi.  M\u00eame si les Impossibles Mouliens ont baiss\u00e9 pavillon 3 fois sur leurs 4 derni\u00e8res sorties contre les bombardiers de l&rsquo;USBM , Vikash TILL\u00c9 dit son \u00e9quipe n&rsquo;a peur de personne, ils vont chercher ce qu&rsquo;ils veulent. <\/p>\n\n\n\n<p>\u00a0\u00bb <em>On a la chance de jouer le match aller \u00e0 l&rsquo;ext\u00e9rieur on est cens\u00e9e l&rsquo;aborder en position de force, maintenant vu le r\u00e9sultat du dernier match de championnat la confiance sera dans leur camp mais c&rsquo;est \u00e0 nous d&rsquo;aller chercher ce qu&rsquo;on veut, on est le CSM<\/em>\u00ab\u00a0,  a fait savoir le dossard 14 Moulien. <\/p>\n\n\n\n<p>\u00a0\u00bb <em>C&rsquo;est une \u00e9quipe contre laquelle on a du mal ces derniers temps, pourtant la physionomie des derniers matchs ne refl\u00e8tent pas forc\u00e9ment les scores car souvent on domine mais on p\u00eache dans les buts. C&rsquo;est peut-\u00eatre pas notre b\u00eate noire mais c&rsquo;est une \u00e9quipe difficile \u00e0 battre surtout d\u00e9fensivement <\/em>\u00a0\u00bb a conclu Vikash TILL\u00c9. <\/p>\n\n\n\n<p>Pour le capitaine et le patron de la  d\u00e9fense Baie-Mahaultienne Rozan LEMOYNE, ce sera un match compliqu\u00e9 et difficile, toute fois le dossard 5 de l&rsquo;USBM promet de garder leur cage non viol\u00e9e. <\/p>\n\n\n\n<p>\u00a0\u00bb  <em>C&rsquo;est une comp\u00e9tition que nous tenons \u00e0 coeur depuis 3 ans, nous sommes l&rsquo;\u00e9quipe tenant du titre, nous prenons la comp\u00e9tition tr\u00e8s au s\u00e9rieux. Il va falloir des joueurs d&rsquo;exp\u00e9riences, on va garder notre d\u00e9fense de samedi et surtout garder notre cage non viol\u00e9e, on va essayer de tenir la baraque comme samedi. Ce sera une autre comp\u00e9tition qui sera plus difficile<\/em>, surtout qu&rsquo;on les a gagn\u00e9 samedi, ils vont venir avec un esprit revenchard \u00a0\u00bb a expliqu\u00e9 Rozan LEMOYNE. <\/p>\n\n\n\n<p>Sur la belle s\u00e9rie de son club contre le CSM, il a r\u00e9pondu ainsi : \u00a0\u00bb <em> Il faut savoir qu&rsquo;il y avait un moment que le CSM survolait le championnat, les clubs ont pris de l&rsquo;exp\u00e9rience notamment l&rsquo;USBM. Je pense que les 3 d\u00e9faites  cons\u00e9cutives en championnat les ont fait tr\u00e8s mal, ils vont venir avec une grosse d\u00e9termination pour nous faire mal. Je pense d\u00e8s le coup d&rsquo;envoi ils vont tout l\u00e2cher sur cette comp\u00e9tition qu&rsquo;ils ont l&rsquo;habitude de jouer, c&rsquo;est le club le plus titr\u00e9 de cette comp\u00e9tition<\/em>. On s&rsquo;entend \u00e0 un gros match, tr\u00e8s physique et tactique\u00a0\u00bb , a prononc\u00e9 le dur \u00e0  cuire de l&rsquo;USBM. <\/p>\n\n\n\n<p><strong>Voici la programmation des demi-finales aller<\/strong>:<\/p>\n\n\n\n<p>Mardi 18\/ 20h00, Abymes<\/p>\n\n\n\n<p> <strong>Amical club &#8211; PHARE <\/strong><\/p>\n\n\n\n<p>Mercredi 19\/ 20h00, Capesterre Belle-Eau<\/p>\n\n\n\n<p><strong>USBM- CSM <\/strong><\/p>\n\n\n\n<p>Lire aussi le dernier article <em><a href=\"https:\/\/total-sport.fr\/index.php\/2020\/02\/16\/foot-17e-j-r1-usbm-bat-le-csm-jefc-punit-lamical-jsvh-enfonce-lunar\/\">ICI<\/a><\/em><\/p>\n\n\n\n<p><\/p>\n","protected":false},"excerpt":{"rendered":"<div class=\"mh-excerpt\"><p>Apr\u00e8s un weekend passionnant en championnat, place \u00e0 la coupe groupe VYV autre fois appel\u00e9e Coupe Mutuelle Mare-Gaillard. Mardi et mercredi on va jouer les <a class=\"mh-excerpt-more\" href=\"https:\/\/total-sport.fr\/index.php\/2020\/02\/17\/foot-coupe-vyv-demi-finales-aller-amical-vs-phare-usbm-contre-csm-les-acteurs-se-disent-prets\/\" title=\"Foot-Coupe VYV-demi-finales aller: Amical vs PHARE, USBM contre CSM, les acteurs se disent pr\u00eats\">[&#8230;]<\/a><\/p>\n<\/div>","protected":false},"author":2,"featured_media":2490,"comment_status":"open","ping_status":"open","sticky":false,"template":"","format":"standard","meta":{"jetpack_post_was_ever_published":false,"_jetpack_newsletter_access":"","_jetpack_dont_email_post_to_subs":false,"_jetpack_newsletter_tier_id":0,"_jetpack_memberships_contains_paywalled_content":false,"_jetpack_memberships_contains_paid_content":false,"footnotes":"","jetpack_publicize_message":"","jetpack_publicize_feature_enabled":true,"jetpack_social_post_already_shared":true,"jetpack_social_options":{"image_generator_settings":{"template":"highway","default_image_id":0,"font":"","enabled":false},"version":2}},"categories":[16],"tags":[],"class_list":["post-2479","post","type-post","status-publish","format-standard","has-post-thumbnail","hentry","category-coupe-mutuelle-mare-gaillard"],"yoast_head":"<!-- This site is optimized with the Yoast SEO plugin v24.9 - https:\/\/yoast.com\/wordpress\/plugins\/seo\/ -->\n<title>Foot-Coupe VYV-demi-finales aller: Amical vs PHARE, USBM contre CSM, les acteurs se disent pr\u00eats - Total Sports International (TSI)<\/title>\n<meta name=\"robots\" content=\"index, follow, max-snippet:-1, max-image-preview:large, max-video-preview:-1\" \/>\n<link rel=\"canonical\" href=\"https:\/\/total-sport.fr\/index.php\/2020\/02\/17\/foot-coupe-vyv-demi-finales-aller-amical-vs-phare-usbm-contre-csm-les-acteurs-se-disent-prets\/\" \/>\n<meta property=\"og:locale\" content=\"fr_FR\" \/>\n<meta property=\"og:type\" content=\"article\" \/>\n<meta property=\"og:title\" content=\"Foot-Coupe VYV-demi-finales aller: Amical vs PHARE, USBM contre CSM, les acteurs se disent pr\u00eats - Total Sports International (TSI)\" \/>\n<meta property=\"og:description\" content=\"Apr\u00e8s un weekend passionnant en championnat, place \u00e0 la coupe groupe VYV autre fois appel\u00e9e Coupe Mutuelle Mare-Gaillard. Mardi et mercredi on va jouer les [...]\" \/>\n<meta property=\"og:url\" content=\"https:\/\/total-sport.fr\/index.php\/2020\/02\/17\/foot-coupe-vyv-demi-finales-aller-amical-vs-phare-usbm-contre-csm-les-acteurs-se-disent-prets\/\" \/>\n<meta property=\"og:site_name\" content=\"Total Sports International (TSI)\" \/>\n<meta property=\"article:author\" content=\"https:\/\/www.facebook.com\/joly.jerometotalsport\" \/>\n<meta property=\"article:published_time\" content=\"2020-02-18T00:24:20+00:00\" \/>\n<meta property=\"article:modified_time\" content=\"2020-02-18T10:20:17+00:00\" \/>\n<meta property=\"og:image\" content=\"https:\/\/i0.wp.com\/total-sport.fr\/wp-content\/uploads\/IMG-20200215-WA0017.jpg?fit=1024%2C748&ssl=1\" \/>\n\t<meta property=\"og:image:width\" content=\"1024\" \/>\n\t<meta property=\"og:image:height\" content=\"748\" \/>\n\t<meta property=\"og:image:type\" content=\"image\/jpeg\" \/>\n<meta name=\"author\" content=\"Joly JEROME\" \/>\n<meta name=\"twitter:card\" content=\"summary_large_image\" \/>\n<meta name=\"twitter:creator\" content=\"@Total Sport TS\" \/>\n<meta name=\"twitter:label1\" content=\"\u00c9crit par\" \/>\n\t<meta name=\"twitter:data1\" content=\"Joly JEROME\" \/>\n\t<meta name=\"twitter:label2\" content=\"Dur\u00e9e de lecture estim\u00e9e\" \/>\n\t<meta name=\"twitter:data2\" content=\"5 minutes\" \/>\n<script type=\"application\/ld+json\" class=\"yoast-schema-graph\">{\"@context\":\"https:\/\/schema.org\",\"@graph\":[{\"@type\":\"WebPage\",\"@id\":\"https:\/\/total-sport.fr\/index.php\/2020\/02\/17\/foot-coupe-vyv-demi-finales-aller-amical-vs-phare-usbm-contre-csm-les-acteurs-se-disent-prets\/\",\"url\":\"https:\/\/total-sport.fr\/index.php\/2020\/02\/17\/foot-coupe-vyv-demi-finales-aller-amical-vs-phare-usbm-contre-csm-les-acteurs-se-disent-prets\/\",\"name\":\"Foot-Coupe VYV-demi-finales aller: Amical vs PHARE, USBM contre CSM, les acteurs se disent pr\u00eats - Total Sports International (TSI)\",\"isPartOf\":{\"@id\":\"https:\/\/total-sport.fr\/#website\"},\"primaryImageOfPage\":{\"@id\":\"https:\/\/total-sport.fr\/index.php\/2020\/02\/17\/foot-coupe-vyv-demi-finales-aller-amical-vs-phare-usbm-contre-csm-les-acteurs-se-disent-prets\/#primaryimage\"},\"image\":{\"@id\":\"https:\/\/total-sport.fr\/index.php\/2020\/02\/17\/foot-coupe-vyv-demi-finales-aller-amical-vs-phare-usbm-contre-csm-les-acteurs-se-disent-prets\/#primaryimage\"},\"thumbnailUrl\":\"https:\/\/i0.wp.com\/total-sport.fr\/wp-content\/uploads\/IMG-20200215-WA0017.jpg?fit=1024%2C748&ssl=1\",\"datePublished\":\"2020-02-18T00:24:20+00:00\",\"dateModified\":\"2020-02-18T10:20:17+00:00\",\"author\":{\"@id\":\"https:\/\/total-sport.fr\/#\/schema\/person\/f9f5599f372b747441cd5d912824aba4\"},\"breadcrumb\":{\"@id\":\"https:\/\/total-sport.fr\/index.php\/2020\/02\/17\/foot-coupe-vyv-demi-finales-aller-amical-vs-phare-usbm-contre-csm-les-acteurs-se-disent-prets\/#breadcrumb\"},\"inLanguage\":\"fr-FR\",\"potentialAction\":[{\"@type\":\"ReadAction\",\"target\":[\"https:\/\/total-sport.fr\/index.php\/2020\/02\/17\/foot-coupe-vyv-demi-finales-aller-amical-vs-phare-usbm-contre-csm-les-acteurs-se-disent-prets\/\"]}]},{\"@type\":\"ImageObject\",\"inLanguage\":\"fr-FR\",\"@id\":\"https:\/\/total-sport.fr\/index.php\/2020\/02\/17\/foot-coupe-vyv-demi-finales-aller-amical-vs-phare-usbm-contre-csm-les-acteurs-se-disent-prets\/#primaryimage\",\"url\":\"https:\/\/i0.wp.com\/total-sport.fr\/wp-content\/uploads\/IMG-20200215-WA0017.jpg?fit=1024%2C748&ssl=1\",\"contentUrl\":\"https:\/\/i0.wp.com\/total-sport.fr\/wp-content\/uploads\/IMG-20200215-WA0017.jpg?fit=1024%2C748&ssl=1\",\"width\":1024,\"height\":748},{\"@type\":\"BreadcrumbList\",\"@id\":\"https:\/\/total-sport.fr\/index.php\/2020\/02\/17\/foot-coupe-vyv-demi-finales-aller-amical-vs-phare-usbm-contre-csm-les-acteurs-se-disent-prets\/#breadcrumb\",\"itemListElement\":[{\"@type\":\"ListItem\",\"position\":1,\"name\":\"Accueil\",\"item\":\"https:\/\/total-sport.fr\/\"},{\"@type\":\"ListItem\",\"position\":2,\"name\":\"Foot-Coupe VYV-demi-finales aller: Amical vs PHARE, USBM contre CSM, les acteurs se disent pr\u00eats\"}]},{\"@type\":\"WebSite\",\"@id\":\"https:\/\/total-sport.fr\/#website\",\"url\":\"https:\/\/total-sport.fr\/\",\"name\":\"Total Sports International (TSI)\",\"description\":\"vous informer est notre priorit\u00e9, 7 jours sur 7 avec toujours le m\u00eame professionnalisme\",\"potentialAction\":[{\"@type\":\"SearchAction\",\"target\":{\"@type\":\"EntryPoint\",\"urlTemplate\":\"https:\/\/total-sport.fr\/?s={search_term_string}\"},\"query-input\":{\"@type\":\"PropertyValueSpecification\",\"valueRequired\":true,\"valueName\":\"search_term_string\"}}],\"inLanguage\":\"fr-FR\"},{\"@type\":\"Person\",\"@id\":\"https:\/\/total-sport.fr\/#\/schema\/person\/f9f5599f372b747441cd5d912824aba4\",\"name\":\"Joly JEROME\",\"image\":{\"@type\":\"ImageObject\",\"inLanguage\":\"fr-FR\",\"@id\":\"https:\/\/total-sport.fr\/#\/schema\/person\/image\/\",\"url\":\"https:\/\/secure.gravatar.com\/avatar\/33e98ca4065ab233074302dee778104df3e61a0f91ceba3d746e7e40dbe11f0d?s=96&d=mm&r=g\",\"contentUrl\":\"https:\/\/secure.gravatar.com\/avatar\/33e98ca4065ab233074302dee778104df3e61a0f91ceba3d746e7e40dbe11f0d?s=96&d=mm&r=g\",\"caption\":\"Joly JEROME\"},\"description\":\"Je suis Joly JEROME, passionn\u00e9 de la lecture et du Sport notamment le Football. Je suis Journaliste ind\u00e9pendant fougueux, s\u00e9rieux mettant ma plume \u00e0 votre service pour vous informer avec la v\u00e9rit\u00e9 comme boussole. Jolyjerome989@gmail.com \/0690 93 65 88\",\"sameAs\":[\"https:\/\/total-sport.fr\",\"https:\/\/www.facebook.com\/joly.jerometotalsport\",\"Joly_JJCA\",\"Total Sport ts\",\"https:\/\/x.com\/Total Sport TS\"],\"url\":\"https:\/\/total-sport.fr\/index.php\/author\/jolyjerome\/\"}]}<\/script>\n<!-- \/ Yoast SEO plugin. -->","yoast_head_json":{"title":"Foot-Coupe VYV-demi-finales aller: Amical vs PHARE, USBM contre CSM, les acteurs se disent pr\u00eats - Total Sports International (TSI)","robots":{"index":"index","follow":"follow","max-snippet":"max-snippet:-1","max-image-preview":"max-image-preview:large","max-video-preview":"max-video-preview:-1"},"canonical":"https:\/\/total-sport.fr\/index.php\/2020\/02\/17\/foot-coupe-vyv-demi-finales-aller-amical-vs-phare-usbm-contre-csm-les-acteurs-se-disent-prets\/","og_locale":"fr_FR","og_type":"article","og_title":"Foot-Coupe VYV-demi-finales aller: Amical vs PHARE, USBM contre CSM, les acteurs se disent pr\u00eats - Total Sports International (TSI)","og_description":"Apr\u00e8s un weekend passionnant en championnat, place \u00e0 la coupe groupe VYV autre fois appel\u00e9e Coupe Mutuelle Mare-Gaillard. Mardi et mercredi on va jouer les [...]","og_url":"https:\/\/total-sport.fr\/index.php\/2020\/02\/17\/foot-coupe-vyv-demi-finales-aller-amical-vs-phare-usbm-contre-csm-les-acteurs-se-disent-prets\/","og_site_name":"Total Sports International (TSI)","article_author":"https:\/\/www.facebook.com\/joly.jerometotalsport","article_published_time":"2020-02-18T00:24:20+00:00","article_modified_time":"2020-02-18T10:20:17+00:00","og_image":[{"width":1024,"height":748,"url":"https:\/\/i0.wp.com\/total-sport.fr\/wp-content\/uploads\/IMG-20200215-WA0017.jpg?fit=1024%2C748&ssl=1","type":"image\/jpeg"}],"author":"Joly JEROME","twitter_card":"summary_large_image","twitter_creator":"@Total Sport TS","twitter_misc":{"\u00c9crit par":"Joly JEROME","Dur\u00e9e de lecture estim\u00e9e":"5 minutes"},"schema":{"@context":"https:\/\/schema.org","@graph":[{"@type":"WebPage","@id":"https:\/\/total-sport.fr\/index.php\/2020\/02\/17\/foot-coupe-vyv-demi-finales-aller-amical-vs-phare-usbm-contre-csm-les-acteurs-se-disent-prets\/","url":"https:\/\/total-sport.fr\/index.php\/2020\/02\/17\/foot-coupe-vyv-demi-finales-aller-amical-vs-phare-usbm-contre-csm-les-acteurs-se-disent-prets\/","name":"Foot-Coupe VYV-demi-finales aller: Amical vs PHARE, USBM contre CSM, les acteurs se disent pr\u00eats - Total Sports International (TSI)","isPartOf":{"@id":"https:\/\/total-sport.fr\/#website"},"primaryImageOfPage":{"@id":"https:\/\/total-sport.fr\/index.php\/2020\/02\/17\/foot-coupe-vyv-demi-finales-aller-amical-vs-phare-usbm-contre-csm-les-acteurs-se-disent-prets\/#primaryimage"},"image":{"@id":"https:\/\/total-sport.fr\/index.php\/2020\/02\/17\/foot-coupe-vyv-demi-finales-aller-amical-vs-phare-usbm-contre-csm-les-acteurs-se-disent-prets\/#primaryimage"},"thumbnailUrl":"https:\/\/i0.wp.com\/total-sport.fr\/wp-content\/uploads\/IMG-20200215-WA0017.jpg?fit=1024%2C748&ssl=1","datePublished":"2020-02-18T00:24:20+00:00","dateModified":"2020-02-18T10:20:17+00:00","author":{"@id":"https:\/\/total-sport.fr\/#\/schema\/person\/f9f5599f372b747441cd5d912824aba4"},"breadcrumb":{"@id":"https:\/\/total-sport.fr\/index.php\/2020\/02\/17\/foot-coupe-vyv-demi-finales-aller-amical-vs-phare-usbm-contre-csm-les-acteurs-se-disent-prets\/#breadcrumb"},"inLanguage":"fr-FR","potentialAction":[{"@type":"ReadAction","target":["https:\/\/total-sport.fr\/index.php\/2020\/02\/17\/foot-coupe-vyv-demi-finales-aller-amical-vs-phare-usbm-contre-csm-les-acteurs-se-disent-prets\/"]}]},{"@type":"ImageObject","inLanguage":"fr-FR","@id":"https:\/\/total-sport.fr\/index.php\/2020\/02\/17\/foot-coupe-vyv-demi-finales-aller-amical-vs-phare-usbm-contre-csm-les-acteurs-se-disent-prets\/#primaryimage","url":"https:\/\/i0.wp.com\/total-sport.fr\/wp-content\/uploads\/IMG-20200215-WA0017.jpg?fit=1024%2C748&ssl=1","contentUrl":"https:\/\/i0.wp.com\/total-sport.fr\/wp-content\/uploads\/IMG-20200215-WA0017.jpg?fit=1024%2C748&ssl=1","width":1024,"height":748},{"@type":"BreadcrumbList","@id":"https:\/\/total-sport.fr\/index.php\/2020\/02\/17\/foot-coupe-vyv-demi-finales-aller-amical-vs-phare-usbm-contre-csm-les-acteurs-se-disent-prets\/#breadcrumb","itemListElement":[{"@type":"ListItem","position":1,"name":"Accueil","item":"https:\/\/total-sport.fr\/"},{"@type":"ListItem","position":2,"name":"Foot-Coupe VYV-demi-finales aller: Amical vs PHARE, USBM contre CSM, les acteurs se disent pr\u00eats"}]},{"@type":"WebSite","@id":"https:\/\/total-sport.fr\/#website","url":"https:\/\/total-sport.fr\/","name":"Total Sports International (TSI)","description":"vous informer est notre priorit\u00e9, 7 jours sur 7 avec toujours le m\u00eame professionnalisme","potentialAction":[{"@type":"SearchAction","target":{"@type":"EntryPoint","urlTemplate":"https:\/\/total-sport.fr\/?s={search_term_string}"},"query-input":{"@type":"PropertyValueSpecification","valueRequired":true,"valueName":"search_term_string"}}],"inLanguage":"fr-FR"},{"@type":"Person","@id":"https:\/\/total-sport.fr\/#\/schema\/person\/f9f5599f372b747441cd5d912824aba4","name":"Joly JEROME","image":{"@type":"ImageObject","inLanguage":"fr-FR","@id":"https:\/\/total-sport.fr\/#\/schema\/person\/image\/","url":"https:\/\/secure.gravatar.com\/avatar\/33e98ca4065ab233074302dee778104df3e61a0f91ceba3d746e7e40dbe11f0d?s=96&d=mm&r=g","contentUrl":"https:\/\/secure.gravatar.com\/avatar\/33e98ca4065ab233074302dee778104df3e61a0f91ceba3d746e7e40dbe11f0d?s=96&d=mm&r=g","caption":"Joly JEROME"},"description":"Je suis Joly JEROME, passionn\u00e9 de la lecture et du Sport notamment le Football. Je suis Journaliste ind\u00e9pendant fougueux, s\u00e9rieux mettant ma plume \u00e0 votre service pour vous informer avec la v\u00e9rit\u00e9 comme boussole. Jolyjerome989@gmail.com \/0690 93 65 88","sameAs":["https:\/\/total-sport.fr","https:\/\/www.facebook.com\/joly.jerometotalsport","Joly_JJCA","Total Sport ts","https:\/\/x.com\/Total Sport TS"],"url":"https:\/\/total-sport.fr\/index.php\/author\/jolyjerome\/"}]}},"jetpack_publicize_connections":[],"jetpack_featured_media_url":"https:\/\/i0.wp.com\/total-sport.fr\/wp-content\/uploads\/IMG-20200215-WA0017.jpg?fit=1024%2C748&ssl=1","jetpack_sharing_enabled":true,"jetpack_shortlink":"https:\/\/wp.me\/paF0J8-DZ","jetpack-related-posts":[{"id":327,"url":"https:\/\/total-sport.fr\/index.php\/2019\/02\/11\/football-guadeloupe-coupe-mmg-en-route-vers-les-demies-finales-aller\/","url_meta":{"origin":2479,"position":0},"title":"Football -Guadeloupe -coupe MMG : En route vers les demies finales aller","author":"Joly JEROME","date":"11 f\u00e9vrier 2019","format":false,"excerpt":"Ce jeudi 7 f\u00e9vrier, la Ligue Guadeloupe Guadeloup\u00e9enne de football a lanc\u00e9 la 12e \u00e9dition de la coupe Mutuelle mare gaillard. (Unit\u00e9 sainteroserienne) re\u00e7oit le CSM (Club sportif Moulien) ce mardi 12 f\u00e9vrier \u00e0 baie mahault , pour la premi\u00e8re demie finale aller . Et l'autre demie finale verra le\u2026","rel":"","context":"Dans &quot;coupe Mutuelle Mare-Gaillard&quot;","block_context":{"text":"coupe Mutuelle Mare-Gaillard","link":"https:\/\/total-sport.fr\/index.php\/category\/coupes\/coupe-mutuelle-mare-gaillard\/"},"img":{"alt_text":"","src":"","width":0,"height":0},"classes":[]},{"id":4244,"url":"https:\/\/total-sport.fr\/index.php\/2022\/09\/22\/coupe-vyv-le-csm-prend-une-option-jefc-et-le-phare-dos-a-dos\/","url_meta":{"origin":2479,"position":1},"title":"Coupe VYV: Le CSM prend une  option, JEFC et le PHARE dos \u00e0 dos !","author":"Joly JEROME","date":"22 septembre 2022","format":false,"excerpt":"Le Club Sportif Moulien a pris un s\u00e9rieux avantage pour la finale d\u00e9partementale. Les hommes de Richard Albert l'ont emport\u00e9 2-0 aux d\u00e9pens de L'AS GOSIER, alors que la Jeunesse \u00c9volution et le PHARE de Petit-Canal sont quitt\u00e9s en bons amis (0-0) dans l'autre demi-finale aller de la coupe VYV.\u2026","rel":"","context":"Dans &quot;Coupe VYV&quot;","block_context":{"text":"Coupe VYV","link":"https:\/\/total-sport.fr\/index.php\/category\/coupes\/coupe-vyv\/"},"img":{"alt_text":"","src":"https:\/\/i0.wp.com\/total-sport.fr\/wp-content\/uploads\/IMG-0466.jpg?fit=1200%2C800&ssl=1&resize=350%2C200","width":350,"height":200,"srcset":"https:\/\/i0.wp.com\/total-sport.fr\/wp-content\/uploads\/IMG-0466.jpg?fit=1200%2C800&ssl=1&resize=350%2C200 1x, https:\/\/i0.wp.com\/total-sport.fr\/wp-content\/uploads\/IMG-0466.jpg?fit=1200%2C800&ssl=1&resize=525%2C300 1.5x, https:\/\/i0.wp.com\/total-sport.fr\/wp-content\/uploads\/IMG-0466.jpg?fit=1200%2C800&ssl=1&resize=700%2C400 2x, https:\/\/i0.wp.com\/total-sport.fr\/wp-content\/uploads\/IMG-0466.jpg?fit=1200%2C800&ssl=1&resize=1050%2C600 3x"},"classes":[]},{"id":2518,"url":"https:\/\/total-sport.fr\/index.php\/2020\/02\/19\/foot-coupe-vyv-le-phare-humilie-amical-et-prend-une-serieuse-option-pour-la-finale-regionale\/","url_meta":{"origin":2479,"position":2},"title":"Foot-coupe VYV : Le PHARE humilie Amical et prend une s\u00e9rieuse option pour la finale r\u00e9gionale.","author":"Joly JEROME","date":"19 f\u00e9vrier 2020","format":false,"excerpt":"Au terme d'une rencontre fade, sans intensit\u00e9, le PHARE de Petit-Canal a \u00e9trill\u00e9 L'Amical club de Marie-Galante sur le score de 3-0 au stade des Abymes pour le compte de la premi\u00e8re demi-finale aller de la coupe groupe VYV. AMICAL CLUB Une seule action \u00e0 retenir dans cette demi-finale aller\u2026","rel":"","context":"Dans &quot;coupe Mutuelle Mare-Gaillard&quot;","block_context":{"text":"coupe Mutuelle Mare-Gaillard","link":"https:\/\/total-sport.fr\/index.php\/category\/coupes\/coupe-mutuelle-mare-gaillard\/"},"img":{"alt_text":"","src":"https:\/\/i0.wp.com\/total-sport.fr\/wp-content\/uploads\/PicsArt_02-18-08.43.03-1-scaled.jpg?fit=1200%2C675&ssl=1&resize=350%2C200","width":350,"height":200,"srcset":"https:\/\/i0.wp.com\/total-sport.fr\/wp-content\/uploads\/PicsArt_02-18-08.43.03-1-scaled.jpg?fit=1200%2C675&ssl=1&resize=350%2C200 1x, https:\/\/i0.wp.com\/total-sport.fr\/wp-content\/uploads\/PicsArt_02-18-08.43.03-1-scaled.jpg?fit=1200%2C675&ssl=1&resize=525%2C300 1.5x, https:\/\/i0.wp.com\/total-sport.fr\/wp-content\/uploads\/PicsArt_02-18-08.43.03-1-scaled.jpg?fit=1200%2C675&ssl=1&resize=700%2C400 2x, https:\/\/i0.wp.com\/total-sport.fr\/wp-content\/uploads\/PicsArt_02-18-08.43.03-1-scaled.jpg?fit=1200%2C675&ssl=1&resize=1050%2C600 3x"},"classes":[]},{"id":2604,"url":"https:\/\/total-sport.fr\/index.php\/2020\/03\/04\/foot-coupe-vyv-lamical-subit-la-loi-des-canaliens\/","url_meta":{"origin":2479,"position":3},"title":"Foot-Coupe VYV : L&rsquo;Amical subit la loi des Canaliens.","author":"Joly JEROME","date":"4 mars 2020","format":false,"excerpt":"Le PHARE de Petit-Canal a \u00e9t\u00e9 sans piti\u00e9 pour L'Amical club de Marie-Galante, ce mercredi soir, les mangles ont valid\u00e9 leur billet pour la demi-finale de la phase r\u00e9gionale de la coupe VYV en infligeant 3-1 aux Marie-Galantais. En guise d'une Remontada, les Marie-Galantais ont pris une nouvelle racl\u00e9e contre\u2026","rel":"","context":"Dans &quot;coupe Mutuelle Mare-Gaillard&quot;","block_context":{"text":"coupe Mutuelle Mare-Gaillard","link":"https:\/\/total-sport.fr\/index.php\/category\/coupes\/coupe-mutuelle-mare-gaillard\/"},"img":{"alt_text":"","src":"https:\/\/i0.wp.com\/total-sport.fr\/wp-content\/uploads\/HVP_1091.jpeg?fit=800%2C533&ssl=1&resize=350%2C200","width":350,"height":200,"srcset":"https:\/\/i0.wp.com\/total-sport.fr\/wp-content\/uploads\/HVP_1091.jpeg?fit=800%2C533&ssl=1&resize=350%2C200 1x, https:\/\/i0.wp.com\/total-sport.fr\/wp-content\/uploads\/HVP_1091.jpeg?fit=800%2C533&ssl=1&resize=525%2C300 1.5x, https:\/\/i0.wp.com\/total-sport.fr\/wp-content\/uploads\/HVP_1091.jpeg?fit=800%2C533&ssl=1&resize=700%2C400 2x"},"classes":[]},{"id":2592,"url":"https:\/\/total-sport.fr\/index.php\/2020\/03\/04\/foot-coupe-vyv-demie-finale-le-csm-est-en-finale\/","url_meta":{"origin":2479,"position":4},"title":"Foot- coupe VYV- demie-finale: Le CSM fouette l&rsquo;USBM et file en finale.","author":"Joly JEROME","date":"4 mars 2020","format":false,"excerpt":"Le Club Sportif Moulien a valid\u00e9 son billet pour la finale r\u00e9gionale de la coupe VYV ce mardi soir au stade Jacques PONREMY du Moule. Au terme d'une demi-finale retour \u00e0 moiti\u00e9 rythm\u00e9e, sans gros spectacle, les prot\u00e9g\u00e9s de Richard ALBERT ont battu ceux de Thierry ANTONIN 1-0 pour se\u2026","rel":"","context":"Dans &quot;coupe Mutuelle Mare-Gaillard&quot;","block_context":{"text":"coupe Mutuelle Mare-Gaillard","link":"https:\/\/total-sport.fr\/index.php\/category\/coupes\/coupe-mutuelle-mare-gaillard\/"},"img":{"alt_text":"","src":"https:\/\/i0.wp.com\/total-sport.fr\/wp-content\/uploads\/PicsArt_02-19-11.48.33-1-scaled.jpg?fit=1200%2C622&ssl=1&resize=350%2C200","width":350,"height":200,"srcset":"https:\/\/i0.wp.com\/total-sport.fr\/wp-content\/uploads\/PicsArt_02-19-11.48.33-1-scaled.jpg?fit=1200%2C622&ssl=1&resize=350%2C200 1x, https:\/\/i0.wp.com\/total-sport.fr\/wp-content\/uploads\/PicsArt_02-19-11.48.33-1-scaled.jpg?fit=1200%2C622&ssl=1&resize=525%2C300 1.5x, https:\/\/i0.wp.com\/total-sport.fr\/wp-content\/uploads\/PicsArt_02-19-11.48.33-1-scaled.jpg?fit=1200%2C622&ssl=1&resize=700%2C400 2x, https:\/\/i0.wp.com\/total-sport.fr\/wp-content\/uploads\/PicsArt_02-19-11.48.33-1-scaled.jpg?fit=1200%2C622&ssl=1&resize=1050%2C600 3x"},"classes":[]},{"id":360,"url":"https:\/\/total-sport.fr\/index.php\/2019\/02\/14\/football-guadeloupe-coupe-mmg-demie-finale-aller-usbm-gagne-le-phare-et-prend-une-option-pour-la-finale\/","url_meta":{"origin":2479,"position":5},"title":"Football -Guadeloupe -Coupe MMG- Demie finale aller : USBM gagne le phare et prend une option pour la finale.","author":"Joly JEROME","date":"14 f\u00e9vrier 2019","format":false,"excerpt":"USBM (union sportive baie mahaultienne ) est all\u00e9e s'imposer sur le terrain du Phare de petit canal 1-2, ce mercredi pour compte de la 2eme demie finale aller de la coupe mutuelle mare gaillard. Gr\u00e2ce \u00e0 des r\u00e9alisations sign\u00e9es Dimitri Bolivar et Rapha\u00ebl MIRVAL, les blancs prennent une s\u00e9rieuse option\u2026","rel":"","context":"Dans &quot;coupe Mutuelle Mare-Gaillard&quot;","block_context":{"text":"coupe Mutuelle Mare-Gaillard","link":"https:\/\/total-sport.fr\/index.php\/category\/coupes\/coupe-mutuelle-mare-gaillard\/"},"img":{"alt_text":"","src":"","width":0,"height":0},"classes":[]}],"jetpack_likes_enabled":true,"_links":{"self":[{"href":"https:\/\/total-sport.fr\/index.php\/wp-json\/wp\/v2\/posts\/2479","targetHints":{"allow":["GET"]}}],"collection":[{"href":"https:\/\/total-sport.fr\/index.php\/wp-json\/wp\/v2\/posts"}],"about":[{"href":"https:\/\/total-sport.fr\/index.php\/wp-json\/wp\/v2\/types\/post"}],"author":[{"embeddable":true,"href":"https:\/\/total-sport.fr\/index.php\/wp-json\/wp\/v2\/users\/2"}],"replies":[{"embeddable":true,"href":"https:\/\/total-sport.fr\/index.php\/wp-json\/wp\/v2\/comments?post=2479"}],"version-history":[{"count":30,"href":"https:\/\/total-sport.fr\/index.php\/wp-json\/wp\/v2\/posts\/2479\/revisions"}],"predecessor-version":[{"id":2513,"href":"https:\/\/total-sport.fr\/index.php\/wp-json\/wp\/v2\/posts\/2479\/revisions\/2513"}],"wp:featuredmedia":[{"embeddable":true,"href":"https:\/\/total-sport.fr\/index.php\/wp-json\/wp\/v2\/media\/2490"}],"wp:attachment":[{"href":"https:\/\/total-sport.fr\/index.php\/wp-json\/wp\/v2\/media?parent=2479"}],"wp:term":[{"taxonomy":"category","embeddable":true,"href":"https:\/\/total-sport.fr\/index.php\/wp-json\/wp\/v2\/categories?post=2479"},{"taxonomy":"post_tag","embeddable":true,"href":"https:\/\/total-sport.fr\/index.php\/wp-json\/wp\/v2\/tags?post=2479"}],"curies":[{"name":"wp","href":"https:\/\/api.w.org\/{rel}","templated":true}]}}