{"id":2160,"date":"2020-01-16T21:48:35","date_gmt":"2020-01-17T01:48:35","guid":{"rendered":"https:\/\/total-sport.fr\/?p=2160"},"modified":"2020-01-17T09:22:29","modified_gmt":"2020-01-17T13:22:29","slug":"foot-crg-16es-de-finale-phare-jefc-ss-arsenal-deux-parmi-les-affiches-vedettes-de-la-crg","status":"publish","type":"post","link":"https:\/\/total-sport.fr\/index.php\/2020\/01\/16\/foot-crg-16es-de-finale-phare-jefc-ss-arsenal-deux-parmi-les-affiches-vedettes-de-la-crg\/","title":{"rendered":"Foot-CRG-16es de finale: Phare-JEFC, SS -Arsenal deux parmi les affiches vedettes de la CRG."},"content":{"rendered":"\n<p><strong>Hormis un (1) match de la R1 ( Amical vs Racing 19\/01), ce weekend tout le monde est au rythme des 16\u00e8mes de finale de la coupe R\u00e9gion Guadeloupe avec plus qu&rsquo;une dizaine de rencontres \u00e0 l&rsquo;affiche. Le PHARE de Petit-Canal sera dans son temple sacr\u00e9 pour livrer une bataille f\u00e9roce contre la Jeunesse \u00c9volution, ARSENAL club de Petit-Bourg sera en d\u00e9placement pour croiser le fer la Solidarit\u00e9 Scolaire, pendant que les champions en titre affronteront US Ansoise.<\/strong><\/p>\n\n\n\n<figure class=\"wp-block-gallery columns-1 is-cropped wp-block-gallery-1 is-layout-flex wp-block-gallery-is-layout-flex\"><ul class=\"blocks-gallery-grid\"><li class=\"blocks-gallery-item\"><figure><img loading=\"lazy\" decoding=\"async\" width=\"1080\" height=\"710\" data-attachment-id=\"2175\" data-permalink=\"https:\/\/total-sport.fr\/index.php\/2020\/01\/16\/foot-crg-16es-de-finale-phare-jefc-ss-arsenal-deux-parmi-les-affiches-vedettes-de-la-crg\/20200115_082746-1\/\" data-orig-file=\"https:\/\/i0.wp.com\/total-sport.fr\/wp-content\/uploads\/20200115_082746-1.jpg?fit=1080%2C710&amp;ssl=1\" data-orig-size=\"1080,710\" data-comments-opened=\"1\" data-image-meta=\"{&quot;aperture&quot;:&quot;0&quot;,&quot;credit&quot;:&quot;&quot;,&quot;camera&quot;:&quot;&quot;,&quot;caption&quot;:&quot;&quot;,&quot;created_timestamp&quot;:&quot;0&quot;,&quot;copyright&quot;:&quot;&quot;,&quot;focal_length&quot;:&quot;0&quot;,&quot;iso&quot;:&quot;0&quot;,&quot;shutter_speed&quot;:&quot;0&quot;,&quot;title&quot;:&quot;&quot;,&quot;orientation&quot;:&quot;0&quot;}\" data-image-title=\"20200115_082746-1\" data-image-description=\"\" data-image-caption=\"\" data-large-file=\"https:\/\/i0.wp.com\/total-sport.fr\/wp-content\/uploads\/20200115_082746-1.jpg?fit=1024%2C673&amp;ssl=1\" src=\"https:\/\/i1.wp.com\/total-sport.fr\/wp-content\/uploads\/20200115_082746-1.jpg?fit=1024%2C673\" alt=\"\" data-id=\"2175\" data-full-url=\"https:\/\/i1.wp.com\/total-sport.fr\/wp-content\/uploads\/20200115_082746-1.jpg?fit=1080%2C710\" data-link=\"https:\/\/total-sport.fr\/?attachment_id=2175\" class=\"wp-image-2175\" srcset=\"https:\/\/i0.wp.com\/total-sport.fr\/wp-content\/uploads\/20200115_082746-1.jpg?w=1080&amp;ssl=1 1080w, https:\/\/i0.wp.com\/total-sport.fr\/wp-content\/uploads\/20200115_082746-1.jpg?resize=300%2C197&amp;ssl=1 300w, https:\/\/i0.wp.com\/total-sport.fr\/wp-content\/uploads\/20200115_082746-1.jpg?resize=1024%2C673&amp;ssl=1 1024w, https:\/\/i0.wp.com\/total-sport.fr\/wp-content\/uploads\/20200115_082746-1.jpg?resize=768%2C505&amp;ssl=1 768w\" sizes=\"auto, (max-width: 1000px) 100vw, 1000px\" \/><figcaption class=\"blocks-gallery-item__caption\"><strong>Equipe<\/strong> <strong>JEFC <\/strong><br>\ud83d\udcf8 LGF <\/figcaption><\/figure><\/li><\/ul><\/figure>\n\n\n\n<p>Ce weekend ne sera pas comme les autres. Les 16\u00e8mes de finale de la coupe R\u00e9gion Guadeloupe nous apportent une pluie de rencontres, les unes plus int\u00e9ressantes que les autres mais toutes importantes car la lutte pour se qualifier pour le tour suivant s&rsquo;annonce tr\u00e8s compliqu\u00e9e. Si les champions en titre de L&rsquo;USBM n&rsquo;auront pas un gros client \u00e0 d\u00e9fier, pour le PHARE de Petit-Canal c&rsquo;est tout le contraire, les partenaires de Colman MAKOUKE croiseront le fer la Jeunesse \u00c9volution l&rsquo;\u00e9quipe r\u00e9v\u00e9lation de cette saison. Apr\u00e8s un tr\u00e8s beau parcours en coupe de France et une troisi\u00e8me place en championnat apr\u00e8s 14 journ\u00e9es; les abymiens sont bien arm\u00e9s pour offrir un gros duel contre les Canaliens renforc\u00e9s avec un quatuor d&rsquo;attaque bien solide compos\u00e9 de Atirson, Stanley, Exilien et Jordinael. <\/p>\n\n\n\n<p>Autre duel qui risque de faire des \u00e9tincelles, sera L&rsquo;Arsenal club de Petit-bourg qui va tra\u00eener ses bottes sur la pelouse de la Solidarit\u00e9 Scolaire. Avec un effectif jeune mais tr\u00e8s comp\u00e9titif, l&rsquo;entra\u00eeneur Jean Yves VADIMON a de quoi pour mettre en difficult\u00e9 la Solidarit\u00e9 Scolaire qui, reste sur une belle victoire en championnat contre la Jeunesse \u00c9volution 2-0, d&rsquo;ailleurs ils ont b\u00e9n\u00e9fici\u00e9 du retour de Steeve DESERT pour cette deuxi\u00e8me partie de saison. Ce match qui devait avoir lieu ce samedi soir est report\u00e9 au dernier moment car selon les informations les clubs ext\u00e9rieurs des Abymes ne paient pas leur facture et il y a trop de matchs sur ce Stade.<\/p>\n\n\n\n<p><\/p>\n\n\n\n<p>Les Artistes du Raizet et le Stade lamentinois font partie des \u00e9quipes qui vont d\u00e9marrer la c\u00e9r\u00e9monie d\u00e9s ce vendredi soir. Nonobstant une mauvaise s\u00e9rie des deux \u00e9quipes en championnat, elles ont toutes les deux l&rsquo;intention de franchir cette \u00e9tape, cependant seule l&rsquo;une dentre elles va se qualifier car elles seront face \u00e0 face pour un duel cent pour cent de la R1.<\/p>\n\n\n\n<p>Dans les autres matchs de ce weekend, notons un duel cent pour cent R2 entre Dynamo et USCB. Juventus recevra L&rsquo;unit\u00e9 Sainterosienne, AS moule accueillera la Gauloise de Basseterre sans oublier la RedStar qui jouera contre Rapid Club.<\/p>\n\n\n\n<p><strong>Voici la programmation des 16\u00e8mes de finale :<\/strong><\/p>\n\n\n\n<p><strong>17\/01- 20h00<\/strong> : <\/p>\n\n\n\n<p>AS Moule- La Gauloise<\/p>\n\n\n\n<p>UNAR- Stade Lamentinois<\/p>\n\n\n\n<p><strong>18\/01- 15h00:<\/strong><\/p>\n\n\n\n<p>Ol St Claudien- La Fr\u00e9gate <\/p>\n\n\n\n<p>Juventus- USR <\/p>\n\n\n\n<p>USBM- US ANSOISE<\/p>\n\n\n\n<p>JSVH &#8211; CACTUS<\/p>\n\n\n\n<p>CS ST FRAN\u00c7OIS- AS N\u00c9NUPHAR <\/p>\n\n\n\n<p><strong>20H00<\/strong> Solidarit\u00e9 Sco -ARSENAL (report\u00e9)<\/p>\n\n\n\n<p>              DYNAMO- USCB <\/p>\n\n\n\n<p>           PHARE- JEFC <\/p>\n\n\n\n<p><strong>19\/01- 15H00<\/strong><\/p>\n\n\n\n<p>RedStar- Rapid Club <\/p>\n\n\n\n<p>ASC Madiana- Cygne noir <\/p>\n\n\n\n<p>CS Bouillantais- JSC<\/p>\n\n\n\n<p><strong>22\/01- 20H00<\/strong><\/p>\n\n\n\n<p>SIROCO- Amical club <\/p>\n\n\n\n<p>CSM-RACING CLUB <\/p>\n\n\n\n<p>\u00c0 noter AS GOSIER devrait jouer dimanche 19 janvier, le vainqueur du match \u00c9TOILE de Morne \u00e0 l&rsquo;eau contre Mondial FC. <\/p>\n","protected":false},"excerpt":{"rendered":"<div class=\"mh-excerpt\"><p>Hormis un (1) match de la R1 ( Amical vs Racing 19\/01), ce weekend tout le monde est au rythme des 16\u00e8mes de finale de <a class=\"mh-excerpt-more\" href=\"https:\/\/total-sport.fr\/index.php\/2020\/01\/16\/foot-crg-16es-de-finale-phare-jefc-ss-arsenal-deux-parmi-les-affiches-vedettes-de-la-crg\/\" title=\"Foot-CRG-16es de finale: Phare-JEFC, SS -Arsenal deux parmi les affiches vedettes de la CRG.\">[&#8230;]<\/a><\/p>\n<\/div>","protected":false},"author":2,"featured_media":2173,"comment_status":"closed","ping_status":"closed","sticky":false,"template":"","format":"standard","meta":{"jetpack_post_was_ever_published":false,"_jetpack_newsletter_access":"","_jetpack_dont_email_post_to_subs":false,"_jetpack_newsletter_tier_id":0,"_jetpack_memberships_contains_paywalled_content":false,"_jetpack_memberships_contains_paid_content":false,"footnotes":"","jetpack_publicize_message":"","jetpack_publicize_feature_enabled":true,"jetpack_social_post_already_shared":true,"jetpack_social_options":{"image_generator_settings":{"template":"highway","default_image_id":0,"font":"","enabled":false},"version":2}},"categories":[18],"tags":[],"class_list":["post-2160","post","type-post","status-publish","format-standard","has-post-thumbnail","hentry","category-coupe-region-guadeloupe"],"yoast_head":"<!-- This site is optimized with the Yoast SEO plugin v24.9 - https:\/\/yoast.com\/wordpress\/plugins\/seo\/ -->\n<title>Foot-CRG-16es de finale: Phare-JEFC, SS -Arsenal deux parmi les affiches vedettes de la CRG. - Total Sports International (TSI)<\/title>\n<meta name=\"robots\" content=\"index, follow, max-snippet:-1, max-image-preview:large, max-video-preview:-1\" \/>\n<link rel=\"canonical\" href=\"https:\/\/total-sport.fr\/index.php\/2020\/01\/16\/foot-crg-16es-de-finale-phare-jefc-ss-arsenal-deux-parmi-les-affiches-vedettes-de-la-crg\/\" \/>\n<meta property=\"og:locale\" content=\"fr_FR\" \/>\n<meta property=\"og:type\" content=\"article\" \/>\n<meta property=\"og:title\" content=\"Foot-CRG-16es de finale: Phare-JEFC, SS -Arsenal deux parmi les affiches vedettes de la CRG. - Total Sports International (TSI)\" \/>\n<meta property=\"og:description\" content=\"Hormis un (1) match de la R1 ( Amical vs Racing 19\/01), ce weekend tout le monde est au rythme des 16\u00e8mes de finale de [...]\" \/>\n<meta property=\"og:url\" content=\"https:\/\/total-sport.fr\/index.php\/2020\/01\/16\/foot-crg-16es-de-finale-phare-jefc-ss-arsenal-deux-parmi-les-affiches-vedettes-de-la-crg\/\" \/>\n<meta property=\"og:site_name\" content=\"Total Sports International (TSI)\" \/>\n<meta property=\"article:author\" content=\"https:\/\/www.facebook.com\/joly.jerometotalsport\" \/>\n<meta property=\"article:published_time\" content=\"2020-01-17T01:48:35+00:00\" \/>\n<meta property=\"article:modified_time\" content=\"2020-01-17T13:22:29+00:00\" \/>\n<meta property=\"og:image\" content=\"https:\/\/i0.wp.com\/total-sport.fr\/wp-content\/uploads\/20200115_082814-2.jpg?fit=1080%2C705&ssl=1\" \/>\n\t<meta property=\"og:image:width\" content=\"1080\" \/>\n\t<meta property=\"og:image:height\" content=\"705\" \/>\n\t<meta property=\"og:image:type\" content=\"image\/jpeg\" \/>\n<meta name=\"author\" content=\"Joly JEROME\" \/>\n<meta name=\"twitter:card\" content=\"summary_large_image\" \/>\n<meta name=\"twitter:creator\" content=\"@Total Sport TS\" \/>\n<meta name=\"twitter:label1\" content=\"\u00c9crit par\" \/>\n\t<meta name=\"twitter:data1\" content=\"Joly JEROME\" \/>\n\t<meta name=\"twitter:label2\" content=\"Dur\u00e9e de lecture estim\u00e9e\" \/>\n\t<meta name=\"twitter:data2\" content=\"3 minutes\" \/>\n<script type=\"application\/ld+json\" class=\"yoast-schema-graph\">{\"@context\":\"https:\/\/schema.org\",\"@graph\":[{\"@type\":\"WebPage\",\"@id\":\"https:\/\/total-sport.fr\/index.php\/2020\/01\/16\/foot-crg-16es-de-finale-phare-jefc-ss-arsenal-deux-parmi-les-affiches-vedettes-de-la-crg\/\",\"url\":\"https:\/\/total-sport.fr\/index.php\/2020\/01\/16\/foot-crg-16es-de-finale-phare-jefc-ss-arsenal-deux-parmi-les-affiches-vedettes-de-la-crg\/\",\"name\":\"Foot-CRG-16es de finale: Phare-JEFC, SS -Arsenal deux parmi les affiches vedettes de la CRG. - Total Sports International (TSI)\",\"isPartOf\":{\"@id\":\"https:\/\/total-sport.fr\/#website\"},\"primaryImageOfPage\":{\"@id\":\"https:\/\/total-sport.fr\/index.php\/2020\/01\/16\/foot-crg-16es-de-finale-phare-jefc-ss-arsenal-deux-parmi-les-affiches-vedettes-de-la-crg\/#primaryimage\"},\"image\":{\"@id\":\"https:\/\/total-sport.fr\/index.php\/2020\/01\/16\/foot-crg-16es-de-finale-phare-jefc-ss-arsenal-deux-parmi-les-affiches-vedettes-de-la-crg\/#primaryimage\"},\"thumbnailUrl\":\"https:\/\/i0.wp.com\/total-sport.fr\/wp-content\/uploads\/20200115_082814-2.jpg?fit=1080%2C705&ssl=1\",\"datePublished\":\"2020-01-17T01:48:35+00:00\",\"dateModified\":\"2020-01-17T13:22:29+00:00\",\"author\":{\"@id\":\"https:\/\/total-sport.fr\/#\/schema\/person\/f9f5599f372b747441cd5d912824aba4\"},\"breadcrumb\":{\"@id\":\"https:\/\/total-sport.fr\/index.php\/2020\/01\/16\/foot-crg-16es-de-finale-phare-jefc-ss-arsenal-deux-parmi-les-affiches-vedettes-de-la-crg\/#breadcrumb\"},\"inLanguage\":\"fr-FR\",\"potentialAction\":[{\"@type\":\"ReadAction\",\"target\":[\"https:\/\/total-sport.fr\/index.php\/2020\/01\/16\/foot-crg-16es-de-finale-phare-jefc-ss-arsenal-deux-parmi-les-affiches-vedettes-de-la-crg\/\"]}]},{\"@type\":\"ImageObject\",\"inLanguage\":\"fr-FR\",\"@id\":\"https:\/\/total-sport.fr\/index.php\/2020\/01\/16\/foot-crg-16es-de-finale-phare-jefc-ss-arsenal-deux-parmi-les-affiches-vedettes-de-la-crg\/#primaryimage\",\"url\":\"https:\/\/i0.wp.com\/total-sport.fr\/wp-content\/uploads\/20200115_082814-2.jpg?fit=1080%2C705&ssl=1\",\"contentUrl\":\"https:\/\/i0.wp.com\/total-sport.fr\/wp-content\/uploads\/20200115_082814-2.jpg?fit=1080%2C705&ssl=1\",\"width\":1080,\"height\":705},{\"@type\":\"BreadcrumbList\",\"@id\":\"https:\/\/total-sport.fr\/index.php\/2020\/01\/16\/foot-crg-16es-de-finale-phare-jefc-ss-arsenal-deux-parmi-les-affiches-vedettes-de-la-crg\/#breadcrumb\",\"itemListElement\":[{\"@type\":\"ListItem\",\"position\":1,\"name\":\"Accueil\",\"item\":\"https:\/\/total-sport.fr\/\"},{\"@type\":\"ListItem\",\"position\":2,\"name\":\"Foot-CRG-16es de finale: Phare-JEFC, SS -Arsenal deux parmi les affiches vedettes de la CRG.\"}]},{\"@type\":\"WebSite\",\"@id\":\"https:\/\/total-sport.fr\/#website\",\"url\":\"https:\/\/total-sport.fr\/\",\"name\":\"Total Sports International (TSI)\",\"description\":\"vous informer est notre priorit\u00e9, 7 jours sur 7 avec toujours le m\u00eame professionnalisme\",\"potentialAction\":[{\"@type\":\"SearchAction\",\"target\":{\"@type\":\"EntryPoint\",\"urlTemplate\":\"https:\/\/total-sport.fr\/?s={search_term_string}\"},\"query-input\":{\"@type\":\"PropertyValueSpecification\",\"valueRequired\":true,\"valueName\":\"search_term_string\"}}],\"inLanguage\":\"fr-FR\"},{\"@type\":\"Person\",\"@id\":\"https:\/\/total-sport.fr\/#\/schema\/person\/f9f5599f372b747441cd5d912824aba4\",\"name\":\"Joly JEROME\",\"image\":{\"@type\":\"ImageObject\",\"inLanguage\":\"fr-FR\",\"@id\":\"https:\/\/total-sport.fr\/#\/schema\/person\/image\/\",\"url\":\"https:\/\/secure.gravatar.com\/avatar\/33e98ca4065ab233074302dee778104df3e61a0f91ceba3d746e7e40dbe11f0d?s=96&d=mm&r=g\",\"contentUrl\":\"https:\/\/secure.gravatar.com\/avatar\/33e98ca4065ab233074302dee778104df3e61a0f91ceba3d746e7e40dbe11f0d?s=96&d=mm&r=g\",\"caption\":\"Joly JEROME\"},\"description\":\"Je suis Joly JEROME, passionn\u00e9 de la lecture et du Sport notamment le Football. Je suis Journaliste ind\u00e9pendant fougueux, s\u00e9rieux mettant ma plume \u00e0 votre service pour vous informer avec la v\u00e9rit\u00e9 comme boussole. Jolyjerome989@gmail.com \/0690 93 65 88\",\"sameAs\":[\"https:\/\/total-sport.fr\",\"https:\/\/www.facebook.com\/joly.jerometotalsport\",\"Joly_JJCA\",\"Total Sport ts\",\"https:\/\/x.com\/Total Sport TS\"],\"url\":\"https:\/\/total-sport.fr\/index.php\/author\/jolyjerome\/\"}]}<\/script>\n<!-- \/ Yoast SEO plugin. -->","yoast_head_json":{"title":"Foot-CRG-16es de finale: Phare-JEFC, SS -Arsenal deux parmi les affiches vedettes de la CRG. - Total Sports International (TSI)","robots":{"index":"index","follow":"follow","max-snippet":"max-snippet:-1","max-image-preview":"max-image-preview:large","max-video-preview":"max-video-preview:-1"},"canonical":"https:\/\/total-sport.fr\/index.php\/2020\/01\/16\/foot-crg-16es-de-finale-phare-jefc-ss-arsenal-deux-parmi-les-affiches-vedettes-de-la-crg\/","og_locale":"fr_FR","og_type":"article","og_title":"Foot-CRG-16es de finale: Phare-JEFC, SS -Arsenal deux parmi les affiches vedettes de la CRG. - Total Sports International (TSI)","og_description":"Hormis un (1) match de la R1 ( Amical vs Racing 19\/01), ce weekend tout le monde est au rythme des 16\u00e8mes de finale de [...]","og_url":"https:\/\/total-sport.fr\/index.php\/2020\/01\/16\/foot-crg-16es-de-finale-phare-jefc-ss-arsenal-deux-parmi-les-affiches-vedettes-de-la-crg\/","og_site_name":"Total Sports International (TSI)","article_author":"https:\/\/www.facebook.com\/joly.jerometotalsport","article_published_time":"2020-01-17T01:48:35+00:00","article_modified_time":"2020-01-17T13:22:29+00:00","og_image":[{"width":1080,"height":705,"url":"https:\/\/i0.wp.com\/total-sport.fr\/wp-content\/uploads\/20200115_082814-2.jpg?fit=1080%2C705&ssl=1","type":"image\/jpeg"}],"author":"Joly JEROME","twitter_card":"summary_large_image","twitter_creator":"@Total Sport TS","twitter_misc":{"\u00c9crit par":"Joly JEROME","Dur\u00e9e de lecture estim\u00e9e":"3 minutes"},"schema":{"@context":"https:\/\/schema.org","@graph":[{"@type":"WebPage","@id":"https:\/\/total-sport.fr\/index.php\/2020\/01\/16\/foot-crg-16es-de-finale-phare-jefc-ss-arsenal-deux-parmi-les-affiches-vedettes-de-la-crg\/","url":"https:\/\/total-sport.fr\/index.php\/2020\/01\/16\/foot-crg-16es-de-finale-phare-jefc-ss-arsenal-deux-parmi-les-affiches-vedettes-de-la-crg\/","name":"Foot-CRG-16es de finale: Phare-JEFC, SS -Arsenal deux parmi les affiches vedettes de la CRG. - Total Sports International (TSI)","isPartOf":{"@id":"https:\/\/total-sport.fr\/#website"},"primaryImageOfPage":{"@id":"https:\/\/total-sport.fr\/index.php\/2020\/01\/16\/foot-crg-16es-de-finale-phare-jefc-ss-arsenal-deux-parmi-les-affiches-vedettes-de-la-crg\/#primaryimage"},"image":{"@id":"https:\/\/total-sport.fr\/index.php\/2020\/01\/16\/foot-crg-16es-de-finale-phare-jefc-ss-arsenal-deux-parmi-les-affiches-vedettes-de-la-crg\/#primaryimage"},"thumbnailUrl":"https:\/\/i0.wp.com\/total-sport.fr\/wp-content\/uploads\/20200115_082814-2.jpg?fit=1080%2C705&ssl=1","datePublished":"2020-01-17T01:48:35+00:00","dateModified":"2020-01-17T13:22:29+00:00","author":{"@id":"https:\/\/total-sport.fr\/#\/schema\/person\/f9f5599f372b747441cd5d912824aba4"},"breadcrumb":{"@id":"https:\/\/total-sport.fr\/index.php\/2020\/01\/16\/foot-crg-16es-de-finale-phare-jefc-ss-arsenal-deux-parmi-les-affiches-vedettes-de-la-crg\/#breadcrumb"},"inLanguage":"fr-FR","potentialAction":[{"@type":"ReadAction","target":["https:\/\/total-sport.fr\/index.php\/2020\/01\/16\/foot-crg-16es-de-finale-phare-jefc-ss-arsenal-deux-parmi-les-affiches-vedettes-de-la-crg\/"]}]},{"@type":"ImageObject","inLanguage":"fr-FR","@id":"https:\/\/total-sport.fr\/index.php\/2020\/01\/16\/foot-crg-16es-de-finale-phare-jefc-ss-arsenal-deux-parmi-les-affiches-vedettes-de-la-crg\/#primaryimage","url":"https:\/\/i0.wp.com\/total-sport.fr\/wp-content\/uploads\/20200115_082814-2.jpg?fit=1080%2C705&ssl=1","contentUrl":"https:\/\/i0.wp.com\/total-sport.fr\/wp-content\/uploads\/20200115_082814-2.jpg?fit=1080%2C705&ssl=1","width":1080,"height":705},{"@type":"BreadcrumbList","@id":"https:\/\/total-sport.fr\/index.php\/2020\/01\/16\/foot-crg-16es-de-finale-phare-jefc-ss-arsenal-deux-parmi-les-affiches-vedettes-de-la-crg\/#breadcrumb","itemListElement":[{"@type":"ListItem","position":1,"name":"Accueil","item":"https:\/\/total-sport.fr\/"},{"@type":"ListItem","position":2,"name":"Foot-CRG-16es de finale: Phare-JEFC, SS -Arsenal deux parmi les affiches vedettes de la CRG."}]},{"@type":"WebSite","@id":"https:\/\/total-sport.fr\/#website","url":"https:\/\/total-sport.fr\/","name":"Total Sports International (TSI)","description":"vous informer est notre priorit\u00e9, 7 jours sur 7 avec toujours le m\u00eame professionnalisme","potentialAction":[{"@type":"SearchAction","target":{"@type":"EntryPoint","urlTemplate":"https:\/\/total-sport.fr\/?s={search_term_string}"},"query-input":{"@type":"PropertyValueSpecification","valueRequired":true,"valueName":"search_term_string"}}],"inLanguage":"fr-FR"},{"@type":"Person","@id":"https:\/\/total-sport.fr\/#\/schema\/person\/f9f5599f372b747441cd5d912824aba4","name":"Joly JEROME","image":{"@type":"ImageObject","inLanguage":"fr-FR","@id":"https:\/\/total-sport.fr\/#\/schema\/person\/image\/","url":"https:\/\/secure.gravatar.com\/avatar\/33e98ca4065ab233074302dee778104df3e61a0f91ceba3d746e7e40dbe11f0d?s=96&d=mm&r=g","contentUrl":"https:\/\/secure.gravatar.com\/avatar\/33e98ca4065ab233074302dee778104df3e61a0f91ceba3d746e7e40dbe11f0d?s=96&d=mm&r=g","caption":"Joly JEROME"},"description":"Je suis Joly JEROME, passionn\u00e9 de la lecture et du Sport notamment le Football. Je suis Journaliste ind\u00e9pendant fougueux, s\u00e9rieux mettant ma plume \u00e0 votre service pour vous informer avec la v\u00e9rit\u00e9 comme boussole. Jolyjerome989@gmail.com \/0690 93 65 88","sameAs":["https:\/\/total-sport.fr","https:\/\/www.facebook.com\/joly.jerometotalsport","Joly_JJCA","Total Sport ts","https:\/\/x.com\/Total Sport TS"],"url":"https:\/\/total-sport.fr\/index.php\/author\/jolyjerome\/"}]}},"jetpack_publicize_connections":[],"jetpack_featured_media_url":"https:\/\/i0.wp.com\/total-sport.fr\/wp-content\/uploads\/20200115_082814-2.jpg?fit=1080%2C705&ssl=1","jetpack_sharing_enabled":true,"jetpack_shortlink":"https:\/\/wp.me\/paF0J8-yQ","jetpack-related-posts":[{"id":3251,"url":"https:\/\/total-sport.fr\/index.php\/2020\/08\/28\/foot-crg-lultime-choc-pour-remporter-le-graal-et-les-3000-euros\/","url_meta":{"origin":2160,"position":0},"title":"Foot-CRG : L&rsquo;Ultime choc pour remporter le Graal et les 2000 Euros.","author":"Joly JEROME","date":"28 ao\u00fbt 2020","format":false,"excerpt":"Le Club Sportif Moulien et le PHARE de Petit-Canal s'affrontent ce samedi 20h dans un dernier duel pour le titre de la coupe R\u00e9gion Guadeloupe. Apr\u00e8s avoir ma\u00eetris\u00e9 la REDSTAR 3-0 en demi-finale, les Mouliens vont d\u00e9fier le PHARE tombeur de AS DYNAMO 2-1. Des joueurs du PHARE Le stade\u2026","rel":"","context":"Dans &quot;coupe R\u00e9gion Guadeloupe&quot;","block_context":{"text":"coupe R\u00e9gion Guadeloupe","link":"https:\/\/total-sport.fr\/index.php\/category\/coupes\/coupe-region-guadeloupe\/"},"img":{"alt_text":"","src":"https:\/\/i0.wp.com\/total-sport.fr\/wp-content\/uploads\/FB_IMG_1598664170404-1.jpg?fit=1079%2C720&ssl=1&resize=350%2C200","width":350,"height":200,"srcset":"https:\/\/i0.wp.com\/total-sport.fr\/wp-content\/uploads\/FB_IMG_1598664170404-1.jpg?fit=1079%2C720&ssl=1&resize=350%2C200 1x, https:\/\/i0.wp.com\/total-sport.fr\/wp-content\/uploads\/FB_IMG_1598664170404-1.jpg?fit=1079%2C720&ssl=1&resize=525%2C300 1.5x, https:\/\/i0.wp.com\/total-sport.fr\/wp-content\/uploads\/FB_IMG_1598664170404-1.jpg?fit=1079%2C720&ssl=1&resize=700%2C400 2x, https:\/\/i0.wp.com\/total-sport.fr\/wp-content\/uploads\/FB_IMG_1598664170404-1.jpg?fit=1079%2C720&ssl=1&resize=1050%2C600 3x"},"classes":[]},{"id":2185,"url":"https:\/\/total-sport.fr\/index.php\/2020\/01\/19\/foot-crg-16es-de-finale-la-juventus-a-cree-lexploit-le-phare-maitrise-jefc\/","url_meta":{"origin":2160,"position":1},"title":"Foot-CRG-16es de finale : La Juventus a cr\u00e9\u00e9 l&rsquo;exploit, Le PHARE ma\u00eetrise JEFC","author":"Joly JEROME","date":"19 janvier 2020","format":false,"excerpt":"La Juventus de Saint-Anne (R2) a cr\u00e9\u00e9 l'exploit dans les 16es de finale de la Coupe R\u00e9gion Guadeloupe, la vieille dame a \u00e9limin\u00e9 L'Unit\u00e9 Sainterosienne (R1) dans les s\u00e9ances de tirs aux buts (4-3) apr\u00e8s avoir fait 1-1 dans les temps r\u00e9glementaires. Le PHARE de Petit-Canal a fait forte impression\u2026","rel":"","context":"Dans &quot;coupe R\u00e9gion Guadeloupe&quot;","block_context":{"text":"coupe R\u00e9gion Guadeloupe","link":"https:\/\/total-sport.fr\/index.php\/category\/coupes\/coupe-region-guadeloupe\/"},"img":{"alt_text":"","src":"https:\/\/i0.wp.com\/total-sport.fr\/wp-content\/uploads\/20200119_125440-02.jpeg?fit=1200%2C858&ssl=1&resize=350%2C200","width":350,"height":200,"srcset":"https:\/\/i0.wp.com\/total-sport.fr\/wp-content\/uploads\/20200119_125440-02.jpeg?fit=1200%2C858&ssl=1&resize=350%2C200 1x, https:\/\/i0.wp.com\/total-sport.fr\/wp-content\/uploads\/20200119_125440-02.jpeg?fit=1200%2C858&ssl=1&resize=525%2C300 1.5x, https:\/\/i0.wp.com\/total-sport.fr\/wp-content\/uploads\/20200119_125440-02.jpeg?fit=1200%2C858&ssl=1&resize=700%2C400 2x, https:\/\/i0.wp.com\/total-sport.fr\/wp-content\/uploads\/20200119_125440-02.jpeg?fit=1200%2C858&ssl=1&resize=1050%2C600 3x"},"classes":[]},{"id":3215,"url":"https:\/\/total-sport.fr\/index.php\/2020\/08\/20\/foot-crg-le-phare-et-dynamo-rejoignent-le-csm-et-la-redstar-dans-le-carre-final\/","url_meta":{"origin":2160,"position":2},"title":"Foot-CRG: Le PHARE et DYNAMO rejoignent le CSM et la REDSTAR dans le carr\u00e9 final.","author":"Joly JEROME","date":"20 ao\u00fbt 2020","format":false,"excerpt":"On conna\u00eet d\u00e9sormais l'identit\u00e9 des quatre \u00e9quipes qui vont se battre dans le carr\u00e9 final de la coupe r\u00e9gion Guadeloupe. Le DYNAMO du Moule a mis l'AS GOSIER \u00e0 la porte sur le strict minimum (1-0), alors que le PHARE de Petit-Canal s'est d\u00e9barrass\u00e9 de L'USBM (2-1). Apr\u00e8s le CSM\u2026","rel":"","context":"Dans &quot;coupe R\u00e9gion Guadeloupe&quot;","block_context":{"text":"coupe R\u00e9gion Guadeloupe","link":"https:\/\/total-sport.fr\/index.php\/category\/coupes\/coupe-region-guadeloupe\/"},"img":{"alt_text":"","src":"https:\/\/i0.wp.com\/total-sport.fr\/wp-content\/uploads\/20200820_002155.jpg?fit=579%2C346&ssl=1&resize=350%2C200","width":350,"height":200,"srcset":"https:\/\/i0.wp.com\/total-sport.fr\/wp-content\/uploads\/20200820_002155.jpg?fit=579%2C346&ssl=1&resize=350%2C200 1x, https:\/\/i0.wp.com\/total-sport.fr\/wp-content\/uploads\/20200820_002155.jpg?fit=579%2C346&ssl=1&resize=525%2C300 1.5x"},"classes":[]},{"id":3189,"url":"https:\/\/total-sport.fr\/index.php\/2020\/08\/13\/foot-crg-5-mois-apres-le-foot-reprend-ses-droits-avec-les-1-4-de-finales-de-la-crg\/","url_meta":{"origin":2160,"position":3},"title":"Foot-CRG: 5 mois apr\u00e8s, le foot reprend ses droits avec les 1\/4 de finales de la CRG","author":"Joly JEROME","date":"13 ao\u00fbt 2020","format":false,"excerpt":"Le football reprend ses droits officiellement en Guadeloupe, apr\u00e8s plusieurs mois d'arr\u00eat d\u00fb au COVID-19. Le c\u0153ur des mordus du ballon rond va battre au rythme de la coupe r\u00e9gion Guadeloupe avec plusieurs matchs. D\u00e8s vendredi, Olympique SC va tra\u00eener ses bottes sur la pelouse du Dynamo FC. Alors que\u2026","rel":"","context":"Dans &quot;coupe R\u00e9gion Guadeloupe&quot;","block_context":{"text":"coupe R\u00e9gion Guadeloupe","link":"https:\/\/total-sport.fr\/index.php\/category\/coupes\/coupe-region-guadeloupe\/"},"img":{"alt_text":"","src":"https:\/\/i0.wp.com\/total-sport.fr\/wp-content\/uploads\/HVP_6625.jpeg?fit=800%2C534&ssl=1&resize=350%2C200","width":350,"height":200,"srcset":"https:\/\/i0.wp.com\/total-sport.fr\/wp-content\/uploads\/HVP_6625.jpeg?fit=800%2C534&ssl=1&resize=350%2C200 1x, https:\/\/i0.wp.com\/total-sport.fr\/wp-content\/uploads\/HVP_6625.jpeg?fit=800%2C534&ssl=1&resize=525%2C300 1.5x, https:\/\/i0.wp.com\/total-sport.fr\/wp-content\/uploads\/HVP_6625.jpeg?fit=800%2C534&ssl=1&resize=700%2C400 2x"},"classes":[]},{"id":2559,"url":"https:\/\/total-sport.fr\/index.php\/2020\/02\/28\/foot-crg-1-8-de-finale-programme-des-1-8-de-finales-de-la-coupe-region-guadeloupe\/","url_meta":{"origin":2160,"position":4},"title":"Foot-CRG: 1\/8 de finale: programme des 1\/8 de finales de la coupe r\u00e9gion Guadeloupe","author":"Joly JEROME","date":"28 f\u00e9vrier 2020","format":false,"excerpt":"Apr\u00e8s une semaine de festivit\u00e9s carnavalesques, le football reprend ses droits sur les diff\u00e9rentes pelouse en Guadeloupe. Au programme ce weekend, les huiti\u00e8mes de finales de la coupe r\u00e9gion Guadeloupe avec des matchs tr\u00e8s int\u00e9ressants comme la Gauloise de Basse-Terre contre le Club Sportif Moulien et As Gosier face Amical\u2026","rel":"","context":"Dans &quot;coupe R\u00e9gion Guadeloupe&quot;","block_context":{"text":"coupe R\u00e9gion Guadeloupe","link":"https:\/\/total-sport.fr\/index.php\/category\/coupes\/coupe-region-guadeloupe\/"},"img":{"alt_text":"","src":"https:\/\/i0.wp.com\/total-sport.fr\/wp-content\/uploads\/FB_IMG_1582936060505.jpg?fit=960%2C648&ssl=1&resize=350%2C200","width":350,"height":200,"srcset":"https:\/\/i0.wp.com\/total-sport.fr\/wp-content\/uploads\/FB_IMG_1582936060505.jpg?fit=960%2C648&ssl=1&resize=350%2C200 1x, https:\/\/i0.wp.com\/total-sport.fr\/wp-content\/uploads\/FB_IMG_1582936060505.jpg?fit=960%2C648&ssl=1&resize=525%2C300 1.5x, https:\/\/i0.wp.com\/total-sport.fr\/wp-content\/uploads\/FB_IMG_1582936060505.jpg?fit=960%2C648&ssl=1&resize=700%2C400 2x"},"classes":[]},{"id":682,"url":"https:\/\/total-sport.fr\/index.php\/2019\/03\/29\/foot-guadeloupe-crg-1-4-de-finale-siroco-vs-gauloise-as-gosier-vs-usbm-les-chocs-des-quarts-de-finales\/","url_meta":{"origin":2160,"position":5},"title":"Foot-Guadeloupe -CRG-1\/4 de FINALE : SIROCO vs Gauloise \/ AS Gosier vs USBM, les chocs des quarts de finales","author":"Joly JEROME","date":"29 mars 2019","format":false,"excerpt":"Samedi et Dimanche joueront les quarts de finales de la coupe R\u00e9gion Guadeloupe, 3 clubs de la R\u00e9gionale 2 sont pr\u00e9sents dans cette phase dont 1 sera pr\u00e9sent quoiqu'il arrive en demie car SC ST FRAN\u00c7OIS ( R2) recevra RAPID CLUB (R2) samedi 15H. AS Gosier affrontera USBM \u00e0 15H\u2026","rel":"","context":"Dans &quot;coupe R\u00e9gion Guadeloupe&quot;","block_context":{"text":"coupe R\u00e9gion Guadeloupe","link":"https:\/\/total-sport.fr\/index.php\/category\/coupes\/coupe-region-guadeloupe\/"},"img":{"alt_text":"","src":"https:\/\/i0.wp.com\/total-sport.fr\/wp-content\/uploads\/2019\/03\/FB_IMG_1553824660853.jpg?fit=720%2C480&ssl=1&resize=350%2C200","width":350,"height":200,"srcset":"https:\/\/i0.wp.com\/total-sport.fr\/wp-content\/uploads\/2019\/03\/FB_IMG_1553824660853.jpg?fit=720%2C480&ssl=1&resize=350%2C200 1x, https:\/\/i0.wp.com\/total-sport.fr\/wp-content\/uploads\/2019\/03\/FB_IMG_1553824660853.jpg?fit=720%2C480&ssl=1&resize=525%2C300 1.5x, https:\/\/i0.wp.com\/total-sport.fr\/wp-content\/uploads\/2019\/03\/FB_IMG_1553824660853.jpg?fit=720%2C480&ssl=1&resize=700%2C400 2x"},"classes":[]}],"jetpack_likes_enabled":true,"_links":{"self":[{"href":"https:\/\/total-sport.fr\/index.php\/wp-json\/wp\/v2\/posts\/2160","targetHints":{"allow":["GET"]}}],"collection":[{"href":"https:\/\/total-sport.fr\/index.php\/wp-json\/wp\/v2\/posts"}],"about":[{"href":"https:\/\/total-sport.fr\/index.php\/wp-json\/wp\/v2\/types\/post"}],"author":[{"embeddable":true,"href":"https:\/\/total-sport.fr\/index.php\/wp-json\/wp\/v2\/users\/2"}],"replies":[{"embeddable":true,"href":"https:\/\/total-sport.fr\/index.php\/wp-json\/wp\/v2\/comments?post=2160"}],"version-history":[{"count":18,"href":"https:\/\/total-sport.fr\/index.php\/wp-json\/wp\/v2\/posts\/2160\/revisions"}],"predecessor-version":[{"id":2192,"href":"https:\/\/total-sport.fr\/index.php\/wp-json\/wp\/v2\/posts\/2160\/revisions\/2192"}],"wp:featuredmedia":[{"embeddable":true,"href":"https:\/\/total-sport.fr\/index.php\/wp-json\/wp\/v2\/media\/2173"}],"wp:attachment":[{"href":"https:\/\/total-sport.fr\/index.php\/wp-json\/wp\/v2\/media?parent=2160"}],"wp:term":[{"taxonomy":"category","embeddable":true,"href":"https:\/\/total-sport.fr\/index.php\/wp-json\/wp\/v2\/categories?post=2160"},{"taxonomy":"post_tag","embeddable":true,"href":"https:\/\/total-sport.fr\/index.php\/wp-json\/wp\/v2\/tags?post=2160"}],"curies":[{"name":"wp","href":"https:\/\/api.w.org\/{rel}","templated":true}]}}