{"id":1872,"date":"2019-12-04T12:40:45","date_gmt":"2019-12-04T16:40:45","guid":{"rendered":"https:\/\/total-sport.fr\/?p=1872"},"modified":"2019-12-04T21:36:22","modified_gmt":"2019-12-05T01:36:22","slug":"foot-cdf-jordy-capet-on-va-representer-la-guadeloupe-la-meilleure-des-facons","status":"publish","type":"post","link":"https:\/\/total-sport.fr\/index.php\/2019\/12\/04\/foot-cdf-jordy-capet-on-va-representer-la-guadeloupe-la-meilleure-des-facons\/","title":{"rendered":"Foot-CDF: Jordy CAPET, on va repr\u00e9senter  la Guadeloupe la meilleure des fa\u00e7ons."},"content":{"rendered":"\n<p><strong>Ce samedi 7 d\u00e9cembre \u00e0 18h, Jeunesse \u00c9volution recevra ASM Belfort au Stade Ren\u00e9 Serge NABAJOTH dans un match choc comptant pour 8\u00e8me tour de la coupe de France. Si c&rsquo;est vrai sur le papier les locaux sont d\u00e9favoris\u00e9s, cependant dans un match \u00e0 \u00e9limination directe tout peut arriver et l&rsquo;actuel leader du championnat de la Guadeloupe compte bien donner du fil \u00e0 retordre au club de la Nationale 2, pour valider son billet pour la 32\u00e8me de finale de cette coupe de France ; \u00e0 en croire <em>Jordy CAPET <\/em><\/strong><strong>le capitaine de cette formation abymienne .<\/strong><\/p>\n\n\n\n<p>Toute la Guadeloupe sera dans les tribunes du stade Ren\u00e9 Serge NABAJOTH aux Abymes pour pousser la Jeunesse \u00c9volution contre ASM Belfort dans ce 8\u00e8me tour de la Coupe de France. Apr\u00e8s avoir cartonn\u00e9 contre AOG (4-0) en 6\u00e8me tour et battu le CSM (2-0) au 7\u00e8me tour, la Jeunesse \u00c9volution, le repr\u00e9sentant de la Guadeloupe attend de pied ferme un club de la Nationale 2 , l&rsquo;ultime objectif qualifier pour le 32e de finale.<\/p>\n\n\n\n<figure class=\"wp-block-gallery columns-1 is-cropped wp-block-gallery-1 is-layout-flex wp-block-gallery-is-layout-flex\"><ul class=\"blocks-gallery-grid\"><li class=\"blocks-gallery-item\"><figure><img loading=\"lazy\" decoding=\"async\" width=\"1080\" height=\"720\" data-attachment-id=\"1878\" data-permalink=\"https:\/\/total-sport.fr\/index.php\/2019\/12\/04\/foot-cdf-jordy-capet-on-va-representer-la-guadeloupe-la-meilleure-des-facons\/fb_img_1575475456112-1\/\" data-orig-file=\"https:\/\/i0.wp.com\/total-sport.fr\/wp-content\/uploads\/FB_IMG_1575475456112-1.jpg?fit=1080%2C720&amp;ssl=1\" data-orig-size=\"1080,720\" data-comments-opened=\"1\" data-image-meta=\"{&quot;aperture&quot;:&quot;0&quot;,&quot;credit&quot;:&quot;&quot;,&quot;camera&quot;:&quot;&quot;,&quot;caption&quot;:&quot;&quot;,&quot;created_timestamp&quot;:&quot;0&quot;,&quot;copyright&quot;:&quot;&quot;,&quot;focal_length&quot;:&quot;0&quot;,&quot;iso&quot;:&quot;0&quot;,&quot;shutter_speed&quot;:&quot;0&quot;,&quot;title&quot;:&quot;&quot;,&quot;orientation&quot;:&quot;0&quot;}\" data-image-title=\"FB_IMG_1575475456112-1\" data-image-description=\"\" data-image-caption=\"\" data-large-file=\"https:\/\/i0.wp.com\/total-sport.fr\/wp-content\/uploads\/FB_IMG_1575475456112-1.jpg?fit=1024%2C683&amp;ssl=1\" src=\"https:\/\/i0.wp.com\/total-sport.fr\/wp-content\/uploads\/FB_IMG_1575475456112-1.jpg?fit=1024%2C683&amp;ssl=1\" alt=\"\" data-id=\"1878\" data-full-url=\"https:\/\/i0.wp.com\/total-sport.fr\/wp-content\/uploads\/FB_IMG_1575475456112-1.jpg?fit=1080%2C720&amp;ssl=1\" data-link=\"https:\/\/total-sport.fr\/?attachment_id=1878\" class=\"wp-image-1878\" srcset=\"https:\/\/i0.wp.com\/total-sport.fr\/wp-content\/uploads\/FB_IMG_1575475456112-1.jpg?w=1080&amp;ssl=1 1080w, https:\/\/i0.wp.com\/total-sport.fr\/wp-content\/uploads\/FB_IMG_1575475456112-1.jpg?resize=300%2C200&amp;ssl=1 300w, https:\/\/i0.wp.com\/total-sport.fr\/wp-content\/uploads\/FB_IMG_1575475456112-1.jpg?resize=1024%2C683&amp;ssl=1 1024w, https:\/\/i0.wp.com\/total-sport.fr\/wp-content\/uploads\/FB_IMG_1575475456112-1.jpg?resize=768%2C512&amp;ssl=1 768w\" sizes=\"auto, (max-width: 1000px) 100vw, 1000px\" \/><figcaption class=\"blocks-gallery-item__caption\">\u00c9quipe de la JEFC \ud83d\udcf8 LGF <\/figcaption><\/figure><\/li><\/ul><\/figure>\n\n\n\n<p>\u00c0 quelques jours de ce duel tant attendu face aux prot\u00e9g\u00e9s de <strong>Xavier Demuth<\/strong> , comment Jeunesse \u00c9volution se pr\u00e9pare t-elle, sont-ils pr\u00eats \u00e0 cr\u00e9er l&rsquo;exploit ? <strong>Jordy CAPET,<\/strong> le capitaine de cette \u00e9quipe a tout racont\u00e9 \u00e0 <strong><em>Total Sport <\/em><\/strong>dans une interview. <\/p>\n\n\n\n<figure class=\"wp-block-gallery columns-1 is-cropped wp-block-gallery-2 is-layout-flex wp-block-gallery-is-layout-flex\"><ul class=\"blocks-gallery-grid\"><li class=\"blocks-gallery-item\"><figure><img data-recalc-dims=\"1\" loading=\"lazy\" decoding=\"async\" width=\"786\" height=\"452\" data-attachment-id=\"1875\" data-permalink=\"https:\/\/total-sport.fr\/index.php\/2019\/12\/04\/foot-cdf-jordy-capet-on-va-representer-la-guadeloupe-la-meilleure-des-facons\/20191204_123306\/\" data-orig-file=\"https:\/\/i0.wp.com\/total-sport.fr\/wp-content\/uploads\/20191204_123306.jpg?fit=786%2C452&amp;ssl=1\" data-orig-size=\"786,452\" data-comments-opened=\"1\" data-image-meta=\"{&quot;aperture&quot;:&quot;0&quot;,&quot;credit&quot;:&quot;&quot;,&quot;camera&quot;:&quot;&quot;,&quot;caption&quot;:&quot;&quot;,&quot;created_timestamp&quot;:&quot;0&quot;,&quot;copyright&quot;:&quot;&quot;,&quot;focal_length&quot;:&quot;0&quot;,&quot;iso&quot;:&quot;0&quot;,&quot;shutter_speed&quot;:&quot;0&quot;,&quot;title&quot;:&quot;&quot;,&quot;orientation&quot;:&quot;0&quot;}\" data-image-title=\"20191204_123306\" data-image-description=\"\" data-image-caption=\"\" data-large-file=\"https:\/\/i0.wp.com\/total-sport.fr\/wp-content\/uploads\/20191204_123306.jpg?fit=786%2C452&amp;ssl=1\" src=\"https:\/\/i0.wp.com\/total-sport.fr\/wp-content\/uploads\/20191204_123306.jpg?resize=786%2C452&#038;ssl=1\" alt=\"\" data-id=\"1875\" data-full-url=\"https:\/\/i0.wp.com\/total-sport.fr\/wp-content\/uploads\/20191204_123306.jpg?fit=786%2C452&amp;ssl=1\" data-link=\"https:\/\/total-sport.fr\/?attachment_id=1875\" class=\"wp-image-1875\" srcset=\"https:\/\/i0.wp.com\/total-sport.fr\/wp-content\/uploads\/20191204_123306.jpg?w=786&amp;ssl=1 786w, https:\/\/i0.wp.com\/total-sport.fr\/wp-content\/uploads\/20191204_123306.jpg?resize=300%2C173&amp;ssl=1 300w, https:\/\/i0.wp.com\/total-sport.fr\/wp-content\/uploads\/20191204_123306.jpg?resize=768%2C442&amp;ssl=1 768w\" sizes=\"auto, (max-width: 786px) 100vw, 786px\" \/><figcaption class=\"blocks-gallery-item__caption\">Jordy CAPET, le capitaine de la JEFC au contr\u00f4le du ballon <\/figcaption><\/figure><\/li><\/ul><\/figure>\n\n\n\n<p>Total Sport: <strong>\u00c0 quelques jours de la rencontre de 8\u00e8me tour de la coupe du France contre ASM Belfort, dans quel \u00e9tat d&rsquo;esprit se trouve le groupe, \u00eates vous pr\u00eat pour ce choc?<\/strong><\/p>\n\n\n\n<p>Jordy CAPET: <em>\u00c9videment que nous le sommes. Mentalement on est bien, on est sur une bonne dynamique, ( 5 derniers matchs , 3 victoire et 2 nuls ) c\u2019est de tr\u00e8s bonne augure pour la suite. Concernant le match de Belfort, on veut repr\u00e9senter le peuple guadeloup\u00e9en de la meilleure des fa\u00e7on<\/em>s.<\/p>\n\n\n\n<p>TS: <strong>Ce match contre ASM Belfort ne sera pas facile comme vous pouvez l&rsquo;imaginer, y a t-il une pr\u00e9paration sp\u00e9ciale, si oui comment comptez vous aborder ce match ?<\/strong><\/p>\n\n\n\n<p>JC: <em>Il est vrai que c\u2019est un match sp\u00e9cial, je pense que tout footballeur r\u00eaverait de jouer ce type de rencontre. On est conscient que ce sera un autre niveau, il faudra rester concentr\u00e9, appliqu\u00e9, rigoureux pendant 90 minutes ou plus. Mais on s\u2019y pr\u00e9pare tranquillement. On ne sera pas timide !<\/em><\/p>\n\n\n\n<p>TS: <strong>Cela fait quelques temps depuis qu&rsquo;un club Guadeloupe n&rsquo;a pas franchi cette \u00e9tape de 8\u00e8me tour, \u00eates-vous (JEFC  ) pr\u00eats \u00e0 marquer l&rsquo;histoire ?<\/strong><\/p>\n\n\n\n<p>JC: <em>\u00c7a serait super si on pouvait le faire. Tout peut se passer dans ce match. On n\u2019a rien \u00e0 perdre, on va livrer une vraie bataille, et essayer de satisfaire la Guadeloupe au mieux. Mais on n\u2019oublie pas qu\u2019on est le petit Poucet <br> En esp\u00e9rant que les dieux du foot soient avec, pour cr\u00e9er cette fameuse magie de la coupe France. \ud83d\ude0a<\/em><\/p>\n\n\n\n<p>TS: <strong>Pour votre retour dans l&rsquo;\u00e9lite du football Guadeloup\u00e9en, vous \u00eates entrain de r\u00e9aliser un tr\u00e8s bon d\u00e9but, \u00e0 quoi est d\u00fb tout cela ?<\/strong><\/p>\n\n\n\n<p>JC: <em>Pour un promu c\u2019est un parcours exemplaire, on travaille beaucoup pour toutes nos performances. Pour l\u2019instant le travail paye donc on va continuer en ce sens .<\/em><\/p>\n\n\n\n<p>TS: <strong>Ce samedi toute la Guadeloupe sera derri\u00e8re vous, \u00e7a va pas \u00eatre une pression en plus pour vous?<\/strong><\/p>\n\n\n\n<p>JC: <em>Pas une pression au contraire, de savoir que la Guadeloupe est avec nous cela va nous booster. \u00c7a nous aidera \u00e0 livrer un grand match, et tant mieux pour nous ! <br> Tout cela nous motivera .<\/em><\/p>\n\n\n\n<p>TS: <strong>Que peut-on esp\u00e9rer le public Guadeloup\u00e9en,particuli\u00e8rement les fans de la JEFC de vous?<\/strong><\/p>\n\n\n\n<p>JC: <em>Et bien qu\u2019on puisse cr\u00e9er l\u2019exploit, et laisser notre empreinte dans l\u2019histoire de la coupe de France. <br> J\u2019esp\u00e8re qu\u2019ils seront tous avec nous et on essayera de leur rendre tout \u00e7a sur le terrain.<\/em><\/p>\n\n\n\n<figure class=\"wp-block-embed-youtube wp-block-embed is-type-video is-provider-youtube wp-embed-aspect-16-9 wp-has-aspect-ratio\"><div class=\"wp-block-embed__wrapper\">\n<span class=\"embed-youtube\" style=\"text-align:center; display: block;\"><iframe loading=\"lazy\" class=\"youtube-player\" width=\"640\" height=\"360\" src=\"https:\/\/www.youtube.com\/embed\/njuem9SD9iM?version=3&#038;rel=1&#038;showsearch=0&#038;showinfo=1&#038;iv_load_policy=1&#038;fs=1&#038;hl=fr-FR&#038;autohide=2&#038;wmode=transparent\" allowfullscreen=\"true\" style=\"border:0;\" sandbox=\"allow-scripts allow-same-origin allow-popups allow-presentation allow-popups-to-escape-sandbox\"><\/iframe><\/span>\n<\/div><\/figure>\n","protected":false},"excerpt":{"rendered":"<div class=\"mh-excerpt\"><p>Ce samedi 7 d\u00e9cembre \u00e0 18h, Jeunesse \u00c9volution recevra ASM Belfort au Stade Ren\u00e9 Serge NABAJOTH dans un match choc comptant pour 8\u00e8me tour de <a class=\"mh-excerpt-more\" href=\"https:\/\/total-sport.fr\/index.php\/2019\/12\/04\/foot-cdf-jordy-capet-on-va-representer-la-guadeloupe-la-meilleure-des-facons\/\" title=\"Foot-CDF: Jordy CAPET, on va repr\u00e9senter  la Guadeloupe la meilleure des fa\u00e7ons.\">[&#8230;]<\/a><\/p>\n<\/div>","protected":false},"author":2,"featured_media":1886,"comment_status":"open","ping_status":"open","sticky":false,"template":"","format":"standard","meta":{"jetpack_post_was_ever_published":false,"_jetpack_newsletter_access":"","_jetpack_dont_email_post_to_subs":false,"_jetpack_newsletter_tier_id":0,"_jetpack_memberships_contains_paywalled_content":false,"_jetpack_memberships_contains_paid_content":false,"footnotes":"","jetpack_publicize_message":"","jetpack_publicize_feature_enabled":true,"jetpack_social_post_already_shared":true,"jetpack_social_options":{"image_generator_settings":{"template":"highway","default_image_id":0,"font":"","enabled":false},"version":2}},"categories":[20],"tags":[],"class_list":["post-1872","post","type-post","status-publish","format-standard","has-post-thumbnail","hentry","category-coupe-de-france"],"yoast_head":"<!-- This site is optimized with the Yoast SEO plugin v24.9 - https:\/\/yoast.com\/wordpress\/plugins\/seo\/ -->\n<title>Foot-CDF: Jordy CAPET, on va repr\u00e9senter la Guadeloupe la meilleure des fa\u00e7ons. - Total Sports International (TSI)<\/title>\n<meta name=\"robots\" content=\"index, follow, max-snippet:-1, max-image-preview:large, max-video-preview:-1\" \/>\n<link rel=\"canonical\" href=\"https:\/\/total-sport.fr\/index.php\/2019\/12\/04\/foot-cdf-jordy-capet-on-va-representer-la-guadeloupe-la-meilleure-des-facons\/\" \/>\n<meta property=\"og:locale\" content=\"fr_FR\" \/>\n<meta property=\"og:type\" content=\"article\" \/>\n<meta property=\"og:title\" content=\"Foot-CDF: Jordy CAPET, on va repr\u00e9senter la Guadeloupe la meilleure des fa\u00e7ons. - Total Sports International (TSI)\" \/>\n<meta property=\"og:description\" content=\"Ce samedi 7 d\u00e9cembre \u00e0 18h, Jeunesse \u00c9volution recevra ASM Belfort au Stade Ren\u00e9 Serge NABAJOTH dans un match choc comptant pour 8\u00e8me tour de [...]\" \/>\n<meta property=\"og:url\" content=\"https:\/\/total-sport.fr\/index.php\/2019\/12\/04\/foot-cdf-jordy-capet-on-va-representer-la-guadeloupe-la-meilleure-des-facons\/\" \/>\n<meta property=\"og:site_name\" content=\"Total Sports International (TSI)\" \/>\n<meta property=\"article:author\" content=\"https:\/\/www.facebook.com\/joly.jerometotalsport\" \/>\n<meta property=\"article:published_time\" content=\"2019-12-04T16:40:45+00:00\" \/>\n<meta property=\"article:modified_time\" content=\"2019-12-05T01:36:22+00:00\" \/>\n<meta property=\"og:image\" content=\"https:\/\/i0.wp.com\/total-sport.fr\/wp-content\/uploads\/IMG_20191204_153739_715.jpg?fit=1080%2C720&ssl=1\" \/>\n\t<meta property=\"og:image:width\" content=\"1080\" \/>\n\t<meta property=\"og:image:height\" content=\"720\" \/>\n\t<meta property=\"og:image:type\" content=\"image\/jpeg\" \/>\n<meta name=\"author\" content=\"Joly JEROME\" \/>\n<meta name=\"twitter:card\" content=\"summary_large_image\" \/>\n<meta name=\"twitter:creator\" content=\"@Total Sport TS\" \/>\n<meta name=\"twitter:label1\" content=\"\u00c9crit par\" \/>\n\t<meta name=\"twitter:data1\" content=\"Joly JEROME\" \/>\n\t<meta name=\"twitter:label2\" content=\"Dur\u00e9e de lecture estim\u00e9e\" \/>\n\t<meta name=\"twitter:data2\" content=\"3 minutes\" \/>\n<script type=\"application\/ld+json\" class=\"yoast-schema-graph\">{\"@context\":\"https:\/\/schema.org\",\"@graph\":[{\"@type\":\"WebPage\",\"@id\":\"https:\/\/total-sport.fr\/index.php\/2019\/12\/04\/foot-cdf-jordy-capet-on-va-representer-la-guadeloupe-la-meilleure-des-facons\/\",\"url\":\"https:\/\/total-sport.fr\/index.php\/2019\/12\/04\/foot-cdf-jordy-capet-on-va-representer-la-guadeloupe-la-meilleure-des-facons\/\",\"name\":\"Foot-CDF: Jordy CAPET, on va repr\u00e9senter la Guadeloupe la meilleure des fa\u00e7ons. - Total Sports International (TSI)\",\"isPartOf\":{\"@id\":\"https:\/\/total-sport.fr\/#website\"},\"primaryImageOfPage\":{\"@id\":\"https:\/\/total-sport.fr\/index.php\/2019\/12\/04\/foot-cdf-jordy-capet-on-va-representer-la-guadeloupe-la-meilleure-des-facons\/#primaryimage\"},\"image\":{\"@id\":\"https:\/\/total-sport.fr\/index.php\/2019\/12\/04\/foot-cdf-jordy-capet-on-va-representer-la-guadeloupe-la-meilleure-des-facons\/#primaryimage\"},\"thumbnailUrl\":\"https:\/\/i0.wp.com\/total-sport.fr\/wp-content\/uploads\/IMG_20191204_153739_715.jpg?fit=1080%2C720&ssl=1\",\"datePublished\":\"2019-12-04T16:40:45+00:00\",\"dateModified\":\"2019-12-05T01:36:22+00:00\",\"author\":{\"@id\":\"https:\/\/total-sport.fr\/#\/schema\/person\/f9f5599f372b747441cd5d912824aba4\"},\"breadcrumb\":{\"@id\":\"https:\/\/total-sport.fr\/index.php\/2019\/12\/04\/foot-cdf-jordy-capet-on-va-representer-la-guadeloupe-la-meilleure-des-facons\/#breadcrumb\"},\"inLanguage\":\"fr-FR\",\"potentialAction\":[{\"@type\":\"ReadAction\",\"target\":[\"https:\/\/total-sport.fr\/index.php\/2019\/12\/04\/foot-cdf-jordy-capet-on-va-representer-la-guadeloupe-la-meilleure-des-facons\/\"]}]},{\"@type\":\"ImageObject\",\"inLanguage\":\"fr-FR\",\"@id\":\"https:\/\/total-sport.fr\/index.php\/2019\/12\/04\/foot-cdf-jordy-capet-on-va-representer-la-guadeloupe-la-meilleure-des-facons\/#primaryimage\",\"url\":\"https:\/\/i0.wp.com\/total-sport.fr\/wp-content\/uploads\/IMG_20191204_153739_715.jpg?fit=1080%2C720&ssl=1\",\"contentUrl\":\"https:\/\/i0.wp.com\/total-sport.fr\/wp-content\/uploads\/IMG_20191204_153739_715.jpg?fit=1080%2C720&ssl=1\",\"width\":1080,\"height\":720},{\"@type\":\"BreadcrumbList\",\"@id\":\"https:\/\/total-sport.fr\/index.php\/2019\/12\/04\/foot-cdf-jordy-capet-on-va-representer-la-guadeloupe-la-meilleure-des-facons\/#breadcrumb\",\"itemListElement\":[{\"@type\":\"ListItem\",\"position\":1,\"name\":\"Accueil\",\"item\":\"https:\/\/total-sport.fr\/\"},{\"@type\":\"ListItem\",\"position\":2,\"name\":\"Foot-CDF: Jordy CAPET, on va repr\u00e9senter la Guadeloupe la meilleure des fa\u00e7ons.\"}]},{\"@type\":\"WebSite\",\"@id\":\"https:\/\/total-sport.fr\/#website\",\"url\":\"https:\/\/total-sport.fr\/\",\"name\":\"Total Sports International (TSI)\",\"description\":\"vous informer est notre priorit\u00e9, 7 jours sur 7 avec toujours le m\u00eame professionnalisme\",\"potentialAction\":[{\"@type\":\"SearchAction\",\"target\":{\"@type\":\"EntryPoint\",\"urlTemplate\":\"https:\/\/total-sport.fr\/?s={search_term_string}\"},\"query-input\":{\"@type\":\"PropertyValueSpecification\",\"valueRequired\":true,\"valueName\":\"search_term_string\"}}],\"inLanguage\":\"fr-FR\"},{\"@type\":\"Person\",\"@id\":\"https:\/\/total-sport.fr\/#\/schema\/person\/f9f5599f372b747441cd5d912824aba4\",\"name\":\"Joly JEROME\",\"image\":{\"@type\":\"ImageObject\",\"inLanguage\":\"fr-FR\",\"@id\":\"https:\/\/total-sport.fr\/#\/schema\/person\/image\/\",\"url\":\"https:\/\/secure.gravatar.com\/avatar\/33e98ca4065ab233074302dee778104df3e61a0f91ceba3d746e7e40dbe11f0d?s=96&d=mm&r=g\",\"contentUrl\":\"https:\/\/secure.gravatar.com\/avatar\/33e98ca4065ab233074302dee778104df3e61a0f91ceba3d746e7e40dbe11f0d?s=96&d=mm&r=g\",\"caption\":\"Joly JEROME\"},\"description\":\"Je suis Joly JEROME, passionn\u00e9 de la lecture et du Sport notamment le Football. Je suis Journaliste ind\u00e9pendant fougueux, s\u00e9rieux mettant ma plume \u00e0 votre service pour vous informer avec la v\u00e9rit\u00e9 comme boussole. Jolyjerome989@gmail.com \/0690 93 65 88\",\"sameAs\":[\"https:\/\/total-sport.fr\",\"https:\/\/www.facebook.com\/joly.jerometotalsport\",\"Joly_JJCA\",\"Total Sport ts\",\"https:\/\/x.com\/Total Sport TS\"],\"url\":\"https:\/\/total-sport.fr\/index.php\/author\/jolyjerome\/\"}]}<\/script>\n<!-- \/ Yoast SEO plugin. -->","yoast_head_json":{"title":"Foot-CDF: Jordy CAPET, on va repr\u00e9senter la Guadeloupe la meilleure des fa\u00e7ons. - Total Sports International (TSI)","robots":{"index":"index","follow":"follow","max-snippet":"max-snippet:-1","max-image-preview":"max-image-preview:large","max-video-preview":"max-video-preview:-1"},"canonical":"https:\/\/total-sport.fr\/index.php\/2019\/12\/04\/foot-cdf-jordy-capet-on-va-representer-la-guadeloupe-la-meilleure-des-facons\/","og_locale":"fr_FR","og_type":"article","og_title":"Foot-CDF: Jordy CAPET, on va repr\u00e9senter la Guadeloupe la meilleure des fa\u00e7ons. - Total Sports International (TSI)","og_description":"Ce samedi 7 d\u00e9cembre \u00e0 18h, Jeunesse \u00c9volution recevra ASM Belfort au Stade Ren\u00e9 Serge NABAJOTH dans un match choc comptant pour 8\u00e8me tour de [...]","og_url":"https:\/\/total-sport.fr\/index.php\/2019\/12\/04\/foot-cdf-jordy-capet-on-va-representer-la-guadeloupe-la-meilleure-des-facons\/","og_site_name":"Total Sports International (TSI)","article_author":"https:\/\/www.facebook.com\/joly.jerometotalsport","article_published_time":"2019-12-04T16:40:45+00:00","article_modified_time":"2019-12-05T01:36:22+00:00","og_image":[{"width":1080,"height":720,"url":"https:\/\/i0.wp.com\/total-sport.fr\/wp-content\/uploads\/IMG_20191204_153739_715.jpg?fit=1080%2C720&ssl=1","type":"image\/jpeg"}],"author":"Joly JEROME","twitter_card":"summary_large_image","twitter_creator":"@Total Sport TS","twitter_misc":{"\u00c9crit par":"Joly JEROME","Dur\u00e9e de lecture estim\u00e9e":"3 minutes"},"schema":{"@context":"https:\/\/schema.org","@graph":[{"@type":"WebPage","@id":"https:\/\/total-sport.fr\/index.php\/2019\/12\/04\/foot-cdf-jordy-capet-on-va-representer-la-guadeloupe-la-meilleure-des-facons\/","url":"https:\/\/total-sport.fr\/index.php\/2019\/12\/04\/foot-cdf-jordy-capet-on-va-representer-la-guadeloupe-la-meilleure-des-facons\/","name":"Foot-CDF: Jordy CAPET, on va repr\u00e9senter la Guadeloupe la meilleure des fa\u00e7ons. - Total Sports International (TSI)","isPartOf":{"@id":"https:\/\/total-sport.fr\/#website"},"primaryImageOfPage":{"@id":"https:\/\/total-sport.fr\/index.php\/2019\/12\/04\/foot-cdf-jordy-capet-on-va-representer-la-guadeloupe-la-meilleure-des-facons\/#primaryimage"},"image":{"@id":"https:\/\/total-sport.fr\/index.php\/2019\/12\/04\/foot-cdf-jordy-capet-on-va-representer-la-guadeloupe-la-meilleure-des-facons\/#primaryimage"},"thumbnailUrl":"https:\/\/i0.wp.com\/total-sport.fr\/wp-content\/uploads\/IMG_20191204_153739_715.jpg?fit=1080%2C720&ssl=1","datePublished":"2019-12-04T16:40:45+00:00","dateModified":"2019-12-05T01:36:22+00:00","author":{"@id":"https:\/\/total-sport.fr\/#\/schema\/person\/f9f5599f372b747441cd5d912824aba4"},"breadcrumb":{"@id":"https:\/\/total-sport.fr\/index.php\/2019\/12\/04\/foot-cdf-jordy-capet-on-va-representer-la-guadeloupe-la-meilleure-des-facons\/#breadcrumb"},"inLanguage":"fr-FR","potentialAction":[{"@type":"ReadAction","target":["https:\/\/total-sport.fr\/index.php\/2019\/12\/04\/foot-cdf-jordy-capet-on-va-representer-la-guadeloupe-la-meilleure-des-facons\/"]}]},{"@type":"ImageObject","inLanguage":"fr-FR","@id":"https:\/\/total-sport.fr\/index.php\/2019\/12\/04\/foot-cdf-jordy-capet-on-va-representer-la-guadeloupe-la-meilleure-des-facons\/#primaryimage","url":"https:\/\/i0.wp.com\/total-sport.fr\/wp-content\/uploads\/IMG_20191204_153739_715.jpg?fit=1080%2C720&ssl=1","contentUrl":"https:\/\/i0.wp.com\/total-sport.fr\/wp-content\/uploads\/IMG_20191204_153739_715.jpg?fit=1080%2C720&ssl=1","width":1080,"height":720},{"@type":"BreadcrumbList","@id":"https:\/\/total-sport.fr\/index.php\/2019\/12\/04\/foot-cdf-jordy-capet-on-va-representer-la-guadeloupe-la-meilleure-des-facons\/#breadcrumb","itemListElement":[{"@type":"ListItem","position":1,"name":"Accueil","item":"https:\/\/total-sport.fr\/"},{"@type":"ListItem","position":2,"name":"Foot-CDF: Jordy CAPET, on va repr\u00e9senter la Guadeloupe la meilleure des fa\u00e7ons."}]},{"@type":"WebSite","@id":"https:\/\/total-sport.fr\/#website","url":"https:\/\/total-sport.fr\/","name":"Total Sports International (TSI)","description":"vous informer est notre priorit\u00e9, 7 jours sur 7 avec toujours le m\u00eame professionnalisme","potentialAction":[{"@type":"SearchAction","target":{"@type":"EntryPoint","urlTemplate":"https:\/\/total-sport.fr\/?s={search_term_string}"},"query-input":{"@type":"PropertyValueSpecification","valueRequired":true,"valueName":"search_term_string"}}],"inLanguage":"fr-FR"},{"@type":"Person","@id":"https:\/\/total-sport.fr\/#\/schema\/person\/f9f5599f372b747441cd5d912824aba4","name":"Joly JEROME","image":{"@type":"ImageObject","inLanguage":"fr-FR","@id":"https:\/\/total-sport.fr\/#\/schema\/person\/image\/","url":"https:\/\/secure.gravatar.com\/avatar\/33e98ca4065ab233074302dee778104df3e61a0f91ceba3d746e7e40dbe11f0d?s=96&d=mm&r=g","contentUrl":"https:\/\/secure.gravatar.com\/avatar\/33e98ca4065ab233074302dee778104df3e61a0f91ceba3d746e7e40dbe11f0d?s=96&d=mm&r=g","caption":"Joly JEROME"},"description":"Je suis Joly JEROME, passionn\u00e9 de la lecture et du Sport notamment le Football. Je suis Journaliste ind\u00e9pendant fougueux, s\u00e9rieux mettant ma plume \u00e0 votre service pour vous informer avec la v\u00e9rit\u00e9 comme boussole. Jolyjerome989@gmail.com \/0690 93 65 88","sameAs":["https:\/\/total-sport.fr","https:\/\/www.facebook.com\/joly.jerometotalsport","Joly_JJCA","Total Sport ts","https:\/\/x.com\/Total Sport TS"],"url":"https:\/\/total-sport.fr\/index.php\/author\/jolyjerome\/"}]}},"jetpack_publicize_connections":[],"jetpack_featured_media_url":"https:\/\/i0.wp.com\/total-sport.fr\/wp-content\/uploads\/IMG_20191204_153739_715.jpg?fit=1080%2C720&ssl=1","jetpack_sharing_enabled":true,"jetpack_shortlink":"https:\/\/wp.me\/paF0J8-uc","jetpack-related-posts":[{"id":1786,"url":"https:\/\/total-sport.fr\/index.php\/2019\/11\/19\/foot-cdf-8e-tour-jefc-tombe-sur-un-club-de-la-n2\/","url_meta":{"origin":1872,"position":0},"title":"Foot-CDF- 8e tour: JEFC tombe sur un club de la N2.","author":"Joly JEROME","date":"19 novembre 2019","format":false,"excerpt":"Le Jeunesse \u00c9volution a connu son adversaire pour le 8eme tour de la coupe du France. Les Abymiens vont d\u00e9fier un club de National 2, pour le prochain tour de cette comp\u00e9tition, ils recevront ASM Belfort au stade Ren\u00e9 Serge NABAJOTH aux Abymes le 7 d\u00e9cembre prochain. Des joueurs de\u2026","rel":"","context":"Dans &quot;Coupe de France&quot;","block_context":{"text":"Coupe de France","link":"https:\/\/total-sport.fr\/index.php\/category\/coupes\/coupe-de-france\/"},"img":{"alt_text":"","src":"https:\/\/i0.wp.com\/total-sport.fr\/wp-content\/uploads\/FB_IMG_1573156892560.jpg?fit=1080%2C720&ssl=1&resize=350%2C200","width":350,"height":200,"srcset":"https:\/\/i0.wp.com\/total-sport.fr\/wp-content\/uploads\/FB_IMG_1573156892560.jpg?fit=1080%2C720&ssl=1&resize=350%2C200 1x, https:\/\/i0.wp.com\/total-sport.fr\/wp-content\/uploads\/FB_IMG_1573156892560.jpg?fit=1080%2C720&ssl=1&resize=525%2C300 1.5x, https:\/\/i0.wp.com\/total-sport.fr\/wp-content\/uploads\/FB_IMG_1573156892560.jpg?fit=1080%2C720&ssl=1&resize=700%2C400 2x, https:\/\/i0.wp.com\/total-sport.fr\/wp-content\/uploads\/FB_IMG_1573156892560.jpg?fit=1080%2C720&ssl=1&resize=1050%2C600 3x"},"classes":[]},{"id":1718,"url":"https:\/\/total-sport.fr\/index.php\/2019\/11\/07\/foot-7e-tour-cdf-jeunesse-evolution-bat-le-csm-et-se-qualifie-pour-le-8e-tour\/","url_meta":{"origin":1872,"position":1},"title":"Foot- 7e tour CDF: Jeunesse \u00c9volution bat le CSM et se qualifie pour le 8e tour.","author":"Joly JEROME","date":"7 novembre 2019","format":false,"excerpt":"Le stade Ren\u00e9 Serge NABAJOTH aux Abymes a \u00e9t\u00e9 le th\u00e9\u00e2tre du 7\u00e8me tour de la Coupe de France r\u00e9gionale (Zone Guadeloupe). Sous les yeux de plusieurs centaines de fanatiques pr\u00e9sents dans les tribunes, la Jeunesse \u00c9volution a ma\u00eetris\u00e9 le Club Sportif Moulien 2-0 pour valider son billet pour le\u2026","rel":"","context":"Dans &quot;Coupe de France&quot;","block_context":{"text":"Coupe de France","link":"https:\/\/total-sport.fr\/index.php\/category\/coupes\/coupe-de-france\/"},"img":{"alt_text":"","src":"https:\/\/i0.wp.com\/total-sport.fr\/wp-content\/uploads\/20191107_080913.jpg?fit=1080%2C565&ssl=1&resize=350%2C200","width":350,"height":200,"srcset":"https:\/\/i0.wp.com\/total-sport.fr\/wp-content\/uploads\/20191107_080913.jpg?fit=1080%2C565&ssl=1&resize=350%2C200 1x, https:\/\/i0.wp.com\/total-sport.fr\/wp-content\/uploads\/20191107_080913.jpg?fit=1080%2C565&ssl=1&resize=525%2C300 1.5x, https:\/\/i0.wp.com\/total-sport.fr\/wp-content\/uploads\/20191107_080913.jpg?fit=1080%2C565&ssl=1&resize=700%2C400 2x, https:\/\/i0.wp.com\/total-sport.fr\/wp-content\/uploads\/20191107_080913.jpg?fit=1080%2C565&ssl=1&resize=1050%2C600 3x"},"classes":[]},{"id":1903,"url":"https:\/\/total-sport.fr\/index.php\/2019\/12\/05\/foot-cdf-apprentissage-en-guise-dexploit-pour-jefc\/","url_meta":{"origin":1872,"position":2},"title":"Foot-CDF: Apprentissage en guise d&rsquo;exploit pour JEFC","author":"Joly JEROME","date":"5 d\u00e9cembre 2019","format":false,"excerpt":"Loin d'\u00eatre ridicule face \u00e0 une \u00e9quipe de ASM Belfort dominatrice, Jeunesse \u00c9volution n'a pas pu cr\u00e9er l'exploit devant son public au stade Ren\u00e9 Serge NABAJOTH aux Abymes. Malgr\u00e9 une premi\u00e8re mi-temps correcte (0-0), le repr\u00e9sentant de la Guadeloupe a mordu la poussi\u00e8re 0-2 contre une \u00e9quipe belfortaine qui s'est\u2026","rel":"","context":"Dans &quot;Coupe de France&quot;","block_context":{"text":"Coupe de France","link":"https:\/\/total-sport.fr\/index.php\/category\/coupes\/coupe-de-france\/"},"img":{"alt_text":"","src":"https:\/\/i0.wp.com\/total-sport.fr\/wp-content\/uploads\/20191207_214507-01-1-scaled.jpeg?fit=1200%2C595&ssl=1&resize=350%2C200","width":350,"height":200,"srcset":"https:\/\/i0.wp.com\/total-sport.fr\/wp-content\/uploads\/20191207_214507-01-1-scaled.jpeg?fit=1200%2C595&ssl=1&resize=350%2C200 1x, https:\/\/i0.wp.com\/total-sport.fr\/wp-content\/uploads\/20191207_214507-01-1-scaled.jpeg?fit=1200%2C595&ssl=1&resize=525%2C300 1.5x, https:\/\/i0.wp.com\/total-sport.fr\/wp-content\/uploads\/20191207_214507-01-1-scaled.jpeg?fit=1200%2C595&ssl=1&resize=700%2C400 2x, https:\/\/i0.wp.com\/total-sport.fr\/wp-content\/uploads\/20191207_214507-01-1-scaled.jpeg?fit=1200%2C595&ssl=1&resize=1050%2C600 3x"},"classes":[]},{"id":1734,"url":"https:\/\/total-sport.fr\/index.php\/2019\/11\/08\/foot-guadeloupe-r1-8e-j-lusr-en-deplacement-pour-le-defier-le-leader-jefc-contre-csm-pour-le-2e-acte-de-la-saison\/","url_meta":{"origin":1872,"position":3},"title":"Foot-Guadeloupe-R1- 8E J: L&rsquo;USR en d\u00e9placement pour d\u00e9fier le leader, JEFC contre CSM pour le 2e acte de la saison.","author":"Joly JEROME","date":"8 novembre 2019","format":false,"excerpt":"Pour une rare fois depuis le d\u00e9but de la saison, sept (7) matchs auront lieu dans un m\u00eame weekend en championnat de R\u00e9gionale 1. Et c'est la 8e lev\u00e9e qui va nous offrir ces sept duels, les l'un plus int\u00e9ressants que les autres mais tous importants car la lutte pour\u2026","rel":"","context":"Dans &quot;R1&quot;","block_context":{"text":"R1","link":"https:\/\/total-sport.fr\/index.php\/category\/r1\/"},"img":{"alt_text":"","src":"https:\/\/i0.wp.com\/total-sport.fr\/wp-content\/uploads\/20191108_153733.jpg?fit=1080%2C791&ssl=1&resize=350%2C200","width":350,"height":200,"srcset":"https:\/\/i0.wp.com\/total-sport.fr\/wp-content\/uploads\/20191108_153733.jpg?fit=1080%2C791&ssl=1&resize=350%2C200 1x, https:\/\/i0.wp.com\/total-sport.fr\/wp-content\/uploads\/20191108_153733.jpg?fit=1080%2C791&ssl=1&resize=525%2C300 1.5x, https:\/\/i0.wp.com\/total-sport.fr\/wp-content\/uploads\/20191108_153733.jpg?fit=1080%2C791&ssl=1&resize=700%2C400 2x, https:\/\/i0.wp.com\/total-sport.fr\/wp-content\/uploads\/20191108_153733.jpg?fit=1080%2C791&ssl=1&resize=1050%2C600 3x"},"classes":[]},{"id":3920,"url":"https:\/\/total-sport.fr\/index.php\/2021\/11\/25\/foot-le-foot-guadeloupe-est-a-larret-la-ss-contraint-de-se-deplacer\/","url_meta":{"origin":1872,"position":4},"title":"Foot: Le Foot Guadeloupe est \u00e0 l&rsquo;arr\u00eat, la SS contraint de se d\u00e9placer","author":"Joly JEROME","date":"25 novembre 2021","format":false,"excerpt":"Le football Guadeloup\u00e9en est de rechef \u00e0 l'arr\u00eat, les mouvements de protestations ne ne sont pas sans cons\u00e9quences sur les activit\u00e9s sportives. Les rencontres de coupe de r\u00e9gion Guadeloupe et la premi\u00e8re journ\u00e9e de la R1 sont report\u00e9es sine die, la Solidarit\u00e9 Scolaire doit se rendre en m\u00e9tropole pour jouer\u2026","rel":"","context":"Dans &quot;Coupe de France&quot;","block_context":{"text":"Coupe de France","link":"https:\/\/total-sport.fr\/index.php\/category\/coupes\/coupe-de-france\/"},"img":{"alt_text":"","src":"https:\/\/i0.wp.com\/total-sport.fr\/wp-content\/uploads\/FB_IMG_1637839925565.jpg?fit=1080%2C640&ssl=1&resize=350%2C200","width":350,"height":200,"srcset":"https:\/\/i0.wp.com\/total-sport.fr\/wp-content\/uploads\/FB_IMG_1637839925565.jpg?fit=1080%2C640&ssl=1&resize=350%2C200 1x, https:\/\/i0.wp.com\/total-sport.fr\/wp-content\/uploads\/FB_IMG_1637839925565.jpg?fit=1080%2C640&ssl=1&resize=525%2C300 1.5x, https:\/\/i0.wp.com\/total-sport.fr\/wp-content\/uploads\/FB_IMG_1637839925565.jpg?fit=1080%2C640&ssl=1&resize=700%2C400 2x, https:\/\/i0.wp.com\/total-sport.fr\/wp-content\/uploads\/FB_IMG_1637839925565.jpg?fit=1080%2C640&ssl=1&resize=1050%2C600 3x"},"classes":[]},{"id":3909,"url":"https:\/\/total-sport.fr\/index.php\/2021\/11\/07\/foot-cdf-la-solidarite-scolaire-et-as-gosier-rendez-vous-au-7eme-tour\/","url_meta":{"origin":1872,"position":5},"title":"Foot-CDF: La Solidarit\u00e9 Scolaire et AS GOSIER, rendez-vous au 7\u00e8me tour.","author":"Joly JEROME","date":"7 novembre 2021","format":false,"excerpt":"La Solidarit\u00e9 Scolaire et L'AS GOSIER se sont qualifi\u00e9es pour la finale r\u00e9gionale de la coupe de France zone Guadeloupe ( 7\u00e8me tour). Vainqueurs respectivement 2-0 contre Jeunesse \u00c9volution et 3-0 contre la Juventus, les deux clubs ont pris rendez-vous le 13 novembre pour le 7\u00e8me tour aux Abymes. Apr\u00e8s\u2026","rel":"","context":"Dans &quot;Coupe de France&quot;","block_context":{"text":"Coupe de France","link":"https:\/\/total-sport.fr\/index.php\/category\/coupe-de-france-2\/"},"img":{"alt_text":"","src":"https:\/\/i0.wp.com\/total-sport.fr\/wp-content\/uploads\/FB_IMG_1636337142430.jpg?fit=1080%2C720&ssl=1&resize=350%2C200","width":350,"height":200,"srcset":"https:\/\/i0.wp.com\/total-sport.fr\/wp-content\/uploads\/FB_IMG_1636337142430.jpg?fit=1080%2C720&ssl=1&resize=350%2C200 1x, https:\/\/i0.wp.com\/total-sport.fr\/wp-content\/uploads\/FB_IMG_1636337142430.jpg?fit=1080%2C720&ssl=1&resize=525%2C300 1.5x, https:\/\/i0.wp.com\/total-sport.fr\/wp-content\/uploads\/FB_IMG_1636337142430.jpg?fit=1080%2C720&ssl=1&resize=700%2C400 2x, https:\/\/i0.wp.com\/total-sport.fr\/wp-content\/uploads\/FB_IMG_1636337142430.jpg?fit=1080%2C720&ssl=1&resize=1050%2C600 3x"},"classes":[]}],"jetpack_likes_enabled":true,"_links":{"self":[{"href":"https:\/\/total-sport.fr\/index.php\/wp-json\/wp\/v2\/posts\/1872","targetHints":{"allow":["GET"]}}],"collection":[{"href":"https:\/\/total-sport.fr\/index.php\/wp-json\/wp\/v2\/posts"}],"about":[{"href":"https:\/\/total-sport.fr\/index.php\/wp-json\/wp\/v2\/types\/post"}],"author":[{"embeddable":true,"href":"https:\/\/total-sport.fr\/index.php\/wp-json\/wp\/v2\/users\/2"}],"replies":[{"embeddable":true,"href":"https:\/\/total-sport.fr\/index.php\/wp-json\/wp\/v2\/comments?post=1872"}],"version-history":[{"count":10,"href":"https:\/\/total-sport.fr\/index.php\/wp-json\/wp\/v2\/posts\/1872\/revisions"}],"predecessor-version":[{"id":1888,"href":"https:\/\/total-sport.fr\/index.php\/wp-json\/wp\/v2\/posts\/1872\/revisions\/1888"}],"wp:featuredmedia":[{"embeddable":true,"href":"https:\/\/total-sport.fr\/index.php\/wp-json\/wp\/v2\/media\/1886"}],"wp:attachment":[{"href":"https:\/\/total-sport.fr\/index.php\/wp-json\/wp\/v2\/media?parent=1872"}],"wp:term":[{"taxonomy":"category","embeddable":true,"href":"https:\/\/total-sport.fr\/index.php\/wp-json\/wp\/v2\/categories?post=1872"},{"taxonomy":"post_tag","embeddable":true,"href":"https:\/\/total-sport.fr\/index.php\/wp-json\/wp\/v2\/tags?post=1872"}],"curies":[{"name":"wp","href":"https:\/\/api.w.org\/{rel}","templated":true}]}}