{"id":170,"date":"2019-01-27T20:09:53","date_gmt":"2019-01-28T00:09:53","guid":{"rendered":"http:\/\/total-sport.fr\/?p=170"},"modified":"2019-01-27T21:02:00","modified_gmt":"2019-01-28T01:02:00","slug":"football-psg-neymar-est-out-pour-le-choc-contre-manchester-united-en-ligue-des-champions","status":"publish","type":"post","link":"https:\/\/total-sport.fr\/index.php\/2019\/01\/27\/football-psg-neymar-est-out-pour-le-choc-contre-manchester-united-en-ligue-des-champions\/","title":{"rendered":"Football-PSG: Neymar est out  pour le choc contre Manchester United en Ligue des champions"},"content":{"rendered":"\n<figure class=\"wp-block-image\"><img decoding=\"async\" src=\"https:\/\/totalsportts42.files.wordpress.com\/2019\/01\/fb_img_15486276865981433724278.jpg\" alt=\"\" class=\"wp-image-2578\"\/><\/figure>\n\n\n\n<p>Bless\u00e9 au pied droit mercredi lors de PSG-Strasbourg en Coupe de France, Neymar ne pourra pas jouer contre Manchester United, le 12 f\u00e9vrier prochain , \u00e0 l\u2019occasion du 8e de finale aller de Ligue des champions \u00e0 Old Trafford.<br><br><\/p>\n\n\n\n<p>Le Br\u00e9silien, qui a re\u00e7u la visite de son s\u00e9lectionneur Tite ce dimanche apr\u00e8s-midi, s\u2019est r\u00e9sign\u00e9 \u00e0 manquer cette rencontre.<\/p>\n\n\n\n<p>Ce lundi, le m\u00e9decin de la s\u00e9lection br\u00e9silienne, Rodrigo Lasmar, arrivera \u00e0 Paris pour examiner la star du PSG, dans cette volont\u00e9 d\u2019\u00e9change entre les staff m\u00e9dicaux de la F\u00e9d\u00e9ration br\u00e9silienne et du club parisien a rapport\u00e9 RMC sport.<\/p>\n\n\n\n<h3 class=\"wp-block-heading\">Une op\u00e9ration n\u2019est pas \u00e0 exclure<\/h3>\n\n\n\n<p>Neymar souffre toujours de son pied droit. Et pose difficilement le pied \u00e0 terre. Le temps de r\u00e9cup\u00e9ration est trop court avant Manchester. Les derniers examens ont toutefois r\u00e9v\u00e9l\u00e9 que la vis, pos\u00e9e lors de son op\u00e9ration l\u2019an pass\u00e9, n\u2019a pas \u00e9t\u00e9 touch\u00e9e.<\/p>\n\n\n\n<p>Toutes les options th\u00e9rapeutiques sont encore possible pour l\u2019heure. Une op\u00e9ration n\u2019est donc toujours pas \u00e0 exclure. Cette prochaine semaine, Neymar en saura plus sur sa dur\u00e9e exacte d\u2019indisponibilit\u00e9. Le match retour contre Manchester United est programm\u00e9 le 6 mars, au Parc des Princes.<\/p>\n\n\n\n<p>Un vrai coup dur pour  le  PSG qui doit affronter une \u00e9quipe de Manchester United en confiance depuis l&rsquo;arriv\u00e9e de son nouvel entra\u00eeneur Ole Gunnar Solskj\u00e6r<\/p>\n","protected":false},"excerpt":{"rendered":"<div class=\"mh-excerpt\"><p>Bless\u00e9 au pied droit mercredi lors de PSG-Strasbourg en Coupe de France, Neymar ne pourra pas jouer contre Manchester United, le 12 f\u00e9vrier prochain , <a class=\"mh-excerpt-more\" href=\"https:\/\/total-sport.fr\/index.php\/2019\/01\/27\/football-psg-neymar-est-out-pour-le-choc-contre-manchester-united-en-ligue-des-champions\/\" title=\"Football-PSG: Neymar est out  pour le choc contre Manchester United en Ligue des champions\">[&#8230;]<\/a><\/p>\n<\/div>","protected":false},"author":2,"featured_media":0,"comment_status":"open","ping_status":"open","sticky":false,"template":"","format":"standard","meta":{"jetpack_post_was_ever_published":false,"_jetpack_newsletter_access":"","_jetpack_dont_email_post_to_subs":false,"_jetpack_newsletter_tier_id":0,"_jetpack_memberships_contains_paywalled_content":false,"_jetpack_memberships_contains_paid_content":false,"footnotes":"","jetpack_publicize_message":"","jetpack_publicize_feature_enabled":true,"jetpack_social_post_already_shared":true,"jetpack_social_options":{"image_generator_settings":{"template":"highway","default_image_id":0,"font":"","enabled":false},"version":2}},"categories":[13],"tags":[],"class_list":["post-170","post","type-post","status-publish","format-standard","hentry","category-internationalfoot"],"yoast_head":"<!-- This site is optimized with the Yoast SEO plugin v24.9 - https:\/\/yoast.com\/wordpress\/plugins\/seo\/ -->\n<title>Football-PSG: Neymar est out pour le choc contre Manchester United en Ligue des champions - Total Sports International (TSI)<\/title>\n<meta name=\"robots\" content=\"index, follow, max-snippet:-1, max-image-preview:large, max-video-preview:-1\" \/>\n<link rel=\"canonical\" href=\"https:\/\/total-sport.fr\/index.php\/2019\/01\/27\/football-psg-neymar-est-out-pour-le-choc-contre-manchester-united-en-ligue-des-champions\/\" \/>\n<meta property=\"og:locale\" content=\"fr_FR\" \/>\n<meta property=\"og:type\" content=\"article\" \/>\n<meta property=\"og:title\" content=\"Football-PSG: Neymar est out pour le choc contre Manchester United en Ligue des champions - Total Sports International (TSI)\" \/>\n<meta property=\"og:description\" content=\"Bless\u00e9 au pied droit mercredi lors de PSG-Strasbourg en Coupe de France, Neymar ne pourra pas jouer contre Manchester United, le 12 f\u00e9vrier prochain , [...]\" \/>\n<meta property=\"og:url\" content=\"https:\/\/total-sport.fr\/index.php\/2019\/01\/27\/football-psg-neymar-est-out-pour-le-choc-contre-manchester-united-en-ligue-des-champions\/\" \/>\n<meta property=\"og:site_name\" content=\"Total Sports International (TSI)\" \/>\n<meta property=\"article:author\" content=\"https:\/\/www.facebook.com\/joly.jerometotalsport\" \/>\n<meta property=\"article:published_time\" content=\"2019-01-28T00:09:53+00:00\" \/>\n<meta property=\"article:modified_time\" content=\"2019-01-28T01:02:00+00:00\" \/>\n<meta property=\"og:image\" content=\"https:\/\/totalsportts42.files.wordpress.com\/2019\/01\/fb_img_15486276865981433724278.jpg\" \/>\n<meta name=\"author\" content=\"Joly JEROME\" \/>\n<meta name=\"twitter:card\" content=\"summary_large_image\" \/>\n<meta name=\"twitter:creator\" content=\"@Total Sport TS\" \/>\n<meta name=\"twitter:label1\" content=\"\u00c9crit par\" \/>\n\t<meta name=\"twitter:data1\" content=\"Joly JEROME\" \/>\n\t<meta name=\"twitter:label2\" content=\"Dur\u00e9e de lecture estim\u00e9e\" \/>\n\t<meta name=\"twitter:data2\" content=\"1 minute\" \/>\n<script type=\"application\/ld+json\" class=\"yoast-schema-graph\">{\"@context\":\"https:\/\/schema.org\",\"@graph\":[{\"@type\":\"WebPage\",\"@id\":\"https:\/\/total-sport.fr\/index.php\/2019\/01\/27\/football-psg-neymar-est-out-pour-le-choc-contre-manchester-united-en-ligue-des-champions\/\",\"url\":\"https:\/\/total-sport.fr\/index.php\/2019\/01\/27\/football-psg-neymar-est-out-pour-le-choc-contre-manchester-united-en-ligue-des-champions\/\",\"name\":\"Football-PSG: Neymar est out pour le choc contre Manchester United en Ligue des champions - Total Sports International (TSI)\",\"isPartOf\":{\"@id\":\"https:\/\/total-sport.fr\/#website\"},\"primaryImageOfPage\":{\"@id\":\"https:\/\/total-sport.fr\/index.php\/2019\/01\/27\/football-psg-neymar-est-out-pour-le-choc-contre-manchester-united-en-ligue-des-champions\/#primaryimage\"},\"image\":{\"@id\":\"https:\/\/total-sport.fr\/index.php\/2019\/01\/27\/football-psg-neymar-est-out-pour-le-choc-contre-manchester-united-en-ligue-des-champions\/#primaryimage\"},\"thumbnailUrl\":\"https:\/\/totalsportts42.files.wordpress.com\/2019\/01\/fb_img_15486276865981433724278.jpg\",\"datePublished\":\"2019-01-28T00:09:53+00:00\",\"dateModified\":\"2019-01-28T01:02:00+00:00\",\"author\":{\"@id\":\"https:\/\/total-sport.fr\/#\/schema\/person\/f9f5599f372b747441cd5d912824aba4\"},\"breadcrumb\":{\"@id\":\"https:\/\/total-sport.fr\/index.php\/2019\/01\/27\/football-psg-neymar-est-out-pour-le-choc-contre-manchester-united-en-ligue-des-champions\/#breadcrumb\"},\"inLanguage\":\"fr-FR\",\"potentialAction\":[{\"@type\":\"ReadAction\",\"target\":[\"https:\/\/total-sport.fr\/index.php\/2019\/01\/27\/football-psg-neymar-est-out-pour-le-choc-contre-manchester-united-en-ligue-des-champions\/\"]}]},{\"@type\":\"ImageObject\",\"inLanguage\":\"fr-FR\",\"@id\":\"https:\/\/total-sport.fr\/index.php\/2019\/01\/27\/football-psg-neymar-est-out-pour-le-choc-contre-manchester-united-en-ligue-des-champions\/#primaryimage\",\"url\":\"https:\/\/totalsportts42.files.wordpress.com\/2019\/01\/fb_img_15486276865981433724278.jpg\",\"contentUrl\":\"https:\/\/totalsportts42.files.wordpress.com\/2019\/01\/fb_img_15486276865981433724278.jpg\"},{\"@type\":\"BreadcrumbList\",\"@id\":\"https:\/\/total-sport.fr\/index.php\/2019\/01\/27\/football-psg-neymar-est-out-pour-le-choc-contre-manchester-united-en-ligue-des-champions\/#breadcrumb\",\"itemListElement\":[{\"@type\":\"ListItem\",\"position\":1,\"name\":\"Accueil\",\"item\":\"https:\/\/total-sport.fr\/\"},{\"@type\":\"ListItem\",\"position\":2,\"name\":\"Football-PSG: Neymar est out pour le choc contre Manchester United en Ligue des champions\"}]},{\"@type\":\"WebSite\",\"@id\":\"https:\/\/total-sport.fr\/#website\",\"url\":\"https:\/\/total-sport.fr\/\",\"name\":\"Total Sports International (TSI)\",\"description\":\"vous informer est notre priorit\u00e9, 7 jours sur 7 avec toujours le m\u00eame professionnalisme\",\"potentialAction\":[{\"@type\":\"SearchAction\",\"target\":{\"@type\":\"EntryPoint\",\"urlTemplate\":\"https:\/\/total-sport.fr\/?s={search_term_string}\"},\"query-input\":{\"@type\":\"PropertyValueSpecification\",\"valueRequired\":true,\"valueName\":\"search_term_string\"}}],\"inLanguage\":\"fr-FR\"},{\"@type\":\"Person\",\"@id\":\"https:\/\/total-sport.fr\/#\/schema\/person\/f9f5599f372b747441cd5d912824aba4\",\"name\":\"Joly JEROME\",\"image\":{\"@type\":\"ImageObject\",\"inLanguage\":\"fr-FR\",\"@id\":\"https:\/\/total-sport.fr\/#\/schema\/person\/image\/\",\"url\":\"https:\/\/secure.gravatar.com\/avatar\/33e98ca4065ab233074302dee778104df3e61a0f91ceba3d746e7e40dbe11f0d?s=96&d=mm&r=g\",\"contentUrl\":\"https:\/\/secure.gravatar.com\/avatar\/33e98ca4065ab233074302dee778104df3e61a0f91ceba3d746e7e40dbe11f0d?s=96&d=mm&r=g\",\"caption\":\"Joly JEROME\"},\"description\":\"Je suis Joly JEROME, passionn\u00e9 de la lecture et du Sport notamment le Football. Je suis Journaliste ind\u00e9pendant fougueux, s\u00e9rieux mettant ma plume \u00e0 votre service pour vous informer avec la v\u00e9rit\u00e9 comme boussole. Jolyjerome989@gmail.com \/0690 93 65 88\",\"sameAs\":[\"https:\/\/total-sport.fr\",\"https:\/\/www.facebook.com\/joly.jerometotalsport\",\"Joly_JJCA\",\"Total Sport ts\",\"https:\/\/x.com\/Total Sport TS\"],\"url\":\"https:\/\/total-sport.fr\/index.php\/author\/jolyjerome\/\"}]}<\/script>\n<!-- \/ Yoast SEO plugin. -->","yoast_head_json":{"title":"Football-PSG: Neymar est out pour le choc contre Manchester United en Ligue des champions - Total Sports International (TSI)","robots":{"index":"index","follow":"follow","max-snippet":"max-snippet:-1","max-image-preview":"max-image-preview:large","max-video-preview":"max-video-preview:-1"},"canonical":"https:\/\/total-sport.fr\/index.php\/2019\/01\/27\/football-psg-neymar-est-out-pour-le-choc-contre-manchester-united-en-ligue-des-champions\/","og_locale":"fr_FR","og_type":"article","og_title":"Football-PSG: Neymar est out pour le choc contre Manchester United en Ligue des champions - Total Sports International (TSI)","og_description":"Bless\u00e9 au pied droit mercredi lors de PSG-Strasbourg en Coupe de France, Neymar ne pourra pas jouer contre Manchester United, le 12 f\u00e9vrier prochain , [...]","og_url":"https:\/\/total-sport.fr\/index.php\/2019\/01\/27\/football-psg-neymar-est-out-pour-le-choc-contre-manchester-united-en-ligue-des-champions\/","og_site_name":"Total Sports International (TSI)","article_author":"https:\/\/www.facebook.com\/joly.jerometotalsport","article_published_time":"2019-01-28T00:09:53+00:00","article_modified_time":"2019-01-28T01:02:00+00:00","og_image":[{"url":"https:\/\/totalsportts42.files.wordpress.com\/2019\/01\/fb_img_15486276865981433724278.jpg","type":"","width":"","height":""}],"author":"Joly JEROME","twitter_card":"summary_large_image","twitter_creator":"@Total Sport TS","twitter_misc":{"\u00c9crit par":"Joly JEROME","Dur\u00e9e de lecture estim\u00e9e":"1 minute"},"schema":{"@context":"https:\/\/schema.org","@graph":[{"@type":"WebPage","@id":"https:\/\/total-sport.fr\/index.php\/2019\/01\/27\/football-psg-neymar-est-out-pour-le-choc-contre-manchester-united-en-ligue-des-champions\/","url":"https:\/\/total-sport.fr\/index.php\/2019\/01\/27\/football-psg-neymar-est-out-pour-le-choc-contre-manchester-united-en-ligue-des-champions\/","name":"Football-PSG: Neymar est out pour le choc contre Manchester United en Ligue des champions - Total Sports International (TSI)","isPartOf":{"@id":"https:\/\/total-sport.fr\/#website"},"primaryImageOfPage":{"@id":"https:\/\/total-sport.fr\/index.php\/2019\/01\/27\/football-psg-neymar-est-out-pour-le-choc-contre-manchester-united-en-ligue-des-champions\/#primaryimage"},"image":{"@id":"https:\/\/total-sport.fr\/index.php\/2019\/01\/27\/football-psg-neymar-est-out-pour-le-choc-contre-manchester-united-en-ligue-des-champions\/#primaryimage"},"thumbnailUrl":"https:\/\/totalsportts42.files.wordpress.com\/2019\/01\/fb_img_15486276865981433724278.jpg","datePublished":"2019-01-28T00:09:53+00:00","dateModified":"2019-01-28T01:02:00+00:00","author":{"@id":"https:\/\/total-sport.fr\/#\/schema\/person\/f9f5599f372b747441cd5d912824aba4"},"breadcrumb":{"@id":"https:\/\/total-sport.fr\/index.php\/2019\/01\/27\/football-psg-neymar-est-out-pour-le-choc-contre-manchester-united-en-ligue-des-champions\/#breadcrumb"},"inLanguage":"fr-FR","potentialAction":[{"@type":"ReadAction","target":["https:\/\/total-sport.fr\/index.php\/2019\/01\/27\/football-psg-neymar-est-out-pour-le-choc-contre-manchester-united-en-ligue-des-champions\/"]}]},{"@type":"ImageObject","inLanguage":"fr-FR","@id":"https:\/\/total-sport.fr\/index.php\/2019\/01\/27\/football-psg-neymar-est-out-pour-le-choc-contre-manchester-united-en-ligue-des-champions\/#primaryimage","url":"https:\/\/totalsportts42.files.wordpress.com\/2019\/01\/fb_img_15486276865981433724278.jpg","contentUrl":"https:\/\/totalsportts42.files.wordpress.com\/2019\/01\/fb_img_15486276865981433724278.jpg"},{"@type":"BreadcrumbList","@id":"https:\/\/total-sport.fr\/index.php\/2019\/01\/27\/football-psg-neymar-est-out-pour-le-choc-contre-manchester-united-en-ligue-des-champions\/#breadcrumb","itemListElement":[{"@type":"ListItem","position":1,"name":"Accueil","item":"https:\/\/total-sport.fr\/"},{"@type":"ListItem","position":2,"name":"Football-PSG: Neymar est out pour le choc contre Manchester United en Ligue des champions"}]},{"@type":"WebSite","@id":"https:\/\/total-sport.fr\/#website","url":"https:\/\/total-sport.fr\/","name":"Total Sports International (TSI)","description":"vous informer est notre priorit\u00e9, 7 jours sur 7 avec toujours le m\u00eame professionnalisme","potentialAction":[{"@type":"SearchAction","target":{"@type":"EntryPoint","urlTemplate":"https:\/\/total-sport.fr\/?s={search_term_string}"},"query-input":{"@type":"PropertyValueSpecification","valueRequired":true,"valueName":"search_term_string"}}],"inLanguage":"fr-FR"},{"@type":"Person","@id":"https:\/\/total-sport.fr\/#\/schema\/person\/f9f5599f372b747441cd5d912824aba4","name":"Joly JEROME","image":{"@type":"ImageObject","inLanguage":"fr-FR","@id":"https:\/\/total-sport.fr\/#\/schema\/person\/image\/","url":"https:\/\/secure.gravatar.com\/avatar\/33e98ca4065ab233074302dee778104df3e61a0f91ceba3d746e7e40dbe11f0d?s=96&d=mm&r=g","contentUrl":"https:\/\/secure.gravatar.com\/avatar\/33e98ca4065ab233074302dee778104df3e61a0f91ceba3d746e7e40dbe11f0d?s=96&d=mm&r=g","caption":"Joly JEROME"},"description":"Je suis Joly JEROME, passionn\u00e9 de la lecture et du Sport notamment le Football. Je suis Journaliste ind\u00e9pendant fougueux, s\u00e9rieux mettant ma plume \u00e0 votre service pour vous informer avec la v\u00e9rit\u00e9 comme boussole. Jolyjerome989@gmail.com \/0690 93 65 88","sameAs":["https:\/\/total-sport.fr","https:\/\/www.facebook.com\/joly.jerometotalsport","Joly_JJCA","Total Sport ts","https:\/\/x.com\/Total Sport TS"],"url":"https:\/\/total-sport.fr\/index.php\/author\/jolyjerome\/"}]}},"jetpack_publicize_connections":[],"jetpack_featured_media_url":"","jetpack_sharing_enabled":true,"jetpack_shortlink":"https:\/\/wp.me\/paF0J8-2K","jetpack-related-posts":[{"id":83,"url":"https:\/\/total-sport.fr\/index.php\/2019\/01\/25\/foot-premiere-ligue-jose-mourinho-vire-a-manchester-united\/","url_meta":{"origin":170,"position":0},"title":"Foot-Premiere ligue :Jos\u00e9  Mourinho vir\u00e9 \u00e0 Manchester United","author":"Dor Donel","date":"25 janvier 2019","format":false,"excerpt":"Manchester United vient d'annoncer le d\u00e9part de Jos\u00e9 Mourinho avec effet imm\u00e9diat ! Les Red Devils sont d\u00e9sormais \u00e0 la recherche d'un nouveau manager. La fameuse 3\u00e8me ann\u00e9e aura donc bien \u00e9t\u00e9 fatale \u00e0 Jos\u00e9 Mourinho ! Manchester United vient d'annoncer sur son site officiel le d\u00e9part du Portugais avec\u2026","rel":"","context":"Dans &quot;International&quot;","block_context":{"text":"International","link":"https:\/\/total-sport.fr\/index.php\/category\/internationalfoot\/"},"img":{"alt_text":"","src":"https:\/\/totalsportts42.files.wordpress.com\/2018\/12\/2018_12_18_07-826137260.jpg?w=350&h=200&crop=1","width":350,"height":200,"srcset":"https:\/\/totalsportts42.files.wordpress.com\/2018\/12\/2018_12_18_07-826137260.jpg?w=350&h=200&crop=1 1x, https:\/\/totalsportts42.files.wordpress.com\/2018\/12\/2018_12_18_07-826137260.jpg?w=525&h=300&crop=1 1.5x, https:\/\/totalsportts42.files.wordpress.com\/2018\/12\/2018_12_18_07-826137260.jpg?w=700&h=400&crop=1 2x"},"classes":[]},{"id":1034,"url":"https:\/\/total-sport.fr\/index.php\/2019\/05\/17\/la-liste-du-bresil-pour-la-copa-america\/","url_meta":{"origin":170,"position":1},"title":"La liste du Br\u00e9sil pour la copa America","author":"Joly JEROME","date":"17 mai 2019","format":false,"excerpt":"La liste de Tite \u00e9tait attendue\u00a0! Il faut dire que le Br\u00e9sil est l\u2019h\u00f4te de la 46e \u00e9dition de la Copa America, qui se d\u00e9roulera sur les pelouses de Sao Paulo, Belo Horizonte, Rio de Janeiro, Porto Alegre et Salvador, du vendredi 14 juin au dimanche 7 juillet prochain. Dans\u2026","rel":"","context":"Dans &quot;International&quot;","block_context":{"text":"International","link":"https:\/\/total-sport.fr\/index.php\/category\/internationalfoot\/"},"img":{"alt_text":"","src":"https:\/\/i0.wp.com\/total-sport.fr\/wp-content\/uploads\/2019\/05\/20190517_165428.jpg?fit=976%2C532&ssl=1&resize=350%2C200","width":350,"height":200,"srcset":"https:\/\/i0.wp.com\/total-sport.fr\/wp-content\/uploads\/2019\/05\/20190517_165428.jpg?fit=976%2C532&ssl=1&resize=350%2C200 1x, https:\/\/i0.wp.com\/total-sport.fr\/wp-content\/uploads\/2019\/05\/20190517_165428.jpg?fit=976%2C532&ssl=1&resize=525%2C300 1.5x, https:\/\/i0.wp.com\/total-sport.fr\/wp-content\/uploads\/2019\/05\/20190517_165428.jpg?fit=976%2C532&ssl=1&resize=700%2C400 2x"},"classes":[]},{"id":2336,"url":"https:\/\/total-sport.fr\/index.php\/2020\/02\/06\/coupe-despagne-les-reactions-de-vinicius-apres-lelimination-du-real-madrid\/","url_meta":{"origin":170,"position":2},"title":"Coupe d&rsquo;Espagne : Les r\u00e9actions de Vinicius apr\u00e8s l&rsquo;\u00e9limination du R\u00e9al Madrid","author":"Joly JEROME","date":"6 f\u00e9vrier 2020","format":false,"excerpt":"Apr\u00e8s l'\u00e9limination du R\u00e9al de Madrid en quart de finale de la coupe d'Espagne 3-4 contre le Real Sociedad, le virevoltant ailier de la maison blanche a r\u00e9pondu au questions des journalistes Vinicius junior : \u00ab\u00a0J\u2019atteins mon meilleur niveau, comme la saison derni\u00e8re en avril. J\u2019esp\u00e8re que les blessures m\u2019\u00e9pargneront\u2026","rel":"","context":"Dans &quot;International&quot;","block_context":{"text":"International","link":"https:\/\/total-sport.fr\/index.php\/category\/internationalfoot\/"},"img":{"alt_text":"","src":"https:\/\/i0.wp.com\/total-sport.fr\/wp-content\/uploads\/FB_IMG_1581029730171.jpg?fit=640%2C640&ssl=1&resize=350%2C200","width":350,"height":200,"srcset":"https:\/\/i0.wp.com\/total-sport.fr\/wp-content\/uploads\/FB_IMG_1581029730171.jpg?fit=640%2C640&ssl=1&resize=350%2C200 1x, https:\/\/i0.wp.com\/total-sport.fr\/wp-content\/uploads\/FB_IMG_1581029730171.jpg?fit=640%2C640&ssl=1&resize=525%2C300 1.5x"},"classes":[]},{"id":2686,"url":"https:\/\/total-sport.fr\/index.php\/2020\/03\/23\/foot-dribbleurs-messi-neymar-ou-hazard-qui-est-le-meilleur-dribbleur-europeen-de-la-decennie\/","url_meta":{"origin":170,"position":3},"title":"Foot-Dribbleurs: MESSI, NEYMAR ou HAZARD, qui est le meilleur dribbleur Europ\u00e9en de la d\u00e9cennie ?","author":"Joly JEROME","date":"23 mars 2020","format":false,"excerpt":"Dans un documentaire r\u00e9alis\u00e9 par RMC Sport, la cha\u00eene Fran\u00e7aise a publi\u00e9 la liste des 10 meilleurs dribbleurs europ\u00e9ens sur les 10 derni\u00e8res ann\u00e9es. Ce documentaire qui sera diffus\u00e9 le jeudi 26 mars sur RMC Sport 1, \u00e0 21h mettra en avant les chiffres des 10 sp\u00e9cialistes en la mati\u00e8re\u2026","rel":"","context":"Dans &quot;International&quot;","block_context":{"text":"International","link":"https:\/\/total-sport.fr\/index.php\/category\/internationalfoot\/"},"img":{"alt_text":"","src":"https:\/\/i0.wp.com\/total-sport.fr\/wp-content\/uploads\/Screenshot_20200323-125056_PicsArt-01.jpeg?fit=1079%2C601&ssl=1&resize=350%2C200","width":350,"height":200,"srcset":"https:\/\/i0.wp.com\/total-sport.fr\/wp-content\/uploads\/Screenshot_20200323-125056_PicsArt-01.jpeg?fit=1079%2C601&ssl=1&resize=350%2C200 1x, https:\/\/i0.wp.com\/total-sport.fr\/wp-content\/uploads\/Screenshot_20200323-125056_PicsArt-01.jpeg?fit=1079%2C601&ssl=1&resize=525%2C300 1.5x, https:\/\/i0.wp.com\/total-sport.fr\/wp-content\/uploads\/Screenshot_20200323-125056_PicsArt-01.jpeg?fit=1079%2C601&ssl=1&resize=700%2C400 2x, https:\/\/i0.wp.com\/total-sport.fr\/wp-content\/uploads\/Screenshot_20200323-125056_PicsArt-01.jpeg?fit=1079%2C601&ssl=1&resize=1050%2C600 3x"},"classes":[]},{"id":1504,"url":"https:\/\/total-sport.fr\/index.php\/2019\/09\/08\/foot-ldn-la-guadeloupe-soffre-une-manita-contre-le-sint-maarten\/","url_meta":{"origin":170,"position":4},"title":"Foot-LDN: La Guadeloupe s&rsquo;offre une MANITA contre le Sint-Maarten","author":"Joly JEROME","date":"8 septembre 2019","format":false,"excerpt":"Dans un match presqu'\u00e0 sens unique, les Gwadaboys ont dompt\u00e9 leur homologue de Sint-Maarten ce samedi sur un score Fleuve de 5-1 au stade Ren\u00e9 Serge NABAJOTH. La Guadeloupe en vert contre Sint-Maarten Les Sint-Maartenois n'ont pas fait le poid dans la Balance contre la Guadeloupe pour cette premi\u00e8re journ\u00e9e\u2026","rel":"","context":"Dans &quot;Ligue des Nations&quot;","block_context":{"text":"Ligue des Nations","link":"https:\/\/total-sport.fr\/index.php\/category\/internationalfoot\/ligue-des-nations\/"},"img":{"alt_text":"","src":"https:\/\/i0.wp.com\/total-sport.fr\/wp-content\/uploads\/20190908_070929.jpg?fit=750%2C500&ssl=1&resize=350%2C200","width":350,"height":200,"srcset":"https:\/\/i0.wp.com\/total-sport.fr\/wp-content\/uploads\/20190908_070929.jpg?fit=750%2C500&ssl=1&resize=350%2C200 1x, https:\/\/i0.wp.com\/total-sport.fr\/wp-content\/uploads\/20190908_070929.jpg?fit=750%2C500&ssl=1&resize=525%2C300 1.5x, https:\/\/i0.wp.com\/total-sport.fr\/wp-content\/uploads\/20190908_070929.jpg?fit=750%2C500&ssl=1&resize=700%2C400 2x"},"classes":[]},{"id":4140,"url":"https:\/\/total-sport.fr\/index.php\/2022\/06\/06\/foot-ldnla-guadeloupe-sincline-face-a-antigua-et-barbuda\/","url_meta":{"origin":170,"position":5},"title":"Foot-LDN:La Guadeloupe s&rsquo;incline face \u00e0 Antigua et Barbuda.","author":"Joly JEROME","date":"6 juin 2022","format":false,"excerpt":"Par: Ralph Lourdy P\u00c9RICL\u00c8S Hier soir a eu lieu la deuxi\u00e8me journ\u00e9e de la ligue des nations de la Concacaf, en d\u00e9placement au Warner Park Football Stadium pour jouer contre l'\u00e9quipe locale Antigua et Barbuda. Les hommes de Jocelyn Angloma s'inclinent 1-0. Quelques jours apr\u00e8s sa victoire 2-1 contre le\u2026","rel":"","context":"Dans &quot;Ligue des Nations&quot;","block_context":{"text":"Ligue des Nations","link":"https:\/\/total-sport.fr\/index.php\/category\/internationalfoot\/ligue-des-nations\/"},"img":{"alt_text":"","src":"https:\/\/i0.wp.com\/total-sport.fr\/wp-content\/uploads\/Screenshot_20220606-151536_Facebook.jpg?fit=1080%2C596&ssl=1&resize=350%2C200","width":350,"height":200,"srcset":"https:\/\/i0.wp.com\/total-sport.fr\/wp-content\/uploads\/Screenshot_20220606-151536_Facebook.jpg?fit=1080%2C596&ssl=1&resize=350%2C200 1x, https:\/\/i0.wp.com\/total-sport.fr\/wp-content\/uploads\/Screenshot_20220606-151536_Facebook.jpg?fit=1080%2C596&ssl=1&resize=525%2C300 1.5x, https:\/\/i0.wp.com\/total-sport.fr\/wp-content\/uploads\/Screenshot_20220606-151536_Facebook.jpg?fit=1080%2C596&ssl=1&resize=700%2C400 2x, https:\/\/i0.wp.com\/total-sport.fr\/wp-content\/uploads\/Screenshot_20220606-151536_Facebook.jpg?fit=1080%2C596&ssl=1&resize=1050%2C600 3x"},"classes":[]}],"jetpack_likes_enabled":true,"_links":{"self":[{"href":"https:\/\/total-sport.fr\/index.php\/wp-json\/wp\/v2\/posts\/170","targetHints":{"allow":["GET"]}}],"collection":[{"href":"https:\/\/total-sport.fr\/index.php\/wp-json\/wp\/v2\/posts"}],"about":[{"href":"https:\/\/total-sport.fr\/index.php\/wp-json\/wp\/v2\/types\/post"}],"author":[{"embeddable":true,"href":"https:\/\/total-sport.fr\/index.php\/wp-json\/wp\/v2\/users\/2"}],"replies":[{"embeddable":true,"href":"https:\/\/total-sport.fr\/index.php\/wp-json\/wp\/v2\/comments?post=170"}],"version-history":[{"count":4,"href":"https:\/\/total-sport.fr\/index.php\/wp-json\/wp\/v2\/posts\/170\/revisions"}],"predecessor-version":[{"id":174,"href":"https:\/\/total-sport.fr\/index.php\/wp-json\/wp\/v2\/posts\/170\/revisions\/174"}],"wp:attachment":[{"href":"https:\/\/total-sport.fr\/index.php\/wp-json\/wp\/v2\/media?parent=170"}],"wp:term":[{"taxonomy":"category","embeddable":true,"href":"https:\/\/total-sport.fr\/index.php\/wp-json\/wp\/v2\/categories?post=170"},{"taxonomy":"post_tag","embeddable":true,"href":"https:\/\/total-sport.fr\/index.php\/wp-json\/wp\/v2\/tags?post=170"}],"curies":[{"name":"wp","href":"https:\/\/api.w.org\/{rel}","templated":true}]}}