{"id":1244,"date":"2019-07-12T17:48:39","date_gmt":"2019-07-12T21:48:39","guid":{"rendered":"http:\/\/total-sport.fr\/?p=1244"},"modified":"2019-07-12T17:51:01","modified_gmt":"2019-07-12T21:51:01","slug":"foot-interview-jimy-baclet-arbitre-de-la-r1-le-job-darbitre-nest-vraiment-pas-evident","status":"publish","type":"post","link":"https:\/\/total-sport.fr\/index.php\/2019\/07\/12\/foot-interview-jimy-baclet-arbitre-de-la-r1-le-job-darbitre-nest-vraiment-pas-evident\/","title":{"rendered":"Foot-Interview-Jimy BACLET, Arbitre de la R1: Le Job d&rsquo;arbitre n&rsquo;est vraiment pas \u00e9vident"},"content":{"rendered":"\n<p>Ils sont ceux qui sont rarement interview\u00e9s par le Presse, faisant souvent l&rsquo;objet des propos injurieux par des fanatiques, joueurs et m\u00eame des fois des dirigeants, pourtant sans eux le football serait pas ce qu&rsquo;il est. Accus\u00e9s souvent \u00e0 tort ou \u00e0 raison, les arbitres sont souvent consid\u00e9r\u00e9s comme les bouc \u00e9missaires de certains supporteurs, comment vivent-ils ces moments, sont-ils conscients de leur responsabilit\u00e9 ?<\/p>\n\n\n\n<p>Total Sport est parti \u00e0 la rencontre de <em>Jimy BACLET, <\/em>un jeune arbitre de la R\u00e9gionale 1 bourr\u00e9 de talents, il nous dira tout.<\/p>\n\n\n\n<figure class=\"wp-block-image\"><img decoding=\"async\" src=\"https:\/\/totalsportts42.files.wordpress.com\/2019\/07\/20190709_17160739746469349790302.jpg\" alt=\"\" class=\"wp-image-3467\"\/><figcaption>Jimy BACLET Arbitre de la R1 au micro de Total Sport<\/figcaption><\/figure>\n\n\n\n<p>C&rsquo;est un Jimy BACLET souriant, pr\u00eat \u00e0 tout raconter qui a rencontr\u00e9 Total Sport pour cette entrevue. Le jeune arbitre de 32 piges qui officie depuis 2 ans et 6 mois dans le football Guadeloup\u00e9en, avait d\u00e9cid\u00e9 d&#8217;embrasser le job d&rsquo;arbitre une fois avoir  boucl\u00e9 sa carri\u00e8re de footballeur ( Gardien) \u00e0 la SOLIDARIT\u00c9 SCOLAIRE, une fa\u00e7on de rester dans le monde du ballon rond. Interrog\u00e9 sur sa capacit\u00e9 \u00e0 g\u00e9rer les rencontres malgr\u00e9 la pression, l&rsquo;homme de 72 kg a fait savoir que c&rsquo;est le travail qui paie .<\/p>\n\n\n\n<p>\u300a<em> C&rsquo;est tout simplement le travail, la pr\u00e9paration physique et mentale d&rsquo;avant saison, j&rsquo;essaie de mettre en pratique tout ce que j&rsquo;ai appris <\/em>\u300b, a r\u00e9pondu celui qui dit officier environs une trentaine de matches cette saison.<\/p>\n\n\n\n<p>\u00c0 propos des supporteurs dans les tribunes lan\u00e7ant souvent de paroles hyperboliques qui pourraient les mettre \u00e0 l&rsquo;\u00e9tat d&rsquo;une mer agit\u00e9e, Jimy BACLET dit en choisissant de devenir arbitre, il savait \u00e0 quoi s&rsquo;attendre :<\/p>\n\n\n\n<p> \u300a <em>D\u00e9j\u00e0 en allant dans les matches, j&rsquo;entendais tout ce qui se passe, donc d\u00e9j\u00e0 je savais \u00e0 quoi m&rsquo;attendre.&nbsp; Maintenant \u00e9tant arbitre, ce qui se passe dans les tribunes j&rsquo;essaie d&rsquo;y faire abstraction, de rester dans son match le mieux que possible <\/em>\u300b, a soutenu l&rsquo;arbitre de 1m83, qui a fait savoir que le Job d&rsquo;arbitre n&rsquo;est vraiment pas \u00e9vident. <\/p>\n\n\n\n<p><strong>Jimy BACLET, \u00e9tant arbitre est-ce que des fois vous \u00eates conscient qu&rsquo;une faute non siffl\u00e9e, un mauvais coup de sifflet au cours d&rsquo;un match peut fausser tout un Championnat ?<\/strong><\/p>\n\n\n\n<p><em>D\u00e9j\u00e0 quand un arbitre va sur un match, il va pour donner le mieux de lui-m\u00eame, apr\u00e8s les erreurs sont humaines, on y peut rien. Mais tous les arbitres, en allant sur un match, on se dit on se donne \u00e0 fond, on essaie de donner une bonne copie, parfois \u00e7a passe parfois non, c&rsquo;est comme les joueurs parfois ils sont bons parfois moins bons. Donc on est conscients qu&rsquo;on arbitre<\/em> des matches parfois de haut niveau, on a pas le droit \u00e0&nbsp; l&rsquo;erreur mais l&rsquo;erreur reste humaine malgr\u00e9 tout \u300b, a martel\u00e9 l&rsquo;homme en noir, qui dit que la finale r\u00e9gionale de la coupe MUTUELLE MARE-GAILLARD ( USBM vs USR) lui a permis de passer un cap en devenant l&rsquo;arbitre de la R1.<\/p>\n\n\n\n<p>\u300a <em>Pour ceux qui prennent les arbitres pour les bouc \u00e9missaires, en Guadeloupe on a une carence au niveau d&rsquo;arbitrage au lieu de critiquer se serait bien au moins d&rsquo;essayer pour voir comment \u00e7a se passe\u300b, <\/em>a conclu Jimy BACLET l&rsquo;arbitre de la R1 Guadeloup\u00e9enne. <\/p>\n\n\n\n<p>Pour regarder l&rsquo;interview en int\u00e9gralit\u00e9, cliquez sur ce lien en abonnant avec la cha\u00eene YouTube de Total Sport\ud83d\udc49 https:\/\/youtu.be\/1SA_Tfys6ac ,vous trouvez celle de Jimmy BACLET et bien d&rsquo;autres sur le foot Guadeloup\u00e9en<\/p>\n","protected":false},"excerpt":{"rendered":"<div class=\"mh-excerpt\"><p>Ils sont ceux qui sont rarement interview\u00e9s par le Presse, faisant souvent l&rsquo;objet des propos injurieux par des fanatiques, joueurs et m\u00eame des fois des <a class=\"mh-excerpt-more\" href=\"https:\/\/total-sport.fr\/index.php\/2019\/07\/12\/foot-interview-jimy-baclet-arbitre-de-la-r1-le-job-darbitre-nest-vraiment-pas-evident\/\" title=\"Foot-Interview-Jimy BACLET, Arbitre de la R1: Le Job d&rsquo;arbitre n&rsquo;est vraiment pas \u00e9vident\">[&#8230;]<\/a><\/p>\n<\/div>","protected":false},"author":2,"featured_media":1245,"comment_status":"open","ping_status":"open","sticky":false,"template":"","format":"standard","meta":{"jetpack_post_was_ever_published":false,"_jetpack_newsletter_access":"","_jetpack_dont_email_post_to_subs":false,"_jetpack_newsletter_tier_id":0,"_jetpack_memberships_contains_paywalled_content":false,"_jetpack_memberships_contains_paid_content":false,"footnotes":"","jetpack_publicize_message":"","jetpack_publicize_feature_enabled":true,"jetpack_social_post_already_shared":true,"jetpack_social_options":{"image_generator_settings":{"template":"highway","default_image_id":0,"font":"","enabled":false},"version":2}},"categories":[15],"tags":[],"class_list":["post-1244","post","type-post","status-publish","format-standard","has-post-thumbnail","hentry","category-interviews"],"yoast_head":"<!-- This site is optimized with the Yoast SEO plugin v24.9 - https:\/\/yoast.com\/wordpress\/plugins\/seo\/ -->\n<title>Foot-Interview-Jimy BACLET, Arbitre de la R1: Le Job d&#039;arbitre n&#039;est vraiment pas \u00e9vident - Total Sports International (TSI)<\/title>\n<meta name=\"robots\" content=\"index, follow, max-snippet:-1, max-image-preview:large, max-video-preview:-1\" \/>\n<link rel=\"canonical\" href=\"https:\/\/total-sport.fr\/index.php\/2019\/07\/12\/foot-interview-jimy-baclet-arbitre-de-la-r1-le-job-darbitre-nest-vraiment-pas-evident\/\" \/>\n<meta property=\"og:locale\" content=\"fr_FR\" \/>\n<meta property=\"og:type\" content=\"article\" \/>\n<meta property=\"og:title\" content=\"Foot-Interview-Jimy BACLET, Arbitre de la R1: Le Job d&#039;arbitre n&#039;est vraiment pas \u00e9vident - Total Sports International (TSI)\" \/>\n<meta property=\"og:description\" content=\"Ils sont ceux qui sont rarement interview\u00e9s par le Presse, faisant souvent l&rsquo;objet des propos injurieux par des fanatiques, joueurs et m\u00eame des fois des [...]\" \/>\n<meta property=\"og:url\" content=\"https:\/\/total-sport.fr\/index.php\/2019\/07\/12\/foot-interview-jimy-baclet-arbitre-de-la-r1-le-job-darbitre-nest-vraiment-pas-evident\/\" \/>\n<meta property=\"og:site_name\" content=\"Total Sports International (TSI)\" \/>\n<meta property=\"article:author\" content=\"https:\/\/www.facebook.com\/joly.jerometotalsport\" \/>\n<meta property=\"article:published_time\" content=\"2019-07-12T21:48:39+00:00\" \/>\n<meta property=\"article:modified_time\" content=\"2019-07-12T21:51:01+00:00\" \/>\n<meta property=\"og:image\" content=\"https:\/\/i0.wp.com\/total-sport.fr\/wp-content\/uploads\/2019\/07\/20190709_171539.jpg?fit=1080%2C598&ssl=1\" \/>\n\t<meta property=\"og:image:width\" content=\"1080\" \/>\n\t<meta property=\"og:image:height\" content=\"598\" \/>\n\t<meta property=\"og:image:type\" content=\"image\/jpeg\" \/>\n<meta name=\"author\" content=\"Joly JEROME\" \/>\n<meta name=\"twitter:card\" content=\"summary_large_image\" \/>\n<meta name=\"twitter:creator\" content=\"@Total Sport TS\" \/>\n<meta name=\"twitter:label1\" content=\"\u00c9crit par\" \/>\n\t<meta name=\"twitter:data1\" content=\"Joly JEROME\" \/>\n\t<meta name=\"twitter:label2\" content=\"Dur\u00e9e de lecture estim\u00e9e\" \/>\n\t<meta name=\"twitter:data2\" content=\"3 minutes\" \/>\n<script type=\"application\/ld+json\" class=\"yoast-schema-graph\">{\"@context\":\"https:\/\/schema.org\",\"@graph\":[{\"@type\":\"WebPage\",\"@id\":\"https:\/\/total-sport.fr\/index.php\/2019\/07\/12\/foot-interview-jimy-baclet-arbitre-de-la-r1-le-job-darbitre-nest-vraiment-pas-evident\/\",\"url\":\"https:\/\/total-sport.fr\/index.php\/2019\/07\/12\/foot-interview-jimy-baclet-arbitre-de-la-r1-le-job-darbitre-nest-vraiment-pas-evident\/\",\"name\":\"Foot-Interview-Jimy BACLET, Arbitre de la R1: Le Job d'arbitre n'est vraiment pas \u00e9vident - Total Sports International (TSI)\",\"isPartOf\":{\"@id\":\"https:\/\/total-sport.fr\/#website\"},\"primaryImageOfPage\":{\"@id\":\"https:\/\/total-sport.fr\/index.php\/2019\/07\/12\/foot-interview-jimy-baclet-arbitre-de-la-r1-le-job-darbitre-nest-vraiment-pas-evident\/#primaryimage\"},\"image\":{\"@id\":\"https:\/\/total-sport.fr\/index.php\/2019\/07\/12\/foot-interview-jimy-baclet-arbitre-de-la-r1-le-job-darbitre-nest-vraiment-pas-evident\/#primaryimage\"},\"thumbnailUrl\":\"https:\/\/i0.wp.com\/total-sport.fr\/wp-content\/uploads\/2019\/07\/20190709_171539.jpg?fit=1080%2C598&ssl=1\",\"datePublished\":\"2019-07-12T21:48:39+00:00\",\"dateModified\":\"2019-07-12T21:51:01+00:00\",\"author\":{\"@id\":\"https:\/\/total-sport.fr\/#\/schema\/person\/f9f5599f372b747441cd5d912824aba4\"},\"breadcrumb\":{\"@id\":\"https:\/\/total-sport.fr\/index.php\/2019\/07\/12\/foot-interview-jimy-baclet-arbitre-de-la-r1-le-job-darbitre-nest-vraiment-pas-evident\/#breadcrumb\"},\"inLanguage\":\"fr-FR\",\"potentialAction\":[{\"@type\":\"ReadAction\",\"target\":[\"https:\/\/total-sport.fr\/index.php\/2019\/07\/12\/foot-interview-jimy-baclet-arbitre-de-la-r1-le-job-darbitre-nest-vraiment-pas-evident\/\"]}]},{\"@type\":\"ImageObject\",\"inLanguage\":\"fr-FR\",\"@id\":\"https:\/\/total-sport.fr\/index.php\/2019\/07\/12\/foot-interview-jimy-baclet-arbitre-de-la-r1-le-job-darbitre-nest-vraiment-pas-evident\/#primaryimage\",\"url\":\"https:\/\/i0.wp.com\/total-sport.fr\/wp-content\/uploads\/2019\/07\/20190709_171539.jpg?fit=1080%2C598&ssl=1\",\"contentUrl\":\"https:\/\/i0.wp.com\/total-sport.fr\/wp-content\/uploads\/2019\/07\/20190709_171539.jpg?fit=1080%2C598&ssl=1\",\"width\":1080,\"height\":598},{\"@type\":\"BreadcrumbList\",\"@id\":\"https:\/\/total-sport.fr\/index.php\/2019\/07\/12\/foot-interview-jimy-baclet-arbitre-de-la-r1-le-job-darbitre-nest-vraiment-pas-evident\/#breadcrumb\",\"itemListElement\":[{\"@type\":\"ListItem\",\"position\":1,\"name\":\"Accueil\",\"item\":\"https:\/\/total-sport.fr\/\"},{\"@type\":\"ListItem\",\"position\":2,\"name\":\"Foot-Interview-Jimy BACLET, Arbitre de la R1: Le Job d&rsquo;arbitre n&rsquo;est vraiment pas \u00e9vident\"}]},{\"@type\":\"WebSite\",\"@id\":\"https:\/\/total-sport.fr\/#website\",\"url\":\"https:\/\/total-sport.fr\/\",\"name\":\"Total Sports International (TSI)\",\"description\":\"vous informer est notre priorit\u00e9, 7 jours sur 7 avec toujours le m\u00eame professionnalisme\",\"potentialAction\":[{\"@type\":\"SearchAction\",\"target\":{\"@type\":\"EntryPoint\",\"urlTemplate\":\"https:\/\/total-sport.fr\/?s={search_term_string}\"},\"query-input\":{\"@type\":\"PropertyValueSpecification\",\"valueRequired\":true,\"valueName\":\"search_term_string\"}}],\"inLanguage\":\"fr-FR\"},{\"@type\":\"Person\",\"@id\":\"https:\/\/total-sport.fr\/#\/schema\/person\/f9f5599f372b747441cd5d912824aba4\",\"name\":\"Joly JEROME\",\"image\":{\"@type\":\"ImageObject\",\"inLanguage\":\"fr-FR\",\"@id\":\"https:\/\/total-sport.fr\/#\/schema\/person\/image\/\",\"url\":\"https:\/\/secure.gravatar.com\/avatar\/33e98ca4065ab233074302dee778104df3e61a0f91ceba3d746e7e40dbe11f0d?s=96&d=mm&r=g\",\"contentUrl\":\"https:\/\/secure.gravatar.com\/avatar\/33e98ca4065ab233074302dee778104df3e61a0f91ceba3d746e7e40dbe11f0d?s=96&d=mm&r=g\",\"caption\":\"Joly JEROME\"},\"description\":\"Je suis Joly JEROME, passionn\u00e9 de la lecture et du Sport notamment le Football. Je suis Journaliste ind\u00e9pendant fougueux, s\u00e9rieux mettant ma plume \u00e0 votre service pour vous informer avec la v\u00e9rit\u00e9 comme boussole. Jolyjerome989@gmail.com \/0690 93 65 88\",\"sameAs\":[\"https:\/\/total-sport.fr\",\"https:\/\/www.facebook.com\/joly.jerometotalsport\",\"Joly_JJCA\",\"Total Sport ts\",\"https:\/\/x.com\/Total Sport TS\"],\"url\":\"https:\/\/total-sport.fr\/index.php\/author\/jolyjerome\/\"}]}<\/script>\n<!-- \/ Yoast SEO plugin. -->","yoast_head_json":{"title":"Foot-Interview-Jimy BACLET, Arbitre de la R1: Le Job d'arbitre n'est vraiment pas \u00e9vident - Total Sports International (TSI)","robots":{"index":"index","follow":"follow","max-snippet":"max-snippet:-1","max-image-preview":"max-image-preview:large","max-video-preview":"max-video-preview:-1"},"canonical":"https:\/\/total-sport.fr\/index.php\/2019\/07\/12\/foot-interview-jimy-baclet-arbitre-de-la-r1-le-job-darbitre-nest-vraiment-pas-evident\/","og_locale":"fr_FR","og_type":"article","og_title":"Foot-Interview-Jimy BACLET, Arbitre de la R1: Le Job d'arbitre n'est vraiment pas \u00e9vident - Total Sports International (TSI)","og_description":"Ils sont ceux qui sont rarement interview\u00e9s par le Presse, faisant souvent l&rsquo;objet des propos injurieux par des fanatiques, joueurs et m\u00eame des fois des [...]","og_url":"https:\/\/total-sport.fr\/index.php\/2019\/07\/12\/foot-interview-jimy-baclet-arbitre-de-la-r1-le-job-darbitre-nest-vraiment-pas-evident\/","og_site_name":"Total Sports International (TSI)","article_author":"https:\/\/www.facebook.com\/joly.jerometotalsport","article_published_time":"2019-07-12T21:48:39+00:00","article_modified_time":"2019-07-12T21:51:01+00:00","og_image":[{"width":1080,"height":598,"url":"https:\/\/i0.wp.com\/total-sport.fr\/wp-content\/uploads\/2019\/07\/20190709_171539.jpg?fit=1080%2C598&ssl=1","type":"image\/jpeg"}],"author":"Joly JEROME","twitter_card":"summary_large_image","twitter_creator":"@Total Sport TS","twitter_misc":{"\u00c9crit par":"Joly JEROME","Dur\u00e9e de lecture estim\u00e9e":"3 minutes"},"schema":{"@context":"https:\/\/schema.org","@graph":[{"@type":"WebPage","@id":"https:\/\/total-sport.fr\/index.php\/2019\/07\/12\/foot-interview-jimy-baclet-arbitre-de-la-r1-le-job-darbitre-nest-vraiment-pas-evident\/","url":"https:\/\/total-sport.fr\/index.php\/2019\/07\/12\/foot-interview-jimy-baclet-arbitre-de-la-r1-le-job-darbitre-nest-vraiment-pas-evident\/","name":"Foot-Interview-Jimy BACLET, Arbitre de la R1: Le Job d'arbitre n'est vraiment pas \u00e9vident - Total Sports International (TSI)","isPartOf":{"@id":"https:\/\/total-sport.fr\/#website"},"primaryImageOfPage":{"@id":"https:\/\/total-sport.fr\/index.php\/2019\/07\/12\/foot-interview-jimy-baclet-arbitre-de-la-r1-le-job-darbitre-nest-vraiment-pas-evident\/#primaryimage"},"image":{"@id":"https:\/\/total-sport.fr\/index.php\/2019\/07\/12\/foot-interview-jimy-baclet-arbitre-de-la-r1-le-job-darbitre-nest-vraiment-pas-evident\/#primaryimage"},"thumbnailUrl":"https:\/\/i0.wp.com\/total-sport.fr\/wp-content\/uploads\/2019\/07\/20190709_171539.jpg?fit=1080%2C598&ssl=1","datePublished":"2019-07-12T21:48:39+00:00","dateModified":"2019-07-12T21:51:01+00:00","author":{"@id":"https:\/\/total-sport.fr\/#\/schema\/person\/f9f5599f372b747441cd5d912824aba4"},"breadcrumb":{"@id":"https:\/\/total-sport.fr\/index.php\/2019\/07\/12\/foot-interview-jimy-baclet-arbitre-de-la-r1-le-job-darbitre-nest-vraiment-pas-evident\/#breadcrumb"},"inLanguage":"fr-FR","potentialAction":[{"@type":"ReadAction","target":["https:\/\/total-sport.fr\/index.php\/2019\/07\/12\/foot-interview-jimy-baclet-arbitre-de-la-r1-le-job-darbitre-nest-vraiment-pas-evident\/"]}]},{"@type":"ImageObject","inLanguage":"fr-FR","@id":"https:\/\/total-sport.fr\/index.php\/2019\/07\/12\/foot-interview-jimy-baclet-arbitre-de-la-r1-le-job-darbitre-nest-vraiment-pas-evident\/#primaryimage","url":"https:\/\/i0.wp.com\/total-sport.fr\/wp-content\/uploads\/2019\/07\/20190709_171539.jpg?fit=1080%2C598&ssl=1","contentUrl":"https:\/\/i0.wp.com\/total-sport.fr\/wp-content\/uploads\/2019\/07\/20190709_171539.jpg?fit=1080%2C598&ssl=1","width":1080,"height":598},{"@type":"BreadcrumbList","@id":"https:\/\/total-sport.fr\/index.php\/2019\/07\/12\/foot-interview-jimy-baclet-arbitre-de-la-r1-le-job-darbitre-nest-vraiment-pas-evident\/#breadcrumb","itemListElement":[{"@type":"ListItem","position":1,"name":"Accueil","item":"https:\/\/total-sport.fr\/"},{"@type":"ListItem","position":2,"name":"Foot-Interview-Jimy BACLET, Arbitre de la R1: Le Job d&rsquo;arbitre n&rsquo;est vraiment pas \u00e9vident"}]},{"@type":"WebSite","@id":"https:\/\/total-sport.fr\/#website","url":"https:\/\/total-sport.fr\/","name":"Total Sports International (TSI)","description":"vous informer est notre priorit\u00e9, 7 jours sur 7 avec toujours le m\u00eame professionnalisme","potentialAction":[{"@type":"SearchAction","target":{"@type":"EntryPoint","urlTemplate":"https:\/\/total-sport.fr\/?s={search_term_string}"},"query-input":{"@type":"PropertyValueSpecification","valueRequired":true,"valueName":"search_term_string"}}],"inLanguage":"fr-FR"},{"@type":"Person","@id":"https:\/\/total-sport.fr\/#\/schema\/person\/f9f5599f372b747441cd5d912824aba4","name":"Joly JEROME","image":{"@type":"ImageObject","inLanguage":"fr-FR","@id":"https:\/\/total-sport.fr\/#\/schema\/person\/image\/","url":"https:\/\/secure.gravatar.com\/avatar\/33e98ca4065ab233074302dee778104df3e61a0f91ceba3d746e7e40dbe11f0d?s=96&d=mm&r=g","contentUrl":"https:\/\/secure.gravatar.com\/avatar\/33e98ca4065ab233074302dee778104df3e61a0f91ceba3d746e7e40dbe11f0d?s=96&d=mm&r=g","caption":"Joly JEROME"},"description":"Je suis Joly JEROME, passionn\u00e9 de la lecture et du Sport notamment le Football. Je suis Journaliste ind\u00e9pendant fougueux, s\u00e9rieux mettant ma plume \u00e0 votre service pour vous informer avec la v\u00e9rit\u00e9 comme boussole. Jolyjerome989@gmail.com \/0690 93 65 88","sameAs":["https:\/\/total-sport.fr","https:\/\/www.facebook.com\/joly.jerometotalsport","Joly_JJCA","Total Sport ts","https:\/\/x.com\/Total Sport TS"],"url":"https:\/\/total-sport.fr\/index.php\/author\/jolyjerome\/"}]}},"jetpack_publicize_connections":[],"jetpack_featured_media_url":"https:\/\/i0.wp.com\/total-sport.fr\/wp-content\/uploads\/2019\/07\/20190709_171539.jpg?fit=1080%2C598&ssl=1","jetpack_sharing_enabled":true,"jetpack_shortlink":"https:\/\/wp.me\/paF0J8-k4","jetpack-related-posts":[{"id":327,"url":"https:\/\/total-sport.fr\/index.php\/2019\/02\/11\/football-guadeloupe-coupe-mmg-en-route-vers-les-demies-finales-aller\/","url_meta":{"origin":1244,"position":0},"title":"Football -Guadeloupe -coupe MMG : En route vers les demies finales aller","author":"Joly JEROME","date":"11 f\u00e9vrier 2019","format":false,"excerpt":"Ce jeudi 7 f\u00e9vrier, la Ligue Guadeloupe Guadeloup\u00e9enne de football a lanc\u00e9 la 12e \u00e9dition de la coupe Mutuelle mare gaillard. (Unit\u00e9 sainteroserienne) re\u00e7oit le CSM (Club sportif Moulien) ce mardi 12 f\u00e9vrier \u00e0 baie mahault , pour la premi\u00e8re demie finale aller . Et l'autre demie finale verra le\u2026","rel":"","context":"Dans &quot;coupe Mutuelle Mare-Gaillard&quot;","block_context":{"text":"coupe Mutuelle Mare-Gaillard","link":"https:\/\/total-sport.fr\/index.php\/category\/coupes\/coupe-mutuelle-mare-gaillard\/"},"img":{"alt_text":"","src":"","width":0,"height":0},"classes":[]},{"id":1407,"url":"https:\/\/total-sport.fr\/index.php\/2019\/08\/23\/foot-guadeloupe-r1-j1-programmation-de-la-1ere-journee\/","url_meta":{"origin":1244,"position":1},"title":"Foot-Guadeloupe-R1-J1 : programmation de la 1\u00e8re journ\u00e9e","author":"Joly JEROME","date":"23 ao\u00fbt 2019","format":false,"excerpt":"Les vacances sont termin\u00e9es, place \u00e0 la R\u00e9gionale 1 avec une premi\u00e8re journ\u00e9e qui va voir le jour ce samedi 24 et dimanche 25 ao\u00fbt 2019. Nonobstant des gromellements, des m\u00e9contents par la plus part des acteurs du football local sur l'homologation de 5 stades aptes \u00e0 recevoir la R1;\u2026","rel":"","context":"Dans &quot;R1&quot;","block_context":{"text":"R1","link":"https:\/\/total-sport.fr\/index.php\/category\/r1\/"},"img":{"alt_text":"","src":"https:\/\/i0.wp.com\/total-sport.fr\/wp-content\/uploads\/2019\/08\/salt_20190531_123926_794.jpg?fit=1200%2C1200&ssl=1&resize=350%2C200","width":350,"height":200,"srcset":"https:\/\/i0.wp.com\/total-sport.fr\/wp-content\/uploads\/2019\/08\/salt_20190531_123926_794.jpg?fit=1200%2C1200&ssl=1&resize=350%2C200 1x, https:\/\/i0.wp.com\/total-sport.fr\/wp-content\/uploads\/2019\/08\/salt_20190531_123926_794.jpg?fit=1200%2C1200&ssl=1&resize=525%2C300 1.5x, https:\/\/i0.wp.com\/total-sport.fr\/wp-content\/uploads\/2019\/08\/salt_20190531_123926_794.jpg?fit=1200%2C1200&ssl=1&resize=700%2C400 2x, https:\/\/i0.wp.com\/total-sport.fr\/wp-content\/uploads\/2019\/08\/salt_20190531_123926_794.jpg?fit=1200%2C1200&ssl=1&resize=1050%2C600 3x"},"classes":[]},{"id":4254,"url":"https:\/\/total-sport.fr\/index.php\/2022\/09\/23\/foot-cdf-as-gosier-usbm-stade-lam-gauloise-siroco-phare-les-chocs-du-4eme-tour-de-la-cdf\/","url_meta":{"origin":1244,"position":2},"title":"Foot-CDF: AS GOSIER-USBM, STADE LAM-GAULOISE, SIROCO-PHARE, les chocs du 4\u00e8me tour de la CDF !","author":"Joly JEROME","date":"23 septembre 2022","format":false,"excerpt":"Ce weekend se d\u00e9roulera les rencontres du 4\u00e8me tour de la coupe de France zone Guadeloupe. Hormis le match CAM-SS qui est report\u00e9, toutes les autres rencontres devraient se maintenir, ainsi, de beaux duels nous attendent comme L'USBM qui va trainer ses bottes sur la pelouse de L'AS GOSIER et\u2026","rel":"","context":"Dans &quot;Coupe de France&quot;","block_context":{"text":"Coupe de France","link":"https:\/\/total-sport.fr\/index.php\/category\/coupe-de-france-2\/"},"img":{"alt_text":"","src":"https:\/\/i0.wp.com\/total-sport.fr\/wp-content\/uploads\/IMG-20220410-WA0243.jpg?fit=984%2C600&ssl=1&resize=350%2C200","width":350,"height":200,"srcset":"https:\/\/i0.wp.com\/total-sport.fr\/wp-content\/uploads\/IMG-20220410-WA0243.jpg?fit=984%2C600&ssl=1&resize=350%2C200 1x, https:\/\/i0.wp.com\/total-sport.fr\/wp-content\/uploads\/IMG-20220410-WA0243.jpg?fit=984%2C600&ssl=1&resize=525%2C300 1.5x, https:\/\/i0.wp.com\/total-sport.fr\/wp-content\/uploads\/IMG-20220410-WA0243.jpg?fit=984%2C600&ssl=1&resize=700%2C400 2x"},"classes":[]},{"id":817,"url":"https:\/\/total-sport.fr\/index.php\/2019\/04\/15\/foot-guadeloupe-coupe-mmg-usr-vs-usbm-le-dernier-combat-pour-le-paradis-en-guyane\/","url_meta":{"origin":1244,"position":3},"title":"Foot-Guadeloupe- Coupe MMG : USR vs USBM, le dernier combat pour le paradis en Guyane","author":"Joly JEROME","date":"15 avril 2019","format":false,"excerpt":"Unit\u00e9 Sainterosienne et Union Sportive Baie-Mahaultienne s'affronteront ce mercredi 17 Avril 20h30, en finale r\u00e9gionale de la Coupe Mutuelle Mare-Gaillard au stade Jacques PONREMY au Moule. Equipe de L'USR Image LGF Ce mercredi USR et USBM mettront tout de c\u00f4t\u00e9 , ni la saison moyenne en championnat des Sainterosiens, ni\u2026","rel":"","context":"Dans &quot;coupe Mutuelle Mare-Gaillard&quot;","block_context":{"text":"coupe Mutuelle Mare-Gaillard","link":"https:\/\/total-sport.fr\/index.php\/category\/coupes\/coupe-mutuelle-mare-gaillard\/"},"img":{"alt_text":"","src":"https:\/\/i0.wp.com\/total-sport.fr\/wp-content\/uploads\/2019\/04\/IMG-20190204-WA0117.jpg?fit=1078%2C721&ssl=1&resize=350%2C200","width":350,"height":200,"srcset":"https:\/\/i0.wp.com\/total-sport.fr\/wp-content\/uploads\/2019\/04\/IMG-20190204-WA0117.jpg?fit=1078%2C721&ssl=1&resize=350%2C200 1x, https:\/\/i0.wp.com\/total-sport.fr\/wp-content\/uploads\/2019\/04\/IMG-20190204-WA0117.jpg?fit=1078%2C721&ssl=1&resize=525%2C300 1.5x, https:\/\/i0.wp.com\/total-sport.fr\/wp-content\/uploads\/2019\/04\/IMG-20190204-WA0117.jpg?fit=1078%2C721&ssl=1&resize=700%2C400 2x, https:\/\/i0.wp.com\/total-sport.fr\/wp-content\/uploads\/2019\/04\/IMG-20190204-WA0117.jpg?fit=1078%2C721&ssl=1&resize=1050%2C600 3x"},"classes":[]},{"id":3251,"url":"https:\/\/total-sport.fr\/index.php\/2020\/08\/28\/foot-crg-lultime-choc-pour-remporter-le-graal-et-les-3000-euros\/","url_meta":{"origin":1244,"position":4},"title":"Foot-CRG : L&rsquo;Ultime choc pour remporter le Graal et les 2000 Euros.","author":"Joly JEROME","date":"28 ao\u00fbt 2020","format":false,"excerpt":"Le Club Sportif Moulien et le PHARE de Petit-Canal s'affrontent ce samedi 20h dans un dernier duel pour le titre de la coupe R\u00e9gion Guadeloupe. Apr\u00e8s avoir ma\u00eetris\u00e9 la REDSTAR 3-0 en demi-finale, les Mouliens vont d\u00e9fier le PHARE tombeur de AS DYNAMO 2-1. Des joueurs du PHARE Le stade\u2026","rel":"","context":"Dans &quot;coupe R\u00e9gion Guadeloupe&quot;","block_context":{"text":"coupe R\u00e9gion Guadeloupe","link":"https:\/\/total-sport.fr\/index.php\/category\/coupes\/coupe-region-guadeloupe\/"},"img":{"alt_text":"","src":"https:\/\/i0.wp.com\/total-sport.fr\/wp-content\/uploads\/FB_IMG_1598664170404-1.jpg?fit=1079%2C720&ssl=1&resize=350%2C200","width":350,"height":200,"srcset":"https:\/\/i0.wp.com\/total-sport.fr\/wp-content\/uploads\/FB_IMG_1598664170404-1.jpg?fit=1079%2C720&ssl=1&resize=350%2C200 1x, https:\/\/i0.wp.com\/total-sport.fr\/wp-content\/uploads\/FB_IMG_1598664170404-1.jpg?fit=1079%2C720&ssl=1&resize=525%2C300 1.5x, https:\/\/i0.wp.com\/total-sport.fr\/wp-content\/uploads\/FB_IMG_1598664170404-1.jpg?fit=1079%2C720&ssl=1&resize=700%2C400 2x, https:\/\/i0.wp.com\/total-sport.fr\/wp-content\/uploads\/FB_IMG_1598664170404-1.jpg?fit=1079%2C720&ssl=1&resize=1050%2C600 3x"},"classes":[]},{"id":1050,"url":"https:\/\/total-sport.fr\/index.php\/2019\/05\/23\/foot-guadeloupe-r1-10e-match-en-retard-le-phare-de-petit-canal-se-rassure\/","url_meta":{"origin":1244,"position":5},"title":"Foot-Guadeloupe-R1-10E Match en retard : Le PHARE de Petit-Canal se rassure","author":"Joly JEROME","date":"23 mai 2019","format":false,"excerpt":"Au terme d'une rencontre muscl\u00e9e, le PHARE de Petit-Canal a pris le dessus au d\u00e9pens de L'ARSENAL CLUB sur le strict minimum 0-1, gr\u00e2ce \u00e0 une r\u00e9alisation sign\u00e9e YANICK PASSAPE \u00e0 la 20' de jeu en premi\u00e8re p\u00e9riode. ARSENAL en Vert contre le PHARE de Petit-Canal Le PHARE de Petit-Canal\u2026","rel":"","context":"Dans &quot;R1&quot;","block_context":{"text":"R1","link":"https:\/\/total-sport.fr\/index.php\/category\/r1\/"},"img":{"alt_text":"","src":"https:\/\/i0.wp.com\/total-sport.fr\/wp-content\/uploads\/2019\/05\/20190523_114732.jpg?fit=1200%2C675&ssl=1&resize=350%2C200","width":350,"height":200,"srcset":"https:\/\/i0.wp.com\/total-sport.fr\/wp-content\/uploads\/2019\/05\/20190523_114732.jpg?fit=1200%2C675&ssl=1&resize=350%2C200 1x, https:\/\/i0.wp.com\/total-sport.fr\/wp-content\/uploads\/2019\/05\/20190523_114732.jpg?fit=1200%2C675&ssl=1&resize=525%2C300 1.5x, https:\/\/i0.wp.com\/total-sport.fr\/wp-content\/uploads\/2019\/05\/20190523_114732.jpg?fit=1200%2C675&ssl=1&resize=700%2C400 2x, https:\/\/i0.wp.com\/total-sport.fr\/wp-content\/uploads\/2019\/05\/20190523_114732.jpg?fit=1200%2C675&ssl=1&resize=1050%2C600 3x"},"classes":[]}],"jetpack_likes_enabled":true,"_links":{"self":[{"href":"https:\/\/total-sport.fr\/index.php\/wp-json\/wp\/v2\/posts\/1244","targetHints":{"allow":["GET"]}}],"collection":[{"href":"https:\/\/total-sport.fr\/index.php\/wp-json\/wp\/v2\/posts"}],"about":[{"href":"https:\/\/total-sport.fr\/index.php\/wp-json\/wp\/v2\/types\/post"}],"author":[{"embeddable":true,"href":"https:\/\/total-sport.fr\/index.php\/wp-json\/wp\/v2\/users\/2"}],"replies":[{"embeddable":true,"href":"https:\/\/total-sport.fr\/index.php\/wp-json\/wp\/v2\/comments?post=1244"}],"version-history":[{"count":9,"href":"https:\/\/total-sport.fr\/index.php\/wp-json\/wp\/v2\/posts\/1244\/revisions"}],"predecessor-version":[{"id":1269,"href":"https:\/\/total-sport.fr\/index.php\/wp-json\/wp\/v2\/posts\/1244\/revisions\/1269"}],"wp:featuredmedia":[{"embeddable":true,"href":"https:\/\/total-sport.fr\/index.php\/wp-json\/wp\/v2\/media\/1245"}],"wp:attachment":[{"href":"https:\/\/total-sport.fr\/index.php\/wp-json\/wp\/v2\/media?parent=1244"}],"wp:term":[{"taxonomy":"category","embeddable":true,"href":"https:\/\/total-sport.fr\/index.php\/wp-json\/wp\/v2\/categories?post=1244"},{"taxonomy":"post_tag","embeddable":true,"href":"https:\/\/total-sport.fr\/index.php\/wp-json\/wp\/v2\/tags?post=1244"}],"curies":[{"name":"wp","href":"https:\/\/api.w.org\/{rel}","templated":true}]}}