{"id":122,"date":"2019-01-25T16:31:06","date_gmt":"2019-01-25T20:31:06","guid":{"rendered":"http:\/\/total-sport.fr\/?p=122"},"modified":"2019-01-25T22:40:44","modified_gmt":"2019-01-26T02:40:44","slug":"foot-ldn-selectionhaiti-ne-doit-pas-se-manquer-face-au-cuba","status":"publish","type":"post","link":"https:\/\/total-sport.fr\/index.php\/2019\/01\/25\/foot-ldn-selectionhaiti-ne-doit-pas-se-manquer-face-au-cuba\/","title":{"rendered":"foot-LDN-selection:HAITI ne doit pas se manquer face au CUBA"},"content":{"rendered":"\r\n\r\n<strong>La<\/strong> <strong>s\u00e9lection Ha\u00eftienne de football re\u00e7oit le CUBA pour le compte de la derni\u00e8re journ\u00e9e de la ligue des nations ,un match crucial pour les grenadiers qui doivent imp\u00e9rativement gagner pour esp\u00e9rer une qualification pour la Gold Cup<\/strong>.\r\n\r\n <img data-recalc-dims=\"1\" loading=\"lazy\" decoding=\"async\" class=\"alignnone wp-image-2566 size-full\" src=\"https:\/\/totalsportts42.files.wordpress.com\/2019\/01\/2019_01_25_16-703740253.jpg?resize=720%2C542\" width=\"720\" height=\"542\" \/>\r\n<h5>S\u00e9lection ha\u00eftienne -cr\u00e9dit photo :Google<\/h5>\r\n\r\n\r\nLa s\u00e9lection Ha\u00eftienne masculine senior re\u00e7oit la s\u00e9lection Cubaine au stade national Sylvio Cator 24 mars 2019 \u00e0 18H30 heure ha\u00eftienne,pour boucler la derni\u00e8re journ\u00e9e de la phase pr\u00e9liminaire de la ligue des nations. Plac\u00e9s en deuxi\u00e8me place avec 9 points une diff\u00e9rence\u00a0 + 16 compar\u00e9 \u00e0 la cura\u00e7ao premier 9 unit\u00e9s +21,les prot\u00e9g\u00e9s de MARC COLLAT n\u2019ont pas droit \u00e0 l\u2019erreur si ils veulent valider leur billet pour cette Gold Cup qui sera organis\u00e9e entre autre par Etats unis,Costarica.\r\n\r\n \r\n\r\nD\u00e9but\u00e9e depuis septembre 2018 et prendra fin 24 Mars 2019, La premi\u00e8re \u00e9dition de la ligue des nations de la zone CONCACAF , et le tournoi de classement pour les meilleures \u00e9quipes participantes \u00e0 la ligue des nations qui seront divis\u00e9es en trois ligues en septembre 2019. Six s\u00e9lections nationales qui avaient particip\u00e9 \u00e0 la coupe du monde Russie 2018 sont qualifi\u00e9es pour la premi\u00e8re \u00e9dition dans ce format de la Gold Cup 2019 et se trouvent dans la ligue A.\r\n\r\nVoici le classement de cette comp\u00e9tition.\r\n\r\n\n<table id=\"tablepress-4\" class=\"tablepress tablepress-id-4\">\n<thead>\n<tr class=\"row-1 odd\">\n\t<th class=\"column-1\">S\u00e9lection<\/th><th class=\"column-2\">Points<\/th><th class=\"column-3\">Diff\u00e9rences de but<\/th>\n<\/tr>\n<\/thead>\n<tbody class=\"row-hover\">\n<tr class=\"row-2 even\">\n\t<td class=\"column-1\">Cura\u00e7ao<\/td><td class=\"column-2\">9<\/td><td class=\"column-3\">+ 21<\/td>\n<\/tr>\n<tr class=\"row-3 odd\">\n\t<td class=\"column-1\">Haiti<\/td><td class=\"column-2\">9<\/td><td class=\"column-3\">+ 16<\/td>\n<\/tr>\n<tr class=\"row-4 even\">\n\t<td class=\"column-1\">Cuba<\/td><td class=\"column-2\">9<\/td><td class=\"column-3\">+ 14<\/td>\n<\/tr>\n<tr class=\"row-5 odd\">\n\t<td class=\"column-1\">Canada<\/td><td class=\"column-2\">9<\/td><td class=\"column-3\">+ 14<\/td>\n<\/tr>\n<tr class=\"row-6 even\">\n\t<td class=\"column-1\">Jama\u00efque<\/td><td class=\"column-2\">9<\/td><td class=\"column-3\">+ 11<\/td>\n<\/tr>\n<tr class=\"row-7 odd\">\n\t<td class=\"column-1\">Bermudes<\/td><td class=\"column-2\">6<\/td><td class=\"column-3\">+ 11<\/td>\n<\/tr>\n<tr class=\"row-8 even\">\n\t<td class=\"column-1\">Saint Kitts &amp; Nevis<\/td><td class=\"column-2\">6<\/td><td class=\"column-3\">+ 10<\/td>\n<\/tr>\n<tr class=\"row-9 odd\">\n\t<td class=\"column-1\">Martinique<\/td><td class=\"column-2\">9<\/td><td class=\"column-3\">+ 7<\/td>\n<\/tr>\n<tr class=\"row-10 even\">\n\t<td class=\"column-1\">R\u00e9plique Dominicaine<\/td><td class=\"column-2\">6<\/td><td class=\"column-3\">+ 7<\/td>\n<\/tr>\n<tr class=\"row-11 odd\">\n\t<td class=\"column-1\">Nicaragua<\/td><td class=\"column-2\">6<\/td><td class=\"column-3\">+ 6<\/td>\n<\/tr>\n<\/tbody>\n<\/table>\n<!-- #tablepress-4 from cache -->\r\n\r\n","protected":false},"excerpt":{"rendered":"<div class=\"mh-excerpt\"><p>La s\u00e9lection Ha\u00eftienne de football re\u00e7oit le CUBA pour le compte de la derni\u00e8re journ\u00e9e de la ligue des nations ,un match crucial pour les <a class=\"mh-excerpt-more\" href=\"https:\/\/total-sport.fr\/index.php\/2019\/01\/25\/foot-ldn-selectionhaiti-ne-doit-pas-se-manquer-face-au-cuba\/\" title=\"foot-LDN-selection:HAITI ne doit pas se manquer face au CUBA\">[&#8230;]<\/a><\/p>\n<\/div>","protected":false},"author":2,"featured_media":0,"comment_status":"open","ping_status":"open","sticky":false,"template":"","format":"standard","meta":{"jetpack_post_was_ever_published":false,"_jetpack_newsletter_access":"","_jetpack_dont_email_post_to_subs":false,"_jetpack_newsletter_tier_id":0,"_jetpack_memberships_contains_paywalled_content":false,"_jetpack_memberships_contains_paid_content":false,"footnotes":"","jetpack_publicize_message":"","jetpack_publicize_feature_enabled":true,"jetpack_social_post_already_shared":false,"jetpack_social_options":{"image_generator_settings":{"template":"highway","default_image_id":0,"font":"","enabled":false},"version":2}},"categories":[13],"tags":[],"class_list":["post-122","post","type-post","status-publish","format-standard","hentry","category-internationalfoot"],"yoast_head":"<!-- This site is optimized with the Yoast SEO plugin v24.9 - https:\/\/yoast.com\/wordpress\/plugins\/seo\/ -->\n<title>foot-LDN-selection:HAITI ne doit pas se manquer face au CUBA - Total Sports International (TSI)<\/title>\n<meta name=\"robots\" content=\"index, follow, max-snippet:-1, max-image-preview:large, max-video-preview:-1\" \/>\n<link rel=\"canonical\" href=\"https:\/\/total-sport.fr\/index.php\/2019\/01\/25\/foot-ldn-selectionhaiti-ne-doit-pas-se-manquer-face-au-cuba\/\" \/>\n<meta property=\"og:locale\" content=\"fr_FR\" \/>\n<meta property=\"og:type\" content=\"article\" \/>\n<meta property=\"og:title\" content=\"foot-LDN-selection:HAITI ne doit pas se manquer face au CUBA - Total Sports International (TSI)\" \/>\n<meta property=\"og:description\" content=\"La s\u00e9lection Ha\u00eftienne de football re\u00e7oit le CUBA pour le compte de la derni\u00e8re journ\u00e9e de la ligue des nations ,un match crucial pour les [...]\" \/>\n<meta property=\"og:url\" content=\"https:\/\/total-sport.fr\/index.php\/2019\/01\/25\/foot-ldn-selectionhaiti-ne-doit-pas-se-manquer-face-au-cuba\/\" \/>\n<meta property=\"og:site_name\" content=\"Total Sports International (TSI)\" \/>\n<meta property=\"article:author\" content=\"https:\/\/www.facebook.com\/joly.jerometotalsport\" \/>\n<meta property=\"article:published_time\" content=\"2019-01-25T20:31:06+00:00\" \/>\n<meta property=\"article:modified_time\" content=\"2019-01-26T02:40:44+00:00\" \/>\n<meta property=\"og:image\" content=\"https:\/\/totalsportts42.files.wordpress.com\/2019\/01\/2019_01_25_16-703740253.jpg\" \/>\n<meta name=\"author\" content=\"Joly JEROME\" \/>\n<meta name=\"twitter:card\" content=\"summary_large_image\" \/>\n<meta name=\"twitter:creator\" content=\"@Total Sport TS\" \/>\n<meta name=\"twitter:label1\" content=\"\u00c9crit par\" \/>\n\t<meta name=\"twitter:data1\" content=\"Joly JEROME\" \/>\n\t<meta name=\"twitter:label2\" content=\"Dur\u00e9e de lecture estim\u00e9e\" \/>\n\t<meta name=\"twitter:data2\" content=\"1 minute\" \/>\n<script type=\"application\/ld+json\" class=\"yoast-schema-graph\">{\"@context\":\"https:\/\/schema.org\",\"@graph\":[{\"@type\":\"WebPage\",\"@id\":\"https:\/\/total-sport.fr\/index.php\/2019\/01\/25\/foot-ldn-selectionhaiti-ne-doit-pas-se-manquer-face-au-cuba\/\",\"url\":\"https:\/\/total-sport.fr\/index.php\/2019\/01\/25\/foot-ldn-selectionhaiti-ne-doit-pas-se-manquer-face-au-cuba\/\",\"name\":\"foot-LDN-selection:HAITI ne doit pas se manquer face au CUBA - Total Sports International (TSI)\",\"isPartOf\":{\"@id\":\"https:\/\/total-sport.fr\/#website\"},\"primaryImageOfPage\":{\"@id\":\"https:\/\/total-sport.fr\/index.php\/2019\/01\/25\/foot-ldn-selectionhaiti-ne-doit-pas-se-manquer-face-au-cuba\/#primaryimage\"},\"image\":{\"@id\":\"https:\/\/total-sport.fr\/index.php\/2019\/01\/25\/foot-ldn-selectionhaiti-ne-doit-pas-se-manquer-face-au-cuba\/#primaryimage\"},\"thumbnailUrl\":\"https:\/\/totalsportts42.files.wordpress.com\/2019\/01\/2019_01_25_16-703740253.jpg\",\"datePublished\":\"2019-01-25T20:31:06+00:00\",\"dateModified\":\"2019-01-26T02:40:44+00:00\",\"author\":{\"@id\":\"https:\/\/total-sport.fr\/#\/schema\/person\/f9f5599f372b747441cd5d912824aba4\"},\"breadcrumb\":{\"@id\":\"https:\/\/total-sport.fr\/index.php\/2019\/01\/25\/foot-ldn-selectionhaiti-ne-doit-pas-se-manquer-face-au-cuba\/#breadcrumb\"},\"inLanguage\":\"fr-FR\",\"potentialAction\":[{\"@type\":\"ReadAction\",\"target\":[\"https:\/\/total-sport.fr\/index.php\/2019\/01\/25\/foot-ldn-selectionhaiti-ne-doit-pas-se-manquer-face-au-cuba\/\"]}]},{\"@type\":\"ImageObject\",\"inLanguage\":\"fr-FR\",\"@id\":\"https:\/\/total-sport.fr\/index.php\/2019\/01\/25\/foot-ldn-selectionhaiti-ne-doit-pas-se-manquer-face-au-cuba\/#primaryimage\",\"url\":\"https:\/\/totalsportts42.files.wordpress.com\/2019\/01\/2019_01_25_16-703740253.jpg\",\"contentUrl\":\"https:\/\/totalsportts42.files.wordpress.com\/2019\/01\/2019_01_25_16-703740253.jpg\"},{\"@type\":\"BreadcrumbList\",\"@id\":\"https:\/\/total-sport.fr\/index.php\/2019\/01\/25\/foot-ldn-selectionhaiti-ne-doit-pas-se-manquer-face-au-cuba\/#breadcrumb\",\"itemListElement\":[{\"@type\":\"ListItem\",\"position\":1,\"name\":\"Accueil\",\"item\":\"https:\/\/total-sport.fr\/\"},{\"@type\":\"ListItem\",\"position\":2,\"name\":\"foot-LDN-selection:HAITI ne doit pas se manquer face au CUBA\"}]},{\"@type\":\"WebSite\",\"@id\":\"https:\/\/total-sport.fr\/#website\",\"url\":\"https:\/\/total-sport.fr\/\",\"name\":\"Total Sports International (TSI)\",\"description\":\"vous informer est notre priorit\u00e9, 7 jours sur 7 avec toujours le m\u00eame professionnalisme\",\"potentialAction\":[{\"@type\":\"SearchAction\",\"target\":{\"@type\":\"EntryPoint\",\"urlTemplate\":\"https:\/\/total-sport.fr\/?s={search_term_string}\"},\"query-input\":{\"@type\":\"PropertyValueSpecification\",\"valueRequired\":true,\"valueName\":\"search_term_string\"}}],\"inLanguage\":\"fr-FR\"},{\"@type\":\"Person\",\"@id\":\"https:\/\/total-sport.fr\/#\/schema\/person\/f9f5599f372b747441cd5d912824aba4\",\"name\":\"Joly JEROME\",\"image\":{\"@type\":\"ImageObject\",\"inLanguage\":\"fr-FR\",\"@id\":\"https:\/\/total-sport.fr\/#\/schema\/person\/image\/\",\"url\":\"https:\/\/secure.gravatar.com\/avatar\/33e98ca4065ab233074302dee778104df3e61a0f91ceba3d746e7e40dbe11f0d?s=96&d=mm&r=g\",\"contentUrl\":\"https:\/\/secure.gravatar.com\/avatar\/33e98ca4065ab233074302dee778104df3e61a0f91ceba3d746e7e40dbe11f0d?s=96&d=mm&r=g\",\"caption\":\"Joly JEROME\"},\"description\":\"Je suis Joly JEROME, passionn\u00e9 de la lecture et du Sport notamment le Football. Je suis Journaliste ind\u00e9pendant fougueux, s\u00e9rieux mettant ma plume \u00e0 votre service pour vous informer avec la v\u00e9rit\u00e9 comme boussole. Jolyjerome989@gmail.com \/0690 93 65 88\",\"sameAs\":[\"https:\/\/total-sport.fr\",\"https:\/\/www.facebook.com\/joly.jerometotalsport\",\"Joly_JJCA\",\"Total Sport ts\",\"https:\/\/x.com\/Total Sport TS\"],\"url\":\"https:\/\/total-sport.fr\/index.php\/author\/jolyjerome\/\"}]}<\/script>\n<!-- \/ Yoast SEO plugin. -->","yoast_head_json":{"title":"foot-LDN-selection:HAITI ne doit pas se manquer face au CUBA - Total Sports International (TSI)","robots":{"index":"index","follow":"follow","max-snippet":"max-snippet:-1","max-image-preview":"max-image-preview:large","max-video-preview":"max-video-preview:-1"},"canonical":"https:\/\/total-sport.fr\/index.php\/2019\/01\/25\/foot-ldn-selectionhaiti-ne-doit-pas-se-manquer-face-au-cuba\/","og_locale":"fr_FR","og_type":"article","og_title":"foot-LDN-selection:HAITI ne doit pas se manquer face au CUBA - Total Sports International (TSI)","og_description":"La s\u00e9lection Ha\u00eftienne de football re\u00e7oit le CUBA pour le compte de la derni\u00e8re journ\u00e9e de la ligue des nations ,un match crucial pour les [...]","og_url":"https:\/\/total-sport.fr\/index.php\/2019\/01\/25\/foot-ldn-selectionhaiti-ne-doit-pas-se-manquer-face-au-cuba\/","og_site_name":"Total Sports International (TSI)","article_author":"https:\/\/www.facebook.com\/joly.jerometotalsport","article_published_time":"2019-01-25T20:31:06+00:00","article_modified_time":"2019-01-26T02:40:44+00:00","og_image":[{"url":"https:\/\/totalsportts42.files.wordpress.com\/2019\/01\/2019_01_25_16-703740253.jpg","type":"","width":"","height":""}],"author":"Joly JEROME","twitter_card":"summary_large_image","twitter_creator":"@Total Sport TS","twitter_misc":{"\u00c9crit par":"Joly JEROME","Dur\u00e9e de lecture estim\u00e9e":"1 minute"},"schema":{"@context":"https:\/\/schema.org","@graph":[{"@type":"WebPage","@id":"https:\/\/total-sport.fr\/index.php\/2019\/01\/25\/foot-ldn-selectionhaiti-ne-doit-pas-se-manquer-face-au-cuba\/","url":"https:\/\/total-sport.fr\/index.php\/2019\/01\/25\/foot-ldn-selectionhaiti-ne-doit-pas-se-manquer-face-au-cuba\/","name":"foot-LDN-selection:HAITI ne doit pas se manquer face au CUBA - Total Sports International (TSI)","isPartOf":{"@id":"https:\/\/total-sport.fr\/#website"},"primaryImageOfPage":{"@id":"https:\/\/total-sport.fr\/index.php\/2019\/01\/25\/foot-ldn-selectionhaiti-ne-doit-pas-se-manquer-face-au-cuba\/#primaryimage"},"image":{"@id":"https:\/\/total-sport.fr\/index.php\/2019\/01\/25\/foot-ldn-selectionhaiti-ne-doit-pas-se-manquer-face-au-cuba\/#primaryimage"},"thumbnailUrl":"https:\/\/totalsportts42.files.wordpress.com\/2019\/01\/2019_01_25_16-703740253.jpg","datePublished":"2019-01-25T20:31:06+00:00","dateModified":"2019-01-26T02:40:44+00:00","author":{"@id":"https:\/\/total-sport.fr\/#\/schema\/person\/f9f5599f372b747441cd5d912824aba4"},"breadcrumb":{"@id":"https:\/\/total-sport.fr\/index.php\/2019\/01\/25\/foot-ldn-selectionhaiti-ne-doit-pas-se-manquer-face-au-cuba\/#breadcrumb"},"inLanguage":"fr-FR","potentialAction":[{"@type":"ReadAction","target":["https:\/\/total-sport.fr\/index.php\/2019\/01\/25\/foot-ldn-selectionhaiti-ne-doit-pas-se-manquer-face-au-cuba\/"]}]},{"@type":"ImageObject","inLanguage":"fr-FR","@id":"https:\/\/total-sport.fr\/index.php\/2019\/01\/25\/foot-ldn-selectionhaiti-ne-doit-pas-se-manquer-face-au-cuba\/#primaryimage","url":"https:\/\/totalsportts42.files.wordpress.com\/2019\/01\/2019_01_25_16-703740253.jpg","contentUrl":"https:\/\/totalsportts42.files.wordpress.com\/2019\/01\/2019_01_25_16-703740253.jpg"},{"@type":"BreadcrumbList","@id":"https:\/\/total-sport.fr\/index.php\/2019\/01\/25\/foot-ldn-selectionhaiti-ne-doit-pas-se-manquer-face-au-cuba\/#breadcrumb","itemListElement":[{"@type":"ListItem","position":1,"name":"Accueil","item":"https:\/\/total-sport.fr\/"},{"@type":"ListItem","position":2,"name":"foot-LDN-selection:HAITI ne doit pas se manquer face au CUBA"}]},{"@type":"WebSite","@id":"https:\/\/total-sport.fr\/#website","url":"https:\/\/total-sport.fr\/","name":"Total Sports International (TSI)","description":"vous informer est notre priorit\u00e9, 7 jours sur 7 avec toujours le m\u00eame professionnalisme","potentialAction":[{"@type":"SearchAction","target":{"@type":"EntryPoint","urlTemplate":"https:\/\/total-sport.fr\/?s={search_term_string}"},"query-input":{"@type":"PropertyValueSpecification","valueRequired":true,"valueName":"search_term_string"}}],"inLanguage":"fr-FR"},{"@type":"Person","@id":"https:\/\/total-sport.fr\/#\/schema\/person\/f9f5599f372b747441cd5d912824aba4","name":"Joly JEROME","image":{"@type":"ImageObject","inLanguage":"fr-FR","@id":"https:\/\/total-sport.fr\/#\/schema\/person\/image\/","url":"https:\/\/secure.gravatar.com\/avatar\/33e98ca4065ab233074302dee778104df3e61a0f91ceba3d746e7e40dbe11f0d?s=96&d=mm&r=g","contentUrl":"https:\/\/secure.gravatar.com\/avatar\/33e98ca4065ab233074302dee778104df3e61a0f91ceba3d746e7e40dbe11f0d?s=96&d=mm&r=g","caption":"Joly JEROME"},"description":"Je suis Joly JEROME, passionn\u00e9 de la lecture et du Sport notamment le Football. Je suis Journaliste ind\u00e9pendant fougueux, s\u00e9rieux mettant ma plume \u00e0 votre service pour vous informer avec la v\u00e9rit\u00e9 comme boussole. Jolyjerome989@gmail.com \/0690 93 65 88","sameAs":["https:\/\/total-sport.fr","https:\/\/www.facebook.com\/joly.jerometotalsport","Joly_JJCA","Total Sport ts","https:\/\/x.com\/Total Sport TS"],"url":"https:\/\/total-sport.fr\/index.php\/author\/jolyjerome\/"}]}},"jetpack_publicize_connections":[],"jetpack_featured_media_url":"","jetpack_sharing_enabled":true,"jetpack_shortlink":"https:\/\/wp.me\/paF0J8-1Y","jetpack-related-posts":[{"id":3730,"url":"https:\/\/total-sport.fr\/index.php\/2021\/06\/14\/foot-mondial-2022-quel-plan-de-bataille-pour-haiti-contre-canada\/","url_meta":{"origin":122,"position":0},"title":"Foot-Mondial 2022: Quel plan de bataille pour Ha\u00efti contre Canada ?","author":"Joly JEROME","date":"14 juin 2021","format":false,"excerpt":"Par : Ralph Lourdy Pericl\u00e9s \u00c0 l'occasion de la deuxi\u00e8me phase des \u00e9liminatoires de la coupe du monde Qatar 2022, la s\u00e9lection Ha\u00eftienne de football s'\u00e9tait inclin\u00e9e 1-0 au stade National Sylvio Cator contre le Canada ce samedi 12 Juin 2021. Les grenadiers avaient perdu leur premi\u00e8re rencontre en encaissant\u2026","rel":"","context":"Dans &quot;International&quot;","block_context":{"text":"International","link":"https:\/\/total-sport.fr\/index.php\/category\/internationalfoot\/"},"img":{"alt_text":"","src":"https:\/\/i0.wp.com\/total-sport.fr\/wp-content\/uploads\/FB_IMG_1623669601217.jpg?fit=720%2C486&ssl=1&resize=350%2C200","width":350,"height":200,"srcset":"https:\/\/i0.wp.com\/total-sport.fr\/wp-content\/uploads\/FB_IMG_1623669601217.jpg?fit=720%2C486&ssl=1&resize=350%2C200 1x, https:\/\/i0.wp.com\/total-sport.fr\/wp-content\/uploads\/FB_IMG_1623669601217.jpg?fit=720%2C486&ssl=1&resize=525%2C300 1.5x, https:\/\/i0.wp.com\/total-sport.fr\/wp-content\/uploads\/FB_IMG_1623669601217.jpg?fit=720%2C486&ssl=1&resize=700%2C400 2x"},"classes":[]},{"id":1767,"url":"https:\/\/total-sport.fr\/index.php\/2019\/11\/15\/foot-ldn-quelle-possibilite-pour-la-guadeloupe-de-se-qualifier-pour-la-gold-cup-2021\/","url_meta":{"origin":122,"position":1},"title":"Foot-LDN: Quelle possibilit\u00e9 pour la Guadeloupe de se qualifier pour la GOLD CUP 2021 ?","author":"Joly JEROME","date":"15 novembre 2019","format":false,"excerpt":"La S\u00e9lection de la Guadeloupe re\u00e7oit ce dimanche son homologue de la Turks and Caicos dans le cadre de la 4\u00e8me et derni\u00e8re journ\u00e9e de la Ligue des Nations. Les Gwadaboys qui se trouvent dans la Ligue C, groupe D, accompagn\u00e9s de Sint-Maarten et Turks and Caicos r\u00e9alisent un parcours\u2026","rel":"","context":"Dans &quot;Ligue des Nations&quot;","block_context":{"text":"Ligue des Nations","link":"https:\/\/total-sport.fr\/index.php\/category\/internationalfoot\/ligue-des-nations\/"},"img":{"alt_text":"","src":"https:\/\/i0.wp.com\/total-sport.fr\/wp-content\/uploads\/20190908_070929-2.jpg?fit=750%2C500&ssl=1&resize=350%2C200","width":350,"height":200,"srcset":"https:\/\/i0.wp.com\/total-sport.fr\/wp-content\/uploads\/20190908_070929-2.jpg?fit=750%2C500&ssl=1&resize=350%2C200 1x, https:\/\/i0.wp.com\/total-sport.fr\/wp-content\/uploads\/20190908_070929-2.jpg?fit=750%2C500&ssl=1&resize=525%2C300 1.5x, https:\/\/i0.wp.com\/total-sport.fr\/wp-content\/uploads\/20190908_070929-2.jpg?fit=750%2C500&ssl=1&resize=700%2C400 2x"},"classes":[]},{"id":2762,"url":"https:\/\/total-sport.fr\/index.php\/2020\/04\/15\/foot-selection-wilde-donald-guerrier-annonce-sa-retraite-internationale\/","url_meta":{"origin":122,"position":2},"title":"Foot- S\u00e9lection: Wilde-Donald GUERRIER annonce sa retraite internationale","author":"Joly JEROME","date":"15 avril 2020","format":false,"excerpt":"Dans un Live Facebook diffus\u00e9 sur la page Facebook du site Haiti-Tempo ce Mercredi 15 avril 2020, le joueur Ha\u00eftien Wilde-Donald GUERRIER dit DG77 a annonc\u00e9 sa retraite internationale. L'ancien joueur du Violette AC et America des Cayes qui a \u00e9volu\u00e9 en s\u00e9lection Ha\u00eftienne pendant pr\u00e8s de 11 ans \u00e0\u2026","rel":"","context":"Dans &quot;International&quot;","block_context":{"text":"International","link":"https:\/\/total-sport.fr\/index.php\/category\/internationalfoot\/"},"img":{"alt_text":"","src":"https:\/\/i0.wp.com\/total-sport.fr\/wp-content\/uploads\/FB_IMG_1586999147745.jpg?fit=1080%2C720&ssl=1&resize=350%2C200","width":350,"height":200,"srcset":"https:\/\/i0.wp.com\/total-sport.fr\/wp-content\/uploads\/FB_IMG_1586999147745.jpg?fit=1080%2C720&ssl=1&resize=350%2C200 1x, https:\/\/i0.wp.com\/total-sport.fr\/wp-content\/uploads\/FB_IMG_1586999147745.jpg?fit=1080%2C720&ssl=1&resize=525%2C300 1.5x, https:\/\/i0.wp.com\/total-sport.fr\/wp-content\/uploads\/FB_IMG_1586999147745.jpg?fit=1080%2C720&ssl=1&resize=700%2C400 2x, https:\/\/i0.wp.com\/total-sport.fr\/wp-content\/uploads\/FB_IMG_1586999147745.jpg?fit=1080%2C720&ssl=1&resize=1050%2C600 3x"},"classes":[]},{"id":1218,"url":"https:\/\/total-sport.fr\/index.php\/2019\/07\/03\/gold-cup-2019-un-penalty-litigieux-en-faveur-du-mexique-brise-le-reve-des-grenadiers\/","url_meta":{"origin":122,"position":3},"title":"Gold Cup 2019: Un penalty Litigieux en faveur  du Mexique brise le r\u00eave des Grenadiers","author":"Joly JEROME","date":"3 juillet 2019","format":false,"excerpt":"La s\u00e9lection ha\u00eftienne de football affrontait le Mexique pour une place en finale de la Gold cup. Mais un penalty \u00ab g\u00e9n\u00e9reux \u00bb octroy\u00e9 en premi\u00e8re mi-temps des prolongations, transform\u00e9 par Ra\u00fal Jim\u00e9nez, a bris\u00e9 le r\u00eave Grenadier. Score finale un \u00e0 z\u00e9ro (1-0) en faveur d\u2019El Tri. Ha\u00efti y\u2026","rel":"","context":"Dans &quot;International&quot;","block_context":{"text":"International","link":"https:\/\/total-sport.fr\/index.php\/category\/internationalfoot\/"},"img":{"alt_text":"","src":"https:\/\/i0.wp.com\/total-sport.fr\/wp-content\/uploads\/2019\/07\/20190703_181516.jpg?fit=520%2C556&ssl=1&resize=350%2C200","width":350,"height":200},"classes":[]},{"id":648,"url":"https:\/\/total-sport.fr\/index.php\/2019\/03\/24\/foot-ldn-haiti-bat-le-cuba-et-valide-son-billet-pour-la-gold-cup-grace-a-un-duckens-nazon-des-grands-soirs\/","url_meta":{"origin":122,"position":4},"title":"Foot-LDN- Ha\u00efti bat le CUBA et valide son billet pour la Gold Cup, gr\u00e2ce \u00e0 un Duckens NAZON des grands soirs","author":"Joly JEROME","date":"24 mars 2019","format":false,"excerpt":"Dans un stade national Sylvio CATOR bleu et rouge, plein comme un oeuf, la s\u00e9lection Ha\u00eftienne de football a pris la longueur de celle de Cuba (2-1) gr\u00e2ce \u00e0 un but et une passe d\u00e9cisive sign\u00e9s Duckens NAZON pour valider son billet pour la\u00a0 Gold Cup . Duckens NAZON #9\u2026","rel":"","context":"Dans &quot;International&quot;","block_context":{"text":"International","link":"https:\/\/total-sport.fr\/index.php\/category\/internationalfoot\/"},"img":{"alt_text":"","src":"","width":0,"height":0},"classes":[]},{"id":4505,"url":"https:\/\/total-sport.fr\/index.php\/2023\/06\/25\/gold-cup-haiti-renverse-le-qatar\/","url_meta":{"origin":122,"position":5},"title":"Gold Cup : Ha\u00efti renverse le Qatar","author":"Joly JEROME","date":"25 juin 2023","format":false,"excerpt":"La s\u00e9lection ha\u00eftienne de football a bien d\u00e9marr\u00e9 la 17\u00e8me \u00e9dition de la Gold Cup face au Qatar. Les Grenadiers se sont impos\u00e9s gr\u00e2ce des buts de Nazon et Pierrot. Ha\u00efti a r\u00e9ussi son d\u00e9but dans la Gold Cup contre le Quatar en s'imposant 2-1 au NRG stadium \u00e0 Houston.\u2026","rel":"","context":"Dans &quot;Football Ha\u00eftien&quot;","block_context":{"text":"Football Ha\u00eftien","link":"https:\/\/total-sport.fr\/index.php\/category\/toute-lactualite-du-foot-en-haiti\/"},"img":{"alt_text":"","src":"https:\/\/i0.wp.com\/total-sport.fr\/wp-content\/uploads\/Screenshot_20230625_202641_Facebook.jpg?fit=913%2C636&ssl=1&resize=350%2C200","width":350,"height":200,"srcset":"https:\/\/i0.wp.com\/total-sport.fr\/wp-content\/uploads\/Screenshot_20230625_202641_Facebook.jpg?fit=913%2C636&ssl=1&resize=350%2C200 1x, https:\/\/i0.wp.com\/total-sport.fr\/wp-content\/uploads\/Screenshot_20230625_202641_Facebook.jpg?fit=913%2C636&ssl=1&resize=525%2C300 1.5x, https:\/\/i0.wp.com\/total-sport.fr\/wp-content\/uploads\/Screenshot_20230625_202641_Facebook.jpg?fit=913%2C636&ssl=1&resize=700%2C400 2x"},"classes":[]}],"jetpack_likes_enabled":true,"_links":{"self":[{"href":"https:\/\/total-sport.fr\/index.php\/wp-json\/wp\/v2\/posts\/122","targetHints":{"allow":["GET"]}}],"collection":[{"href":"https:\/\/total-sport.fr\/index.php\/wp-json\/wp\/v2\/posts"}],"about":[{"href":"https:\/\/total-sport.fr\/index.php\/wp-json\/wp\/v2\/types\/post"}],"author":[{"embeddable":true,"href":"https:\/\/total-sport.fr\/index.php\/wp-json\/wp\/v2\/users\/2"}],"replies":[{"embeddable":true,"href":"https:\/\/total-sport.fr\/index.php\/wp-json\/wp\/v2\/comments?post=122"}],"version-history":[{"count":6,"href":"https:\/\/total-sport.fr\/index.php\/wp-json\/wp\/v2\/posts\/122\/revisions"}],"predecessor-version":[{"id":143,"href":"https:\/\/total-sport.fr\/index.php\/wp-json\/wp\/v2\/posts\/122\/revisions\/143"}],"wp:attachment":[{"href":"https:\/\/total-sport.fr\/index.php\/wp-json\/wp\/v2\/media?parent=122"}],"wp:term":[{"taxonomy":"category","embeddable":true,"href":"https:\/\/total-sport.fr\/index.php\/wp-json\/wp\/v2\/categories?post=122"},{"taxonomy":"post_tag","embeddable":true,"href":"https:\/\/total-sport.fr\/index.php\/wp-json\/wp\/v2\/tags?post=122"}],"curies":[{"name":"wp","href":"https:\/\/api.w.org\/{rel}","templated":true}]}}