{"id":1214,"date":"2019-07-01T20:10:50","date_gmt":"2019-07-02T00:10:50","guid":{"rendered":"http:\/\/total-sport.fr\/?p=1214"},"modified":"2019-07-01T20:10:56","modified_gmt":"2019-07-02T00:10:56","slug":"gold-cup-2019-marc-collat-tout-est-possible-en-football","status":"publish","type":"post","link":"https:\/\/total-sport.fr\/index.php\/2019\/07\/01\/gold-cup-2019-marc-collat-tout-est-possible-en-football\/","title":{"rendered":"Gold Cup 2019: Marc COLLAT ,tout est possible en Football"},"content":{"rendered":"\n<p><strong>Quelques heures apr\u00e8s la qualification des grenadiers pour les demi-finales, le s\u00e9lectionneur fran\u00e7ais, Marc Collat se montre confiant avant d\u2019affronter le Mexique, mardi.<\/strong><\/p>\n\n\n\n<figure class=\"wp-block-image\"><img decoding=\"async\" src=\"https:\/\/totalsportts42.files.wordpress.com\/2019\/07\/fb_img_15607798685748238249872437777166.jpg\" alt=\"\" class=\"wp-image-3446\"\/><figcaption>\u00c0 gauche,  Marc COLLAT et son staff <\/figcaption><\/figure>\n\n\n\n<p>Ha\u00efti est sur un nuage et est entrain d\u2019\u00e9crire une page de son histoire. Historique ! C\u2019est tout ce qu\u2019on peut retenir jusque-l\u00e0 sur sa participation \u00e0 la Gold Cup 2019. Tous les enfants d\u2019Ha\u00efti qu\u2019on connaisait avant se transforment en de bons guerriers \u00e9tant pr\u00eats \u00e0 vaincre n\u2019importe quel adversaire. Ils y croient jusqu\u2019au bout.<\/p>\n\n\n\n<p>Un jour avant d\u2019affronter le grand Mexique, le mardi 2 juillet prochain, tout le groupe se concentre avec \u00e0 leur c\u00f4t\u00e9, un travailleur dans l\u2019ombre, Marc Collat. Ce dernier a encens\u00e9 la formation mexicaine, mais a foi en ses poulains et n\u2019a pas peur des azt\u00e8ques.<\/p>\n\n\n\n<p>\u201cJe sais que le Mexique est la meilleure \u00e9quipe de la r\u00e9gion\u201d, reconna\u00eet le natif de Fort-de-France.&nbsp; \u201cOn veut donc apprendre de cette \u00e9quipe\u2026De toute fa\u00e7on, on a d\u00e9j\u00e0 montr\u00e9 qu\u2019en football tout est possible\u201d, soutient l\u2019entra\u00eeneur de 69 ans.<\/p>\n\n\n\n<p>Depuis apr\u00e8s le d\u00e9part de Luis Am\u00e9lio Garcia \u00e0 la t\u00eate de la s\u00e9lection nationale, Marc Collat est celui qui a redonn\u00e9 vie aux grenadiers.<\/p>\n\n\n\n<p>Par Charlemagne DESHOMMES <\/p>\n","protected":false},"excerpt":{"rendered":"<div class=\"mh-excerpt\"><p>Quelques heures apr\u00e8s la qualification des grenadiers pour les demi-finales, le s\u00e9lectionneur fran\u00e7ais, Marc Collat se montre confiant avant d\u2019affronter le Mexique, mardi. Ha\u00efti est <a class=\"mh-excerpt-more\" href=\"https:\/\/total-sport.fr\/index.php\/2019\/07\/01\/gold-cup-2019-marc-collat-tout-est-possible-en-football\/\" title=\"Gold Cup 2019: Marc COLLAT ,tout est possible en Football\">[&#8230;]<\/a><\/p>\n<\/div>","protected":false},"author":2,"featured_media":1216,"comment_status":"open","ping_status":"open","sticky":false,"template":"","format":"standard","meta":{"jetpack_post_was_ever_published":false,"_jetpack_newsletter_access":"","_jetpack_dont_email_post_to_subs":false,"_jetpack_newsletter_tier_id":0,"_jetpack_memberships_contains_paywalled_content":false,"_jetpack_memberships_contains_paid_content":false,"footnotes":"","jetpack_publicize_message":"","jetpack_publicize_feature_enabled":true,"jetpack_social_post_already_shared":true,"jetpack_social_options":{"image_generator_settings":{"template":"highway","default_image_id":0,"font":"","enabled":false},"version":2}},"categories":[13],"tags":[],"class_list":["post-1214","post","type-post","status-publish","format-standard","has-post-thumbnail","hentry","category-internationalfoot"],"yoast_head":"<!-- This site is optimized with the Yoast SEO plugin v24.9 - https:\/\/yoast.com\/wordpress\/plugins\/seo\/ -->\n<title>Gold Cup 2019: Marc COLLAT ,tout est possible en Football - Total Sports International (TSI)<\/title>\n<meta name=\"robots\" content=\"index, follow, max-snippet:-1, max-image-preview:large, max-video-preview:-1\" \/>\n<link rel=\"canonical\" href=\"https:\/\/total-sport.fr\/index.php\/2019\/07\/01\/gold-cup-2019-marc-collat-tout-est-possible-en-football\/\" \/>\n<meta property=\"og:locale\" content=\"fr_FR\" \/>\n<meta property=\"og:type\" content=\"article\" \/>\n<meta property=\"og:title\" content=\"Gold Cup 2019: Marc COLLAT ,tout est possible en Football - Total Sports International (TSI)\" \/>\n<meta property=\"og:description\" content=\"Quelques heures apr\u00e8s la qualification des grenadiers pour les demi-finales, le s\u00e9lectionneur fran\u00e7ais, Marc Collat se montre confiant avant d\u2019affronter le Mexique, mardi. Ha\u00efti est [...]\" \/>\n<meta property=\"og:url\" content=\"https:\/\/total-sport.fr\/index.php\/2019\/07\/01\/gold-cup-2019-marc-collat-tout-est-possible-en-football\/\" \/>\n<meta property=\"og:site_name\" content=\"Total Sports International (TSI)\" \/>\n<meta property=\"article:author\" content=\"https:\/\/www.facebook.com\/joly.jerometotalsport\" \/>\n<meta property=\"article:published_time\" content=\"2019-07-02T00:10:50+00:00\" \/>\n<meta property=\"article:modified_time\" content=\"2019-07-02T00:10:56+00:00\" \/>\n<meta property=\"og:image\" content=\"https:\/\/i0.wp.com\/total-sport.fr\/wp-content\/uploads\/2019\/07\/20190701_200804.jpg?fit=1007%2C1288&ssl=1\" \/>\n\t<meta property=\"og:image:width\" content=\"1007\" \/>\n\t<meta property=\"og:image:height\" content=\"1288\" \/>\n\t<meta property=\"og:image:type\" content=\"image\/jpeg\" \/>\n<meta name=\"author\" content=\"Joly JEROME\" \/>\n<meta name=\"twitter:card\" content=\"summary_large_image\" \/>\n<meta name=\"twitter:creator\" content=\"@Total Sport TS\" \/>\n<meta name=\"twitter:label1\" content=\"\u00c9crit par\" \/>\n\t<meta name=\"twitter:data1\" content=\"Joly JEROME\" \/>\n\t<meta name=\"twitter:label2\" content=\"Dur\u00e9e de lecture estim\u00e9e\" \/>\n\t<meta name=\"twitter:data2\" content=\"1 minute\" \/>\n<script type=\"application\/ld+json\" class=\"yoast-schema-graph\">{\"@context\":\"https:\/\/schema.org\",\"@graph\":[{\"@type\":\"WebPage\",\"@id\":\"https:\/\/total-sport.fr\/index.php\/2019\/07\/01\/gold-cup-2019-marc-collat-tout-est-possible-en-football\/\",\"url\":\"https:\/\/total-sport.fr\/index.php\/2019\/07\/01\/gold-cup-2019-marc-collat-tout-est-possible-en-football\/\",\"name\":\"Gold Cup 2019: Marc COLLAT ,tout est possible en Football - Total Sports International (TSI)\",\"isPartOf\":{\"@id\":\"https:\/\/total-sport.fr\/#website\"},\"primaryImageOfPage\":{\"@id\":\"https:\/\/total-sport.fr\/index.php\/2019\/07\/01\/gold-cup-2019-marc-collat-tout-est-possible-en-football\/#primaryimage\"},\"image\":{\"@id\":\"https:\/\/total-sport.fr\/index.php\/2019\/07\/01\/gold-cup-2019-marc-collat-tout-est-possible-en-football\/#primaryimage\"},\"thumbnailUrl\":\"https:\/\/i0.wp.com\/total-sport.fr\/wp-content\/uploads\/2019\/07\/20190701_200804.jpg?fit=1007%2C1288&ssl=1\",\"datePublished\":\"2019-07-02T00:10:50+00:00\",\"dateModified\":\"2019-07-02T00:10:56+00:00\",\"author\":{\"@id\":\"https:\/\/total-sport.fr\/#\/schema\/person\/f9f5599f372b747441cd5d912824aba4\"},\"breadcrumb\":{\"@id\":\"https:\/\/total-sport.fr\/index.php\/2019\/07\/01\/gold-cup-2019-marc-collat-tout-est-possible-en-football\/#breadcrumb\"},\"inLanguage\":\"fr-FR\",\"potentialAction\":[{\"@type\":\"ReadAction\",\"target\":[\"https:\/\/total-sport.fr\/index.php\/2019\/07\/01\/gold-cup-2019-marc-collat-tout-est-possible-en-football\/\"]}]},{\"@type\":\"ImageObject\",\"inLanguage\":\"fr-FR\",\"@id\":\"https:\/\/total-sport.fr\/index.php\/2019\/07\/01\/gold-cup-2019-marc-collat-tout-est-possible-en-football\/#primaryimage\",\"url\":\"https:\/\/i0.wp.com\/total-sport.fr\/wp-content\/uploads\/2019\/07\/20190701_200804.jpg?fit=1007%2C1288&ssl=1\",\"contentUrl\":\"https:\/\/i0.wp.com\/total-sport.fr\/wp-content\/uploads\/2019\/07\/20190701_200804.jpg?fit=1007%2C1288&ssl=1\",\"width\":1007,\"height\":1288},{\"@type\":\"BreadcrumbList\",\"@id\":\"https:\/\/total-sport.fr\/index.php\/2019\/07\/01\/gold-cup-2019-marc-collat-tout-est-possible-en-football\/#breadcrumb\",\"itemListElement\":[{\"@type\":\"ListItem\",\"position\":1,\"name\":\"Accueil\",\"item\":\"https:\/\/total-sport.fr\/\"},{\"@type\":\"ListItem\",\"position\":2,\"name\":\"Gold Cup 2019: Marc COLLAT ,tout est possible en Football\"}]},{\"@type\":\"WebSite\",\"@id\":\"https:\/\/total-sport.fr\/#website\",\"url\":\"https:\/\/total-sport.fr\/\",\"name\":\"Total Sports International (TSI)\",\"description\":\"vous informer est notre priorit\u00e9, 7 jours sur 7 avec toujours le m\u00eame professionnalisme\",\"potentialAction\":[{\"@type\":\"SearchAction\",\"target\":{\"@type\":\"EntryPoint\",\"urlTemplate\":\"https:\/\/total-sport.fr\/?s={search_term_string}\"},\"query-input\":{\"@type\":\"PropertyValueSpecification\",\"valueRequired\":true,\"valueName\":\"search_term_string\"}}],\"inLanguage\":\"fr-FR\"},{\"@type\":\"Person\",\"@id\":\"https:\/\/total-sport.fr\/#\/schema\/person\/f9f5599f372b747441cd5d912824aba4\",\"name\":\"Joly JEROME\",\"image\":{\"@type\":\"ImageObject\",\"inLanguage\":\"fr-FR\",\"@id\":\"https:\/\/total-sport.fr\/#\/schema\/person\/image\/\",\"url\":\"https:\/\/secure.gravatar.com\/avatar\/33e98ca4065ab233074302dee778104df3e61a0f91ceba3d746e7e40dbe11f0d?s=96&d=mm&r=g\",\"contentUrl\":\"https:\/\/secure.gravatar.com\/avatar\/33e98ca4065ab233074302dee778104df3e61a0f91ceba3d746e7e40dbe11f0d?s=96&d=mm&r=g\",\"caption\":\"Joly JEROME\"},\"description\":\"Je suis Joly JEROME, passionn\u00e9 de la lecture et du Sport notamment le Football. Je suis Journaliste ind\u00e9pendant fougueux, s\u00e9rieux mettant ma plume \u00e0 votre service pour vous informer avec la v\u00e9rit\u00e9 comme boussole. Jolyjerome989@gmail.com \/0690 93 65 88\",\"sameAs\":[\"https:\/\/total-sport.fr\",\"https:\/\/www.facebook.com\/joly.jerometotalsport\",\"Joly_JJCA\",\"Total Sport ts\",\"https:\/\/x.com\/Total Sport TS\"],\"url\":\"https:\/\/total-sport.fr\/index.php\/author\/jolyjerome\/\"}]}<\/script>\n<!-- \/ Yoast SEO plugin. -->","yoast_head_json":{"title":"Gold Cup 2019: Marc COLLAT ,tout est possible en Football - Total Sports International (TSI)","robots":{"index":"index","follow":"follow","max-snippet":"max-snippet:-1","max-image-preview":"max-image-preview:large","max-video-preview":"max-video-preview:-1"},"canonical":"https:\/\/total-sport.fr\/index.php\/2019\/07\/01\/gold-cup-2019-marc-collat-tout-est-possible-en-football\/","og_locale":"fr_FR","og_type":"article","og_title":"Gold Cup 2019: Marc COLLAT ,tout est possible en Football - Total Sports International (TSI)","og_description":"Quelques heures apr\u00e8s la qualification des grenadiers pour les demi-finales, le s\u00e9lectionneur fran\u00e7ais, Marc Collat se montre confiant avant d\u2019affronter le Mexique, mardi. Ha\u00efti est [...]","og_url":"https:\/\/total-sport.fr\/index.php\/2019\/07\/01\/gold-cup-2019-marc-collat-tout-est-possible-en-football\/","og_site_name":"Total Sports International (TSI)","article_author":"https:\/\/www.facebook.com\/joly.jerometotalsport","article_published_time":"2019-07-02T00:10:50+00:00","article_modified_time":"2019-07-02T00:10:56+00:00","og_image":[{"width":1007,"height":1288,"url":"https:\/\/i0.wp.com\/total-sport.fr\/wp-content\/uploads\/2019\/07\/20190701_200804.jpg?fit=1007%2C1288&ssl=1","type":"image\/jpeg"}],"author":"Joly JEROME","twitter_card":"summary_large_image","twitter_creator":"@Total Sport TS","twitter_misc":{"\u00c9crit par":"Joly JEROME","Dur\u00e9e de lecture estim\u00e9e":"1 minute"},"schema":{"@context":"https:\/\/schema.org","@graph":[{"@type":"WebPage","@id":"https:\/\/total-sport.fr\/index.php\/2019\/07\/01\/gold-cup-2019-marc-collat-tout-est-possible-en-football\/","url":"https:\/\/total-sport.fr\/index.php\/2019\/07\/01\/gold-cup-2019-marc-collat-tout-est-possible-en-football\/","name":"Gold Cup 2019: Marc COLLAT ,tout est possible en Football - Total Sports International (TSI)","isPartOf":{"@id":"https:\/\/total-sport.fr\/#website"},"primaryImageOfPage":{"@id":"https:\/\/total-sport.fr\/index.php\/2019\/07\/01\/gold-cup-2019-marc-collat-tout-est-possible-en-football\/#primaryimage"},"image":{"@id":"https:\/\/total-sport.fr\/index.php\/2019\/07\/01\/gold-cup-2019-marc-collat-tout-est-possible-en-football\/#primaryimage"},"thumbnailUrl":"https:\/\/i0.wp.com\/total-sport.fr\/wp-content\/uploads\/2019\/07\/20190701_200804.jpg?fit=1007%2C1288&ssl=1","datePublished":"2019-07-02T00:10:50+00:00","dateModified":"2019-07-02T00:10:56+00:00","author":{"@id":"https:\/\/total-sport.fr\/#\/schema\/person\/f9f5599f372b747441cd5d912824aba4"},"breadcrumb":{"@id":"https:\/\/total-sport.fr\/index.php\/2019\/07\/01\/gold-cup-2019-marc-collat-tout-est-possible-en-football\/#breadcrumb"},"inLanguage":"fr-FR","potentialAction":[{"@type":"ReadAction","target":["https:\/\/total-sport.fr\/index.php\/2019\/07\/01\/gold-cup-2019-marc-collat-tout-est-possible-en-football\/"]}]},{"@type":"ImageObject","inLanguage":"fr-FR","@id":"https:\/\/total-sport.fr\/index.php\/2019\/07\/01\/gold-cup-2019-marc-collat-tout-est-possible-en-football\/#primaryimage","url":"https:\/\/i0.wp.com\/total-sport.fr\/wp-content\/uploads\/2019\/07\/20190701_200804.jpg?fit=1007%2C1288&ssl=1","contentUrl":"https:\/\/i0.wp.com\/total-sport.fr\/wp-content\/uploads\/2019\/07\/20190701_200804.jpg?fit=1007%2C1288&ssl=1","width":1007,"height":1288},{"@type":"BreadcrumbList","@id":"https:\/\/total-sport.fr\/index.php\/2019\/07\/01\/gold-cup-2019-marc-collat-tout-est-possible-en-football\/#breadcrumb","itemListElement":[{"@type":"ListItem","position":1,"name":"Accueil","item":"https:\/\/total-sport.fr\/"},{"@type":"ListItem","position":2,"name":"Gold Cup 2019: Marc COLLAT ,tout est possible en Football"}]},{"@type":"WebSite","@id":"https:\/\/total-sport.fr\/#website","url":"https:\/\/total-sport.fr\/","name":"Total Sports International (TSI)","description":"vous informer est notre priorit\u00e9, 7 jours sur 7 avec toujours le m\u00eame professionnalisme","potentialAction":[{"@type":"SearchAction","target":{"@type":"EntryPoint","urlTemplate":"https:\/\/total-sport.fr\/?s={search_term_string}"},"query-input":{"@type":"PropertyValueSpecification","valueRequired":true,"valueName":"search_term_string"}}],"inLanguage":"fr-FR"},{"@type":"Person","@id":"https:\/\/total-sport.fr\/#\/schema\/person\/f9f5599f372b747441cd5d912824aba4","name":"Joly JEROME","image":{"@type":"ImageObject","inLanguage":"fr-FR","@id":"https:\/\/total-sport.fr\/#\/schema\/person\/image\/","url":"https:\/\/secure.gravatar.com\/avatar\/33e98ca4065ab233074302dee778104df3e61a0f91ceba3d746e7e40dbe11f0d?s=96&d=mm&r=g","contentUrl":"https:\/\/secure.gravatar.com\/avatar\/33e98ca4065ab233074302dee778104df3e61a0f91ceba3d746e7e40dbe11f0d?s=96&d=mm&r=g","caption":"Joly JEROME"},"description":"Je suis Joly JEROME, passionn\u00e9 de la lecture et du Sport notamment le Football. Je suis Journaliste ind\u00e9pendant fougueux, s\u00e9rieux mettant ma plume \u00e0 votre service pour vous informer avec la v\u00e9rit\u00e9 comme boussole. Jolyjerome989@gmail.com \/0690 93 65 88","sameAs":["https:\/\/total-sport.fr","https:\/\/www.facebook.com\/joly.jerometotalsport","Joly_JJCA","Total Sport ts","https:\/\/x.com\/Total Sport TS"],"url":"https:\/\/total-sport.fr\/index.php\/author\/jolyjerome\/"}]}},"jetpack_publicize_connections":[],"jetpack_featured_media_url":"https:\/\/i0.wp.com\/total-sport.fr\/wp-content\/uploads\/2019\/07\/20190701_200804.jpg?fit=1007%2C1288&ssl=1","jetpack_sharing_enabled":true,"jetpack_shortlink":"https:\/\/wp.me\/paF0J8-jA","jetpack-related-posts":[{"id":1218,"url":"https:\/\/total-sport.fr\/index.php\/2019\/07\/03\/gold-cup-2019-un-penalty-litigieux-en-faveur-du-mexique-brise-le-reve-des-grenadiers\/","url_meta":{"origin":1214,"position":0},"title":"Gold Cup 2019: Un penalty Litigieux en faveur  du Mexique brise le r\u00eave des Grenadiers","author":"Joly JEROME","date":"3 juillet 2019","format":false,"excerpt":"La s\u00e9lection ha\u00eftienne de football affrontait le Mexique pour une place en finale de la Gold cup. Mais un penalty \u00ab g\u00e9n\u00e9reux \u00bb octroy\u00e9 en premi\u00e8re mi-temps des prolongations, transform\u00e9 par Ra\u00fal Jim\u00e9nez, a bris\u00e9 le r\u00eave Grenadier. Score finale un \u00e0 z\u00e9ro (1-0) en faveur d\u2019El Tri. Ha\u00efti y\u2026","rel":"","context":"Dans &quot;International&quot;","block_context":{"text":"International","link":"https:\/\/total-sport.fr\/index.php\/category\/internationalfoot\/"},"img":{"alt_text":"","src":"https:\/\/i0.wp.com\/total-sport.fr\/wp-content\/uploads\/2019\/07\/20190703_181516.jpg?fit=520%2C556&ssl=1&resize=350%2C200","width":350,"height":200},"classes":[]},{"id":1110,"url":"https:\/\/total-sport.fr\/index.php\/2019\/06\/09\/gold-cup-2019-les-23-joueurs-haitiens-retenus-par-marc-collat-pour-la-gold-cup\/","url_meta":{"origin":1214,"position":1},"title":"GOLD CUP 2019: Les 23 Joueurs Ha\u00eftiens retenus par MARC COLLAT pour la GOLD CUP","author":"Joly JEROME","date":"9 juin 2019","format":false,"excerpt":"Dans quelques jours d\u00e9butera la GOLD CUP 2019, la s\u00e9lection Ha\u00eftienne de football par le biais de son s\u00e9lectionneur Marc COLLAT a communiqu\u00e9 sa liste officielle pour cette comp\u00e9tition du 15 juin au 7 juillet. Les grenadiers qui se retrouvent dans le groupe B, accompagn\u00e9s de Nicaragua, Bermudes et le\u2026","rel":"","context":"Dans &quot;Foot MERCATO&quot;","block_context":{"text":"Foot MERCATO","link":"https:\/\/total-sport.fr\/index.php\/category\/foot-mercato\/"},"img":{"alt_text":"","src":"https:\/\/i0.wp.com\/total-sport.fr\/wp-content\/uploads\/2019\/06\/FB_IMG_1559554285095.jpg?fit=1080%2C720&ssl=1&resize=350%2C200","width":350,"height":200,"srcset":"https:\/\/i0.wp.com\/total-sport.fr\/wp-content\/uploads\/2019\/06\/FB_IMG_1559554285095.jpg?fit=1080%2C720&ssl=1&resize=350%2C200 1x, https:\/\/i0.wp.com\/total-sport.fr\/wp-content\/uploads\/2019\/06\/FB_IMG_1559554285095.jpg?fit=1080%2C720&ssl=1&resize=525%2C300 1.5x, https:\/\/i0.wp.com\/total-sport.fr\/wp-content\/uploads\/2019\/06\/FB_IMG_1559554285095.jpg?fit=1080%2C720&ssl=1&resize=700%2C400 2x, https:\/\/i0.wp.com\/total-sport.fr\/wp-content\/uploads\/2019\/06\/FB_IMG_1559554285095.jpg?fit=1080%2C720&ssl=1&resize=1050%2C600 3x"},"classes":[]},{"id":1115,"url":"https:\/\/total-sport.fr\/index.php\/2019\/06\/10\/gold-cup-2019-j-6-les-grenadiers-a-pied-doeuvre-au-costa-rica\/","url_meta":{"origin":1214,"position":2},"title":"Gold Cup 2019, J-6 les Grenadiers \u00e0 pied d&rsquo;\u0153uvre au Costa Rica .","author":"Joly JEROME","date":"10 juin 2019","format":false,"excerpt":"Sur le terrain d'entrainement num\u00e9ro 3 ( sur 5) du Club \" Liga Deportiva Alajuelense \" de premi\u00e8re division de la ligue du Costa Rica, la s\u00e9lection ha\u00eftienne de football , arriv\u00e9e la veille, a eu sa premi\u00e8re s\u00e9ance d'entrainement ce dimanche 9 juin 2019. Tous les 23 joueurs retenus,\u2026","rel":"","context":"Dans &quot;Non class\u00e9&quot;","block_context":{"text":"Non class\u00e9","link":"https:\/\/total-sport.fr\/index.php\/category\/non-classe\/"},"img":{"alt_text":"","src":"https:\/\/i0.wp.com\/total-sport.fr\/wp-content\/uploads\/2019\/06\/FB_IMG_1560164960398.jpg?fit=1080%2C720&ssl=1&resize=350%2C200","width":350,"height":200,"srcset":"https:\/\/i0.wp.com\/total-sport.fr\/wp-content\/uploads\/2019\/06\/FB_IMG_1560164960398.jpg?fit=1080%2C720&ssl=1&resize=350%2C200 1x, https:\/\/i0.wp.com\/total-sport.fr\/wp-content\/uploads\/2019\/06\/FB_IMG_1560164960398.jpg?fit=1080%2C720&ssl=1&resize=525%2C300 1.5x, https:\/\/i0.wp.com\/total-sport.fr\/wp-content\/uploads\/2019\/06\/FB_IMG_1560164960398.jpg?fit=1080%2C720&ssl=1&resize=700%2C400 2x, https:\/\/i0.wp.com\/total-sport.fr\/wp-content\/uploads\/2019\/06\/FB_IMG_1560164960398.jpg?fit=1080%2C720&ssl=1&resize=1050%2C600 3x"},"classes":[]},{"id":648,"url":"https:\/\/total-sport.fr\/index.php\/2019\/03\/24\/foot-ldn-haiti-bat-le-cuba-et-valide-son-billet-pour-la-gold-cup-grace-a-un-duckens-nazon-des-grands-soirs\/","url_meta":{"origin":1214,"position":3},"title":"Foot-LDN- Ha\u00efti bat le CUBA et valide son billet pour la Gold Cup, gr\u00e2ce \u00e0 un Duckens NAZON des grands soirs","author":"Joly JEROME","date":"24 mars 2019","format":false,"excerpt":"Dans un stade national Sylvio CATOR bleu et rouge, plein comme un oeuf, la s\u00e9lection Ha\u00eftienne de football a pris la longueur de celle de Cuba (2-1) gr\u00e2ce \u00e0 un but et une passe d\u00e9cisive sign\u00e9s Duckens NAZON pour valider son billet pour la\u00a0 Gold Cup . Duckens NAZON #9\u2026","rel":"","context":"Dans &quot;International&quot;","block_context":{"text":"International","link":"https:\/\/total-sport.fr\/index.php\/category\/internationalfoot\/"},"img":{"alt_text":"","src":"","width":0,"height":0},"classes":[]},{"id":1166,"url":"https:\/\/total-sport.fr\/index.php\/2019\/06\/18\/gold-cup-2019-bonne-entame-pour-haiti\/","url_meta":{"origin":1214,"position":4},"title":"Gold Cup 2019 : Bonne entame pour Ha\u00efti .","author":"Joly JEROME","date":"18 juin 2019","format":false,"excerpt":"Les grenadiers se sont impos\u00e9s non sans peine (2-1) dimanche soir (16 Juin 2019) au Stade National de San Jose (Costa Rica) face aux \u00eeles Bermudes \u00e0 l'occasion de leur entr\u00e9e en lice dans la 15e \u00e9dition de la Gold-Cup . Malgr\u00e9 tout, ils occupent la deuxi\u00e8me place derri\u00e8re le\u2026","rel":"","context":"Dans &quot;International&quot;","block_context":{"text":"International","link":"https:\/\/total-sport.fr\/index.php\/category\/internationalfoot\/"},"img":{"alt_text":"","src":"https:\/\/i0.wp.com\/total-sport.fr\/wp-content\/uploads\/2019\/06\/FB_IMG_1560779842881.jpg?fit=1080%2C720&ssl=1&resize=350%2C200","width":350,"height":200,"srcset":"https:\/\/i0.wp.com\/total-sport.fr\/wp-content\/uploads\/2019\/06\/FB_IMG_1560779842881.jpg?fit=1080%2C720&ssl=1&resize=350%2C200 1x, https:\/\/i0.wp.com\/total-sport.fr\/wp-content\/uploads\/2019\/06\/FB_IMG_1560779842881.jpg?fit=1080%2C720&ssl=1&resize=525%2C300 1.5x, https:\/\/i0.wp.com\/total-sport.fr\/wp-content\/uploads\/2019\/06\/FB_IMG_1560779842881.jpg?fit=1080%2C720&ssl=1&resize=700%2C400 2x, https:\/\/i0.wp.com\/total-sport.fr\/wp-content\/uploads\/2019\/06\/FB_IMG_1560779842881.jpg?fit=1080%2C720&ssl=1&resize=1050%2C600 3x"},"classes":[]},{"id":1306,"url":"https:\/\/total-sport.fr\/index.php\/2019\/07\/22\/foot-mercato-bryan-alceus-signe-au-paris-fc\/","url_meta":{"origin":1214,"position":5},"title":"Foot-Mercato : Bryan ALCEUS signe au Paris FC","author":"Joly JEROME","date":"22 juillet 2019","format":false,"excerpt":"Le Paris FC a officialis\u00e9 ce lundi 22 juillet 2019 la signature de l\u2019international ha\u00eftien, Bryan Alceus. Sur son site, le club a \u00e9galement annonc\u00e9 le num\u00e9ro que portera le grenadier sous sa nouvelle tunique. Bryan ALCEUS nouveau joueur Paris FC-credit photo Paris FC Auteur d\u2019un tr\u00e8s bon parcours en\u2026","rel":"","context":"Dans &quot;Foot MERCATO&quot;","block_context":{"text":"Foot MERCATO","link":"https:\/\/total-sport.fr\/index.php\/category\/foot-mercato\/"},"img":{"alt_text":"","src":"https:\/\/i0.wp.com\/total-sport.fr\/wp-content\/uploads\/2019\/07\/FB_IMG_1563833883792.jpg?fit=1200%2C1200&ssl=1&resize=350%2C200","width":350,"height":200,"srcset":"https:\/\/i0.wp.com\/total-sport.fr\/wp-content\/uploads\/2019\/07\/FB_IMG_1563833883792.jpg?fit=1200%2C1200&ssl=1&resize=350%2C200 1x, https:\/\/i0.wp.com\/total-sport.fr\/wp-content\/uploads\/2019\/07\/FB_IMG_1563833883792.jpg?fit=1200%2C1200&ssl=1&resize=525%2C300 1.5x, https:\/\/i0.wp.com\/total-sport.fr\/wp-content\/uploads\/2019\/07\/FB_IMG_1563833883792.jpg?fit=1200%2C1200&ssl=1&resize=700%2C400 2x, https:\/\/i0.wp.com\/total-sport.fr\/wp-content\/uploads\/2019\/07\/FB_IMG_1563833883792.jpg?fit=1200%2C1200&ssl=1&resize=1050%2C600 3x"},"classes":[]}],"jetpack_likes_enabled":true,"_links":{"self":[{"href":"https:\/\/total-sport.fr\/index.php\/wp-json\/wp\/v2\/posts\/1214","targetHints":{"allow":["GET"]}}],"collection":[{"href":"https:\/\/total-sport.fr\/index.php\/wp-json\/wp\/v2\/posts"}],"about":[{"href":"https:\/\/total-sport.fr\/index.php\/wp-json\/wp\/v2\/types\/post"}],"author":[{"embeddable":true,"href":"https:\/\/total-sport.fr\/index.php\/wp-json\/wp\/v2\/users\/2"}],"replies":[{"embeddable":true,"href":"https:\/\/total-sport.fr\/index.php\/wp-json\/wp\/v2\/comments?post=1214"}],"version-history":[{"count":2,"href":"https:\/\/total-sport.fr\/index.php\/wp-json\/wp\/v2\/posts\/1214\/revisions"}],"predecessor-version":[{"id":1217,"href":"https:\/\/total-sport.fr\/index.php\/wp-json\/wp\/v2\/posts\/1214\/revisions\/1217"}],"wp:featuredmedia":[{"embeddable":true,"href":"https:\/\/total-sport.fr\/index.php\/wp-json\/wp\/v2\/media\/1216"}],"wp:attachment":[{"href":"https:\/\/total-sport.fr\/index.php\/wp-json\/wp\/v2\/media?parent=1214"}],"wp:term":[{"taxonomy":"category","embeddable":true,"href":"https:\/\/total-sport.fr\/index.php\/wp-json\/wp\/v2\/categories?post=1214"},{"taxonomy":"post_tag","embeddable":true,"href":"https:\/\/total-sport.fr\/index.php\/wp-json\/wp\/v2\/tags?post=1214"}],"curies":[{"name":"wp","href":"https:\/\/api.w.org\/{rel}","templated":true}]}}