{"id":1162,"date":"2019-06-16T19:06:33","date_gmt":"2019-06-16T23:06:33","guid":{"rendered":"http:\/\/total-sport.fr\/?p=1162"},"modified":"2019-06-16T19:06:40","modified_gmt":"2019-06-16T23:06:40","slug":"foot-gold-cup-2019-coup-dur-pour-les-grenadiers-mechack-jerome-sort-sur-civiere","status":"publish","type":"post","link":"https:\/\/total-sport.fr\/index.php\/2019\/06\/16\/foot-gold-cup-2019-coup-dur-pour-les-grenadiers-mechack-jerome-sort-sur-civiere\/","title":{"rendered":"Foot &#8211; Gold Cup 2019: Coup dur pour les grenadiers, Mechack J\u00e9r\u00f4me sort sur civi\u00e8re!"},"content":{"rendered":"\n<p>Le chef de la d\u00e9fense de la s\u00e9lection nationale Mechack J\u00e9r\u00f4me, apparemment bless\u00e9, a \u00e9t\u00e9 contraint de sortir en civi\u00e8re et en larmes ce dimanche contre les Bermudes en ouverture de la premi\u00e8re journ\u00e9e du groupe B de la Gold Cup, un immense coup dur pour les grenadiers.<\/p>\n\n\n\n<figure class=\"wp-block-image\"><img decoding=\"async\" data-attachment-id=\"3397\" data-permalink=\"https:\/\/total-sport.fr\/index.php\/2020\/09\/20\/foot-r1-j2-las-gosier-la-redstar-et-la-solidarite-scolaire-font-le-plein-apres-2-journees\/img-20200920-wa0004\/\" data-orig-file=\"https:\/\/i0.wp.com\/total-sport.fr\/wp-content\/uploads\/IMG-20200920-WA0004.jpg?fit=1280%2C670&amp;ssl=1\" data-orig-size=\"1280,670\" data-comments-opened=\"1\" data-image-meta=\"{&quot;aperture&quot;:&quot;0&quot;,&quot;credit&quot;:&quot;&quot;,&quot;camera&quot;:&quot;&quot;,&quot;caption&quot;:&quot;&quot;,&quot;created_timestamp&quot;:&quot;0&quot;,&quot;copyright&quot;:&quot;&quot;,&quot;focal_length&quot;:&quot;0&quot;,&quot;iso&quot;:&quot;0&quot;,&quot;shutter_speed&quot;:&quot;0&quot;,&quot;title&quot;:&quot;&quot;,&quot;orientation&quot;:&quot;0&quot;}\" data-image-title=\"IMG-20200920-WA0004\" data-image-description=\"\" data-image-caption=\"\" data-large-file=\"https:\/\/i0.wp.com\/total-sport.fr\/wp-content\/uploads\/IMG-20200920-WA0004.jpg?fit=1024%2C536&amp;ssl=1\" src=\"https:\/\/totalsportts42.files.wordpress.com\/2019\/06\/fb_img_15607261005547006448884637037426.jpg\" alt=\"\" class=\"wp-image-3397\"\/><\/figure>\n\n\n\n<p>Mechack J\u00e9r\u00f4me \u00e9tait titulaire ce soir au coup d&rsquo;envoi de la rencontre entre le onze national et les Bermudes, lors de la premi\u00e8re journ\u00e9e du groupe B de la Golf Cup au stade National de Costa Rica. Le d\u00e9fenseur de 74 s\u00e9lections n&rsquo;est cependant pas rest\u00e9 sur le terrain jusqu\u2019au bout. En moins d&rsquo;un quart d&rsquo;heure apr\u00e8s la reprise, il a sembl\u00e9 contracter une s\u00e9rieuse blessure.<\/p>\n\n\n\n<p>A la suite d&rsquo;un contact avec l&rsquo;un des attaquants Bermudiens \u00e0 la 12e minute, Mechack est mal pris. Et, il a \u00e9t\u00e9 incapable de se relever, restant allong\u00e9 et immobile. Une civi\u00e8re a ensuite \u00e9t\u00e9 apport\u00e9e et pour le placer par Jems Geffrard.Par KEKE VIERI<\/p>\n","protected":false},"excerpt":{"rendered":"<div class=\"mh-excerpt\"><p>Le chef de la d\u00e9fense de la s\u00e9lection nationale Mechack J\u00e9r\u00f4me, apparemment bless\u00e9, a \u00e9t\u00e9 contraint de sortir en civi\u00e8re et en larmes ce dimanche <a class=\"mh-excerpt-more\" href=\"https:\/\/total-sport.fr\/index.php\/2019\/06\/16\/foot-gold-cup-2019-coup-dur-pour-les-grenadiers-mechack-jerome-sort-sur-civiere\/\" title=\"Foot &#8211; Gold Cup 2019: Coup dur pour les grenadiers, Mechack J\u00e9r\u00f4me sort sur civi\u00e8re!\">[&#8230;]<\/a><\/p>\n<\/div>","protected":false},"author":2,"featured_media":1164,"comment_status":"open","ping_status":"open","sticky":false,"template":"","format":"standard","meta":{"jetpack_post_was_ever_published":false,"_jetpack_newsletter_access":"","_jetpack_dont_email_post_to_subs":false,"_jetpack_newsletter_tier_id":0,"_jetpack_memberships_contains_paywalled_content":false,"_jetpack_memberships_contains_paid_content":false,"footnotes":"","jetpack_publicize_message":"","jetpack_publicize_feature_enabled":true,"jetpack_social_post_already_shared":true,"jetpack_social_options":{"image_generator_settings":{"template":"highway","default_image_id":0,"font":"","enabled":false},"version":2}},"categories":[13],"tags":[],"class_list":["post-1162","post","type-post","status-publish","format-standard","has-post-thumbnail","hentry","category-internationalfoot"],"yoast_head":"<!-- This site is optimized with the Yoast SEO plugin v24.9 - https:\/\/yoast.com\/wordpress\/plugins\/seo\/ -->\n<title>Foot - Gold Cup 2019: Coup dur pour les grenadiers, Mechack J\u00e9r\u00f4me sort sur civi\u00e8re! - Total Sports International (TSI)<\/title>\n<meta name=\"robots\" content=\"index, follow, max-snippet:-1, max-image-preview:large, max-video-preview:-1\" \/>\n<link rel=\"canonical\" href=\"https:\/\/total-sport.fr\/index.php\/2019\/06\/16\/foot-gold-cup-2019-coup-dur-pour-les-grenadiers-mechack-jerome-sort-sur-civiere\/\" \/>\n<meta property=\"og:locale\" content=\"fr_FR\" \/>\n<meta property=\"og:type\" content=\"article\" \/>\n<meta property=\"og:title\" content=\"Foot - Gold Cup 2019: Coup dur pour les grenadiers, Mechack J\u00e9r\u00f4me sort sur civi\u00e8re! - Total Sports International (TSI)\" \/>\n<meta property=\"og:description\" content=\"Le chef de la d\u00e9fense de la s\u00e9lection nationale Mechack J\u00e9r\u00f4me, apparemment bless\u00e9, a \u00e9t\u00e9 contraint de sortir en civi\u00e8re et en larmes ce dimanche [...]\" \/>\n<meta property=\"og:url\" content=\"https:\/\/total-sport.fr\/index.php\/2019\/06\/16\/foot-gold-cup-2019-coup-dur-pour-les-grenadiers-mechack-jerome-sort-sur-civiere\/\" \/>\n<meta property=\"og:site_name\" content=\"Total Sports International (TSI)\" \/>\n<meta property=\"article:author\" content=\"https:\/\/www.facebook.com\/joly.jerometotalsport\" \/>\n<meta property=\"article:published_time\" content=\"2019-06-16T23:06:33+00:00\" \/>\n<meta property=\"article:modified_time\" content=\"2019-06-16T23:06:40+00:00\" \/>\n<meta property=\"og:image\" content=\"https:\/\/i0.wp.com\/total-sport.fr\/wp-content\/uploads\/2019\/06\/FB_IMG_1560726100554.jpg?fit=750%2C500&ssl=1\" \/>\n\t<meta property=\"og:image:width\" content=\"750\" \/>\n\t<meta property=\"og:image:height\" content=\"500\" \/>\n\t<meta property=\"og:image:type\" content=\"image\/jpeg\" \/>\n<meta name=\"author\" content=\"Joly JEROME\" \/>\n<meta name=\"twitter:card\" content=\"summary_large_image\" \/>\n<meta name=\"twitter:creator\" content=\"@Total Sport TS\" \/>\n<meta name=\"twitter:label1\" content=\"\u00c9crit par\" \/>\n\t<meta name=\"twitter:data1\" content=\"Joly JEROME\" \/>\n\t<meta name=\"twitter:label2\" content=\"Dur\u00e9e de lecture estim\u00e9e\" \/>\n\t<meta name=\"twitter:data2\" content=\"1 minute\" \/>\n<script type=\"application\/ld+json\" class=\"yoast-schema-graph\">{\"@context\":\"https:\/\/schema.org\",\"@graph\":[{\"@type\":\"WebPage\",\"@id\":\"https:\/\/total-sport.fr\/index.php\/2019\/06\/16\/foot-gold-cup-2019-coup-dur-pour-les-grenadiers-mechack-jerome-sort-sur-civiere\/\",\"url\":\"https:\/\/total-sport.fr\/index.php\/2019\/06\/16\/foot-gold-cup-2019-coup-dur-pour-les-grenadiers-mechack-jerome-sort-sur-civiere\/\",\"name\":\"Foot - Gold Cup 2019: Coup dur pour les grenadiers, Mechack J\u00e9r\u00f4me sort sur civi\u00e8re! - Total Sports International (TSI)\",\"isPartOf\":{\"@id\":\"https:\/\/total-sport.fr\/#website\"},\"primaryImageOfPage\":{\"@id\":\"https:\/\/total-sport.fr\/index.php\/2019\/06\/16\/foot-gold-cup-2019-coup-dur-pour-les-grenadiers-mechack-jerome-sort-sur-civiere\/#primaryimage\"},\"image\":{\"@id\":\"https:\/\/total-sport.fr\/index.php\/2019\/06\/16\/foot-gold-cup-2019-coup-dur-pour-les-grenadiers-mechack-jerome-sort-sur-civiere\/#primaryimage\"},\"thumbnailUrl\":\"https:\/\/i0.wp.com\/total-sport.fr\/wp-content\/uploads\/2019\/06\/FB_IMG_1560726100554.jpg?fit=750%2C500&ssl=1\",\"datePublished\":\"2019-06-16T23:06:33+00:00\",\"dateModified\":\"2019-06-16T23:06:40+00:00\",\"author\":{\"@id\":\"https:\/\/total-sport.fr\/#\/schema\/person\/f9f5599f372b747441cd5d912824aba4\"},\"breadcrumb\":{\"@id\":\"https:\/\/total-sport.fr\/index.php\/2019\/06\/16\/foot-gold-cup-2019-coup-dur-pour-les-grenadiers-mechack-jerome-sort-sur-civiere\/#breadcrumb\"},\"inLanguage\":\"fr-FR\",\"potentialAction\":[{\"@type\":\"ReadAction\",\"target\":[\"https:\/\/total-sport.fr\/index.php\/2019\/06\/16\/foot-gold-cup-2019-coup-dur-pour-les-grenadiers-mechack-jerome-sort-sur-civiere\/\"]}]},{\"@type\":\"ImageObject\",\"inLanguage\":\"fr-FR\",\"@id\":\"https:\/\/total-sport.fr\/index.php\/2019\/06\/16\/foot-gold-cup-2019-coup-dur-pour-les-grenadiers-mechack-jerome-sort-sur-civiere\/#primaryimage\",\"url\":\"https:\/\/i0.wp.com\/total-sport.fr\/wp-content\/uploads\/2019\/06\/FB_IMG_1560726100554.jpg?fit=750%2C500&ssl=1\",\"contentUrl\":\"https:\/\/i0.wp.com\/total-sport.fr\/wp-content\/uploads\/2019\/06\/FB_IMG_1560726100554.jpg?fit=750%2C500&ssl=1\",\"width\":750,\"height\":500},{\"@type\":\"BreadcrumbList\",\"@id\":\"https:\/\/total-sport.fr\/index.php\/2019\/06\/16\/foot-gold-cup-2019-coup-dur-pour-les-grenadiers-mechack-jerome-sort-sur-civiere\/#breadcrumb\",\"itemListElement\":[{\"@type\":\"ListItem\",\"position\":1,\"name\":\"Accueil\",\"item\":\"https:\/\/total-sport.fr\/\"},{\"@type\":\"ListItem\",\"position\":2,\"name\":\"Foot &#8211; Gold Cup 2019: Coup dur pour les grenadiers, Mechack J\u00e9r\u00f4me sort sur civi\u00e8re!\"}]},{\"@type\":\"WebSite\",\"@id\":\"https:\/\/total-sport.fr\/#website\",\"url\":\"https:\/\/total-sport.fr\/\",\"name\":\"Total Sports International (TSI)\",\"description\":\"vous informer est notre priorit\u00e9, 7 jours sur 7 avec toujours le m\u00eame professionnalisme\",\"potentialAction\":[{\"@type\":\"SearchAction\",\"target\":{\"@type\":\"EntryPoint\",\"urlTemplate\":\"https:\/\/total-sport.fr\/?s={search_term_string}\"},\"query-input\":{\"@type\":\"PropertyValueSpecification\",\"valueRequired\":true,\"valueName\":\"search_term_string\"}}],\"inLanguage\":\"fr-FR\"},{\"@type\":\"Person\",\"@id\":\"https:\/\/total-sport.fr\/#\/schema\/person\/f9f5599f372b747441cd5d912824aba4\",\"name\":\"Joly JEROME\",\"image\":{\"@type\":\"ImageObject\",\"inLanguage\":\"fr-FR\",\"@id\":\"https:\/\/total-sport.fr\/#\/schema\/person\/image\/\",\"url\":\"https:\/\/secure.gravatar.com\/avatar\/33e98ca4065ab233074302dee778104df3e61a0f91ceba3d746e7e40dbe11f0d?s=96&d=mm&r=g\",\"contentUrl\":\"https:\/\/secure.gravatar.com\/avatar\/33e98ca4065ab233074302dee778104df3e61a0f91ceba3d746e7e40dbe11f0d?s=96&d=mm&r=g\",\"caption\":\"Joly JEROME\"},\"description\":\"Je suis Joly JEROME, passionn\u00e9 de la lecture et du Sport notamment le Football. Je suis Journaliste ind\u00e9pendant fougueux, s\u00e9rieux mettant ma plume \u00e0 votre service pour vous informer avec la v\u00e9rit\u00e9 comme boussole. Jolyjerome989@gmail.com \/0690 93 65 88\",\"sameAs\":[\"https:\/\/total-sport.fr\",\"https:\/\/www.facebook.com\/joly.jerometotalsport\",\"Joly_JJCA\",\"Total Sport ts\",\"https:\/\/x.com\/Total Sport TS\"],\"url\":\"https:\/\/total-sport.fr\/index.php\/author\/jolyjerome\/\"}]}<\/script>\n<!-- \/ Yoast SEO plugin. -->","yoast_head_json":{"title":"Foot - Gold Cup 2019: Coup dur pour les grenadiers, Mechack J\u00e9r\u00f4me sort sur civi\u00e8re! - Total Sports International (TSI)","robots":{"index":"index","follow":"follow","max-snippet":"max-snippet:-1","max-image-preview":"max-image-preview:large","max-video-preview":"max-video-preview:-1"},"canonical":"https:\/\/total-sport.fr\/index.php\/2019\/06\/16\/foot-gold-cup-2019-coup-dur-pour-les-grenadiers-mechack-jerome-sort-sur-civiere\/","og_locale":"fr_FR","og_type":"article","og_title":"Foot - Gold Cup 2019: Coup dur pour les grenadiers, Mechack J\u00e9r\u00f4me sort sur civi\u00e8re! - Total Sports International (TSI)","og_description":"Le chef de la d\u00e9fense de la s\u00e9lection nationale Mechack J\u00e9r\u00f4me, apparemment bless\u00e9, a \u00e9t\u00e9 contraint de sortir en civi\u00e8re et en larmes ce dimanche [...]","og_url":"https:\/\/total-sport.fr\/index.php\/2019\/06\/16\/foot-gold-cup-2019-coup-dur-pour-les-grenadiers-mechack-jerome-sort-sur-civiere\/","og_site_name":"Total Sports International (TSI)","article_author":"https:\/\/www.facebook.com\/joly.jerometotalsport","article_published_time":"2019-06-16T23:06:33+00:00","article_modified_time":"2019-06-16T23:06:40+00:00","og_image":[{"width":750,"height":500,"url":"https:\/\/i0.wp.com\/total-sport.fr\/wp-content\/uploads\/2019\/06\/FB_IMG_1560726100554.jpg?fit=750%2C500&ssl=1","type":"image\/jpeg"}],"author":"Joly JEROME","twitter_card":"summary_large_image","twitter_creator":"@Total Sport TS","twitter_misc":{"\u00c9crit par":"Joly JEROME","Dur\u00e9e de lecture estim\u00e9e":"1 minute"},"schema":{"@context":"https:\/\/schema.org","@graph":[{"@type":"WebPage","@id":"https:\/\/total-sport.fr\/index.php\/2019\/06\/16\/foot-gold-cup-2019-coup-dur-pour-les-grenadiers-mechack-jerome-sort-sur-civiere\/","url":"https:\/\/total-sport.fr\/index.php\/2019\/06\/16\/foot-gold-cup-2019-coup-dur-pour-les-grenadiers-mechack-jerome-sort-sur-civiere\/","name":"Foot - Gold Cup 2019: Coup dur pour les grenadiers, Mechack J\u00e9r\u00f4me sort sur civi\u00e8re! - Total Sports International (TSI)","isPartOf":{"@id":"https:\/\/total-sport.fr\/#website"},"primaryImageOfPage":{"@id":"https:\/\/total-sport.fr\/index.php\/2019\/06\/16\/foot-gold-cup-2019-coup-dur-pour-les-grenadiers-mechack-jerome-sort-sur-civiere\/#primaryimage"},"image":{"@id":"https:\/\/total-sport.fr\/index.php\/2019\/06\/16\/foot-gold-cup-2019-coup-dur-pour-les-grenadiers-mechack-jerome-sort-sur-civiere\/#primaryimage"},"thumbnailUrl":"https:\/\/i0.wp.com\/total-sport.fr\/wp-content\/uploads\/2019\/06\/FB_IMG_1560726100554.jpg?fit=750%2C500&ssl=1","datePublished":"2019-06-16T23:06:33+00:00","dateModified":"2019-06-16T23:06:40+00:00","author":{"@id":"https:\/\/total-sport.fr\/#\/schema\/person\/f9f5599f372b747441cd5d912824aba4"},"breadcrumb":{"@id":"https:\/\/total-sport.fr\/index.php\/2019\/06\/16\/foot-gold-cup-2019-coup-dur-pour-les-grenadiers-mechack-jerome-sort-sur-civiere\/#breadcrumb"},"inLanguage":"fr-FR","potentialAction":[{"@type":"ReadAction","target":["https:\/\/total-sport.fr\/index.php\/2019\/06\/16\/foot-gold-cup-2019-coup-dur-pour-les-grenadiers-mechack-jerome-sort-sur-civiere\/"]}]},{"@type":"ImageObject","inLanguage":"fr-FR","@id":"https:\/\/total-sport.fr\/index.php\/2019\/06\/16\/foot-gold-cup-2019-coup-dur-pour-les-grenadiers-mechack-jerome-sort-sur-civiere\/#primaryimage","url":"https:\/\/i0.wp.com\/total-sport.fr\/wp-content\/uploads\/2019\/06\/FB_IMG_1560726100554.jpg?fit=750%2C500&ssl=1","contentUrl":"https:\/\/i0.wp.com\/total-sport.fr\/wp-content\/uploads\/2019\/06\/FB_IMG_1560726100554.jpg?fit=750%2C500&ssl=1","width":750,"height":500},{"@type":"BreadcrumbList","@id":"https:\/\/total-sport.fr\/index.php\/2019\/06\/16\/foot-gold-cup-2019-coup-dur-pour-les-grenadiers-mechack-jerome-sort-sur-civiere\/#breadcrumb","itemListElement":[{"@type":"ListItem","position":1,"name":"Accueil","item":"https:\/\/total-sport.fr\/"},{"@type":"ListItem","position":2,"name":"Foot &#8211; Gold Cup 2019: Coup dur pour les grenadiers, Mechack J\u00e9r\u00f4me sort sur civi\u00e8re!"}]},{"@type":"WebSite","@id":"https:\/\/total-sport.fr\/#website","url":"https:\/\/total-sport.fr\/","name":"Total Sports International (TSI)","description":"vous informer est notre priorit\u00e9, 7 jours sur 7 avec toujours le m\u00eame professionnalisme","potentialAction":[{"@type":"SearchAction","target":{"@type":"EntryPoint","urlTemplate":"https:\/\/total-sport.fr\/?s={search_term_string}"},"query-input":{"@type":"PropertyValueSpecification","valueRequired":true,"valueName":"search_term_string"}}],"inLanguage":"fr-FR"},{"@type":"Person","@id":"https:\/\/total-sport.fr\/#\/schema\/person\/f9f5599f372b747441cd5d912824aba4","name":"Joly JEROME","image":{"@type":"ImageObject","inLanguage":"fr-FR","@id":"https:\/\/total-sport.fr\/#\/schema\/person\/image\/","url":"https:\/\/secure.gravatar.com\/avatar\/33e98ca4065ab233074302dee778104df3e61a0f91ceba3d746e7e40dbe11f0d?s=96&d=mm&r=g","contentUrl":"https:\/\/secure.gravatar.com\/avatar\/33e98ca4065ab233074302dee778104df3e61a0f91ceba3d746e7e40dbe11f0d?s=96&d=mm&r=g","caption":"Joly JEROME"},"description":"Je suis Joly JEROME, passionn\u00e9 de la lecture et du Sport notamment le Football. Je suis Journaliste ind\u00e9pendant fougueux, s\u00e9rieux mettant ma plume \u00e0 votre service pour vous informer avec la v\u00e9rit\u00e9 comme boussole. Jolyjerome989@gmail.com \/0690 93 65 88","sameAs":["https:\/\/total-sport.fr","https:\/\/www.facebook.com\/joly.jerometotalsport","Joly_JJCA","Total Sport ts","https:\/\/x.com\/Total Sport TS"],"url":"https:\/\/total-sport.fr\/index.php\/author\/jolyjerome\/"}]}},"jetpack_publicize_connections":[],"jetpack_featured_media_url":"https:\/\/i0.wp.com\/total-sport.fr\/wp-content\/uploads\/2019\/06\/FB_IMG_1560726100554.jpg?fit=750%2C500&ssl=1","jetpack_sharing_enabled":true,"jetpack_shortlink":"https:\/\/wp.me\/paF0J8-iK","jetpack-related-posts":[{"id":1110,"url":"https:\/\/total-sport.fr\/index.php\/2019\/06\/09\/gold-cup-2019-les-23-joueurs-haitiens-retenus-par-marc-collat-pour-la-gold-cup\/","url_meta":{"origin":1162,"position":0},"title":"GOLD CUP 2019: Les 23 Joueurs Ha\u00eftiens retenus par MARC COLLAT pour la GOLD CUP","author":"Joly JEROME","date":"9 juin 2019","format":false,"excerpt":"Dans quelques jours d\u00e9butera la GOLD CUP 2019, la s\u00e9lection Ha\u00eftienne de football par le biais de son s\u00e9lectionneur Marc COLLAT a communiqu\u00e9 sa liste officielle pour cette comp\u00e9tition du 15 juin au 7 juillet. Les grenadiers qui se retrouvent dans le groupe B, accompagn\u00e9s de Nicaragua, Bermudes et le\u2026","rel":"","context":"Dans &quot;Foot MERCATO&quot;","block_context":{"text":"Foot MERCATO","link":"https:\/\/total-sport.fr\/index.php\/category\/foot-mercato\/"},"img":{"alt_text":"","src":"https:\/\/i0.wp.com\/total-sport.fr\/wp-content\/uploads\/2019\/06\/FB_IMG_1559554285095.jpg?fit=1080%2C720&ssl=1&resize=350%2C200","width":350,"height":200,"srcset":"https:\/\/i0.wp.com\/total-sport.fr\/wp-content\/uploads\/2019\/06\/FB_IMG_1559554285095.jpg?fit=1080%2C720&ssl=1&resize=350%2C200 1x, https:\/\/i0.wp.com\/total-sport.fr\/wp-content\/uploads\/2019\/06\/FB_IMG_1559554285095.jpg?fit=1080%2C720&ssl=1&resize=525%2C300 1.5x, https:\/\/i0.wp.com\/total-sport.fr\/wp-content\/uploads\/2019\/06\/FB_IMG_1559554285095.jpg?fit=1080%2C720&ssl=1&resize=700%2C400 2x, https:\/\/i0.wp.com\/total-sport.fr\/wp-content\/uploads\/2019\/06\/FB_IMG_1559554285095.jpg?fit=1080%2C720&ssl=1&resize=1050%2C600 3x"},"classes":[]},{"id":1166,"url":"https:\/\/total-sport.fr\/index.php\/2019\/06\/18\/gold-cup-2019-bonne-entame-pour-haiti\/","url_meta":{"origin":1162,"position":1},"title":"Gold Cup 2019 : Bonne entame pour Ha\u00efti .","author":"Joly JEROME","date":"18 juin 2019","format":false,"excerpt":"Les grenadiers se sont impos\u00e9s non sans peine (2-1) dimanche soir (16 Juin 2019) au Stade National de San Jose (Costa Rica) face aux \u00eeles Bermudes \u00e0 l'occasion de leur entr\u00e9e en lice dans la 15e \u00e9dition de la Gold-Cup . Malgr\u00e9 tout, ils occupent la deuxi\u00e8me place derri\u00e8re le\u2026","rel":"","context":"Dans &quot;International&quot;","block_context":{"text":"International","link":"https:\/\/total-sport.fr\/index.php\/category\/internationalfoot\/"},"img":{"alt_text":"","src":"https:\/\/i0.wp.com\/total-sport.fr\/wp-content\/uploads\/2019\/06\/FB_IMG_1560779842881.jpg?fit=1080%2C720&ssl=1&resize=350%2C200","width":350,"height":200,"srcset":"https:\/\/i0.wp.com\/total-sport.fr\/wp-content\/uploads\/2019\/06\/FB_IMG_1560779842881.jpg?fit=1080%2C720&ssl=1&resize=350%2C200 1x, https:\/\/i0.wp.com\/total-sport.fr\/wp-content\/uploads\/2019\/06\/FB_IMG_1560779842881.jpg?fit=1080%2C720&ssl=1&resize=525%2C300 1.5x, https:\/\/i0.wp.com\/total-sport.fr\/wp-content\/uploads\/2019\/06\/FB_IMG_1560779842881.jpg?fit=1080%2C720&ssl=1&resize=700%2C400 2x, https:\/\/i0.wp.com\/total-sport.fr\/wp-content\/uploads\/2019\/06\/FB_IMG_1560779842881.jpg?fit=1080%2C720&ssl=1&resize=1050%2C600 3x"},"classes":[]},{"id":1198,"url":"https:\/\/total-sport.fr\/index.php\/2019\/06\/25\/gold-cup-2019-cyclopeenne-victoire-dhaiti-qui-arrache-la-premiere-place-aux-costaricains-dans-le-groupe-b\/","url_meta":{"origin":1162,"position":2},"title":"Gold Cup 2019: Cyclop\u00e9enne victoire D&rsquo;HA\u00cfTI qui arrache la premi\u00e8re place aux Costaricains dans le groupe B.","author":"Joly JEROME","date":"25 juin 2019","format":false,"excerpt":"Plus qu'un demi-si\u00e9cle (1959) depuis que Ha\u00efti n'avait plus gagn\u00e9 contre le Costa Rica, d\u00e9sormais c'est du pass\u00e9, les Grenadiers ont pris renvers\u00e9 les Ticos 2-1 dans le cadre de la 3\u00e9me journ\u00e9e du groupe B et terminer comme patron de cette poule. Press\u00e9e par un bloc haut des Costaricains,\u2026","rel":"","context":"Dans &quot;International&quot;","block_context":{"text":"International","link":"https:\/\/total-sport.fr\/index.php\/category\/internationalfoot\/"},"img":{"alt_text":"","src":"https:\/\/i0.wp.com\/total-sport.fr\/wp-content\/uploads\/2019\/06\/FB_IMG_1561457185261.jpg?fit=960%2C640&ssl=1&resize=350%2C200","width":350,"height":200,"srcset":"https:\/\/i0.wp.com\/total-sport.fr\/wp-content\/uploads\/2019\/06\/FB_IMG_1561457185261.jpg?fit=960%2C640&ssl=1&resize=350%2C200 1x, https:\/\/i0.wp.com\/total-sport.fr\/wp-content\/uploads\/2019\/06\/FB_IMG_1561457185261.jpg?fit=960%2C640&ssl=1&resize=525%2C300 1.5x, https:\/\/i0.wp.com\/total-sport.fr\/wp-content\/uploads\/2019\/06\/FB_IMG_1561457185261.jpg?fit=960%2C640&ssl=1&resize=700%2C400 2x"},"classes":[]},{"id":648,"url":"https:\/\/total-sport.fr\/index.php\/2019\/03\/24\/foot-ldn-haiti-bat-le-cuba-et-valide-son-billet-pour-la-gold-cup-grace-a-un-duckens-nazon-des-grands-soirs\/","url_meta":{"origin":1162,"position":3},"title":"Foot-LDN- Ha\u00efti bat le CUBA et valide son billet pour la Gold Cup, gr\u00e2ce \u00e0 un Duckens NAZON des grands soirs","author":"Joly JEROME","date":"24 mars 2019","format":false,"excerpt":"Dans un stade national Sylvio CATOR bleu et rouge, plein comme un oeuf, la s\u00e9lection Ha\u00eftienne de football a pris la longueur de celle de Cuba (2-1) gr\u00e2ce \u00e0 un but et une passe d\u00e9cisive sign\u00e9s Duckens NAZON pour valider son billet pour la\u00a0 Gold Cup . Duckens NAZON #9\u2026","rel":"","context":"Dans &quot;International&quot;","block_context":{"text":"International","link":"https:\/\/total-sport.fr\/index.php\/category\/internationalfoot\/"},"img":{"alt_text":"","src":"","width":0,"height":0},"classes":[]},{"id":1115,"url":"https:\/\/total-sport.fr\/index.php\/2019\/06\/10\/gold-cup-2019-j-6-les-grenadiers-a-pied-doeuvre-au-costa-rica\/","url_meta":{"origin":1162,"position":4},"title":"Gold Cup 2019, J-6 les Grenadiers \u00e0 pied d&rsquo;\u0153uvre au Costa Rica .","author":"Joly JEROME","date":"10 juin 2019","format":false,"excerpt":"Sur le terrain d'entrainement num\u00e9ro 3 ( sur 5) du Club \" Liga Deportiva Alajuelense \" de premi\u00e8re division de la ligue du Costa Rica, la s\u00e9lection ha\u00eftienne de football , arriv\u00e9e la veille, a eu sa premi\u00e8re s\u00e9ance d'entrainement ce dimanche 9 juin 2019. Tous les 23 joueurs retenus,\u2026","rel":"","context":"Dans &quot;Non class\u00e9&quot;","block_context":{"text":"Non class\u00e9","link":"https:\/\/total-sport.fr\/index.php\/category\/non-classe\/"},"img":{"alt_text":"","src":"https:\/\/i0.wp.com\/total-sport.fr\/wp-content\/uploads\/2019\/06\/FB_IMG_1560164960398.jpg?fit=1080%2C720&ssl=1&resize=350%2C200","width":350,"height":200,"srcset":"https:\/\/i0.wp.com\/total-sport.fr\/wp-content\/uploads\/2019\/06\/FB_IMG_1560164960398.jpg?fit=1080%2C720&ssl=1&resize=350%2C200 1x, https:\/\/i0.wp.com\/total-sport.fr\/wp-content\/uploads\/2019\/06\/FB_IMG_1560164960398.jpg?fit=1080%2C720&ssl=1&resize=525%2C300 1.5x, https:\/\/i0.wp.com\/total-sport.fr\/wp-content\/uploads\/2019\/06\/FB_IMG_1560164960398.jpg?fit=1080%2C720&ssl=1&resize=700%2C400 2x, https:\/\/i0.wp.com\/total-sport.fr\/wp-content\/uploads\/2019\/06\/FB_IMG_1560164960398.jpg?fit=1080%2C720&ssl=1&resize=1050%2C600 3x"},"classes":[]},{"id":1105,"url":"https:\/\/total-sport.fr\/index.php\/2019\/06\/08\/foot-amicalhaiti-battue-par-le-chili\/","url_meta":{"origin":1162,"position":5},"title":"Foot Amical:Haiti battue par le chili","author":"Joly JEROME","date":"8 juin 2019","format":false,"excerpt":"Pr\u00e9 Gold Cup 2019, Ha\u00efti battue par le Chili \u00e0 la SERENA ce jeudi ! En match amical de pr\u00e9paration pour la Gold Cup 2019 la s\u00e9lection ha\u00eftienne de football a \u00e9t\u00e9 battue (2-1) ce jeudi soir par le Chili au stade la Portada situ\u00e9 dans la ville LA SERENA,\u2026","rel":"","context":"Dans &quot;Match amical&quot;","block_context":{"text":"Match amical","link":"https:\/\/total-sport.fr\/index.php\/category\/amical\/"},"img":{"alt_text":"","src":"https:\/\/i0.wp.com\/total-sport.fr\/wp-content\/uploads\/2019\/06\/FB_IMG_1560000161224.jpg?fit=1200%2C921&ssl=1&resize=350%2C200","width":350,"height":200,"srcset":"https:\/\/i0.wp.com\/total-sport.fr\/wp-content\/uploads\/2019\/06\/FB_IMG_1560000161224.jpg?fit=1200%2C921&ssl=1&resize=350%2C200 1x, https:\/\/i0.wp.com\/total-sport.fr\/wp-content\/uploads\/2019\/06\/FB_IMG_1560000161224.jpg?fit=1200%2C921&ssl=1&resize=525%2C300 1.5x, https:\/\/i0.wp.com\/total-sport.fr\/wp-content\/uploads\/2019\/06\/FB_IMG_1560000161224.jpg?fit=1200%2C921&ssl=1&resize=700%2C400 2x, https:\/\/i0.wp.com\/total-sport.fr\/wp-content\/uploads\/2019\/06\/FB_IMG_1560000161224.jpg?fit=1200%2C921&ssl=1&resize=1050%2C600 3x"},"classes":[]}],"jetpack_likes_enabled":true,"_links":{"self":[{"href":"https:\/\/total-sport.fr\/index.php\/wp-json\/wp\/v2\/posts\/1162","targetHints":{"allow":["GET"]}}],"collection":[{"href":"https:\/\/total-sport.fr\/index.php\/wp-json\/wp\/v2\/posts"}],"about":[{"href":"https:\/\/total-sport.fr\/index.php\/wp-json\/wp\/v2\/types\/post"}],"author":[{"embeddable":true,"href":"https:\/\/total-sport.fr\/index.php\/wp-json\/wp\/v2\/users\/2"}],"replies":[{"embeddable":true,"href":"https:\/\/total-sport.fr\/index.php\/wp-json\/wp\/v2\/comments?post=1162"}],"version-history":[{"count":2,"href":"https:\/\/total-sport.fr\/index.php\/wp-json\/wp\/v2\/posts\/1162\/revisions"}],"predecessor-version":[{"id":1165,"href":"https:\/\/total-sport.fr\/index.php\/wp-json\/wp\/v2\/posts\/1162\/revisions\/1165"}],"wp:featuredmedia":[{"embeddable":true,"href":"https:\/\/total-sport.fr\/index.php\/wp-json\/wp\/v2\/media\/1164"}],"wp:attachment":[{"href":"https:\/\/total-sport.fr\/index.php\/wp-json\/wp\/v2\/media?parent=1162"}],"wp:term":[{"taxonomy":"category","embeddable":true,"href":"https:\/\/total-sport.fr\/index.php\/wp-json\/wp\/v2\/categories?post=1162"},{"taxonomy":"post_tag","embeddable":true,"href":"https:\/\/total-sport.fr\/index.php\/wp-json\/wp\/v2\/tags?post=1162"}],"curies":[{"name":"wp","href":"https:\/\/api.w.org\/{rel}","templated":true}]}}