{"id":1110,"date":"2019-06-09T12:02:29","date_gmt":"2019-06-09T16:02:29","guid":{"rendered":"http:\/\/total-sport.fr\/?p=1110"},"modified":"2019-06-13T15:57:49","modified_gmt":"2019-06-13T19:57:49","slug":"gold-cup-2019-les-23-joueurs-haitiens-retenus-par-marc-collat-pour-la-gold-cup","status":"publish","type":"post","link":"https:\/\/total-sport.fr\/index.php\/2019\/06\/09\/gold-cup-2019-les-23-joueurs-haitiens-retenus-par-marc-collat-pour-la-gold-cup\/","title":{"rendered":"GOLD CUP 2019: Les 23 Joueurs Ha\u00eftiens retenus par MARC COLLAT pour la GOLD CUP"},"content":{"rendered":"\n<p><strong>Dans quelques jours d\u00e9butera la GOLD CUP 2019, la s\u00e9lection Ha\u00eftienne de football par le biais de son s\u00e9lectionneur Marc COLLAT a communiqu\u00e9 sa liste officielle pour cette comp\u00e9tition du 15 juin au 7 juillet.<\/strong><\/p>\n\n\n\n<figure class=\"wp-block-image\"><img decoding=\"async\" src=\"https:\/\/totalsportts42.files.wordpress.com\/2019\/06\/fb_img_15595542636927421462754717866534.jpg\" alt=\"\" class=\"wp-image-3356\"\/><\/figure>\n\n\n\n<p>Les grenadiers qui se retrouvent dans le groupe B, accompagn\u00e9s de Nicaragua, Bermudes et le Costa-Rica peuvent compter sur la pr\u00e9sence de Herv\u00e9 Bazile comme un renfort de Taille, en revanche Soni MOUSTIVAR bless\u00e9 remplac\u00e9 par DUTHERSON CLERVAUX.<\/p>\n\n\n\n<p><strong>La liste des 23 Grenadiers <\/strong><\/p>\n\n\n\n<p><strong>Gardiens<\/strong> : Johny Placide (Sans club), Josu\u00e9 Duverger (Vitoria Setubal \/ Portugal), Isaac Rouaud (Vannes Olympique Club \/ France)<br><br><\/p>\n\n\n\n<p><strong>D\u00e9fenseurs<\/strong> : Carlens Arcus (AJ Auxerre \/ France), Ricardo Ad\u00e9 (Deportivo Magallanes \/ Chili), Mechack J\u00e9r\u00f4me (El Paso Locomotive \/ USA), Jems Geffrard (Fresno \/ USA), Alex Christian Junior (Ararat-Arm\u00e9nie \/ Arm\u00e9nie), Djimy Bend Alexis (AS Capoise), Donald Guerrier (FK Qarabag \/ Azerba\u00efdjan), Andrew Jean-Baptiste (Ume\u00e5 FC \/ Su\u00e8de).<\/p>\n\n\n\n<p><strong>Milieux<\/strong> : Bryan Alceus (C\u2019Chartres Football \/ France), Zachary Herivaux (Birmingham Legion FC \/ USA), Dutherson Clerveaux (Cavaly), Steeven Saba (Violette) et Herold Jr Charles (Cibao FC \/ R\u00e9publique Dominicaine)<\/p>\n\n\n\n<p><strong>Attaquants<\/strong> : Mika\u00ebl Cantave (Tropezon \/ Espagne), Frantzdy Pierrot (Mouscron \/ Belgique), Duckens Nazon (Saint Mirren \/ Ecosse), Jonel D\u00e9sir\u00e9 (FC Lori \/ Arm\u00e9nie), Derrick Etienne (New York Red Bulls \/ USA), Herv\u00e9 Bazile (Le Havre \/ France).<\/p>\n","protected":false},"excerpt":{"rendered":"<div class=\"mh-excerpt\"><p>Dans quelques jours d\u00e9butera la GOLD CUP 2019, la s\u00e9lection Ha\u00eftienne de football par le biais de son s\u00e9lectionneur Marc COLLAT a communiqu\u00e9 sa liste <a class=\"mh-excerpt-more\" href=\"https:\/\/total-sport.fr\/index.php\/2019\/06\/09\/gold-cup-2019-les-23-joueurs-haitiens-retenus-par-marc-collat-pour-la-gold-cup\/\" title=\"GOLD CUP 2019: Les 23 Joueurs Ha\u00eftiens retenus par MARC COLLAT pour la GOLD CUP\">[&#8230;]<\/a><\/p>\n<\/div>","protected":false},"author":2,"featured_media":1112,"comment_status":"open","ping_status":"open","sticky":false,"template":"","format":"standard","meta":{"jetpack_post_was_ever_published":false,"_jetpack_newsletter_access":"","_jetpack_dont_email_post_to_subs":false,"_jetpack_newsletter_tier_id":0,"_jetpack_memberships_contains_paywalled_content":false,"_jetpack_memberships_contains_paid_content":false,"footnotes":"","jetpack_publicize_message":"","jetpack_publicize_feature_enabled":true,"jetpack_social_post_already_shared":true,"jetpack_social_options":{"image_generator_settings":{"template":"highway","default_image_id":0,"font":"","enabled":false},"version":2}},"categories":[19,13],"tags":[],"class_list":["post-1110","post","type-post","status-publish","format-standard","has-post-thumbnail","hentry","category-foot-mercato","category-internationalfoot"],"yoast_head":"<!-- This site is optimized with the Yoast SEO plugin v24.9 - https:\/\/yoast.com\/wordpress\/plugins\/seo\/ -->\n<title>GOLD CUP 2019: Les 23 Joueurs Ha\u00eftiens retenus par MARC COLLAT pour la GOLD CUP - Total Sports International (TSI)<\/title>\n<meta name=\"robots\" content=\"index, follow, max-snippet:-1, max-image-preview:large, max-video-preview:-1\" \/>\n<link rel=\"canonical\" href=\"https:\/\/total-sport.fr\/index.php\/2019\/06\/09\/gold-cup-2019-les-23-joueurs-haitiens-retenus-par-marc-collat-pour-la-gold-cup\/\" \/>\n<meta property=\"og:locale\" content=\"fr_FR\" \/>\n<meta property=\"og:type\" content=\"article\" \/>\n<meta property=\"og:title\" content=\"GOLD CUP 2019: Les 23 Joueurs Ha\u00eftiens retenus par MARC COLLAT pour la GOLD CUP - Total Sports International (TSI)\" \/>\n<meta property=\"og:description\" content=\"Dans quelques jours d\u00e9butera la GOLD CUP 2019, la s\u00e9lection Ha\u00eftienne de football par le biais de son s\u00e9lectionneur Marc COLLAT a communiqu\u00e9 sa liste [...]\" \/>\n<meta property=\"og:url\" content=\"https:\/\/total-sport.fr\/index.php\/2019\/06\/09\/gold-cup-2019-les-23-joueurs-haitiens-retenus-par-marc-collat-pour-la-gold-cup\/\" \/>\n<meta property=\"og:site_name\" content=\"Total Sports International (TSI)\" \/>\n<meta property=\"article:author\" content=\"https:\/\/www.facebook.com\/joly.jerometotalsport\" \/>\n<meta property=\"article:published_time\" content=\"2019-06-09T16:02:29+00:00\" \/>\n<meta property=\"article:modified_time\" content=\"2019-06-13T19:57:49+00:00\" \/>\n<meta property=\"og:image\" content=\"https:\/\/i0.wp.com\/total-sport.fr\/wp-content\/uploads\/2019\/06\/FB_IMG_1559554285095.jpg?fit=1080%2C720&ssl=1\" \/>\n\t<meta property=\"og:image:width\" content=\"1080\" \/>\n\t<meta property=\"og:image:height\" content=\"720\" \/>\n\t<meta property=\"og:image:type\" content=\"image\/jpeg\" \/>\n<meta name=\"author\" content=\"Joly JEROME\" \/>\n<meta name=\"twitter:card\" content=\"summary_large_image\" \/>\n<meta name=\"twitter:creator\" content=\"@Total Sport TS\" \/>\n<meta name=\"twitter:label1\" content=\"\u00c9crit par\" \/>\n\t<meta name=\"twitter:data1\" content=\"Joly JEROME\" \/>\n\t<meta name=\"twitter:label2\" content=\"Dur\u00e9e de lecture estim\u00e9e\" \/>\n\t<meta name=\"twitter:data2\" content=\"1 minute\" \/>\n<script type=\"application\/ld+json\" class=\"yoast-schema-graph\">{\"@context\":\"https:\/\/schema.org\",\"@graph\":[{\"@type\":\"WebPage\",\"@id\":\"https:\/\/total-sport.fr\/index.php\/2019\/06\/09\/gold-cup-2019-les-23-joueurs-haitiens-retenus-par-marc-collat-pour-la-gold-cup\/\",\"url\":\"https:\/\/total-sport.fr\/index.php\/2019\/06\/09\/gold-cup-2019-les-23-joueurs-haitiens-retenus-par-marc-collat-pour-la-gold-cup\/\",\"name\":\"GOLD CUP 2019: Les 23 Joueurs Ha\u00eftiens retenus par MARC COLLAT pour la GOLD CUP - Total Sports International (TSI)\",\"isPartOf\":{\"@id\":\"https:\/\/total-sport.fr\/#website\"},\"primaryImageOfPage\":{\"@id\":\"https:\/\/total-sport.fr\/index.php\/2019\/06\/09\/gold-cup-2019-les-23-joueurs-haitiens-retenus-par-marc-collat-pour-la-gold-cup\/#primaryimage\"},\"image\":{\"@id\":\"https:\/\/total-sport.fr\/index.php\/2019\/06\/09\/gold-cup-2019-les-23-joueurs-haitiens-retenus-par-marc-collat-pour-la-gold-cup\/#primaryimage\"},\"thumbnailUrl\":\"https:\/\/i0.wp.com\/total-sport.fr\/wp-content\/uploads\/2019\/06\/FB_IMG_1559554285095.jpg?fit=1080%2C720&ssl=1\",\"datePublished\":\"2019-06-09T16:02:29+00:00\",\"dateModified\":\"2019-06-13T19:57:49+00:00\",\"author\":{\"@id\":\"https:\/\/total-sport.fr\/#\/schema\/person\/f9f5599f372b747441cd5d912824aba4\"},\"breadcrumb\":{\"@id\":\"https:\/\/total-sport.fr\/index.php\/2019\/06\/09\/gold-cup-2019-les-23-joueurs-haitiens-retenus-par-marc-collat-pour-la-gold-cup\/#breadcrumb\"},\"inLanguage\":\"fr-FR\",\"potentialAction\":[{\"@type\":\"ReadAction\",\"target\":[\"https:\/\/total-sport.fr\/index.php\/2019\/06\/09\/gold-cup-2019-les-23-joueurs-haitiens-retenus-par-marc-collat-pour-la-gold-cup\/\"]}]},{\"@type\":\"ImageObject\",\"inLanguage\":\"fr-FR\",\"@id\":\"https:\/\/total-sport.fr\/index.php\/2019\/06\/09\/gold-cup-2019-les-23-joueurs-haitiens-retenus-par-marc-collat-pour-la-gold-cup\/#primaryimage\",\"url\":\"https:\/\/i0.wp.com\/total-sport.fr\/wp-content\/uploads\/2019\/06\/FB_IMG_1559554285095.jpg?fit=1080%2C720&ssl=1\",\"contentUrl\":\"https:\/\/i0.wp.com\/total-sport.fr\/wp-content\/uploads\/2019\/06\/FB_IMG_1559554285095.jpg?fit=1080%2C720&ssl=1\",\"width\":1080,\"height\":720},{\"@type\":\"BreadcrumbList\",\"@id\":\"https:\/\/total-sport.fr\/index.php\/2019\/06\/09\/gold-cup-2019-les-23-joueurs-haitiens-retenus-par-marc-collat-pour-la-gold-cup\/#breadcrumb\",\"itemListElement\":[{\"@type\":\"ListItem\",\"position\":1,\"name\":\"Accueil\",\"item\":\"https:\/\/total-sport.fr\/\"},{\"@type\":\"ListItem\",\"position\":2,\"name\":\"GOLD CUP 2019: Les 23 Joueurs Ha\u00eftiens retenus par MARC COLLAT pour la GOLD CUP\"}]},{\"@type\":\"WebSite\",\"@id\":\"https:\/\/total-sport.fr\/#website\",\"url\":\"https:\/\/total-sport.fr\/\",\"name\":\"Total Sports International (TSI)\",\"description\":\"vous informer est notre priorit\u00e9, 7 jours sur 7 avec toujours le m\u00eame professionnalisme\",\"potentialAction\":[{\"@type\":\"SearchAction\",\"target\":{\"@type\":\"EntryPoint\",\"urlTemplate\":\"https:\/\/total-sport.fr\/?s={search_term_string}\"},\"query-input\":{\"@type\":\"PropertyValueSpecification\",\"valueRequired\":true,\"valueName\":\"search_term_string\"}}],\"inLanguage\":\"fr-FR\"},{\"@type\":\"Person\",\"@id\":\"https:\/\/total-sport.fr\/#\/schema\/person\/f9f5599f372b747441cd5d912824aba4\",\"name\":\"Joly JEROME\",\"image\":{\"@type\":\"ImageObject\",\"inLanguage\":\"fr-FR\",\"@id\":\"https:\/\/total-sport.fr\/#\/schema\/person\/image\/\",\"url\":\"https:\/\/secure.gravatar.com\/avatar\/33e98ca4065ab233074302dee778104df3e61a0f91ceba3d746e7e40dbe11f0d?s=96&d=mm&r=g\",\"contentUrl\":\"https:\/\/secure.gravatar.com\/avatar\/33e98ca4065ab233074302dee778104df3e61a0f91ceba3d746e7e40dbe11f0d?s=96&d=mm&r=g\",\"caption\":\"Joly JEROME\"},\"description\":\"Je suis Joly JEROME, passionn\u00e9 de la lecture et du Sport notamment le Football. Je suis Journaliste ind\u00e9pendant fougueux, s\u00e9rieux mettant ma plume \u00e0 votre service pour vous informer avec la v\u00e9rit\u00e9 comme boussole. Jolyjerome989@gmail.com \/0690 93 65 88\",\"sameAs\":[\"https:\/\/total-sport.fr\",\"https:\/\/www.facebook.com\/joly.jerometotalsport\",\"Joly_JJCA\",\"Total Sport ts\",\"https:\/\/x.com\/Total Sport TS\"],\"url\":\"https:\/\/total-sport.fr\/index.php\/author\/jolyjerome\/\"}]}<\/script>\n<!-- \/ Yoast SEO plugin. -->","yoast_head_json":{"title":"GOLD CUP 2019: Les 23 Joueurs Ha\u00eftiens retenus par MARC COLLAT pour la GOLD CUP - Total Sports International (TSI)","robots":{"index":"index","follow":"follow","max-snippet":"max-snippet:-1","max-image-preview":"max-image-preview:large","max-video-preview":"max-video-preview:-1"},"canonical":"https:\/\/total-sport.fr\/index.php\/2019\/06\/09\/gold-cup-2019-les-23-joueurs-haitiens-retenus-par-marc-collat-pour-la-gold-cup\/","og_locale":"fr_FR","og_type":"article","og_title":"GOLD CUP 2019: Les 23 Joueurs Ha\u00eftiens retenus par MARC COLLAT pour la GOLD CUP - Total Sports International (TSI)","og_description":"Dans quelques jours d\u00e9butera la GOLD CUP 2019, la s\u00e9lection Ha\u00eftienne de football par le biais de son s\u00e9lectionneur Marc COLLAT a communiqu\u00e9 sa liste [...]","og_url":"https:\/\/total-sport.fr\/index.php\/2019\/06\/09\/gold-cup-2019-les-23-joueurs-haitiens-retenus-par-marc-collat-pour-la-gold-cup\/","og_site_name":"Total Sports International (TSI)","article_author":"https:\/\/www.facebook.com\/joly.jerometotalsport","article_published_time":"2019-06-09T16:02:29+00:00","article_modified_time":"2019-06-13T19:57:49+00:00","og_image":[{"width":1080,"height":720,"url":"https:\/\/i0.wp.com\/total-sport.fr\/wp-content\/uploads\/2019\/06\/FB_IMG_1559554285095.jpg?fit=1080%2C720&ssl=1","type":"image\/jpeg"}],"author":"Joly JEROME","twitter_card":"summary_large_image","twitter_creator":"@Total Sport TS","twitter_misc":{"\u00c9crit par":"Joly JEROME","Dur\u00e9e de lecture estim\u00e9e":"1 minute"},"schema":{"@context":"https:\/\/schema.org","@graph":[{"@type":"WebPage","@id":"https:\/\/total-sport.fr\/index.php\/2019\/06\/09\/gold-cup-2019-les-23-joueurs-haitiens-retenus-par-marc-collat-pour-la-gold-cup\/","url":"https:\/\/total-sport.fr\/index.php\/2019\/06\/09\/gold-cup-2019-les-23-joueurs-haitiens-retenus-par-marc-collat-pour-la-gold-cup\/","name":"GOLD CUP 2019: Les 23 Joueurs Ha\u00eftiens retenus par MARC COLLAT pour la GOLD CUP - Total Sports International (TSI)","isPartOf":{"@id":"https:\/\/total-sport.fr\/#website"},"primaryImageOfPage":{"@id":"https:\/\/total-sport.fr\/index.php\/2019\/06\/09\/gold-cup-2019-les-23-joueurs-haitiens-retenus-par-marc-collat-pour-la-gold-cup\/#primaryimage"},"image":{"@id":"https:\/\/total-sport.fr\/index.php\/2019\/06\/09\/gold-cup-2019-les-23-joueurs-haitiens-retenus-par-marc-collat-pour-la-gold-cup\/#primaryimage"},"thumbnailUrl":"https:\/\/i0.wp.com\/total-sport.fr\/wp-content\/uploads\/2019\/06\/FB_IMG_1559554285095.jpg?fit=1080%2C720&ssl=1","datePublished":"2019-06-09T16:02:29+00:00","dateModified":"2019-06-13T19:57:49+00:00","author":{"@id":"https:\/\/total-sport.fr\/#\/schema\/person\/f9f5599f372b747441cd5d912824aba4"},"breadcrumb":{"@id":"https:\/\/total-sport.fr\/index.php\/2019\/06\/09\/gold-cup-2019-les-23-joueurs-haitiens-retenus-par-marc-collat-pour-la-gold-cup\/#breadcrumb"},"inLanguage":"fr-FR","potentialAction":[{"@type":"ReadAction","target":["https:\/\/total-sport.fr\/index.php\/2019\/06\/09\/gold-cup-2019-les-23-joueurs-haitiens-retenus-par-marc-collat-pour-la-gold-cup\/"]}]},{"@type":"ImageObject","inLanguage":"fr-FR","@id":"https:\/\/total-sport.fr\/index.php\/2019\/06\/09\/gold-cup-2019-les-23-joueurs-haitiens-retenus-par-marc-collat-pour-la-gold-cup\/#primaryimage","url":"https:\/\/i0.wp.com\/total-sport.fr\/wp-content\/uploads\/2019\/06\/FB_IMG_1559554285095.jpg?fit=1080%2C720&ssl=1","contentUrl":"https:\/\/i0.wp.com\/total-sport.fr\/wp-content\/uploads\/2019\/06\/FB_IMG_1559554285095.jpg?fit=1080%2C720&ssl=1","width":1080,"height":720},{"@type":"BreadcrumbList","@id":"https:\/\/total-sport.fr\/index.php\/2019\/06\/09\/gold-cup-2019-les-23-joueurs-haitiens-retenus-par-marc-collat-pour-la-gold-cup\/#breadcrumb","itemListElement":[{"@type":"ListItem","position":1,"name":"Accueil","item":"https:\/\/total-sport.fr\/"},{"@type":"ListItem","position":2,"name":"GOLD CUP 2019: Les 23 Joueurs Ha\u00eftiens retenus par MARC COLLAT pour la GOLD CUP"}]},{"@type":"WebSite","@id":"https:\/\/total-sport.fr\/#website","url":"https:\/\/total-sport.fr\/","name":"Total Sports International (TSI)","description":"vous informer est notre priorit\u00e9, 7 jours sur 7 avec toujours le m\u00eame professionnalisme","potentialAction":[{"@type":"SearchAction","target":{"@type":"EntryPoint","urlTemplate":"https:\/\/total-sport.fr\/?s={search_term_string}"},"query-input":{"@type":"PropertyValueSpecification","valueRequired":true,"valueName":"search_term_string"}}],"inLanguage":"fr-FR"},{"@type":"Person","@id":"https:\/\/total-sport.fr\/#\/schema\/person\/f9f5599f372b747441cd5d912824aba4","name":"Joly JEROME","image":{"@type":"ImageObject","inLanguage":"fr-FR","@id":"https:\/\/total-sport.fr\/#\/schema\/person\/image\/","url":"https:\/\/secure.gravatar.com\/avatar\/33e98ca4065ab233074302dee778104df3e61a0f91ceba3d746e7e40dbe11f0d?s=96&d=mm&r=g","contentUrl":"https:\/\/secure.gravatar.com\/avatar\/33e98ca4065ab233074302dee778104df3e61a0f91ceba3d746e7e40dbe11f0d?s=96&d=mm&r=g","caption":"Joly JEROME"},"description":"Je suis Joly JEROME, passionn\u00e9 de la lecture et du Sport notamment le Football. Je suis Journaliste ind\u00e9pendant fougueux, s\u00e9rieux mettant ma plume \u00e0 votre service pour vous informer avec la v\u00e9rit\u00e9 comme boussole. Jolyjerome989@gmail.com \/0690 93 65 88","sameAs":["https:\/\/total-sport.fr","https:\/\/www.facebook.com\/joly.jerometotalsport","Joly_JJCA","Total Sport ts","https:\/\/x.com\/Total Sport TS"],"url":"https:\/\/total-sport.fr\/index.php\/author\/jolyjerome\/"}]}},"jetpack_publicize_connections":[],"jetpack_featured_media_url":"https:\/\/i0.wp.com\/total-sport.fr\/wp-content\/uploads\/2019\/06\/FB_IMG_1559554285095.jpg?fit=1080%2C720&ssl=1","jetpack_sharing_enabled":true,"jetpack_shortlink":"https:\/\/wp.me\/paF0J8-hU","jetpack-related-posts":[{"id":1214,"url":"https:\/\/total-sport.fr\/index.php\/2019\/07\/01\/gold-cup-2019-marc-collat-tout-est-possible-en-football\/","url_meta":{"origin":1110,"position":0},"title":"Gold Cup 2019: Marc COLLAT ,tout est possible en Football","author":"Joly JEROME","date":"1 juillet 2019","format":false,"excerpt":"Quelques heures apr\u00e8s la qualification des grenadiers pour les demi-finales, le s\u00e9lectionneur fran\u00e7ais, Marc Collat se montre confiant avant d\u2019affronter le Mexique, mardi. \u00c0 gauche, Marc COLLAT et son staff Ha\u00efti est sur un nuage et est entrain d\u2019\u00e9crire une page de son histoire. Historique ! C\u2019est tout ce qu\u2019on\u2026","rel":"","context":"Dans &quot;International&quot;","block_context":{"text":"International","link":"https:\/\/total-sport.fr\/index.php\/category\/internationalfoot\/"},"img":{"alt_text":"","src":"https:\/\/i0.wp.com\/total-sport.fr\/wp-content\/uploads\/2019\/07\/20190701_200804.jpg?fit=938%2C1200&ssl=1&resize=350%2C200","width":350,"height":200,"srcset":"https:\/\/i0.wp.com\/total-sport.fr\/wp-content\/uploads\/2019\/07\/20190701_200804.jpg?fit=938%2C1200&ssl=1&resize=350%2C200 1x, https:\/\/i0.wp.com\/total-sport.fr\/wp-content\/uploads\/2019\/07\/20190701_200804.jpg?fit=938%2C1200&ssl=1&resize=525%2C300 1.5x, https:\/\/i0.wp.com\/total-sport.fr\/wp-content\/uploads\/2019\/07\/20190701_200804.jpg?fit=938%2C1200&ssl=1&resize=700%2C400 2x"},"classes":[]},{"id":1115,"url":"https:\/\/total-sport.fr\/index.php\/2019\/06\/10\/gold-cup-2019-j-6-les-grenadiers-a-pied-doeuvre-au-costa-rica\/","url_meta":{"origin":1110,"position":1},"title":"Gold Cup 2019, J-6 les Grenadiers \u00e0 pied d&rsquo;\u0153uvre au Costa Rica .","author":"Joly JEROME","date":"10 juin 2019","format":false,"excerpt":"Sur le terrain d'entrainement num\u00e9ro 3 ( sur 5) du Club \" Liga Deportiva Alajuelense \" de premi\u00e8re division de la ligue du Costa Rica, la s\u00e9lection ha\u00eftienne de football , arriv\u00e9e la veille, a eu sa premi\u00e8re s\u00e9ance d'entrainement ce dimanche 9 juin 2019. Tous les 23 joueurs retenus,\u2026","rel":"","context":"Dans &quot;Non class\u00e9&quot;","block_context":{"text":"Non class\u00e9","link":"https:\/\/total-sport.fr\/index.php\/category\/non-classe\/"},"img":{"alt_text":"","src":"https:\/\/i0.wp.com\/total-sport.fr\/wp-content\/uploads\/2019\/06\/FB_IMG_1560164960398.jpg?fit=1080%2C720&ssl=1&resize=350%2C200","width":350,"height":200,"srcset":"https:\/\/i0.wp.com\/total-sport.fr\/wp-content\/uploads\/2019\/06\/FB_IMG_1560164960398.jpg?fit=1080%2C720&ssl=1&resize=350%2C200 1x, https:\/\/i0.wp.com\/total-sport.fr\/wp-content\/uploads\/2019\/06\/FB_IMG_1560164960398.jpg?fit=1080%2C720&ssl=1&resize=525%2C300 1.5x, https:\/\/i0.wp.com\/total-sport.fr\/wp-content\/uploads\/2019\/06\/FB_IMG_1560164960398.jpg?fit=1080%2C720&ssl=1&resize=700%2C400 2x, https:\/\/i0.wp.com\/total-sport.fr\/wp-content\/uploads\/2019\/06\/FB_IMG_1560164960398.jpg?fit=1080%2C720&ssl=1&resize=1050%2C600 3x"},"classes":[]},{"id":1218,"url":"https:\/\/total-sport.fr\/index.php\/2019\/07\/03\/gold-cup-2019-un-penalty-litigieux-en-faveur-du-mexique-brise-le-reve-des-grenadiers\/","url_meta":{"origin":1110,"position":2},"title":"Gold Cup 2019: Un penalty Litigieux en faveur  du Mexique brise le r\u00eave des Grenadiers","author":"Joly JEROME","date":"3 juillet 2019","format":false,"excerpt":"La s\u00e9lection ha\u00eftienne de football affrontait le Mexique pour une place en finale de la Gold cup. Mais un penalty \u00ab g\u00e9n\u00e9reux \u00bb octroy\u00e9 en premi\u00e8re mi-temps des prolongations, transform\u00e9 par Ra\u00fal Jim\u00e9nez, a bris\u00e9 le r\u00eave Grenadier. Score finale un \u00e0 z\u00e9ro (1-0) en faveur d\u2019El Tri. Ha\u00efti y\u2026","rel":"","context":"Dans &quot;International&quot;","block_context":{"text":"International","link":"https:\/\/total-sport.fr\/index.php\/category\/internationalfoot\/"},"img":{"alt_text":"","src":"https:\/\/i0.wp.com\/total-sport.fr\/wp-content\/uploads\/2019\/07\/20190703_181516.jpg?fit=520%2C556&ssl=1&resize=350%2C200","width":350,"height":200},"classes":[]},{"id":1166,"url":"https:\/\/total-sport.fr\/index.php\/2019\/06\/18\/gold-cup-2019-bonne-entame-pour-haiti\/","url_meta":{"origin":1110,"position":3},"title":"Gold Cup 2019 : Bonne entame pour Ha\u00efti .","author":"Joly JEROME","date":"18 juin 2019","format":false,"excerpt":"Les grenadiers se sont impos\u00e9s non sans peine (2-1) dimanche soir (16 Juin 2019) au Stade National de San Jose (Costa Rica) face aux \u00eeles Bermudes \u00e0 l'occasion de leur entr\u00e9e en lice dans la 15e \u00e9dition de la Gold-Cup . Malgr\u00e9 tout, ils occupent la deuxi\u00e8me place derri\u00e8re le\u2026","rel":"","context":"Dans &quot;International&quot;","block_context":{"text":"International","link":"https:\/\/total-sport.fr\/index.php\/category\/internationalfoot\/"},"img":{"alt_text":"","src":"https:\/\/i0.wp.com\/total-sport.fr\/wp-content\/uploads\/2019\/06\/FB_IMG_1560779842881.jpg?fit=1080%2C720&ssl=1&resize=350%2C200","width":350,"height":200,"srcset":"https:\/\/i0.wp.com\/total-sport.fr\/wp-content\/uploads\/2019\/06\/FB_IMG_1560779842881.jpg?fit=1080%2C720&ssl=1&resize=350%2C200 1x, https:\/\/i0.wp.com\/total-sport.fr\/wp-content\/uploads\/2019\/06\/FB_IMG_1560779842881.jpg?fit=1080%2C720&ssl=1&resize=525%2C300 1.5x, https:\/\/i0.wp.com\/total-sport.fr\/wp-content\/uploads\/2019\/06\/FB_IMG_1560779842881.jpg?fit=1080%2C720&ssl=1&resize=700%2C400 2x, https:\/\/i0.wp.com\/total-sport.fr\/wp-content\/uploads\/2019\/06\/FB_IMG_1560779842881.jpg?fit=1080%2C720&ssl=1&resize=1050%2C600 3x"},"classes":[]},{"id":648,"url":"https:\/\/total-sport.fr\/index.php\/2019\/03\/24\/foot-ldn-haiti-bat-le-cuba-et-valide-son-billet-pour-la-gold-cup-grace-a-un-duckens-nazon-des-grands-soirs\/","url_meta":{"origin":1110,"position":4},"title":"Foot-LDN- Ha\u00efti bat le CUBA et valide son billet pour la Gold Cup, gr\u00e2ce \u00e0 un Duckens NAZON des grands soirs","author":"Joly JEROME","date":"24 mars 2019","format":false,"excerpt":"Dans un stade national Sylvio CATOR bleu et rouge, plein comme un oeuf, la s\u00e9lection Ha\u00eftienne de football a pris la longueur de celle de Cuba (2-1) gr\u00e2ce \u00e0 un but et une passe d\u00e9cisive sign\u00e9s Duckens NAZON pour valider son billet pour la\u00a0 Gold Cup . Duckens NAZON #9\u2026","rel":"","context":"Dans &quot;International&quot;","block_context":{"text":"International","link":"https:\/\/total-sport.fr\/index.php\/category\/internationalfoot\/"},"img":{"alt_text":"","src":"","width":0,"height":0},"classes":[]},{"id":1105,"url":"https:\/\/total-sport.fr\/index.php\/2019\/06\/08\/foot-amicalhaiti-battue-par-le-chili\/","url_meta":{"origin":1110,"position":5},"title":"Foot Amical:Haiti battue par le chili","author":"Joly JEROME","date":"8 juin 2019","format":false,"excerpt":"Pr\u00e9 Gold Cup 2019, Ha\u00efti battue par le Chili \u00e0 la SERENA ce jeudi ! En match amical de pr\u00e9paration pour la Gold Cup 2019 la s\u00e9lection ha\u00eftienne de football a \u00e9t\u00e9 battue (2-1) ce jeudi soir par le Chili au stade la Portada situ\u00e9 dans la ville LA SERENA,\u2026","rel":"","context":"Dans &quot;Match amical&quot;","block_context":{"text":"Match amical","link":"https:\/\/total-sport.fr\/index.php\/category\/amical\/"},"img":{"alt_text":"","src":"https:\/\/i0.wp.com\/total-sport.fr\/wp-content\/uploads\/2019\/06\/FB_IMG_1560000161224.jpg?fit=1200%2C921&ssl=1&resize=350%2C200","width":350,"height":200,"srcset":"https:\/\/i0.wp.com\/total-sport.fr\/wp-content\/uploads\/2019\/06\/FB_IMG_1560000161224.jpg?fit=1200%2C921&ssl=1&resize=350%2C200 1x, https:\/\/i0.wp.com\/total-sport.fr\/wp-content\/uploads\/2019\/06\/FB_IMG_1560000161224.jpg?fit=1200%2C921&ssl=1&resize=525%2C300 1.5x, https:\/\/i0.wp.com\/total-sport.fr\/wp-content\/uploads\/2019\/06\/FB_IMG_1560000161224.jpg?fit=1200%2C921&ssl=1&resize=700%2C400 2x, https:\/\/i0.wp.com\/total-sport.fr\/wp-content\/uploads\/2019\/06\/FB_IMG_1560000161224.jpg?fit=1200%2C921&ssl=1&resize=1050%2C600 3x"},"classes":[]}],"jetpack_likes_enabled":true,"_links":{"self":[{"href":"https:\/\/total-sport.fr\/index.php\/wp-json\/wp\/v2\/posts\/1110","targetHints":{"allow":["GET"]}}],"collection":[{"href":"https:\/\/total-sport.fr\/index.php\/wp-json\/wp\/v2\/posts"}],"about":[{"href":"https:\/\/total-sport.fr\/index.php\/wp-json\/wp\/v2\/types\/post"}],"author":[{"embeddable":true,"href":"https:\/\/total-sport.fr\/index.php\/wp-json\/wp\/v2\/users\/2"}],"replies":[{"embeddable":true,"href":"https:\/\/total-sport.fr\/index.php\/wp-json\/wp\/v2\/comments?post=1110"}],"version-history":[{"count":2,"href":"https:\/\/total-sport.fr\/index.php\/wp-json\/wp\/v2\/posts\/1110\/revisions"}],"predecessor-version":[{"id":1114,"href":"https:\/\/total-sport.fr\/index.php\/wp-json\/wp\/v2\/posts\/1110\/revisions\/1114"}],"wp:featuredmedia":[{"embeddable":true,"href":"https:\/\/total-sport.fr\/index.php\/wp-json\/wp\/v2\/media\/1112"}],"wp:attachment":[{"href":"https:\/\/total-sport.fr\/index.php\/wp-json\/wp\/v2\/media?parent=1110"}],"wp:term":[{"taxonomy":"category","embeddable":true,"href":"https:\/\/total-sport.fr\/index.php\/wp-json\/wp\/v2\/categories?post=1110"},{"taxonomy":"post_tag","embeddable":true,"href":"https:\/\/total-sport.fr\/index.php\/wp-json\/wp\/v2\/tags?post=1110"}],"curies":[{"name":"wp","href":"https:\/\/api.w.org\/{rel}","templated":true}]}}